{"id":10738,"date":"2025-07-09T07:35:27","date_gmt":"2025-07-09T06:35:27","guid":{"rendered":"https:\/\/erevanblog.am\/?p=10738"},"modified":"2025-07-09T07:35:28","modified_gmt":"2025-07-09T06:35:28","slug":"internet-ohromen-na-teto-fotografii-je-cosi-co-nemelo-nikdy-spatrit-svetlo-sveta","status":"publish","type":"post","link":"https:\/\/erevanblog.am\/?p=10738","title":{"rendered":"Internet ohromen: Na t\u00e9to fotografii je cosi, co nem\u011blo nikdy spat\u0159it sv\u011btlo sv\u011bta"},"content":{"rendered":"\n<p>M\u011bl to b\u00fdt oby\u010dejn\u00fd sn\u00edmek z rodinn\u00e9ho v\u00fdletu.<br>List\u00ed \u0161ust\u00edc\u00ed pod nohama, d\u011btsk\u00fd sm\u00edch, Jana s d\u011btmi u pa\u0159ezu, Martin fot\u00ed momentku na telefon. Nic neobvykl\u00e9ho.<\/p>\n\n\n\n<p>Ale b\u011bhem n\u011bkolika hodin se z fotky stal vir\u00e1ln\u00ed hit \u2013 a z\u00e1rove\u0148 no\u010dn\u00ed m\u016fra tis\u00edc\u016f lid\u00ed.<\/p>\n\n\n\n<figure class=\"wp-block-image size-full\"><img loading=\"lazy\" decoding=\"async\" width=\"799\" height=\"1024\" src=\"https:\/\/erevanblog.am\/wp-content\/uploads\/2025\/07\/963333333.jpg\" alt=\"\" class=\"wp-image-10739\" srcset=\"https:\/\/erevanblog.am\/wp-content\/uploads\/2025\/07\/963333333.jpg 799w, https:\/\/erevanblog.am\/wp-content\/uploads\/2025\/07\/963333333-234x300.jpg 234w, https:\/\/erevanblog.am\/wp-content\/uploads\/2025\/07\/963333333-768x984.jpg 768w\" sizes=\"auto, (max-width: 799px) 100vw, 799px\" \/><\/figure>\n\n\n\n<p>\ud83c\udf1e <strong>Nevinn\u00e9 odpoledne v lese<\/strong><br>V\u0161e se odehr\u00e1lo b\u011bhem slune\u010dn\u00e9 ned\u011ble. Jana, maminka dvou mal\u00fdch d\u011bt\u00ed, vyrazila s rodinou na proch\u00e1zku do les\u016f pobl\u00ed\u017e Brna. P\u0159i kr\u00e1tk\u00e9 pauze po\u0159\u00eddil jej\u00ed man\u017eel sn\u00edmek: Jana s dcerkou na kl\u00edn\u011b, syn h\u00e1z\u00ed list\u00ed do vzduchu. Prost\u00e1 radost zachycen\u00e1 v jedin\u00e9m okam\u017eiku.<\/p>\n\n\n\n<p>Ve\u010der sd\u00edlela fotku na soci\u00e1ln\u00edch s\u00edt\u00edch s jednoduch\u00fdm popiskem:<br><em>\u201ePodzimn\u00ed magie \ud83c\udf41\u2764\ufe0f trochu klidu v t\u00e9hle \u0161\u00edlen\u00e9 dob\u011b.\u201c<\/em><\/p>\n\n\n\n<p>\ud83d\udcf8 <strong>Znepokojiv\u00fd objev<\/strong><br>Neuplynula ani hodina a n\u011bkdo pod fotku napsal:<br><em>\u201eVid\u00edte tu postavu vzadu?\u201c<\/em><\/p>\n\n\n\n<p>Jana se zam\u011b\u0159ila na pozad\u00ed a ztuhla.<br>Mezi stromy st\u00e1la silueta. Ne\u0161lo o st\u00edn, ani o hru sv\u011btla. Byla tam postava \u2013 vysok\u00e1, bled\u00e1, s nehybn\u00fdm v\u00fdrazem a tmav\u00fdma o\u010dima, kter\u00e9 p\u016fsobily dojmem, \u017ee hled\u00ed p\u0159\u00edmo do objektivu.<\/p>\n\n\n\n<p>\ud83d\udc41 <strong>Nikdo jin\u00fd tam nebyl<\/strong><br>Jana si byla jist\u00e1 \u2013 v tu chv\u00edli nikdo dal\u0161\u00ed v okol\u00ed nebyl. D\u011bti si hr\u00e1ly nabl\u00edzku, les byl tich\u00fd. Ale na sn\u00edmku n\u011bkdo je. A je zcela z\u0159eteln\u00fd.<\/p>\n\n\n\n<p>\ud83d\udcac <strong>Vlna reakc\u00ed<\/strong><br>Koment\u00e1\u0159e se za\u010daly hromadit:<br>\u2013 \u201eTohle nen\u00ed norm\u00e1ln\u00ed, m\u011bli byste to nahl\u00e1sit.\u201c<br>\u2013 \u201eZn\u00e1m ten les. P\u0159ed lety tam z\u00e1hadn\u011b zmizela \u017eena s d\u00edt\u011btem.\u201c<br>\u2013 \u201eV\u0161imli jste si nohou t\u00e9 postavy? Jsou rozmazan\u00e9\u2026 jako by se vzn\u00e1\u0161ela.\u201c<\/p>\n\n\n\n<p>Lid\u00e9 za\u010dali sn\u00edmek upravovat \u2013 m\u011bnili kontrast, sv\u011btlo. A na\u0161li v\u00edc.<br>Za Janin\u00fdm ramenem se objevuje rozmazan\u00e1 ruka. Ruka, kter\u00e1 tam nem\u00e1 co d\u011blat.<\/p>\n\n\n\n<p>\ud83c\udf19 <strong>D\u011bsiv\u00e1 noc<\/strong><br>Podle bl\u00edzk\u00e9ho zdroje za\u010dal Janin syn kr\u00e1tce nato mluvit ze span\u00ed. Opakoval jedinou v\u011btu:<br><em>\u201eTen mu\u017e je tady\u2026 Nechce, abychom se vraceli.\u201c<\/em><\/p>\n\n\n\n<p>Rodina ze strachu n\u011bkolik noc\u00ed v\u016fbec nespala doma. Jana smazala fotku ze v\u0161ech \u00fa\u010dt\u016f, ale internet si ji mezit\u00edm p\u0159evzal. Objevila se ve skupin\u00e1ch o nadp\u0159irozen\u00fdch jevech, sd\u00edlela se d\u00e1l.<\/p>\n\n\n\n<p>\ud83e\udde9 <strong>Co tam bylo?<\/strong><br>Profesion\u00e1ln\u00ed editor sn\u00edmek analyzoval:<br><em>\u201eNejde o podvrh. \u017d\u00e1dn\u00e9 zn\u00e1mky \u00faprav. Cokoli na fotce je, v tu chv\u00edli tam skute\u010dn\u011b bylo.\u201c<\/em><\/p>\n\n\n\n<p>A\u010dkoli se mnoz\u00ed sna\u017eili z\u00e1hadu vysv\u011btlit, dodnes nikdo nep\u0159i\u0161el s rozumn\u00fdm vysv\u011btlen\u00edm.<\/p>\n\n\n\n<p>Jeden koment\u00e1\u0159 vystihl atmosf\u00e9ru l\u00e9pe ne\u017e kter\u00fdkoli jin\u00fd:<br><em>\u201eN\u011bkter\u00e9 v\u011bci by mo\u017en\u00e1 m\u011bly z\u016fstat skryt\u00e9.\u201c<\/em><\/p>\n","protected":false},"excerpt":{"rendered":"<div class=\"mh-excerpt\"><p>M\u011bl to b\u00fdt oby\u010dejn\u00fd sn\u00edmek z rodinn\u00e9ho v\u00fdletu.List\u00ed \u0161ust\u00edc\u00ed pod nohama, d\u011btsk\u00fd sm\u00edch, Jana s d\u011btmi u pa\u0159ezu, Martin fot\u00ed momentku na telefon. Nic neobvykl\u00e9ho. <a class=\"mh-excerpt-more\" href=\"https:\/\/erevanblog.am\/?p=10738\" title=\"Internet ohromen: Na t\u00e9to fotografii je cosi, co nem\u011blo nikdy spat\u0159it sv\u011btlo sv\u011bta\">[&#8230;]<\/a><\/p>\n<\/div>","protected":false},"author":1,"featured_media":10739,"comment_status":"open","ping_status":"open","sticky":false,"template":"","format":"standard","meta":{"footnotes":""},"categories":[1],"tags":[],"class_list":["post-10738","post","type-post","status-publish","format-standard","has-post-thumbnail","hentry","category-uncategorised"],"yoast_head":"<!-- This site is optimized with the Yoast SEO plugin v27.5 - https:\/\/yoast.com\/product\/yoast-seo-wordpress\/ -->\n<title>Internet ohromen: Na t\u00e9to fotografii je cosi, co nem\u011blo nikdy spat\u0159it sv\u011btlo sv\u011bta -<\/title>\n<meta name=\"robots\" content=\"index, follow, max-snippet:-1, max-image-preview:large, max-video-preview:-1\" \/>\n<link rel=\"canonical\" href=\"https:\/\/erevanblog.am\/?p=10738\" \/>\n<meta property=\"og:locale\" content=\"en_US\" \/>\n<meta property=\"og:type\" content=\"article\" \/>\n<meta property=\"og:title\" content=\"Internet ohromen: Na t\u00e9to fotografii je cosi, co nem\u011blo nikdy spat\u0159it sv\u011btlo sv\u011bta -\" \/>\n<meta property=\"og:description\" content=\"M\u011bl to b\u00fdt oby\u010dejn\u00fd sn\u00edmek z rodinn\u00e9ho v\u00fdletu.List\u00ed \u0161ust\u00edc\u00ed pod nohama, d\u011btsk\u00fd sm\u00edch, Jana s d\u011btmi u pa\u0159ezu, Martin fot\u00ed momentku na telefon. Nic neobvykl\u00e9ho. [...]\" \/>\n<meta property=\"og:url\" content=\"https:\/\/erevanblog.am\/?p=10738\" \/>\n<meta property=\"article:published_time\" content=\"2025-07-09T06:35:27+00:00\" \/>\n<meta property=\"article:modified_time\" content=\"2025-07-09T06:35:28+00:00\" \/>\n<meta property=\"og:image\" content=\"http:\/\/erevanblog.am\/wp-content\/uploads\/2025\/07\/963333333.jpg\" \/>\n\t<meta property=\"og:image:width\" content=\"799\" \/>\n\t<meta property=\"og:image:height\" content=\"1024\" \/>\n\t<meta property=\"og:image:type\" content=\"image\/jpeg\" \/>\n<meta name=\"author\" content=\"erevanblog_a\" \/>\n<meta name=\"twitter:card\" content=\"summary_large_image\" \/>\n<meta name=\"twitter:label1\" content=\"Written by\" \/>\n\t<meta name=\"twitter:data1\" content=\"erevanblog_a\" \/>\n\t<meta name=\"twitter:label2\" content=\"Est. reading time\" \/>\n\t<meta name=\"twitter:data2\" content=\"2 minutes\" \/>\n<script type=\"application\/ld+json\" class=\"yoast-schema-graph\">{\"@context\":\"https:\\\/\\\/schema.org\",\"@graph\":[{\"@type\":\"Article\",\"@id\":\"https:\\\/\\\/erevanblog.am\\\/?p=10738#article\",\"isPartOf\":{\"@id\":\"https:\\\/\\\/erevanblog.am\\\/?p=10738\"},\"author\":{\"name\":\"erevanblog_a\",\"@id\":\"https:\\\/\\\/erevanblog.am\\\/#\\\/schema\\\/person\\\/204f10311eb7ddb8914a5ab3e5f03928\"},\"headline\":\"Internet ohromen: Na t\u00e9to fotografii je cosi, co nem\u011blo nikdy spat\u0159it sv\u011btlo sv\u011bta\",\"datePublished\":\"2025-07-09T06:35:27+00:00\",\"dateModified\":\"2025-07-09T06:35:28+00:00\",\"mainEntityOfPage\":{\"@id\":\"https:\\\/\\\/erevanblog.am\\\/?p=10738\"},\"wordCount\":492,\"commentCount\":0,\"image\":{\"@id\":\"https:\\\/\\\/erevanblog.am\\\/?p=10738#primaryimage\"},\"thumbnailUrl\":\"https:\\\/\\\/erevanblog.am\\\/wp-content\\\/uploads\\\/2025\\\/07\\\/963333333.jpg\",\"articleSection\":[\"NEWS\"],\"inLanguage\":\"en-US\",\"potentialAction\":[{\"@type\":\"CommentAction\",\"name\":\"Comment\",\"target\":[\"https:\\\/\\\/erevanblog.am\\\/?p=10738#respond\"]}]},{\"@type\":\"WebPage\",\"@id\":\"https:\\\/\\\/erevanblog.am\\\/?p=10738\",\"url\":\"https:\\\/\\\/erevanblog.am\\\/?p=10738\",\"name\":\"Internet ohromen: Na t\u00e9to fotografii je cosi, co nem\u011blo nikdy spat\u0159it sv\u011btlo sv\u011bta -\",\"isPartOf\":{\"@id\":\"https:\\\/\\\/erevanblog.am\\\/#website\"},\"primaryImageOfPage\":{\"@id\":\"https:\\\/\\\/erevanblog.am\\\/?p=10738#primaryimage\"},\"image\":{\"@id\":\"https:\\\/\\\/erevanblog.am\\\/?p=10738#primaryimage\"},\"thumbnailUrl\":\"https:\\\/\\\/erevanblog.am\\\/wp-content\\\/uploads\\\/2025\\\/07\\\/963333333.jpg\",\"datePublished\":\"2025-07-09T06:35:27+00:00\",\"dateModified\":\"2025-07-09T06:35:28+00:00\",\"author\":{\"@id\":\"https:\\\/\\\/erevanblog.am\\\/#\\\/schema\\\/person\\\/204f10311eb7ddb8914a5ab3e5f03928\"},\"breadcrumb\":{\"@id\":\"https:\\\/\\\/erevanblog.am\\\/?p=10738#breadcrumb\"},\"inLanguage\":\"en-US\",\"potentialAction\":[{\"@type\":\"ReadAction\",\"target\":[\"https:\\\/\\\/erevanblog.am\\\/?p=10738\"]}]},{\"@type\":\"ImageObject\",\"inLanguage\":\"en-US\",\"@id\":\"https:\\\/\\\/erevanblog.am\\\/?p=10738#primaryimage\",\"url\":\"https:\\\/\\\/erevanblog.am\\\/wp-content\\\/uploads\\\/2025\\\/07\\\/963333333.jpg\",\"contentUrl\":\"https:\\\/\\\/erevanblog.am\\\/wp-content\\\/uploads\\\/2025\\\/07\\\/963333333.jpg\",\"width\":799,\"height\":1024},{\"@type\":\"BreadcrumbList\",\"@id\":\"https:\\\/\\\/erevanblog.am\\\/?p=10738#breadcrumb\",\"itemListElement\":[{\"@type\":\"ListItem\",\"position\":1,\"name\":\"Home\",\"item\":\"https:\\\/\\\/erevanblog.am\\\/\"},{\"@type\":\"ListItem\",\"position\":2,\"name\":\"Internet ohromen: Na t\u00e9to fotografii je cosi, co nem\u011blo nikdy spat\u0159it sv\u011btlo sv\u011bta\"}]},{\"@type\":\"WebSite\",\"@id\":\"https:\\\/\\\/erevanblog.am\\\/#website\",\"url\":\"https:\\\/\\\/erevanblog.am\\\/\",\"name\":\"\",\"description\":\"\",\"potentialAction\":[{\"@type\":\"SearchAction\",\"target\":{\"@type\":\"EntryPoint\",\"urlTemplate\":\"https:\\\/\\\/erevanblog.am\\\/?s={search_term_string}\"},\"query-input\":{\"@type\":\"PropertyValueSpecification\",\"valueRequired\":true,\"valueName\":\"search_term_string\"}}],\"inLanguage\":\"en-US\"},{\"@type\":\"Person\",\"@id\":\"https:\\\/\\\/erevanblog.am\\\/#\\\/schema\\\/person\\\/204f10311eb7ddb8914a5ab3e5f03928\",\"name\":\"erevanblog_a\",\"image\":{\"@type\":\"ImageObject\",\"inLanguage\":\"en-US\",\"@id\":\"https:\\\/\\\/secure.gravatar.com\\\/avatar\\\/a24f4ac3a683f3c87303db525abc00db51ea26ccedee11dfaf1cc0f9a481a5d2?s=96&d=mm&r=g\",\"url\":\"https:\\\/\\\/secure.gravatar.com\\\/avatar\\\/a24f4ac3a683f3c87303db525abc00db51ea26ccedee11dfaf1cc0f9a481a5d2?s=96&d=mm&r=g\",\"contentUrl\":\"https:\\\/\\\/secure.gravatar.com\\\/avatar\\\/a24f4ac3a683f3c87303db525abc00db51ea26ccedee11dfaf1cc0f9a481a5d2?s=96&d=mm&r=g\",\"caption\":\"erevanblog_a\"},\"sameAs\":[\"http:\\\/\\\/erevanblog.am\"],\"url\":\"https:\\\/\\\/erevanblog.am\\\/?author=1\"}]}<\/script>\n<!-- \/ Yoast SEO plugin. -->","yoast_head_json":{"title":"Internet ohromen: Na t\u00e9to fotografii je cosi, co nem\u011blo nikdy spat\u0159it sv\u011btlo sv\u011bta -","robots":{"index":"index","follow":"follow","max-snippet":"max-snippet:-1","max-image-preview":"max-image-preview:large","max-video-preview":"max-video-preview:-1"},"canonical":"https:\/\/erevanblog.am\/?p=10738","og_locale":"en_US","og_type":"article","og_title":"Internet ohromen: Na t\u00e9to fotografii je cosi, co nem\u011blo nikdy spat\u0159it sv\u011btlo sv\u011bta -","og_description":"M\u011bl to b\u00fdt oby\u010dejn\u00fd sn\u00edmek z rodinn\u00e9ho v\u00fdletu.List\u00ed \u0161ust\u00edc\u00ed pod nohama, d\u011btsk\u00fd sm\u00edch, Jana s d\u011btmi u pa\u0159ezu, Martin fot\u00ed momentku na telefon. Nic neobvykl\u00e9ho. [...]","og_url":"https:\/\/erevanblog.am\/?p=10738","article_published_time":"2025-07-09T06:35:27+00:00","article_modified_time":"2025-07-09T06:35:28+00:00","og_image":[{"width":799,"height":1024,"url":"http:\/\/erevanblog.am\/wp-content\/uploads\/2025\/07\/963333333.jpg","type":"image\/jpeg"}],"author":"erevanblog_a","twitter_card":"summary_large_image","twitter_misc":{"Written by":"erevanblog_a","Est. reading time":"2 minutes"},"schema":{"@context":"https:\/\/schema.org","@graph":[{"@type":"Article","@id":"https:\/\/erevanblog.am\/?p=10738#article","isPartOf":{"@id":"https:\/\/erevanblog.am\/?p=10738"},"author":{"name":"erevanblog_a","@id":"https:\/\/erevanblog.am\/#\/schema\/person\/204f10311eb7ddb8914a5ab3e5f03928"},"headline":"Internet ohromen: Na t\u00e9to fotografii je cosi, co nem\u011blo nikdy spat\u0159it sv\u011btlo sv\u011bta","datePublished":"2025-07-09T06:35:27+00:00","dateModified":"2025-07-09T06:35:28+00:00","mainEntityOfPage":{"@id":"https:\/\/erevanblog.am\/?p=10738"},"wordCount":492,"commentCount":0,"image":{"@id":"https:\/\/erevanblog.am\/?p=10738#primaryimage"},"thumbnailUrl":"https:\/\/erevanblog.am\/wp-content\/uploads\/2025\/07\/963333333.jpg","articleSection":["NEWS"],"inLanguage":"en-US","potentialAction":[{"@type":"CommentAction","name":"Comment","target":["https:\/\/erevanblog.am\/?p=10738#respond"]}]},{"@type":"WebPage","@id":"https:\/\/erevanblog.am\/?p=10738","url":"https:\/\/erevanblog.am\/?p=10738","name":"Internet ohromen: Na t\u00e9to fotografii je cosi, co nem\u011blo nikdy spat\u0159it sv\u011btlo sv\u011bta -","isPartOf":{"@id":"https:\/\/erevanblog.am\/#website"},"primaryImageOfPage":{"@id":"https:\/\/erevanblog.am\/?p=10738#primaryimage"},"image":{"@id":"https:\/\/erevanblog.am\/?p=10738#primaryimage"},"thumbnailUrl":"https:\/\/erevanblog.am\/wp-content\/uploads\/2025\/07\/963333333.jpg","datePublished":"2025-07-09T06:35:27+00:00","dateModified":"2025-07-09T06:35:28+00:00","author":{"@id":"https:\/\/erevanblog.am\/#\/schema\/person\/204f10311eb7ddb8914a5ab3e5f03928"},"breadcrumb":{"@id":"https:\/\/erevanblog.am\/?p=10738#breadcrumb"},"inLanguage":"en-US","potentialAction":[{"@type":"ReadAction","target":["https:\/\/erevanblog.am\/?p=10738"]}]},{"@type":"ImageObject","inLanguage":"en-US","@id":"https:\/\/erevanblog.am\/?p=10738#primaryimage","url":"https:\/\/erevanblog.am\/wp-content\/uploads\/2025\/07\/963333333.jpg","contentUrl":"https:\/\/erevanblog.am\/wp-content\/uploads\/2025\/07\/963333333.jpg","width":799,"height":1024},{"@type":"BreadcrumbList","@id":"https:\/\/erevanblog.am\/?p=10738#breadcrumb","itemListElement":[{"@type":"ListItem","position":1,"name":"Home","item":"https:\/\/erevanblog.am\/"},{"@type":"ListItem","position":2,"name":"Internet ohromen: Na t\u00e9to fotografii je cosi, co nem\u011blo nikdy spat\u0159it sv\u011btlo sv\u011bta"}]},{"@type":"WebSite","@id":"https:\/\/erevanblog.am\/#website","url":"https:\/\/erevanblog.am\/","name":"","description":"","potentialAction":[{"@type":"SearchAction","target":{"@type":"EntryPoint","urlTemplate":"https:\/\/erevanblog.am\/?s={search_term_string}"},"query-input":{"@type":"PropertyValueSpecification","valueRequired":true,"valueName":"search_term_string"}}],"inLanguage":"en-US"},{"@type":"Person","@id":"https:\/\/erevanblog.am\/#\/schema\/person\/204f10311eb7ddb8914a5ab3e5f03928","name":"erevanblog_a","image":{"@type":"ImageObject","inLanguage":"en-US","@id":"https:\/\/secure.gravatar.com\/avatar\/a24f4ac3a683f3c87303db525abc00db51ea26ccedee11dfaf1cc0f9a481a5d2?s=96&d=mm&r=g","url":"https:\/\/secure.gravatar.com\/avatar\/a24f4ac3a683f3c87303db525abc00db51ea26ccedee11dfaf1cc0f9a481a5d2?s=96&d=mm&r=g","contentUrl":"https:\/\/secure.gravatar.com\/avatar\/a24f4ac3a683f3c87303db525abc00db51ea26ccedee11dfaf1cc0f9a481a5d2?s=96&d=mm&r=g","caption":"erevanblog_a"},"sameAs":["http:\/\/erevanblog.am"],"url":"https:\/\/erevanblog.am\/?author=1"}]}},"views":556,"_links":{"self":[{"href":"https:\/\/erevanblog.am\/index.php?rest_route=\/wp\/v2\/posts\/10738","targetHints":{"allow":["GET"]}}],"collection":[{"href":"https:\/\/erevanblog.am\/index.php?rest_route=\/wp\/v2\/posts"}],"about":[{"href":"https:\/\/erevanblog.am\/index.php?rest_route=\/wp\/v2\/types\/post"}],"author":[{"embeddable":true,"href":"https:\/\/erevanblog.am\/index.php?rest_route=\/wp\/v2\/users\/1"}],"replies":[{"embeddable":true,"href":"https:\/\/erevanblog.am\/index.php?rest_route=%2Fwp%2Fv2%2Fcomments&post=10738"}],"version-history":[{"count":1,"href":"https:\/\/erevanblog.am\/index.php?rest_route=\/wp\/v2\/posts\/10738\/revisions"}],"predecessor-version":[{"id":10740,"href":"https:\/\/erevanblog.am\/index.php?rest_route=\/wp\/v2\/posts\/10738\/revisions\/10740"}],"wp:featuredmedia":[{"embeddable":true,"href":"https:\/\/erevanblog.am\/index.php?rest_route=\/wp\/v2\/media\/10739"}],"wp:attachment":[{"href":"https:\/\/erevanblog.am\/index.php?rest_route=%2Fwp%2Fv2%2Fmedia&parent=10738"}],"wp:term":[{"taxonomy":"category","embeddable":true,"href":"https:\/\/erevanblog.am\/index.php?rest_route=%2Fwp%2Fv2%2Fcategories&post=10738"},{"taxonomy":"post_tag","embeddable":true,"href":"https:\/\/erevanblog.am\/index.php?rest_route=%2Fwp%2Fv2%2Ftags&post=10738"}],"curies":[{"name":"wp","href":"https:\/\/api.w.org\/{rel}","templated":true}]}}