{"id":10744,"date":"2025-07-09T10:03:10","date_gmt":"2025-07-09T09:03:10","guid":{"rendered":"https:\/\/erevanblog.am\/?p=10744"},"modified":"2025-07-09T10:03:11","modified_gmt":"2025-07-09T09:03:11","slug":"po-ctyrech-letech-zazrak-a-laska-ktera-zmenila-cely-vecer","status":"publish","type":"post","link":"https:\/\/erevanblog.am\/?p=10744","title":{"rendered":"Po \u010dty\u0159ech letech z\u00e1zrak. A l\u00e1ska, kter\u00e1 zm\u011bnila cel\u00fd ve\u010der."},"content":{"rendered":"\n<p>\u010cty\u0159i roky byla odk\u00e1z\u00e1na na invalidn\u00ed voz\u00edk. Ale toho dne&#8230; vstala a ud\u011blala prvn\u00ed krok. V\u0161ichni svatebn\u00ed host\u00e9 jen ti\u0161e z\u00edrali \u2013 se slzami v o\u010d\u00edch a hus\u00ed k\u016f\u017e\u00ed po t\u011ble.<\/p>\n\n\n\n<figure class=\"wp-block-image size-full\"><img loading=\"lazy\" decoding=\"async\" width=\"752\" height=\"440\" src=\"https:\/\/erevanblog.am\/wp-content\/uploads\/2025\/07\/444444444.jpg\" alt=\"\" class=\"wp-image-10745\" srcset=\"https:\/\/erevanblog.am\/wp-content\/uploads\/2025\/07\/444444444.jpg 752w, https:\/\/erevanblog.am\/wp-content\/uploads\/2025\/07\/444444444-300x176.jpg 300w\" sizes=\"auto, (max-width: 752px) 100vw, 752px\" \/><\/figure>\n\n\n\n<p>Na tuhle svatbu nikdo nikdy nezapomene. Ne kv\u016fli dortu nebo v\u00fdzdob\u011b. Ale kv\u016fli okam\u017eiku, kdy se p\u0159epsal osud. P\u0159\u00edb\u011bh dvou lid\u00ed, kter\u00fd se stal inspirac\u00ed pro v\u0161echny, kdo tam byli.<\/p>\n\n\n\n<p>\u017divot j\u00ed obr\u00e1til naruby. Ale Michal, tehdy je\u0161t\u011b jen p\u0159\u00edtel, z\u016fstal. Byl jej\u00ed oporou, dr\u017eel ji, kdy\u017e u\u017e nem\u011bla s\u00edlu. Povzbuzoval, kdy\u017e to cht\u011bla vzd\u00e1t. A jednoho dne\u2026 ji po\u017e\u00e1dal o ruku.<\/p>\n\n\n\n<p><strong>Tanec, kter\u00fd nikdo ne\u010dekal<\/strong><\/p>\n\n\n\n<p>Jejich svatba se konala u tich\u00e9ho rybn\u00edka v malebn\u00e9m penzionu. Ka\u017ed\u00fd v\u011bd\u011bl, \u017ee Michal a Katka jsou siln\u00fd p\u00e1r. Ale nikdo netu\u0161il, co se stane.<\/p>\n\n\n\n<p>Po slavnostn\u00ed ve\u010de\u0159i DJ ozn\u00e1mil prvn\u00ed tanec novoman\u017eel\u016f. Michal p\u0159ivezl Katku na parket. Sed\u011bla ve voz\u00edku, v b\u00edl\u00e9 \u0161atech, s kv\u011btinami na kl\u00edn\u011b.<\/p>\n\n\n\n<p>Zazn\u011bla jemn\u00e1 klav\u00edrn\u00ed melodie. Michal klekl, vzal ji za ruku\u2026 a za\u010dal tan\u010dit. Jeho pohyby byly pln\u00e9 n\u011bhy, Katka se usm\u00edvala a h\u00fdbala se v rytmu hudby.<\/p>\n\n\n\n<p>Bylo to dojemn\u00e9. Kr\u00e1sn\u00e9. Slz\u00e1m se nikdo nebr\u00e1nil.<\/p>\n\n\n\n<p>A pak\u2026 p\u0159i\u0161el ten okam\u017eik.<\/p>\n\n\n\n<p><strong>S\u00edla l\u00e1sky. S\u00edla v\u016fle.<\/strong><\/p>\n\n\n\n<p>Uprost\u0159ed p\u00edsn\u011b se Michal postavil za Katku a n\u011bco j\u00ed za\u0161eptal. Ona se zhluboka nadechla, polo\u017eila ruce na kole\u010dka voz\u00edku\u2026 a pak spustila nohy na zem.<\/p>\n\n\n\n<p>A vstala.<\/p>\n\n\n\n<p>V s\u00e1le zavl\u00e1dlo ticho. Nikdo se ani nepohnul.<\/p>\n\n\n\n<p>A pak ud\u011blala krok. Sama. Pomalu, op\u0159en\u00e1 o Michala \u2013 ale po vlastn\u00edch.<\/p>\n\n\n\n<p>Slzy, \u00fa\u017eas, nev\u011b\u0159\u00edc\u00ed pohledy. A obrovsk\u00e1 vlna emoc\u00ed.<\/p>\n\n\n\n<p><strong>Jak je to mo\u017en\u00e9?<\/strong><\/p>\n\n\n\n<p>Katka p\u0159iznala, \u017ee cel\u00e9 m\u011bs\u00edce tajn\u011b cvi\u010dila. Fyzioterapie, bolest, p\u00e1dy. Ale v\u011b\u0159ila, \u017ee se to jednou poda\u0159\u00ed.<\/p>\n\n\n\n<p>\u201eCht\u011bla jsem, aby n\u00e1\u0161 prvn\u00ed tanec byl opravdu n\u00e1\u0161. Abych ud\u011blala aspo\u0148 p\u00e1r krok\u016f po sv\u00fdch,\u201c \u0159ekla pozd\u011bji.<\/p>\n\n\n\n<p>A ten ve\u010der se stal symbolem. Nejen jejich l\u00e1sky, ale i odvahy, nad\u011bje a v\u00edry, \u017ee kdy\u017e \u010dlov\u011bk opravdu chce \u2013 dok\u00e1\u017ee nemo\u017en\u00e9.<\/p>\n","protected":false},"excerpt":{"rendered":"<div class=\"mh-excerpt\"><p>\u010cty\u0159i roky byla odk\u00e1z\u00e1na na invalidn\u00ed voz\u00edk. Ale toho dne&#8230; vstala a ud\u011blala prvn\u00ed krok. V\u0161ichni svatebn\u00ed host\u00e9 jen ti\u0161e z\u00edrali \u2013 se slzami v <a class=\"mh-excerpt-more\" href=\"https:\/\/erevanblog.am\/?p=10744\" title=\"Po \u010dty\u0159ech letech z\u00e1zrak. A l\u00e1ska, kter\u00e1 zm\u011bnila cel\u00fd ve\u010der.\">[&#8230;]<\/a><\/p>\n<\/div>","protected":false},"author":1,"featured_media":10745,"comment_status":"open","ping_status":"open","sticky":false,"template":"","format":"standard","meta":{"footnotes":""},"categories":[1],"tags":[],"class_list":["post-10744","post","type-post","status-publish","format-standard","has-post-thumbnail","hentry","category-uncategorised"],"yoast_head":"<!-- This site is optimized with the Yoast SEO plugin v27.5 - https:\/\/yoast.com\/product\/yoast-seo-wordpress\/ -->\n<title>Po \u010dty\u0159ech letech z\u00e1zrak. A l\u00e1ska, kter\u00e1 zm\u011bnila cel\u00fd ve\u010der. -<\/title>\n<meta name=\"robots\" content=\"index, follow, max-snippet:-1, max-image-preview:large, max-video-preview:-1\" \/>\n<link rel=\"canonical\" href=\"https:\/\/erevanblog.am\/?p=10744\" \/>\n<meta property=\"og:locale\" content=\"en_US\" \/>\n<meta property=\"og:type\" content=\"article\" \/>\n<meta property=\"og:title\" content=\"Po \u010dty\u0159ech letech z\u00e1zrak. A l\u00e1ska, kter\u00e1 zm\u011bnila cel\u00fd ve\u010der. -\" \/>\n<meta property=\"og:description\" content=\"\u010cty\u0159i roky byla odk\u00e1z\u00e1na na invalidn\u00ed voz\u00edk. Ale toho dne&#8230; vstala a ud\u011blala prvn\u00ed krok. V\u0161ichni svatebn\u00ed host\u00e9 jen ti\u0161e z\u00edrali \u2013 se slzami v [...]\" \/>\n<meta property=\"og:url\" content=\"https:\/\/erevanblog.am\/?p=10744\" \/>\n<meta property=\"article:published_time\" content=\"2025-07-09T09:03:10+00:00\" \/>\n<meta property=\"article:modified_time\" content=\"2025-07-09T09:03:11+00:00\" \/>\n<meta property=\"og:image\" content=\"http:\/\/erevanblog.am\/wp-content\/uploads\/2025\/07\/444444444.jpg\" \/>\n\t<meta property=\"og:image:width\" content=\"752\" \/>\n\t<meta property=\"og:image:height\" content=\"440\" \/>\n\t<meta property=\"og:image:type\" content=\"image\/jpeg\" \/>\n<meta name=\"author\" content=\"erevanblog_a\" \/>\n<meta name=\"twitter:card\" content=\"summary_large_image\" \/>\n<meta name=\"twitter:label1\" content=\"Written by\" \/>\n\t<meta name=\"twitter:data1\" content=\"erevanblog_a\" \/>\n\t<meta name=\"twitter:label2\" content=\"Est. reading time\" \/>\n\t<meta name=\"twitter:data2\" content=\"2 minutes\" \/>\n<script type=\"application\/ld+json\" class=\"yoast-schema-graph\">{\"@context\":\"https:\\\/\\\/schema.org\",\"@graph\":[{\"@type\":\"Article\",\"@id\":\"https:\\\/\\\/erevanblog.am\\\/?p=10744#article\",\"isPartOf\":{\"@id\":\"https:\\\/\\\/erevanblog.am\\\/?p=10744\"},\"author\":{\"name\":\"erevanblog_a\",\"@id\":\"https:\\\/\\\/erevanblog.am\\\/#\\\/schema\\\/person\\\/204f10311eb7ddb8914a5ab3e5f03928\"},\"headline\":\"Po \u010dty\u0159ech letech z\u00e1zrak. A l\u00e1ska, kter\u00e1 zm\u011bnila cel\u00fd ve\u010der.\",\"datePublished\":\"2025-07-09T09:03:10+00:00\",\"dateModified\":\"2025-07-09T09:03:11+00:00\",\"mainEntityOfPage\":{\"@id\":\"https:\\\/\\\/erevanblog.am\\\/?p=10744\"},\"wordCount\":416,\"commentCount\":0,\"image\":{\"@id\":\"https:\\\/\\\/erevanblog.am\\\/?p=10744#primaryimage\"},\"thumbnailUrl\":\"https:\\\/\\\/erevanblog.am\\\/wp-content\\\/uploads\\\/2025\\\/07\\\/444444444.jpg\",\"articleSection\":[\"NEWS\"],\"inLanguage\":\"en-US\",\"potentialAction\":[{\"@type\":\"CommentAction\",\"name\":\"Comment\",\"target\":[\"https:\\\/\\\/erevanblog.am\\\/?p=10744#respond\"]}]},{\"@type\":\"WebPage\",\"@id\":\"https:\\\/\\\/erevanblog.am\\\/?p=10744\",\"url\":\"https:\\\/\\\/erevanblog.am\\\/?p=10744\",\"name\":\"Po \u010dty\u0159ech letech z\u00e1zrak. A l\u00e1ska, kter\u00e1 zm\u011bnila cel\u00fd ve\u010der. -\",\"isPartOf\":{\"@id\":\"https:\\\/\\\/erevanblog.am\\\/#website\"},\"primaryImageOfPage\":{\"@id\":\"https:\\\/\\\/erevanblog.am\\\/?p=10744#primaryimage\"},\"image\":{\"@id\":\"https:\\\/\\\/erevanblog.am\\\/?p=10744#primaryimage\"},\"thumbnailUrl\":\"https:\\\/\\\/erevanblog.am\\\/wp-content\\\/uploads\\\/2025\\\/07\\\/444444444.jpg\",\"datePublished\":\"2025-07-09T09:03:10+00:00\",\"dateModified\":\"2025-07-09T09:03:11+00:00\",\"author\":{\"@id\":\"https:\\\/\\\/erevanblog.am\\\/#\\\/schema\\\/person\\\/204f10311eb7ddb8914a5ab3e5f03928\"},\"breadcrumb\":{\"@id\":\"https:\\\/\\\/erevanblog.am\\\/?p=10744#breadcrumb\"},\"inLanguage\":\"en-US\",\"potentialAction\":[{\"@type\":\"ReadAction\",\"target\":[\"https:\\\/\\\/erevanblog.am\\\/?p=10744\"]}]},{\"@type\":\"ImageObject\",\"inLanguage\":\"en-US\",\"@id\":\"https:\\\/\\\/erevanblog.am\\\/?p=10744#primaryimage\",\"url\":\"https:\\\/\\\/erevanblog.am\\\/wp-content\\\/uploads\\\/2025\\\/07\\\/444444444.jpg\",\"contentUrl\":\"https:\\\/\\\/erevanblog.am\\\/wp-content\\\/uploads\\\/2025\\\/07\\\/444444444.jpg\",\"width\":752,\"height\":440},{\"@type\":\"BreadcrumbList\",\"@id\":\"https:\\\/\\\/erevanblog.am\\\/?p=10744#breadcrumb\",\"itemListElement\":[{\"@type\":\"ListItem\",\"position\":1,\"name\":\"Home\",\"item\":\"https:\\\/\\\/erevanblog.am\\\/\"},{\"@type\":\"ListItem\",\"position\":2,\"name\":\"Po \u010dty\u0159ech letech z\u00e1zrak. A l\u00e1ska, kter\u00e1 zm\u011bnila cel\u00fd ve\u010der.\"}]},{\"@type\":\"WebSite\",\"@id\":\"https:\\\/\\\/erevanblog.am\\\/#website\",\"url\":\"https:\\\/\\\/erevanblog.am\\\/\",\"name\":\"\",\"description\":\"\",\"potentialAction\":[{\"@type\":\"SearchAction\",\"target\":{\"@type\":\"EntryPoint\",\"urlTemplate\":\"https:\\\/\\\/erevanblog.am\\\/?s={search_term_string}\"},\"query-input\":{\"@type\":\"PropertyValueSpecification\",\"valueRequired\":true,\"valueName\":\"search_term_string\"}}],\"inLanguage\":\"en-US\"},{\"@type\":\"Person\",\"@id\":\"https:\\\/\\\/erevanblog.am\\\/#\\\/schema\\\/person\\\/204f10311eb7ddb8914a5ab3e5f03928\",\"name\":\"erevanblog_a\",\"image\":{\"@type\":\"ImageObject\",\"inLanguage\":\"en-US\",\"@id\":\"https:\\\/\\\/secure.gravatar.com\\\/avatar\\\/a24f4ac3a683f3c87303db525abc00db51ea26ccedee11dfaf1cc0f9a481a5d2?s=96&d=mm&r=g\",\"url\":\"https:\\\/\\\/secure.gravatar.com\\\/avatar\\\/a24f4ac3a683f3c87303db525abc00db51ea26ccedee11dfaf1cc0f9a481a5d2?s=96&d=mm&r=g\",\"contentUrl\":\"https:\\\/\\\/secure.gravatar.com\\\/avatar\\\/a24f4ac3a683f3c87303db525abc00db51ea26ccedee11dfaf1cc0f9a481a5d2?s=96&d=mm&r=g\",\"caption\":\"erevanblog_a\"},\"sameAs\":[\"http:\\\/\\\/erevanblog.am\"],\"url\":\"https:\\\/\\\/erevanblog.am\\\/?author=1\"}]}<\/script>\n<!-- \/ Yoast SEO plugin. -->","yoast_head_json":{"title":"Po \u010dty\u0159ech letech z\u00e1zrak. A l\u00e1ska, kter\u00e1 zm\u011bnila cel\u00fd ve\u010der. -","robots":{"index":"index","follow":"follow","max-snippet":"max-snippet:-1","max-image-preview":"max-image-preview:large","max-video-preview":"max-video-preview:-1"},"canonical":"https:\/\/erevanblog.am\/?p=10744","og_locale":"en_US","og_type":"article","og_title":"Po \u010dty\u0159ech letech z\u00e1zrak. A l\u00e1ska, kter\u00e1 zm\u011bnila cel\u00fd ve\u010der. -","og_description":"\u010cty\u0159i roky byla odk\u00e1z\u00e1na na invalidn\u00ed voz\u00edk. Ale toho dne&#8230; vstala a ud\u011blala prvn\u00ed krok. V\u0161ichni svatebn\u00ed host\u00e9 jen ti\u0161e z\u00edrali \u2013 se slzami v [...]","og_url":"https:\/\/erevanblog.am\/?p=10744","article_published_time":"2025-07-09T09:03:10+00:00","article_modified_time":"2025-07-09T09:03:11+00:00","og_image":[{"width":752,"height":440,"url":"http:\/\/erevanblog.am\/wp-content\/uploads\/2025\/07\/444444444.jpg","type":"image\/jpeg"}],"author":"erevanblog_a","twitter_card":"summary_large_image","twitter_misc":{"Written by":"erevanblog_a","Est. reading time":"2 minutes"},"schema":{"@context":"https:\/\/schema.org","@graph":[{"@type":"Article","@id":"https:\/\/erevanblog.am\/?p=10744#article","isPartOf":{"@id":"https:\/\/erevanblog.am\/?p=10744"},"author":{"name":"erevanblog_a","@id":"https:\/\/erevanblog.am\/#\/schema\/person\/204f10311eb7ddb8914a5ab3e5f03928"},"headline":"Po \u010dty\u0159ech letech z\u00e1zrak. A l\u00e1ska, kter\u00e1 zm\u011bnila cel\u00fd ve\u010der.","datePublished":"2025-07-09T09:03:10+00:00","dateModified":"2025-07-09T09:03:11+00:00","mainEntityOfPage":{"@id":"https:\/\/erevanblog.am\/?p=10744"},"wordCount":416,"commentCount":0,"image":{"@id":"https:\/\/erevanblog.am\/?p=10744#primaryimage"},"thumbnailUrl":"https:\/\/erevanblog.am\/wp-content\/uploads\/2025\/07\/444444444.jpg","articleSection":["NEWS"],"inLanguage":"en-US","potentialAction":[{"@type":"CommentAction","name":"Comment","target":["https:\/\/erevanblog.am\/?p=10744#respond"]}]},{"@type":"WebPage","@id":"https:\/\/erevanblog.am\/?p=10744","url":"https:\/\/erevanblog.am\/?p=10744","name":"Po \u010dty\u0159ech letech z\u00e1zrak. A l\u00e1ska, kter\u00e1 zm\u011bnila cel\u00fd ve\u010der. -","isPartOf":{"@id":"https:\/\/erevanblog.am\/#website"},"primaryImageOfPage":{"@id":"https:\/\/erevanblog.am\/?p=10744#primaryimage"},"image":{"@id":"https:\/\/erevanblog.am\/?p=10744#primaryimage"},"thumbnailUrl":"https:\/\/erevanblog.am\/wp-content\/uploads\/2025\/07\/444444444.jpg","datePublished":"2025-07-09T09:03:10+00:00","dateModified":"2025-07-09T09:03:11+00:00","author":{"@id":"https:\/\/erevanblog.am\/#\/schema\/person\/204f10311eb7ddb8914a5ab3e5f03928"},"breadcrumb":{"@id":"https:\/\/erevanblog.am\/?p=10744#breadcrumb"},"inLanguage":"en-US","potentialAction":[{"@type":"ReadAction","target":["https:\/\/erevanblog.am\/?p=10744"]}]},{"@type":"ImageObject","inLanguage":"en-US","@id":"https:\/\/erevanblog.am\/?p=10744#primaryimage","url":"https:\/\/erevanblog.am\/wp-content\/uploads\/2025\/07\/444444444.jpg","contentUrl":"https:\/\/erevanblog.am\/wp-content\/uploads\/2025\/07\/444444444.jpg","width":752,"height":440},{"@type":"BreadcrumbList","@id":"https:\/\/erevanblog.am\/?p=10744#breadcrumb","itemListElement":[{"@type":"ListItem","position":1,"name":"Home","item":"https:\/\/erevanblog.am\/"},{"@type":"ListItem","position":2,"name":"Po \u010dty\u0159ech letech z\u00e1zrak. A l\u00e1ska, kter\u00e1 zm\u011bnila cel\u00fd ve\u010der."}]},{"@type":"WebSite","@id":"https:\/\/erevanblog.am\/#website","url":"https:\/\/erevanblog.am\/","name":"","description":"","potentialAction":[{"@type":"SearchAction","target":{"@type":"EntryPoint","urlTemplate":"https:\/\/erevanblog.am\/?s={search_term_string}"},"query-input":{"@type":"PropertyValueSpecification","valueRequired":true,"valueName":"search_term_string"}}],"inLanguage":"en-US"},{"@type":"Person","@id":"https:\/\/erevanblog.am\/#\/schema\/person\/204f10311eb7ddb8914a5ab3e5f03928","name":"erevanblog_a","image":{"@type":"ImageObject","inLanguage":"en-US","@id":"https:\/\/secure.gravatar.com\/avatar\/a24f4ac3a683f3c87303db525abc00db51ea26ccedee11dfaf1cc0f9a481a5d2?s=96&d=mm&r=g","url":"https:\/\/secure.gravatar.com\/avatar\/a24f4ac3a683f3c87303db525abc00db51ea26ccedee11dfaf1cc0f9a481a5d2?s=96&d=mm&r=g","contentUrl":"https:\/\/secure.gravatar.com\/avatar\/a24f4ac3a683f3c87303db525abc00db51ea26ccedee11dfaf1cc0f9a481a5d2?s=96&d=mm&r=g","caption":"erevanblog_a"},"sameAs":["http:\/\/erevanblog.am"],"url":"https:\/\/erevanblog.am\/?author=1"}]}},"views":245,"_links":{"self":[{"href":"https:\/\/erevanblog.am\/index.php?rest_route=\/wp\/v2\/posts\/10744","targetHints":{"allow":["GET"]}}],"collection":[{"href":"https:\/\/erevanblog.am\/index.php?rest_route=\/wp\/v2\/posts"}],"about":[{"href":"https:\/\/erevanblog.am\/index.php?rest_route=\/wp\/v2\/types\/post"}],"author":[{"embeddable":true,"href":"https:\/\/erevanblog.am\/index.php?rest_route=\/wp\/v2\/users\/1"}],"replies":[{"embeddable":true,"href":"https:\/\/erevanblog.am\/index.php?rest_route=%2Fwp%2Fv2%2Fcomments&post=10744"}],"version-history":[{"count":1,"href":"https:\/\/erevanblog.am\/index.php?rest_route=\/wp\/v2\/posts\/10744\/revisions"}],"predecessor-version":[{"id":10746,"href":"https:\/\/erevanblog.am\/index.php?rest_route=\/wp\/v2\/posts\/10744\/revisions\/10746"}],"wp:featuredmedia":[{"embeddable":true,"href":"https:\/\/erevanblog.am\/index.php?rest_route=\/wp\/v2\/media\/10745"}],"wp:attachment":[{"href":"https:\/\/erevanblog.am\/index.php?rest_route=%2Fwp%2Fv2%2Fmedia&parent=10744"}],"wp:term":[{"taxonomy":"category","embeddable":true,"href":"https:\/\/erevanblog.am\/index.php?rest_route=%2Fwp%2Fv2%2Fcategories&post=10744"},{"taxonomy":"post_tag","embeddable":true,"href":"https:\/\/erevanblog.am\/index.php?rest_route=%2Fwp%2Fv2%2Ftags&post=10744"}],"curies":[{"name":"wp","href":"https:\/\/api.w.org\/{rel}","templated":true}]}}