{"id":10747,"date":"2025-07-09T10:12:28","date_gmt":"2025-07-09T09:12:28","guid":{"rendered":"https:\/\/erevanblog.am\/?p=10747"},"modified":"2025-07-09T10:12:29","modified_gmt":"2025-07-09T09:12:29","slug":"momenty-pred-katastrofou-kamery-zaznamenaly-jak-obri-kamion-ztraci-kontrolu-leti-vzduchem-a-dopada-na-nic-netusici-auto-a-pak-prekvapivy-zvrat-s-ridicem","status":"publish","type":"post","link":"https:\/\/erevanblog.am\/?p=10747","title":{"rendered":"Momenty p\u0159ed katastrofou: Kamery zaznamenaly, jak ob\u0159\u00ed kamion ztr\u00e1c\u00ed kontrolu, let\u00ed vzduchem a dopad\u00e1 na nic netu\u0161\u00edc\u00ed auto. A pak\u2026 p\u0159ekvapiv\u00fd zvrat s \u0159idi\u010dem!"},"content":{"rendered":"\n<p>Bylo oby\u010dejn\u00e9 st\u0159ede\u010dn\u00ed r\u00e1no. Na d\u00e1lnici D1 mezi Brnem a Vy\u0161kovem sv\u00edtilo slunce, provoz plynul hladce. V lev\u00e9m pruhu jel tmav\u011b modr\u00fd Ford Focus, za jeho\u017e volantem sed\u011bl Jaroslav K., \u00fa\u010detn\u00ed z Prost\u011bjova, na cest\u011b do pr\u00e1ce.<\/p>\n\n\n\n<figure class=\"wp-block-image size-full\"><img loading=\"lazy\" decoding=\"async\" width=\"1024\" height=\"1000\" src=\"https:\/\/erevanblog.am\/wp-content\/uploads\/2025\/07\/777777775698.jpg\" alt=\"\" class=\"wp-image-10748\" srcset=\"https:\/\/erevanblog.am\/wp-content\/uploads\/2025\/07\/777777775698.jpg 1024w, https:\/\/erevanblog.am\/wp-content\/uploads\/2025\/07\/777777775698-300x293.jpg 300w, https:\/\/erevanblog.am\/wp-content\/uploads\/2025\/07\/777777775698-768x750.jpg 768w\" sizes=\"auto, (max-width: 1024px) 100vw, 1024px\" \/><\/figure>\n\n\n\n<p>Z\u00e1b\u011bry ukazuj\u00ed kamion DAF v prav\u00e9m pruhu, nalo\u017een\u00fd stavebn\u00edm materi\u00e1lem. Najednou se kabina ot\u0159ese, kamion za\u010dne kli\u010dkovat, vjede do st\u0159edov\u00e9ho p\u00e1su a prudce zabo\u010d\u00ed doleva. Pak se stane nemysliteln\u00e9.<\/p>\n\n\n\n<p>Kamion se vznesl do vzduchu.<\/p>\n\n\n\n<p>\u0158idi\u010d se sna\u017e\u00ed smyk korigovat, ale kola naraz\u00ed do betonov\u00e9ho odd\u011blova\u010de. V\u00fdbuch pneumatiky, n\u00e1klon, odraz \u2014 a kamion let\u00ed. Vzduchem, jako ve filmu, se p\u0159evr\u00e1t\u00ed a s ohlu\u0161uj\u00edc\u00edm rachotem dopadne na Ford Focus v sousedn\u00edm pruhu.<\/p>\n\n\n\n<p>Kabina kamionu se rozpadne, auto zmiz\u00ed pod kovem. Oz\u00fdv\u00e1 se exploze airbag\u016f, sk\u0159\u00edp\u011bn\u00ed plech\u016f a k\u0159ik sv\u011bdk\u016f.<\/p>\n\n\n\n<p>B\u011bhem p\u00e1r sekund je v\u0161e v chaosu. Pak ticho.<\/p>\n\n\n\n<p>\u0158idi\u010di z okoln\u00edch aut vysko\u010d\u00ed, volaj\u00ed z\u00e1chranku, n\u011bkte\u0159\u00ed se sna\u017e\u00ed p\u0159ibl\u00ed\u017eit k vraku. A tehdy se stane n\u011bco ne\u010dekan\u00e9ho.<\/p>\n\n\n\n<p>Zpod zni\u010den\u00e9ho Fordu se ozve bu\u0161en\u00ed. Z praskl\u00e9ho zadn\u00edho okna tr\u010d\u00ed zakrv\u00e1cen\u00e1 ruka. Jaroslav \u017eije.<\/p>\n\n\n\n<p>Hasi\u010di bojuj\u00ed o \u010das. Za t\u0159icet t\u0159i minut vypro\u0161\u0165uj\u00ed Jaroslava zpod kamionu. M\u00e1 zlomenou kl\u00ed\u010dn\u00ed kost, pohmo\u017ed\u011bniny a \u0161ok, ale je p\u0159i v\u011bdom\u00ed.<\/p>\n\n\n\n<p>\u201eNev\u00edm, jak jsem p\u0159e\u017eil. Sly\u0161el jsem r\u00e1nu, pak kou\u0159. Myslel jsem, \u017ee je konec,\u201c \u0159ekl z nemocnice.<\/p>\n\n\n\n<p>\u0158idi\u010d kamionu, vypro\u0161t\u011bn\u00fd ve v\u00e1\u017en\u00e9m stavu, tak\u00e9 p\u0159e\u017eil. Vy\u0161et\u0159ov\u00e1n\u00ed odhalilo, \u017ee p\u0159\u00ed\u010dinou byla praskl\u00e1 p\u0159edn\u00ed osa, nikoli alkohol \u010di mikrosp\u00e1nek.<\/p>\n\n\n\n<p>Video se stalo vir\u00e1ln\u00edm. Lid\u00e9 mluvili o \u201ez\u00e1zraku\u201c, odborn\u00edci o neuv\u011b\u0159iteln\u00e9 shod\u011b n\u00e1hod. Jaroslav u\u017e ne\u0159\u00edd\u00ed.<\/p>\n\n\n\n<p>\u201eDostal jsem druhou \u0161anci. Nehodl\u00e1m ji promarnit. Ka\u017ed\u00fd den je dar.\u201c<\/p>\n","protected":false},"excerpt":{"rendered":"<div class=\"mh-excerpt\"><p>Bylo oby\u010dejn\u00e9 st\u0159ede\u010dn\u00ed r\u00e1no. Na d\u00e1lnici D1 mezi Brnem a Vy\u0161kovem sv\u00edtilo slunce, provoz plynul hladce. V lev\u00e9m pruhu jel tmav\u011b modr\u00fd Ford Focus, za <a class=\"mh-excerpt-more\" href=\"https:\/\/erevanblog.am\/?p=10747\" title=\"Momenty p\u0159ed katastrofou: Kamery zaznamenaly, jak ob\u0159\u00ed kamion ztr\u00e1c\u00ed kontrolu, let\u00ed vzduchem a dopad\u00e1 na nic netu\u0161\u00edc\u00ed auto. A pak\u2026 p\u0159ekvapiv\u00fd zvrat s \u0159idi\u010dem!\">[&#8230;]<\/a><\/p>\n<\/div>","protected":false},"author":1,"featured_media":10748,"comment_status":"open","ping_status":"open","sticky":false,"template":"","format":"standard","meta":{"footnotes":""},"categories":[1],"tags":[],"class_list":["post-10747","post","type-post","status-publish","format-standard","has-post-thumbnail","hentry","category-uncategorised"],"yoast_head":"<!-- This site is optimized with the Yoast SEO plugin v27.5 - https:\/\/yoast.com\/product\/yoast-seo-wordpress\/ -->\n<title>Momenty p\u0159ed katastrofou: Kamery zaznamenaly, jak ob\u0159\u00ed kamion ztr\u00e1c\u00ed kontrolu, let\u00ed vzduchem a dopad\u00e1 na nic netu\u0161\u00edc\u00ed auto. A pak\u2026 p\u0159ekvapiv\u00fd zvrat s \u0159idi\u010dem! -<\/title>\n<meta name=\"robots\" content=\"index, follow, max-snippet:-1, max-image-preview:large, max-video-preview:-1\" \/>\n<link rel=\"canonical\" href=\"https:\/\/erevanblog.am\/?p=10747\" \/>\n<meta property=\"og:locale\" content=\"en_US\" \/>\n<meta property=\"og:type\" content=\"article\" \/>\n<meta property=\"og:title\" content=\"Momenty p\u0159ed katastrofou: Kamery zaznamenaly, jak ob\u0159\u00ed kamion ztr\u00e1c\u00ed kontrolu, let\u00ed vzduchem a dopad\u00e1 na nic netu\u0161\u00edc\u00ed auto. A pak\u2026 p\u0159ekvapiv\u00fd zvrat s \u0159idi\u010dem! -\" \/>\n<meta property=\"og:description\" content=\"Bylo oby\u010dejn\u00e9 st\u0159ede\u010dn\u00ed r\u00e1no. Na d\u00e1lnici D1 mezi Brnem a Vy\u0161kovem sv\u00edtilo slunce, provoz plynul hladce. V lev\u00e9m pruhu jel tmav\u011b modr\u00fd Ford Focus, za [...]\" \/>\n<meta property=\"og:url\" content=\"https:\/\/erevanblog.am\/?p=10747\" \/>\n<meta property=\"article:published_time\" content=\"2025-07-09T09:12:28+00:00\" \/>\n<meta property=\"article:modified_time\" content=\"2025-07-09T09:12:29+00:00\" \/>\n<meta property=\"og:image\" content=\"http:\/\/erevanblog.am\/wp-content\/uploads\/2025\/07\/777777775698.jpg\" \/>\n\t<meta property=\"og:image:width\" content=\"1024\" \/>\n\t<meta property=\"og:image:height\" content=\"1000\" \/>\n\t<meta property=\"og:image:type\" content=\"image\/jpeg\" \/>\n<meta name=\"author\" content=\"erevanblog_a\" \/>\n<meta name=\"twitter:card\" content=\"summary_large_image\" \/>\n<meta name=\"twitter:label1\" content=\"Written by\" \/>\n\t<meta name=\"twitter:data1\" content=\"erevanblog_a\" \/>\n\t<meta name=\"twitter:label2\" content=\"Est. reading time\" \/>\n\t<meta name=\"twitter:data2\" content=\"2 minutes\" \/>\n<script type=\"application\/ld+json\" class=\"yoast-schema-graph\">{\"@context\":\"https:\\\/\\\/schema.org\",\"@graph\":[{\"@type\":\"Article\",\"@id\":\"https:\\\/\\\/erevanblog.am\\\/?p=10747#article\",\"isPartOf\":{\"@id\":\"https:\\\/\\\/erevanblog.am\\\/?p=10747\"},\"author\":{\"name\":\"erevanblog_a\",\"@id\":\"https:\\\/\\\/erevanblog.am\\\/#\\\/schema\\\/person\\\/204f10311eb7ddb8914a5ab3e5f03928\"},\"headline\":\"Momenty p\u0159ed katastrofou: Kamery zaznamenaly, jak ob\u0159\u00ed kamion ztr\u00e1c\u00ed kontrolu, let\u00ed vzduchem a dopad\u00e1 na nic netu\u0161\u00edc\u00ed auto. A pak\u2026 p\u0159ekvapiv\u00fd zvrat s \u0159idi\u010dem!\",\"datePublished\":\"2025-07-09T09:12:28+00:00\",\"dateModified\":\"2025-07-09T09:12:29+00:00\",\"mainEntityOfPage\":{\"@id\":\"https:\\\/\\\/erevanblog.am\\\/?p=10747\"},\"wordCount\":374,\"commentCount\":0,\"image\":{\"@id\":\"https:\\\/\\\/erevanblog.am\\\/?p=10747#primaryimage\"},\"thumbnailUrl\":\"https:\\\/\\\/erevanblog.am\\\/wp-content\\\/uploads\\\/2025\\\/07\\\/777777775698.jpg\",\"articleSection\":[\"NEWS\"],\"inLanguage\":\"en-US\",\"potentialAction\":[{\"@type\":\"CommentAction\",\"name\":\"Comment\",\"target\":[\"https:\\\/\\\/erevanblog.am\\\/?p=10747#respond\"]}]},{\"@type\":\"WebPage\",\"@id\":\"https:\\\/\\\/erevanblog.am\\\/?p=10747\",\"url\":\"https:\\\/\\\/erevanblog.am\\\/?p=10747\",\"name\":\"Momenty p\u0159ed katastrofou: Kamery zaznamenaly, jak ob\u0159\u00ed kamion ztr\u00e1c\u00ed kontrolu, let\u00ed vzduchem a dopad\u00e1 na nic netu\u0161\u00edc\u00ed auto. A pak\u2026 p\u0159ekvapiv\u00fd zvrat s \u0159idi\u010dem! -\",\"isPartOf\":{\"@id\":\"https:\\\/\\\/erevanblog.am\\\/#website\"},\"primaryImageOfPage\":{\"@id\":\"https:\\\/\\\/erevanblog.am\\\/?p=10747#primaryimage\"},\"image\":{\"@id\":\"https:\\\/\\\/erevanblog.am\\\/?p=10747#primaryimage\"},\"thumbnailUrl\":\"https:\\\/\\\/erevanblog.am\\\/wp-content\\\/uploads\\\/2025\\\/07\\\/777777775698.jpg\",\"datePublished\":\"2025-07-09T09:12:28+00:00\",\"dateModified\":\"2025-07-09T09:12:29+00:00\",\"author\":{\"@id\":\"https:\\\/\\\/erevanblog.am\\\/#\\\/schema\\\/person\\\/204f10311eb7ddb8914a5ab3e5f03928\"},\"breadcrumb\":{\"@id\":\"https:\\\/\\\/erevanblog.am\\\/?p=10747#breadcrumb\"},\"inLanguage\":\"en-US\",\"potentialAction\":[{\"@type\":\"ReadAction\",\"target\":[\"https:\\\/\\\/erevanblog.am\\\/?p=10747\"]}]},{\"@type\":\"ImageObject\",\"inLanguage\":\"en-US\",\"@id\":\"https:\\\/\\\/erevanblog.am\\\/?p=10747#primaryimage\",\"url\":\"https:\\\/\\\/erevanblog.am\\\/wp-content\\\/uploads\\\/2025\\\/07\\\/777777775698.jpg\",\"contentUrl\":\"https:\\\/\\\/erevanblog.am\\\/wp-content\\\/uploads\\\/2025\\\/07\\\/777777775698.jpg\",\"width\":1024,\"height\":1000},{\"@type\":\"BreadcrumbList\",\"@id\":\"https:\\\/\\\/erevanblog.am\\\/?p=10747#breadcrumb\",\"itemListElement\":[{\"@type\":\"ListItem\",\"position\":1,\"name\":\"Home\",\"item\":\"https:\\\/\\\/erevanblog.am\\\/\"},{\"@type\":\"ListItem\",\"position\":2,\"name\":\"Momenty p\u0159ed katastrofou: Kamery zaznamenaly, jak ob\u0159\u00ed kamion ztr\u00e1c\u00ed kontrolu, let\u00ed vzduchem a dopad\u00e1 na nic netu\u0161\u00edc\u00ed auto. A pak\u2026 p\u0159ekvapiv\u00fd zvrat s \u0159idi\u010dem!\"}]},{\"@type\":\"WebSite\",\"@id\":\"https:\\\/\\\/erevanblog.am\\\/#website\",\"url\":\"https:\\\/\\\/erevanblog.am\\\/\",\"name\":\"\",\"description\":\"\",\"potentialAction\":[{\"@type\":\"SearchAction\",\"target\":{\"@type\":\"EntryPoint\",\"urlTemplate\":\"https:\\\/\\\/erevanblog.am\\\/?s={search_term_string}\"},\"query-input\":{\"@type\":\"PropertyValueSpecification\",\"valueRequired\":true,\"valueName\":\"search_term_string\"}}],\"inLanguage\":\"en-US\"},{\"@type\":\"Person\",\"@id\":\"https:\\\/\\\/erevanblog.am\\\/#\\\/schema\\\/person\\\/204f10311eb7ddb8914a5ab3e5f03928\",\"name\":\"erevanblog_a\",\"image\":{\"@type\":\"ImageObject\",\"inLanguage\":\"en-US\",\"@id\":\"https:\\\/\\\/secure.gravatar.com\\\/avatar\\\/a24f4ac3a683f3c87303db525abc00db51ea26ccedee11dfaf1cc0f9a481a5d2?s=96&d=mm&r=g\",\"url\":\"https:\\\/\\\/secure.gravatar.com\\\/avatar\\\/a24f4ac3a683f3c87303db525abc00db51ea26ccedee11dfaf1cc0f9a481a5d2?s=96&d=mm&r=g\",\"contentUrl\":\"https:\\\/\\\/secure.gravatar.com\\\/avatar\\\/a24f4ac3a683f3c87303db525abc00db51ea26ccedee11dfaf1cc0f9a481a5d2?s=96&d=mm&r=g\",\"caption\":\"erevanblog_a\"},\"sameAs\":[\"http:\\\/\\\/erevanblog.am\"],\"url\":\"https:\\\/\\\/erevanblog.am\\\/?author=1\"}]}<\/script>\n<!-- \/ Yoast SEO plugin. -->","yoast_head_json":{"title":"Momenty p\u0159ed katastrofou: Kamery zaznamenaly, jak ob\u0159\u00ed kamion ztr\u00e1c\u00ed kontrolu, let\u00ed vzduchem a dopad\u00e1 na nic netu\u0161\u00edc\u00ed auto. A pak\u2026 p\u0159ekvapiv\u00fd zvrat s \u0159idi\u010dem! -","robots":{"index":"index","follow":"follow","max-snippet":"max-snippet:-1","max-image-preview":"max-image-preview:large","max-video-preview":"max-video-preview:-1"},"canonical":"https:\/\/erevanblog.am\/?p=10747","og_locale":"en_US","og_type":"article","og_title":"Momenty p\u0159ed katastrofou: Kamery zaznamenaly, jak ob\u0159\u00ed kamion ztr\u00e1c\u00ed kontrolu, let\u00ed vzduchem a dopad\u00e1 na nic netu\u0161\u00edc\u00ed auto. A pak\u2026 p\u0159ekvapiv\u00fd zvrat s \u0159idi\u010dem! -","og_description":"Bylo oby\u010dejn\u00e9 st\u0159ede\u010dn\u00ed r\u00e1no. Na d\u00e1lnici D1 mezi Brnem a Vy\u0161kovem sv\u00edtilo slunce, provoz plynul hladce. V lev\u00e9m pruhu jel tmav\u011b modr\u00fd Ford Focus, za [...]","og_url":"https:\/\/erevanblog.am\/?p=10747","article_published_time":"2025-07-09T09:12:28+00:00","article_modified_time":"2025-07-09T09:12:29+00:00","og_image":[{"width":1024,"height":1000,"url":"http:\/\/erevanblog.am\/wp-content\/uploads\/2025\/07\/777777775698.jpg","type":"image\/jpeg"}],"author":"erevanblog_a","twitter_card":"summary_large_image","twitter_misc":{"Written by":"erevanblog_a","Est. reading time":"2 minutes"},"schema":{"@context":"https:\/\/schema.org","@graph":[{"@type":"Article","@id":"https:\/\/erevanblog.am\/?p=10747#article","isPartOf":{"@id":"https:\/\/erevanblog.am\/?p=10747"},"author":{"name":"erevanblog_a","@id":"https:\/\/erevanblog.am\/#\/schema\/person\/204f10311eb7ddb8914a5ab3e5f03928"},"headline":"Momenty p\u0159ed katastrofou: Kamery zaznamenaly, jak ob\u0159\u00ed kamion ztr\u00e1c\u00ed kontrolu, let\u00ed vzduchem a dopad\u00e1 na nic netu\u0161\u00edc\u00ed auto. A pak\u2026 p\u0159ekvapiv\u00fd zvrat s \u0159idi\u010dem!","datePublished":"2025-07-09T09:12:28+00:00","dateModified":"2025-07-09T09:12:29+00:00","mainEntityOfPage":{"@id":"https:\/\/erevanblog.am\/?p=10747"},"wordCount":374,"commentCount":0,"image":{"@id":"https:\/\/erevanblog.am\/?p=10747#primaryimage"},"thumbnailUrl":"https:\/\/erevanblog.am\/wp-content\/uploads\/2025\/07\/777777775698.jpg","articleSection":["NEWS"],"inLanguage":"en-US","potentialAction":[{"@type":"CommentAction","name":"Comment","target":["https:\/\/erevanblog.am\/?p=10747#respond"]}]},{"@type":"WebPage","@id":"https:\/\/erevanblog.am\/?p=10747","url":"https:\/\/erevanblog.am\/?p=10747","name":"Momenty p\u0159ed katastrofou: Kamery zaznamenaly, jak ob\u0159\u00ed kamion ztr\u00e1c\u00ed kontrolu, let\u00ed vzduchem a dopad\u00e1 na nic netu\u0161\u00edc\u00ed auto. A pak\u2026 p\u0159ekvapiv\u00fd zvrat s \u0159idi\u010dem! -","isPartOf":{"@id":"https:\/\/erevanblog.am\/#website"},"primaryImageOfPage":{"@id":"https:\/\/erevanblog.am\/?p=10747#primaryimage"},"image":{"@id":"https:\/\/erevanblog.am\/?p=10747#primaryimage"},"thumbnailUrl":"https:\/\/erevanblog.am\/wp-content\/uploads\/2025\/07\/777777775698.jpg","datePublished":"2025-07-09T09:12:28+00:00","dateModified":"2025-07-09T09:12:29+00:00","author":{"@id":"https:\/\/erevanblog.am\/#\/schema\/person\/204f10311eb7ddb8914a5ab3e5f03928"},"breadcrumb":{"@id":"https:\/\/erevanblog.am\/?p=10747#breadcrumb"},"inLanguage":"en-US","potentialAction":[{"@type":"ReadAction","target":["https:\/\/erevanblog.am\/?p=10747"]}]},{"@type":"ImageObject","inLanguage":"en-US","@id":"https:\/\/erevanblog.am\/?p=10747#primaryimage","url":"https:\/\/erevanblog.am\/wp-content\/uploads\/2025\/07\/777777775698.jpg","contentUrl":"https:\/\/erevanblog.am\/wp-content\/uploads\/2025\/07\/777777775698.jpg","width":1024,"height":1000},{"@type":"BreadcrumbList","@id":"https:\/\/erevanblog.am\/?p=10747#breadcrumb","itemListElement":[{"@type":"ListItem","position":1,"name":"Home","item":"https:\/\/erevanblog.am\/"},{"@type":"ListItem","position":2,"name":"Momenty p\u0159ed katastrofou: Kamery zaznamenaly, jak ob\u0159\u00ed kamion ztr\u00e1c\u00ed kontrolu, let\u00ed vzduchem a dopad\u00e1 na nic netu\u0161\u00edc\u00ed auto. A pak\u2026 p\u0159ekvapiv\u00fd zvrat s \u0159idi\u010dem!"}]},{"@type":"WebSite","@id":"https:\/\/erevanblog.am\/#website","url":"https:\/\/erevanblog.am\/","name":"","description":"","potentialAction":[{"@type":"SearchAction","target":{"@type":"EntryPoint","urlTemplate":"https:\/\/erevanblog.am\/?s={search_term_string}"},"query-input":{"@type":"PropertyValueSpecification","valueRequired":true,"valueName":"search_term_string"}}],"inLanguage":"en-US"},{"@type":"Person","@id":"https:\/\/erevanblog.am\/#\/schema\/person\/204f10311eb7ddb8914a5ab3e5f03928","name":"erevanblog_a","image":{"@type":"ImageObject","inLanguage":"en-US","@id":"https:\/\/secure.gravatar.com\/avatar\/a24f4ac3a683f3c87303db525abc00db51ea26ccedee11dfaf1cc0f9a481a5d2?s=96&d=mm&r=g","url":"https:\/\/secure.gravatar.com\/avatar\/a24f4ac3a683f3c87303db525abc00db51ea26ccedee11dfaf1cc0f9a481a5d2?s=96&d=mm&r=g","contentUrl":"https:\/\/secure.gravatar.com\/avatar\/a24f4ac3a683f3c87303db525abc00db51ea26ccedee11dfaf1cc0f9a481a5d2?s=96&d=mm&r=g","caption":"erevanblog_a"},"sameAs":["http:\/\/erevanblog.am"],"url":"https:\/\/erevanblog.am\/?author=1"}]}},"views":275,"_links":{"self":[{"href":"https:\/\/erevanblog.am\/index.php?rest_route=\/wp\/v2\/posts\/10747","targetHints":{"allow":["GET"]}}],"collection":[{"href":"https:\/\/erevanblog.am\/index.php?rest_route=\/wp\/v2\/posts"}],"about":[{"href":"https:\/\/erevanblog.am\/index.php?rest_route=\/wp\/v2\/types\/post"}],"author":[{"embeddable":true,"href":"https:\/\/erevanblog.am\/index.php?rest_route=\/wp\/v2\/users\/1"}],"replies":[{"embeddable":true,"href":"https:\/\/erevanblog.am\/index.php?rest_route=%2Fwp%2Fv2%2Fcomments&post=10747"}],"version-history":[{"count":1,"href":"https:\/\/erevanblog.am\/index.php?rest_route=\/wp\/v2\/posts\/10747\/revisions"}],"predecessor-version":[{"id":10749,"href":"https:\/\/erevanblog.am\/index.php?rest_route=\/wp\/v2\/posts\/10747\/revisions\/10749"}],"wp:featuredmedia":[{"embeddable":true,"href":"https:\/\/erevanblog.am\/index.php?rest_route=\/wp\/v2\/media\/10748"}],"wp:attachment":[{"href":"https:\/\/erevanblog.am\/index.php?rest_route=%2Fwp%2Fv2%2Fmedia&parent=10747"}],"wp:term":[{"taxonomy":"category","embeddable":true,"href":"https:\/\/erevanblog.am\/index.php?rest_route=%2Fwp%2Fv2%2Fcategories&post=10747"},{"taxonomy":"post_tag","embeddable":true,"href":"https:\/\/erevanblog.am\/index.php?rest_route=%2Fwp%2Fv2%2Ftags&post=10747"}],"curies":[{"name":"wp","href":"https:\/\/api.w.org\/{rel}","templated":true}]}}