{"id":10753,"date":"2025-07-10T06:55:09","date_gmt":"2025-07-10T05:55:09","guid":{"rendered":"https:\/\/erevanblog.am\/?p=10753"},"modified":"2025-07-10T06:55:10","modified_gmt":"2025-07-10T05:55:10","slug":"kritika-v-jejim-veku-jarmila-odpovedela-slovy-ktera-zasahla-cely-narod","status":"publish","type":"post","link":"https:\/\/erevanblog.am\/?p=10753","title":{"rendered":"Kritika? V jej\u00edm v\u011bku? Jarmila odpov\u011bd\u011bla slovy, kter\u00e1 zas\u00e1hla cel\u00fd n\u00e1rod"},"content":{"rendered":"\n<p>Byl to oby\u010dejn\u00fd ve\u010der v rodinn\u00e9m kruhu \u2013 narozeniny vnuka, sm\u00edch, vzpom\u00ednky a dobr\u00e9 j\u00eddlo. Jarmila, \u010derstv\u00e1 sedmdes\u00e1tnice, si obl\u00e9kla \u0161aty, kter\u00e9 roky visely ve sk\u0159\u00edni. Tmav\u011b modr\u00e9, s jemn\u00fdm leskem, rozparkem ke kolen\u016fm a hol\u00fdmi rameny.<\/p>\n\n\n\n<figure class=\"wp-block-image size-large\"><img loading=\"lazy\" decoding=\"async\" width=\"762\" height=\"1024\" src=\"https:\/\/erevanblog.am\/wp-content\/uploads\/2025\/07\/7469321-762x1024.jpg\" alt=\"\" class=\"wp-image-10754\" srcset=\"https:\/\/erevanblog.am\/wp-content\/uploads\/2025\/07\/7469321-762x1024.jpg 762w, https:\/\/erevanblog.am\/wp-content\/uploads\/2025\/07\/7469321-223x300.jpg 223w, https:\/\/erevanblog.am\/wp-content\/uploads\/2025\/07\/7469321-768x1033.jpg 768w, https:\/\/erevanblog.am\/wp-content\/uploads\/2025\/07\/7469321-1142x1536.jpg 1142w, https:\/\/erevanblog.am\/wp-content\/uploads\/2025\/07\/7469321.jpg 1523w\" sizes=\"auto, (max-width: 762px) 100vw, 762px\" \/><\/figure>\n\n\n\n<p>Jednoduch\u00e9. Odv\u00e1\u017en\u00e9. A podle n\u00ed \u2013 naprosto v po\u0159\u00e1dku.<\/p>\n\n\n\n<p>Jej\u00ed vnu\u010dka Aneta zachytila spole\u010dn\u00fd okam\u017eik na fotografii a sd\u00edlela jej na soci\u00e1ln\u00edch s\u00edt\u00edch. Ne\u010dekala v\u00edc ne\u017e p\u00e1r mil\u00fdch koment\u00e1\u0159\u016f. M\u00edsto toho p\u0159i\u0161la lavina.<\/p>\n\n\n\n<p>\ud83d\udcac <strong>Obdiv st\u0159\u00edd\u00e1 kritika<\/strong><br>\u201eNa babi\u010dku a\u017e moc vyz\u00fdvav\u00e9.\u201c<br>\u201eTohle u\u017e nen\u00ed v\u011bk na takov\u00e9 \u0161aty.\u201c<br>\u201eM\u011bla by b\u00fdt soudn\u011bj\u0161\u00ed.\u201c<br>\u201eChce b\u00fdt st\u0159edem pozornosti?\u201c<\/p>\n\n\n\n<p>Najednou, m\u00edsto oslav, se \u0159e\u0161il v\u011bk a vzhled. Jarmila ml\u010dky \u010detla ka\u017ed\u00fd koment\u00e1\u0159. A pak klidn\u011b pronesla:<\/p>\n\n\n\n<p>\u201eM\u011bla bych jim n\u011bco \u0159\u00edct. Ale po sv\u00e9m.\u201c<\/p>\n\n\n\n<p>\ud83d\udcf8 <strong>Jedna v\u011bta, kter\u00e1 zm\u011bnila pohled na v\u011bk<\/strong><br>Druh\u00fd den si zalo\u017eila vlastn\u00ed profil. Sd\u00edlela tu samou fotku \u2013 ale s nov\u00fdm vzkazem:<\/p>\n\n\n\n<blockquote class=\"wp-block-quote is-layout-flow wp-block-quote-is-layout-flow\">\n<p>\u201eMoje t\u011blo je se mnou 76 let.<br>Za\u017eilo bolest, radost, porody i ztr\u00e1ty.<br>Neobl\u00e9k\u00e1m se pro ostatn\u00ed.<br>Nos\u00edm to, v \u010dem se c\u00edt\u00edm \u017eiv\u00e1.<br>A pokud n\u011bkoho pohor\u0161uji, mo\u017en\u00e1 by m\u011bl nejd\u0159\u00edv porozum\u011bt s\u00e1m sob\u011b.\u201c<\/p>\n<\/blockquote>\n\n\n\n<p>Koment\u00e1\u0159e tentokr\u00e1t zn\u011bly jinak:<\/p>\n\n\n\n<p>\u2764\ufe0f \u201eD\u011bkujeme, \u017ee jste takov\u00e1, jak\u00e1 jste.\u201c<br>\ud83d\udcac \u201eVa\u0161e odvaha je naka\u017eliv\u00e1.\u201c<br>\ud83c\udf1f \u201eJste hrdinka v\u0161ech \u017een ve v\u011bku, kter\u00fd si zaslou\u017e\u00ed \u00factu \u2013 ne soudy.\u201c<\/p>\n\n\n\n<p>\ud83d\udc75 <strong>St\u00e1\u0159\u00ed nen\u00ed konec. Je to v\u00fdzva b\u00fdt sama sebou.<\/strong><br>Jarmila se stala inspirac\u00ed. Ne t\u00edm, \u017ee by o to usilovala \u2013 ale t\u00edm, \u017ee si nenechala vz\u00edt pr\u00e1vo b\u00fdt vid\u011bt. Uk\u00e1zala, \u017ee kr\u00e1sa nezn\u00e1 datum narozen\u00ed.<\/p>\n\n\n\n<p>A p\u0159ipomn\u011bla to i ostatn\u00edm.<\/p>\n\n\n\n<blockquote class=\"wp-block-quote is-layout-flow wp-block-quote-is-layout-flow\">\n<p>\u201eNejv\u011bt\u0161\u00ed ztr\u00e1ta nen\u00ed vr\u00e1ska. Ale strach \u017e\u00edt naplno.\u201c<\/p>\n<\/blockquote>\n","protected":false},"excerpt":{"rendered":"<div class=\"mh-excerpt\"><p>Byl to oby\u010dejn\u00fd ve\u010der v rodinn\u00e9m kruhu \u2013 narozeniny vnuka, sm\u00edch, vzpom\u00ednky a dobr\u00e9 j\u00eddlo. Jarmila, \u010derstv\u00e1 sedmdes\u00e1tnice, si obl\u00e9kla \u0161aty, kter\u00e9 roky visely ve <a class=\"mh-excerpt-more\" href=\"https:\/\/erevanblog.am\/?p=10753\" title=\"Kritika? V jej\u00edm v\u011bku? Jarmila odpov\u011bd\u011bla slovy, kter\u00e1 zas\u00e1hla cel\u00fd n\u00e1rod\">[&#8230;]<\/a><\/p>\n<\/div>","protected":false},"author":1,"featured_media":10754,"comment_status":"open","ping_status":"open","sticky":false,"template":"","format":"standard","meta":{"footnotes":""},"categories":[1],"tags":[],"class_list":["post-10753","post","type-post","status-publish","format-standard","has-post-thumbnail","hentry","category-uncategorised"],"yoast_head":"<!-- This site is optimized with the Yoast SEO plugin v27.5 - https:\/\/yoast.com\/product\/yoast-seo-wordpress\/ -->\n<title>Kritika? V jej\u00edm v\u011bku? Jarmila odpov\u011bd\u011bla slovy, kter\u00e1 zas\u00e1hla cel\u00fd n\u00e1rod -<\/title>\n<meta name=\"robots\" content=\"index, follow, max-snippet:-1, max-image-preview:large, max-video-preview:-1\" \/>\n<link rel=\"canonical\" href=\"https:\/\/erevanblog.am\/?p=10753\" \/>\n<meta property=\"og:locale\" content=\"en_US\" \/>\n<meta property=\"og:type\" content=\"article\" \/>\n<meta property=\"og:title\" content=\"Kritika? V jej\u00edm v\u011bku? Jarmila odpov\u011bd\u011bla slovy, kter\u00e1 zas\u00e1hla cel\u00fd n\u00e1rod -\" \/>\n<meta property=\"og:description\" content=\"Byl to oby\u010dejn\u00fd ve\u010der v rodinn\u00e9m kruhu \u2013 narozeniny vnuka, sm\u00edch, vzpom\u00ednky a dobr\u00e9 j\u00eddlo. Jarmila, \u010derstv\u00e1 sedmdes\u00e1tnice, si obl\u00e9kla \u0161aty, kter\u00e9 roky visely ve [...]\" \/>\n<meta property=\"og:url\" content=\"https:\/\/erevanblog.am\/?p=10753\" \/>\n<meta property=\"article:published_time\" content=\"2025-07-10T05:55:09+00:00\" \/>\n<meta property=\"article:modified_time\" content=\"2025-07-10T05:55:10+00:00\" \/>\n<meta property=\"og:image\" content=\"http:\/\/erevanblog.am\/wp-content\/uploads\/2025\/07\/7469321.jpg\" \/>\n\t<meta property=\"og:image:width\" content=\"1523\" \/>\n\t<meta property=\"og:image:height\" content=\"2048\" \/>\n\t<meta property=\"og:image:type\" content=\"image\/jpeg\" \/>\n<meta name=\"author\" content=\"erevanblog_a\" \/>\n<meta name=\"twitter:card\" content=\"summary_large_image\" \/>\n<meta name=\"twitter:label1\" content=\"Written by\" \/>\n\t<meta name=\"twitter:data1\" content=\"erevanblog_a\" \/>\n\t<meta name=\"twitter:label2\" content=\"Est. reading time\" \/>\n\t<meta name=\"twitter:data2\" content=\"2 minutes\" \/>\n<script type=\"application\/ld+json\" class=\"yoast-schema-graph\">{\"@context\":\"https:\\\/\\\/schema.org\",\"@graph\":[{\"@type\":\"Article\",\"@id\":\"https:\\\/\\\/erevanblog.am\\\/?p=10753#article\",\"isPartOf\":{\"@id\":\"https:\\\/\\\/erevanblog.am\\\/?p=10753\"},\"author\":{\"name\":\"erevanblog_a\",\"@id\":\"https:\\\/\\\/erevanblog.am\\\/#\\\/schema\\\/person\\\/204f10311eb7ddb8914a5ab3e5f03928\"},\"headline\":\"Kritika? V jej\u00edm v\u011bku? Jarmila odpov\u011bd\u011bla slovy, kter\u00e1 zas\u00e1hla cel\u00fd n\u00e1rod\",\"datePublished\":\"2025-07-10T05:55:09+00:00\",\"dateModified\":\"2025-07-10T05:55:10+00:00\",\"mainEntityOfPage\":{\"@id\":\"https:\\\/\\\/erevanblog.am\\\/?p=10753\"},\"wordCount\":353,\"commentCount\":0,\"image\":{\"@id\":\"https:\\\/\\\/erevanblog.am\\\/?p=10753#primaryimage\"},\"thumbnailUrl\":\"https:\\\/\\\/erevanblog.am\\\/wp-content\\\/uploads\\\/2025\\\/07\\\/7469321.jpg\",\"articleSection\":[\"NEWS\"],\"inLanguage\":\"en-US\",\"potentialAction\":[{\"@type\":\"CommentAction\",\"name\":\"Comment\",\"target\":[\"https:\\\/\\\/erevanblog.am\\\/?p=10753#respond\"]}]},{\"@type\":\"WebPage\",\"@id\":\"https:\\\/\\\/erevanblog.am\\\/?p=10753\",\"url\":\"https:\\\/\\\/erevanblog.am\\\/?p=10753\",\"name\":\"Kritika? V jej\u00edm v\u011bku? Jarmila odpov\u011bd\u011bla slovy, kter\u00e1 zas\u00e1hla cel\u00fd n\u00e1rod -\",\"isPartOf\":{\"@id\":\"https:\\\/\\\/erevanblog.am\\\/#website\"},\"primaryImageOfPage\":{\"@id\":\"https:\\\/\\\/erevanblog.am\\\/?p=10753#primaryimage\"},\"image\":{\"@id\":\"https:\\\/\\\/erevanblog.am\\\/?p=10753#primaryimage\"},\"thumbnailUrl\":\"https:\\\/\\\/erevanblog.am\\\/wp-content\\\/uploads\\\/2025\\\/07\\\/7469321.jpg\",\"datePublished\":\"2025-07-10T05:55:09+00:00\",\"dateModified\":\"2025-07-10T05:55:10+00:00\",\"author\":{\"@id\":\"https:\\\/\\\/erevanblog.am\\\/#\\\/schema\\\/person\\\/204f10311eb7ddb8914a5ab3e5f03928\"},\"breadcrumb\":{\"@id\":\"https:\\\/\\\/erevanblog.am\\\/?p=10753#breadcrumb\"},\"inLanguage\":\"en-US\",\"potentialAction\":[{\"@type\":\"ReadAction\",\"target\":[\"https:\\\/\\\/erevanblog.am\\\/?p=10753\"]}]},{\"@type\":\"ImageObject\",\"inLanguage\":\"en-US\",\"@id\":\"https:\\\/\\\/erevanblog.am\\\/?p=10753#primaryimage\",\"url\":\"https:\\\/\\\/erevanblog.am\\\/wp-content\\\/uploads\\\/2025\\\/07\\\/7469321.jpg\",\"contentUrl\":\"https:\\\/\\\/erevanblog.am\\\/wp-content\\\/uploads\\\/2025\\\/07\\\/7469321.jpg\",\"width\":1523,\"height\":2048},{\"@type\":\"BreadcrumbList\",\"@id\":\"https:\\\/\\\/erevanblog.am\\\/?p=10753#breadcrumb\",\"itemListElement\":[{\"@type\":\"ListItem\",\"position\":1,\"name\":\"Home\",\"item\":\"https:\\\/\\\/erevanblog.am\\\/\"},{\"@type\":\"ListItem\",\"position\":2,\"name\":\"Kritika? V jej\u00edm v\u011bku? Jarmila odpov\u011bd\u011bla slovy, kter\u00e1 zas\u00e1hla cel\u00fd n\u00e1rod\"}]},{\"@type\":\"WebSite\",\"@id\":\"https:\\\/\\\/erevanblog.am\\\/#website\",\"url\":\"https:\\\/\\\/erevanblog.am\\\/\",\"name\":\"\",\"description\":\"\",\"potentialAction\":[{\"@type\":\"SearchAction\",\"target\":{\"@type\":\"EntryPoint\",\"urlTemplate\":\"https:\\\/\\\/erevanblog.am\\\/?s={search_term_string}\"},\"query-input\":{\"@type\":\"PropertyValueSpecification\",\"valueRequired\":true,\"valueName\":\"search_term_string\"}}],\"inLanguage\":\"en-US\"},{\"@type\":\"Person\",\"@id\":\"https:\\\/\\\/erevanblog.am\\\/#\\\/schema\\\/person\\\/204f10311eb7ddb8914a5ab3e5f03928\",\"name\":\"erevanblog_a\",\"image\":{\"@type\":\"ImageObject\",\"inLanguage\":\"en-US\",\"@id\":\"https:\\\/\\\/secure.gravatar.com\\\/avatar\\\/a24f4ac3a683f3c87303db525abc00db51ea26ccedee11dfaf1cc0f9a481a5d2?s=96&d=mm&r=g\",\"url\":\"https:\\\/\\\/secure.gravatar.com\\\/avatar\\\/a24f4ac3a683f3c87303db525abc00db51ea26ccedee11dfaf1cc0f9a481a5d2?s=96&d=mm&r=g\",\"contentUrl\":\"https:\\\/\\\/secure.gravatar.com\\\/avatar\\\/a24f4ac3a683f3c87303db525abc00db51ea26ccedee11dfaf1cc0f9a481a5d2?s=96&d=mm&r=g\",\"caption\":\"erevanblog_a\"},\"sameAs\":[\"http:\\\/\\\/erevanblog.am\"],\"url\":\"https:\\\/\\\/erevanblog.am\\\/?author=1\"}]}<\/script>\n<!-- \/ Yoast SEO plugin. -->","yoast_head_json":{"title":"Kritika? V jej\u00edm v\u011bku? Jarmila odpov\u011bd\u011bla slovy, kter\u00e1 zas\u00e1hla cel\u00fd n\u00e1rod -","robots":{"index":"index","follow":"follow","max-snippet":"max-snippet:-1","max-image-preview":"max-image-preview:large","max-video-preview":"max-video-preview:-1"},"canonical":"https:\/\/erevanblog.am\/?p=10753","og_locale":"en_US","og_type":"article","og_title":"Kritika? V jej\u00edm v\u011bku? Jarmila odpov\u011bd\u011bla slovy, kter\u00e1 zas\u00e1hla cel\u00fd n\u00e1rod -","og_description":"Byl to oby\u010dejn\u00fd ve\u010der v rodinn\u00e9m kruhu \u2013 narozeniny vnuka, sm\u00edch, vzpom\u00ednky a dobr\u00e9 j\u00eddlo. Jarmila, \u010derstv\u00e1 sedmdes\u00e1tnice, si obl\u00e9kla \u0161aty, kter\u00e9 roky visely ve [...]","og_url":"https:\/\/erevanblog.am\/?p=10753","article_published_time":"2025-07-10T05:55:09+00:00","article_modified_time":"2025-07-10T05:55:10+00:00","og_image":[{"width":1523,"height":2048,"url":"http:\/\/erevanblog.am\/wp-content\/uploads\/2025\/07\/7469321.jpg","type":"image\/jpeg"}],"author":"erevanblog_a","twitter_card":"summary_large_image","twitter_misc":{"Written by":"erevanblog_a","Est. reading time":"2 minutes"},"schema":{"@context":"https:\/\/schema.org","@graph":[{"@type":"Article","@id":"https:\/\/erevanblog.am\/?p=10753#article","isPartOf":{"@id":"https:\/\/erevanblog.am\/?p=10753"},"author":{"name":"erevanblog_a","@id":"https:\/\/erevanblog.am\/#\/schema\/person\/204f10311eb7ddb8914a5ab3e5f03928"},"headline":"Kritika? V jej\u00edm v\u011bku? Jarmila odpov\u011bd\u011bla slovy, kter\u00e1 zas\u00e1hla cel\u00fd n\u00e1rod","datePublished":"2025-07-10T05:55:09+00:00","dateModified":"2025-07-10T05:55:10+00:00","mainEntityOfPage":{"@id":"https:\/\/erevanblog.am\/?p=10753"},"wordCount":353,"commentCount":0,"image":{"@id":"https:\/\/erevanblog.am\/?p=10753#primaryimage"},"thumbnailUrl":"https:\/\/erevanblog.am\/wp-content\/uploads\/2025\/07\/7469321.jpg","articleSection":["NEWS"],"inLanguage":"en-US","potentialAction":[{"@type":"CommentAction","name":"Comment","target":["https:\/\/erevanblog.am\/?p=10753#respond"]}]},{"@type":"WebPage","@id":"https:\/\/erevanblog.am\/?p=10753","url":"https:\/\/erevanblog.am\/?p=10753","name":"Kritika? V jej\u00edm v\u011bku? Jarmila odpov\u011bd\u011bla slovy, kter\u00e1 zas\u00e1hla cel\u00fd n\u00e1rod -","isPartOf":{"@id":"https:\/\/erevanblog.am\/#website"},"primaryImageOfPage":{"@id":"https:\/\/erevanblog.am\/?p=10753#primaryimage"},"image":{"@id":"https:\/\/erevanblog.am\/?p=10753#primaryimage"},"thumbnailUrl":"https:\/\/erevanblog.am\/wp-content\/uploads\/2025\/07\/7469321.jpg","datePublished":"2025-07-10T05:55:09+00:00","dateModified":"2025-07-10T05:55:10+00:00","author":{"@id":"https:\/\/erevanblog.am\/#\/schema\/person\/204f10311eb7ddb8914a5ab3e5f03928"},"breadcrumb":{"@id":"https:\/\/erevanblog.am\/?p=10753#breadcrumb"},"inLanguage":"en-US","potentialAction":[{"@type":"ReadAction","target":["https:\/\/erevanblog.am\/?p=10753"]}]},{"@type":"ImageObject","inLanguage":"en-US","@id":"https:\/\/erevanblog.am\/?p=10753#primaryimage","url":"https:\/\/erevanblog.am\/wp-content\/uploads\/2025\/07\/7469321.jpg","contentUrl":"https:\/\/erevanblog.am\/wp-content\/uploads\/2025\/07\/7469321.jpg","width":1523,"height":2048},{"@type":"BreadcrumbList","@id":"https:\/\/erevanblog.am\/?p=10753#breadcrumb","itemListElement":[{"@type":"ListItem","position":1,"name":"Home","item":"https:\/\/erevanblog.am\/"},{"@type":"ListItem","position":2,"name":"Kritika? V jej\u00edm v\u011bku? Jarmila odpov\u011bd\u011bla slovy, kter\u00e1 zas\u00e1hla cel\u00fd n\u00e1rod"}]},{"@type":"WebSite","@id":"https:\/\/erevanblog.am\/#website","url":"https:\/\/erevanblog.am\/","name":"","description":"","potentialAction":[{"@type":"SearchAction","target":{"@type":"EntryPoint","urlTemplate":"https:\/\/erevanblog.am\/?s={search_term_string}"},"query-input":{"@type":"PropertyValueSpecification","valueRequired":true,"valueName":"search_term_string"}}],"inLanguage":"en-US"},{"@type":"Person","@id":"https:\/\/erevanblog.am\/#\/schema\/person\/204f10311eb7ddb8914a5ab3e5f03928","name":"erevanblog_a","image":{"@type":"ImageObject","inLanguage":"en-US","@id":"https:\/\/secure.gravatar.com\/avatar\/a24f4ac3a683f3c87303db525abc00db51ea26ccedee11dfaf1cc0f9a481a5d2?s=96&d=mm&r=g","url":"https:\/\/secure.gravatar.com\/avatar\/a24f4ac3a683f3c87303db525abc00db51ea26ccedee11dfaf1cc0f9a481a5d2?s=96&d=mm&r=g","contentUrl":"https:\/\/secure.gravatar.com\/avatar\/a24f4ac3a683f3c87303db525abc00db51ea26ccedee11dfaf1cc0f9a481a5d2?s=96&d=mm&r=g","caption":"erevanblog_a"},"sameAs":["http:\/\/erevanblog.am"],"url":"https:\/\/erevanblog.am\/?author=1"}]}},"views":238,"_links":{"self":[{"href":"https:\/\/erevanblog.am\/index.php?rest_route=\/wp\/v2\/posts\/10753","targetHints":{"allow":["GET"]}}],"collection":[{"href":"https:\/\/erevanblog.am\/index.php?rest_route=\/wp\/v2\/posts"}],"about":[{"href":"https:\/\/erevanblog.am\/index.php?rest_route=\/wp\/v2\/types\/post"}],"author":[{"embeddable":true,"href":"https:\/\/erevanblog.am\/index.php?rest_route=\/wp\/v2\/users\/1"}],"replies":[{"embeddable":true,"href":"https:\/\/erevanblog.am\/index.php?rest_route=%2Fwp%2Fv2%2Fcomments&post=10753"}],"version-history":[{"count":1,"href":"https:\/\/erevanblog.am\/index.php?rest_route=\/wp\/v2\/posts\/10753\/revisions"}],"predecessor-version":[{"id":10755,"href":"https:\/\/erevanblog.am\/index.php?rest_route=\/wp\/v2\/posts\/10753\/revisions\/10755"}],"wp:featuredmedia":[{"embeddable":true,"href":"https:\/\/erevanblog.am\/index.php?rest_route=\/wp\/v2\/media\/10754"}],"wp:attachment":[{"href":"https:\/\/erevanblog.am\/index.php?rest_route=%2Fwp%2Fv2%2Fmedia&parent=10753"}],"wp:term":[{"taxonomy":"category","embeddable":true,"href":"https:\/\/erevanblog.am\/index.php?rest_route=%2Fwp%2Fv2%2Fcategories&post=10753"},{"taxonomy":"post_tag","embeddable":true,"href":"https:\/\/erevanblog.am\/index.php?rest_route=%2Fwp%2Fv2%2Ftags&post=10753"}],"curies":[{"name":"wp","href":"https:\/\/api.w.org\/{rel}","templated":true}]}}