{"id":10768,"date":"2025-07-10T20:20:43","date_gmt":"2025-07-10T19:20:43","guid":{"rendered":"https:\/\/erevanblog.am\/?p=10768"},"modified":"2025-07-10T20:20:44","modified_gmt":"2025-07-10T19:20:44","slug":"jen-umyval-podlahu-a-pak-rektor-prerusil-svuj-projev-a-rekl-dovolte-mi-predstavit-cloveka-bez-ktereho-byste-tu-dnes-nesedeli-%f0%9f%92%ac%e2%9c%a8","status":"publish","type":"post","link":"https:\/\/erevanblog.am\/?p=10768","title":{"rendered":"Jen um\u00fdval podlahu\u2026 A pak rektor p\u0159eru\u0161il sv\u016fj projev a \u0159ekl: \u201eDovolte mi p\u0159edstavit \u010dlov\u011bka, bez kter\u00e9ho byste tu dnes nesed\u011bli.\u201c \ud83d\udcac\u2728"},"content":{"rendered":"\n<p>Slavnostn\u00ed aula byla zapln\u011bn\u00e1 do posledn\u00edho m\u00edsta. Des\u00edtky absolvent\u016f v tal\u00e1rech, hrd\u00ed rodi\u010de, profeso\u0159i, potlesk, blesky fotoapar\u00e1t\u016f. Ve vzduchu viselo nap\u011bt\u00ed, emoce, radost. Den, na kter\u00fd v\u0161ichni tak dlouho \u010dekali \u2013 promoce.<\/p>\n\n\n\n<figure class=\"wp-block-image size-full\"><img loading=\"lazy\" decoding=\"async\" width=\"1024\" height=\"908\" src=\"https:\/\/erevanblog.am\/wp-content\/uploads\/2025\/07\/58963333333333333.jpg\" alt=\"\" class=\"wp-image-10769\" srcset=\"https:\/\/erevanblog.am\/wp-content\/uploads\/2025\/07\/58963333333333333.jpg 1024w, https:\/\/erevanblog.am\/wp-content\/uploads\/2025\/07\/58963333333333333-300x266.jpg 300w, https:\/\/erevanblog.am\/wp-content\/uploads\/2025\/07\/58963333333333333-768x681.jpg 768w\" sizes=\"auto, (max-width: 1024px) 100vw, 1024px\" \/><\/figure>\n\n\n\n<p>A pak najednou\u2026 ticho.<\/p>\n\n\n\n<p>Rektor se odml\u010del. Odlo\u017eil p\u0159ipraven\u00fd projev, zad\u00edval se ke kraji s\u00e1lu a uk\u00e1zal rukou.<\/p>\n\n\n\n<p>\u201eNe\u017e budu pokra\u010dovat, mus\u00edm v\u00e1m n\u011bkoho p\u0159edstavit,\u201c pronesl.<\/p>\n\n\n\n<p>V\u0161ichni se oto\u010dili. V rohu st\u00e1l mu\u017e v modr\u00e9 uniform\u011b, s mopem v ruce a k\u00fdblem u nohou.<br>\u0160koln\u00edk. Nen\u00e1padn\u00fd, tich\u00fd, t\u00e9m\u011b\u0159 neviditeln\u00fd. Ale v\u017edy p\u0159\u00edtomn\u00fd.<\/p>\n\n\n\n<p>\u201eTohle je pan Kr\u00e1l. Mo\u017en\u00e1 ho nezn\u00e1te jm\u00e9nem. Ale on je ten, kdo ka\u017ed\u00fd den p\u0159ich\u00e1z\u00ed jako prvn\u00ed a odch\u00e1z\u00ed jako posledn\u00ed.<br>Zat\u00edmco jste je\u0161t\u011b spali, on u\u017e m\u011bl uklizeno, ut\u0159enou tabuli, vysypan\u00e9 ko\u0161e. Kdy\u017e se n\u011bco porouchalo, opravil to on.<br>Kdy\u017e pr\u0161elo a ostatn\u00ed se schov\u00e1vali, on \u010dekal, a\u017e voda ste\u010de, aby ji mohl vyt\u0159\u00edt z chodeb.<\/p>\n\n\n\n<p>Bez n\u011bj by \u0161kola nemohla fungovat.<br>Bez n\u011bj by dnes \u017e\u00e1dn\u00fd z v\u00e1s nesed\u011bl tady, p\u0159ipraven p\u0159evz\u00edt diplom.\u201c<\/p>\n\n\n\n<p>A pak se stalo n\u011bco ne\u010dekan\u00e9ho.<br>Cel\u00e1 aula vstala a za\u010dala tleskat.<\/p>\n\n\n\n<p>Pan Kr\u00e1l z\u016fstal st\u00e1t, zasko\u010den\u00fd, mop pevn\u011b sev\u0159en\u00fd v ruce. Ne\u010dekal to. Nikdy p\u0159edt\u00edm mu nikdo netleskal.<br>Ale ten den\u2026 si v\u0161ichni uv\u011bdomili, jak moc d\u016fle\u017eit\u00fd vlastn\u011b je.<\/p>\n","protected":false},"excerpt":{"rendered":"<div class=\"mh-excerpt\"><p>Slavnostn\u00ed aula byla zapln\u011bn\u00e1 do posledn\u00edho m\u00edsta. Des\u00edtky absolvent\u016f v tal\u00e1rech, hrd\u00ed rodi\u010de, profeso\u0159i, potlesk, blesky fotoapar\u00e1t\u016f. Ve vzduchu viselo nap\u011bt\u00ed, emoce, radost. Den, na <a class=\"mh-excerpt-more\" href=\"https:\/\/erevanblog.am\/?p=10768\" title=\"Jen um\u00fdval podlahu\u2026 A pak rektor p\u0159eru\u0161il sv\u016fj projev a \u0159ekl: \u201eDovolte mi p\u0159edstavit \u010dlov\u011bka, bez kter\u00e9ho byste tu dnes nesed\u011bli.\u201c \ud83d\udcac\u2728\">[&#8230;]<\/a><\/p>\n<\/div>","protected":false},"author":1,"featured_media":10769,"comment_status":"open","ping_status":"open","sticky":false,"template":"","format":"standard","meta":{"footnotes":""},"categories":[1],"tags":[],"class_list":["post-10768","post","type-post","status-publish","format-standard","has-post-thumbnail","hentry","category-uncategorised"],"yoast_head":"<!-- This site is optimized with the Yoast SEO plugin v27.5 - https:\/\/yoast.com\/product\/yoast-seo-wordpress\/ -->\n<title>Jen um\u00fdval podlahu\u2026 A pak rektor p\u0159eru\u0161il sv\u016fj projev a \u0159ekl: \u201eDovolte mi p\u0159edstavit \u010dlov\u011bka, bez kter\u00e9ho byste tu dnes nesed\u011bli.\u201c \ud83d\udcac\u2728 -<\/title>\n<meta name=\"robots\" content=\"index, follow, max-snippet:-1, max-image-preview:large, max-video-preview:-1\" \/>\n<link rel=\"canonical\" href=\"https:\/\/erevanblog.am\/?p=10768\" \/>\n<meta property=\"og:locale\" content=\"en_US\" \/>\n<meta property=\"og:type\" content=\"article\" \/>\n<meta property=\"og:title\" content=\"Jen um\u00fdval podlahu\u2026 A pak rektor p\u0159eru\u0161il sv\u016fj projev a \u0159ekl: \u201eDovolte mi p\u0159edstavit \u010dlov\u011bka, bez kter\u00e9ho byste tu dnes nesed\u011bli.\u201c \ud83d\udcac\u2728 -\" \/>\n<meta property=\"og:description\" content=\"Slavnostn\u00ed aula byla zapln\u011bn\u00e1 do posledn\u00edho m\u00edsta. Des\u00edtky absolvent\u016f v tal\u00e1rech, hrd\u00ed rodi\u010de, profeso\u0159i, potlesk, blesky fotoapar\u00e1t\u016f. Ve vzduchu viselo nap\u011bt\u00ed, emoce, radost. Den, na [...]\" \/>\n<meta property=\"og:url\" content=\"https:\/\/erevanblog.am\/?p=10768\" \/>\n<meta property=\"article:published_time\" content=\"2025-07-10T19:20:43+00:00\" \/>\n<meta property=\"article:modified_time\" content=\"2025-07-10T19:20:44+00:00\" \/>\n<meta property=\"og:image\" content=\"http:\/\/erevanblog.am\/wp-content\/uploads\/2025\/07\/58963333333333333.jpg\" \/>\n\t<meta property=\"og:image:width\" content=\"1024\" \/>\n\t<meta property=\"og:image:height\" content=\"908\" \/>\n\t<meta property=\"og:image:type\" content=\"image\/jpeg\" \/>\n<meta name=\"author\" content=\"erevanblog_a\" \/>\n<meta name=\"twitter:card\" content=\"summary_large_image\" \/>\n<meta name=\"twitter:label1\" content=\"Written by\" \/>\n\t<meta name=\"twitter:data1\" content=\"erevanblog_a\" \/>\n\t<meta name=\"twitter:label2\" content=\"Est. reading time\" \/>\n\t<meta name=\"twitter:data2\" content=\"2 minutes\" \/>\n<script type=\"application\/ld+json\" class=\"yoast-schema-graph\">{\"@context\":\"https:\\\/\\\/schema.org\",\"@graph\":[{\"@type\":\"Article\",\"@id\":\"https:\\\/\\\/erevanblog.am\\\/?p=10768#article\",\"isPartOf\":{\"@id\":\"https:\\\/\\\/erevanblog.am\\\/?p=10768\"},\"author\":{\"name\":\"erevanblog_a\",\"@id\":\"https:\\\/\\\/erevanblog.am\\\/#\\\/schema\\\/person\\\/204f10311eb7ddb8914a5ab3e5f03928\"},\"headline\":\"Jen um\u00fdval podlahu\u2026 A pak rektor p\u0159eru\u0161il sv\u016fj projev a \u0159ekl: \u201eDovolte mi p\u0159edstavit \u010dlov\u011bka, bez kter\u00e9ho byste tu dnes nesed\u011bli.\u201c \ud83d\udcac\u2728\",\"datePublished\":\"2025-07-10T19:20:43+00:00\",\"dateModified\":\"2025-07-10T19:20:44+00:00\",\"mainEntityOfPage\":{\"@id\":\"https:\\\/\\\/erevanblog.am\\\/?p=10768\"},\"wordCount\":299,\"commentCount\":0,\"image\":{\"@id\":\"https:\\\/\\\/erevanblog.am\\\/?p=10768#primaryimage\"},\"thumbnailUrl\":\"https:\\\/\\\/erevanblog.am\\\/wp-content\\\/uploads\\\/2025\\\/07\\\/58963333333333333.jpg\",\"articleSection\":[\"NEWS\"],\"inLanguage\":\"en-US\",\"potentialAction\":[{\"@type\":\"CommentAction\",\"name\":\"Comment\",\"target\":[\"https:\\\/\\\/erevanblog.am\\\/?p=10768#respond\"]}]},{\"@type\":\"WebPage\",\"@id\":\"https:\\\/\\\/erevanblog.am\\\/?p=10768\",\"url\":\"https:\\\/\\\/erevanblog.am\\\/?p=10768\",\"name\":\"Jen um\u00fdval podlahu\u2026 A pak rektor p\u0159eru\u0161il sv\u016fj projev a \u0159ekl: \u201eDovolte mi p\u0159edstavit \u010dlov\u011bka, bez kter\u00e9ho byste tu dnes nesed\u011bli.\u201c \ud83d\udcac\u2728 -\",\"isPartOf\":{\"@id\":\"https:\\\/\\\/erevanblog.am\\\/#website\"},\"primaryImageOfPage\":{\"@id\":\"https:\\\/\\\/erevanblog.am\\\/?p=10768#primaryimage\"},\"image\":{\"@id\":\"https:\\\/\\\/erevanblog.am\\\/?p=10768#primaryimage\"},\"thumbnailUrl\":\"https:\\\/\\\/erevanblog.am\\\/wp-content\\\/uploads\\\/2025\\\/07\\\/58963333333333333.jpg\",\"datePublished\":\"2025-07-10T19:20:43+00:00\",\"dateModified\":\"2025-07-10T19:20:44+00:00\",\"author\":{\"@id\":\"https:\\\/\\\/erevanblog.am\\\/#\\\/schema\\\/person\\\/204f10311eb7ddb8914a5ab3e5f03928\"},\"breadcrumb\":{\"@id\":\"https:\\\/\\\/erevanblog.am\\\/?p=10768#breadcrumb\"},\"inLanguage\":\"en-US\",\"potentialAction\":[{\"@type\":\"ReadAction\",\"target\":[\"https:\\\/\\\/erevanblog.am\\\/?p=10768\"]}]},{\"@type\":\"ImageObject\",\"inLanguage\":\"en-US\",\"@id\":\"https:\\\/\\\/erevanblog.am\\\/?p=10768#primaryimage\",\"url\":\"https:\\\/\\\/erevanblog.am\\\/wp-content\\\/uploads\\\/2025\\\/07\\\/58963333333333333.jpg\",\"contentUrl\":\"https:\\\/\\\/erevanblog.am\\\/wp-content\\\/uploads\\\/2025\\\/07\\\/58963333333333333.jpg\",\"width\":1024,\"height\":908},{\"@type\":\"BreadcrumbList\",\"@id\":\"https:\\\/\\\/erevanblog.am\\\/?p=10768#breadcrumb\",\"itemListElement\":[{\"@type\":\"ListItem\",\"position\":1,\"name\":\"Home\",\"item\":\"https:\\\/\\\/erevanblog.am\\\/\"},{\"@type\":\"ListItem\",\"position\":2,\"name\":\"Jen um\u00fdval podlahu\u2026 A pak rektor p\u0159eru\u0161il sv\u016fj projev a \u0159ekl: \u201eDovolte mi p\u0159edstavit \u010dlov\u011bka, bez kter\u00e9ho byste tu dnes nesed\u011bli.\u201c \ud83d\udcac\u2728\"}]},{\"@type\":\"WebSite\",\"@id\":\"https:\\\/\\\/erevanblog.am\\\/#website\",\"url\":\"https:\\\/\\\/erevanblog.am\\\/\",\"name\":\"\",\"description\":\"\",\"potentialAction\":[{\"@type\":\"SearchAction\",\"target\":{\"@type\":\"EntryPoint\",\"urlTemplate\":\"https:\\\/\\\/erevanblog.am\\\/?s={search_term_string}\"},\"query-input\":{\"@type\":\"PropertyValueSpecification\",\"valueRequired\":true,\"valueName\":\"search_term_string\"}}],\"inLanguage\":\"en-US\"},{\"@type\":\"Person\",\"@id\":\"https:\\\/\\\/erevanblog.am\\\/#\\\/schema\\\/person\\\/204f10311eb7ddb8914a5ab3e5f03928\",\"name\":\"erevanblog_a\",\"image\":{\"@type\":\"ImageObject\",\"inLanguage\":\"en-US\",\"@id\":\"https:\\\/\\\/secure.gravatar.com\\\/avatar\\\/a24f4ac3a683f3c87303db525abc00db51ea26ccedee11dfaf1cc0f9a481a5d2?s=96&d=mm&r=g\",\"url\":\"https:\\\/\\\/secure.gravatar.com\\\/avatar\\\/a24f4ac3a683f3c87303db525abc00db51ea26ccedee11dfaf1cc0f9a481a5d2?s=96&d=mm&r=g\",\"contentUrl\":\"https:\\\/\\\/secure.gravatar.com\\\/avatar\\\/a24f4ac3a683f3c87303db525abc00db51ea26ccedee11dfaf1cc0f9a481a5d2?s=96&d=mm&r=g\",\"caption\":\"erevanblog_a\"},\"sameAs\":[\"http:\\\/\\\/erevanblog.am\"],\"url\":\"https:\\\/\\\/erevanblog.am\\\/?author=1\"}]}<\/script>\n<!-- \/ Yoast SEO plugin. -->","yoast_head_json":{"title":"Jen um\u00fdval podlahu\u2026 A pak rektor p\u0159eru\u0161il sv\u016fj projev a \u0159ekl: \u201eDovolte mi p\u0159edstavit \u010dlov\u011bka, bez kter\u00e9ho byste tu dnes nesed\u011bli.\u201c \ud83d\udcac\u2728 -","robots":{"index":"index","follow":"follow","max-snippet":"max-snippet:-1","max-image-preview":"max-image-preview:large","max-video-preview":"max-video-preview:-1"},"canonical":"https:\/\/erevanblog.am\/?p=10768","og_locale":"en_US","og_type":"article","og_title":"Jen um\u00fdval podlahu\u2026 A pak rektor p\u0159eru\u0161il sv\u016fj projev a \u0159ekl: \u201eDovolte mi p\u0159edstavit \u010dlov\u011bka, bez kter\u00e9ho byste tu dnes nesed\u011bli.\u201c \ud83d\udcac\u2728 -","og_description":"Slavnostn\u00ed aula byla zapln\u011bn\u00e1 do posledn\u00edho m\u00edsta. Des\u00edtky absolvent\u016f v tal\u00e1rech, hrd\u00ed rodi\u010de, profeso\u0159i, potlesk, blesky fotoapar\u00e1t\u016f. Ve vzduchu viselo nap\u011bt\u00ed, emoce, radost. Den, na [...]","og_url":"https:\/\/erevanblog.am\/?p=10768","article_published_time":"2025-07-10T19:20:43+00:00","article_modified_time":"2025-07-10T19:20:44+00:00","og_image":[{"width":1024,"height":908,"url":"http:\/\/erevanblog.am\/wp-content\/uploads\/2025\/07\/58963333333333333.jpg","type":"image\/jpeg"}],"author":"erevanblog_a","twitter_card":"summary_large_image","twitter_misc":{"Written by":"erevanblog_a","Est. reading time":"2 minutes"},"schema":{"@context":"https:\/\/schema.org","@graph":[{"@type":"Article","@id":"https:\/\/erevanblog.am\/?p=10768#article","isPartOf":{"@id":"https:\/\/erevanblog.am\/?p=10768"},"author":{"name":"erevanblog_a","@id":"https:\/\/erevanblog.am\/#\/schema\/person\/204f10311eb7ddb8914a5ab3e5f03928"},"headline":"Jen um\u00fdval podlahu\u2026 A pak rektor p\u0159eru\u0161il sv\u016fj projev a \u0159ekl: \u201eDovolte mi p\u0159edstavit \u010dlov\u011bka, bez kter\u00e9ho byste tu dnes nesed\u011bli.\u201c \ud83d\udcac\u2728","datePublished":"2025-07-10T19:20:43+00:00","dateModified":"2025-07-10T19:20:44+00:00","mainEntityOfPage":{"@id":"https:\/\/erevanblog.am\/?p=10768"},"wordCount":299,"commentCount":0,"image":{"@id":"https:\/\/erevanblog.am\/?p=10768#primaryimage"},"thumbnailUrl":"https:\/\/erevanblog.am\/wp-content\/uploads\/2025\/07\/58963333333333333.jpg","articleSection":["NEWS"],"inLanguage":"en-US","potentialAction":[{"@type":"CommentAction","name":"Comment","target":["https:\/\/erevanblog.am\/?p=10768#respond"]}]},{"@type":"WebPage","@id":"https:\/\/erevanblog.am\/?p=10768","url":"https:\/\/erevanblog.am\/?p=10768","name":"Jen um\u00fdval podlahu\u2026 A pak rektor p\u0159eru\u0161il sv\u016fj projev a \u0159ekl: \u201eDovolte mi p\u0159edstavit \u010dlov\u011bka, bez kter\u00e9ho byste tu dnes nesed\u011bli.\u201c \ud83d\udcac\u2728 -","isPartOf":{"@id":"https:\/\/erevanblog.am\/#website"},"primaryImageOfPage":{"@id":"https:\/\/erevanblog.am\/?p=10768#primaryimage"},"image":{"@id":"https:\/\/erevanblog.am\/?p=10768#primaryimage"},"thumbnailUrl":"https:\/\/erevanblog.am\/wp-content\/uploads\/2025\/07\/58963333333333333.jpg","datePublished":"2025-07-10T19:20:43+00:00","dateModified":"2025-07-10T19:20:44+00:00","author":{"@id":"https:\/\/erevanblog.am\/#\/schema\/person\/204f10311eb7ddb8914a5ab3e5f03928"},"breadcrumb":{"@id":"https:\/\/erevanblog.am\/?p=10768#breadcrumb"},"inLanguage":"en-US","potentialAction":[{"@type":"ReadAction","target":["https:\/\/erevanblog.am\/?p=10768"]}]},{"@type":"ImageObject","inLanguage":"en-US","@id":"https:\/\/erevanblog.am\/?p=10768#primaryimage","url":"https:\/\/erevanblog.am\/wp-content\/uploads\/2025\/07\/58963333333333333.jpg","contentUrl":"https:\/\/erevanblog.am\/wp-content\/uploads\/2025\/07\/58963333333333333.jpg","width":1024,"height":908},{"@type":"BreadcrumbList","@id":"https:\/\/erevanblog.am\/?p=10768#breadcrumb","itemListElement":[{"@type":"ListItem","position":1,"name":"Home","item":"https:\/\/erevanblog.am\/"},{"@type":"ListItem","position":2,"name":"Jen um\u00fdval podlahu\u2026 A pak rektor p\u0159eru\u0161il sv\u016fj projev a \u0159ekl: \u201eDovolte mi p\u0159edstavit \u010dlov\u011bka, bez kter\u00e9ho byste tu dnes nesed\u011bli.\u201c \ud83d\udcac\u2728"}]},{"@type":"WebSite","@id":"https:\/\/erevanblog.am\/#website","url":"https:\/\/erevanblog.am\/","name":"","description":"","potentialAction":[{"@type":"SearchAction","target":{"@type":"EntryPoint","urlTemplate":"https:\/\/erevanblog.am\/?s={search_term_string}"},"query-input":{"@type":"PropertyValueSpecification","valueRequired":true,"valueName":"search_term_string"}}],"inLanguage":"en-US"},{"@type":"Person","@id":"https:\/\/erevanblog.am\/#\/schema\/person\/204f10311eb7ddb8914a5ab3e5f03928","name":"erevanblog_a","image":{"@type":"ImageObject","inLanguage":"en-US","@id":"https:\/\/secure.gravatar.com\/avatar\/a24f4ac3a683f3c87303db525abc00db51ea26ccedee11dfaf1cc0f9a481a5d2?s=96&d=mm&r=g","url":"https:\/\/secure.gravatar.com\/avatar\/a24f4ac3a683f3c87303db525abc00db51ea26ccedee11dfaf1cc0f9a481a5d2?s=96&d=mm&r=g","contentUrl":"https:\/\/secure.gravatar.com\/avatar\/a24f4ac3a683f3c87303db525abc00db51ea26ccedee11dfaf1cc0f9a481a5d2?s=96&d=mm&r=g","caption":"erevanblog_a"},"sameAs":["http:\/\/erevanblog.am"],"url":"https:\/\/erevanblog.am\/?author=1"}]}},"views":251,"_links":{"self":[{"href":"https:\/\/erevanblog.am\/index.php?rest_route=\/wp\/v2\/posts\/10768","targetHints":{"allow":["GET"]}}],"collection":[{"href":"https:\/\/erevanblog.am\/index.php?rest_route=\/wp\/v2\/posts"}],"about":[{"href":"https:\/\/erevanblog.am\/index.php?rest_route=\/wp\/v2\/types\/post"}],"author":[{"embeddable":true,"href":"https:\/\/erevanblog.am\/index.php?rest_route=\/wp\/v2\/users\/1"}],"replies":[{"embeddable":true,"href":"https:\/\/erevanblog.am\/index.php?rest_route=%2Fwp%2Fv2%2Fcomments&post=10768"}],"version-history":[{"count":1,"href":"https:\/\/erevanblog.am\/index.php?rest_route=\/wp\/v2\/posts\/10768\/revisions"}],"predecessor-version":[{"id":10770,"href":"https:\/\/erevanblog.am\/index.php?rest_route=\/wp\/v2\/posts\/10768\/revisions\/10770"}],"wp:featuredmedia":[{"embeddable":true,"href":"https:\/\/erevanblog.am\/index.php?rest_route=\/wp\/v2\/media\/10769"}],"wp:attachment":[{"href":"https:\/\/erevanblog.am\/index.php?rest_route=%2Fwp%2Fv2%2Fmedia&parent=10768"}],"wp:term":[{"taxonomy":"category","embeddable":true,"href":"https:\/\/erevanblog.am\/index.php?rest_route=%2Fwp%2Fv2%2Fcategories&post=10768"},{"taxonomy":"post_tag","embeddable":true,"href":"https:\/\/erevanblog.am\/index.php?rest_route=%2Fwp%2Fv2%2Ftags&post=10768"}],"curies":[{"name":"wp","href":"https:\/\/api.w.org\/{rel}","templated":true}]}}