{"id":10772,"date":"2025-07-11T06:21:39","date_gmt":"2025-07-11T05:21:39","guid":{"rendered":"https:\/\/erevanblog.am\/?p=10772"},"modified":"2025-07-11T06:21:40","modified_gmt":"2025-07-11T05:21:40","slug":"otec-odesel-navzdy-ale-ten-zvlastni-nalez-na-jeho-hrobe-behem-jejich-narozeninoveho-dne-vsechno-zmenil-%f0%9f%92%94%f0%9f%8e%81","status":"publish","type":"post","link":"https:\/\/erevanblog.am\/?p=10772","title":{"rendered":"Otec ode\u0161el nav\u017edy\u2026 Ale ten zvl\u00e1\u0161tn\u00ed n\u00e1lez na jeho hrob\u011b b\u011bhem jejich narozeninov\u00e9ho dne v\u0161echno zm\u011bnil. \ud83d\udc94\ud83c\udf81"},"content":{"rendered":"\n<p>Tereza a Julie byly sestry, kter\u00e9 m\u011bly v\u00fdjime\u010dn\u00e9 pouto \u2014 sd\u00edlely nejen vzpom\u00ednky z d\u011btstv\u00ed, ale i narozeniny. Narodily se p\u0159esn\u011b dva roky od sebe, a od mali\u010dka slavily sv\u016fj den spole\u010dn\u011b.<\/p>\n\n\n\n<figure class=\"wp-block-image size-full\"><img loading=\"lazy\" decoding=\"async\" width=\"1024\" height=\"946\" src=\"https:\/\/erevanblog.am\/wp-content\/uploads\/2025\/07\/4444444444444444444444.jpg\" alt=\"\" class=\"wp-image-10773\" srcset=\"https:\/\/erevanblog.am\/wp-content\/uploads\/2025\/07\/4444444444444444444444.jpg 1024w, https:\/\/erevanblog.am\/wp-content\/uploads\/2025\/07\/4444444444444444444444-300x277.jpg 300w, https:\/\/erevanblog.am\/wp-content\/uploads\/2025\/07\/4444444444444444444444-768x710.jpg 768w\" sizes=\"auto, (max-width: 1024px) 100vw, 1024px\" \/><\/figure>\n\n\n\n<p>P\u0159ed t\u0159emi lety v\u0161ak p\u0159i\u0161ly o sv\u00e9ho milovan\u00e9ho otce. Byla to trag\u00e9die bez varov\u00e1n\u00ed. \u017d\u00e1dn\u00e9 posledn\u00ed slovo, \u017e\u00e1dn\u00e9 vysv\u011btlen\u00ed. Jen pr\u00e1zdnota a ticho.<\/p>\n\n\n\n<p>A\u017e do toho dne, kdy se v\u0161echno zm\u011bnilo.<\/p>\n\n\n\n<p>Kdy\u017e p\u0159i\u0161ly na h\u0159bitov, v\u0161imly si n\u011b\u010deho neobvykl\u00e9ho. Na otcov\u011b n\u00e1hrobku le\u017eela drobn\u00e1 d\u0159ev\u011bn\u00e1 krabi\u010dka. Precizn\u011b vy\u0159ezan\u00e1, s n\u00e1pisem na v\u00edku:<\/p>\n\n\n\n<p><strong>\u201ePro moje hol\u010di\u010dky. Otev\u0159\u00edt dnes.\u201c<\/strong><\/p>\n\n\n\n<p>Z\u016fstaly st\u00e1t v n\u011bm\u00e9m \u00fa\u017easu. Kdo ji tam polo\u017eil? A jak v\u011bd\u011bl, \u017ee p\u0159ijdou pr\u00e1v\u011b dnes?<\/p>\n\n\n\n<p>Otev\u0159ely ji. Uvnit\u0159 na\u0161ly:<br>\ud83d\udcdc Dopis psan\u00fd rukou.<br>\ud83d\udcf8 Star\u00e9 fotografie z jejich d\u011btstv\u00ed.<br>\ud83c\udf81 Dv\u011b st\u0159\u00edbrn\u00e9 kl\u00ed\u010denky s p\u00edsmeny T a J.<\/p>\n\n\n\n<p>Text dopisu zn\u011bl:<\/p>\n\n\n\n<hr class=\"wp-block-separator has-alpha-channel-opacity\"\/>\n\n\n\n<p><strong>\u201eMoje mil\u00e9 dcery,<br>jestli tohle \u010dtete, u\u017e nejsem mezi v\u00e1mi. Ale i kdy\u017e m\u011b nevid\u00edte, jsem st\u00e1le s v\u00e1mi.<br>Nechal jsem pro v\u00e1s n\u011bco, co v\u00e1s zavede zp\u011bt tam, kde jsme byli \u0161\u0165astn\u00ed.<br>Vra\u0165te se do na\u0161\u00ed chaty. Kl\u00ed\u010de u\u017e m\u00e1te.<br>S l\u00e1skou,<br>V\u00e1\u0161 t\u00e1ta.\u201c<\/strong><\/p>\n\n\n\n<hr class=\"wp-block-separator has-alpha-channel-opacity\"\/>\n\n\n\n<p>Ob\u011b sestry se rozplakaly. Ale tentokr\u00e1t to nebyly slzy bolesti. Byly to slzy dojet\u00ed, radosti \u2014 a nad\u011bje. V ten okam\u017eik pochopily, \u017ee otcovsk\u00e1 l\u00e1ska nekon\u010d\u00ed smrt\u00ed.<\/p>\n\n\n\n<p>Ten den si nav\u017edy zapamatovaly. Proto\u017ee pr\u00e1v\u011b tehdy se nau\u010dily, \u017ee l\u00e1ska nemiz\u00ed. Jen m\u011bn\u00ed svou podobu.<\/p>\n","protected":false},"excerpt":{"rendered":"<div class=\"mh-excerpt\"><p>Tereza a Julie byly sestry, kter\u00e9 m\u011bly v\u00fdjime\u010dn\u00e9 pouto \u2014 sd\u00edlely nejen vzpom\u00ednky z d\u011btstv\u00ed, ale i narozeniny. Narodily se p\u0159esn\u011b dva roky od sebe, <a class=\"mh-excerpt-more\" href=\"https:\/\/erevanblog.am\/?p=10772\" title=\"Otec ode\u0161el nav\u017edy\u2026 Ale ten zvl\u00e1\u0161tn\u00ed n\u00e1lez na jeho hrob\u011b b\u011bhem jejich narozeninov\u00e9ho dne v\u0161echno zm\u011bnil. \ud83d\udc94\ud83c\udf81\">[&#8230;]<\/a><\/p>\n<\/div>","protected":false},"author":1,"featured_media":10773,"comment_status":"open","ping_status":"open","sticky":false,"template":"","format":"standard","meta":{"footnotes":""},"categories":[1],"tags":[],"class_list":["post-10772","post","type-post","status-publish","format-standard","has-post-thumbnail","hentry","category-uncategorised"],"yoast_head":"<!-- This site is optimized with the Yoast SEO plugin v27.5 - https:\/\/yoast.com\/product\/yoast-seo-wordpress\/ -->\n<title>Otec ode\u0161el nav\u017edy\u2026 Ale ten zvl\u00e1\u0161tn\u00ed n\u00e1lez na jeho hrob\u011b b\u011bhem jejich narozeninov\u00e9ho dne v\u0161echno zm\u011bnil. \ud83d\udc94\ud83c\udf81 -<\/title>\n<meta name=\"robots\" content=\"index, follow, max-snippet:-1, max-image-preview:large, max-video-preview:-1\" \/>\n<link rel=\"canonical\" href=\"https:\/\/erevanblog.am\/?p=10772\" \/>\n<meta property=\"og:locale\" content=\"en_US\" \/>\n<meta property=\"og:type\" content=\"article\" \/>\n<meta property=\"og:title\" content=\"Otec ode\u0161el nav\u017edy\u2026 Ale ten zvl\u00e1\u0161tn\u00ed n\u00e1lez na jeho hrob\u011b b\u011bhem jejich narozeninov\u00e9ho dne v\u0161echno zm\u011bnil. \ud83d\udc94\ud83c\udf81 -\" \/>\n<meta property=\"og:description\" content=\"Tereza a Julie byly sestry, kter\u00e9 m\u011bly v\u00fdjime\u010dn\u00e9 pouto \u2014 sd\u00edlely nejen vzpom\u00ednky z d\u011btstv\u00ed, ale i narozeniny. Narodily se p\u0159esn\u011b dva roky od sebe, [...]\" \/>\n<meta property=\"og:url\" content=\"https:\/\/erevanblog.am\/?p=10772\" \/>\n<meta property=\"article:published_time\" content=\"2025-07-11T05:21:39+00:00\" \/>\n<meta property=\"article:modified_time\" content=\"2025-07-11T05:21:40+00:00\" \/>\n<meta property=\"og:image\" content=\"http:\/\/erevanblog.am\/wp-content\/uploads\/2025\/07\/4444444444444444444444.jpg\" \/>\n\t<meta property=\"og:image:width\" content=\"1024\" \/>\n\t<meta property=\"og:image:height\" content=\"946\" \/>\n\t<meta property=\"og:image:type\" content=\"image\/jpeg\" \/>\n<meta name=\"author\" content=\"erevanblog_a\" \/>\n<meta name=\"twitter:card\" content=\"summary_large_image\" \/>\n<meta name=\"twitter:label1\" content=\"Written by\" \/>\n\t<meta name=\"twitter:data1\" content=\"erevanblog_a\" \/>\n\t<meta name=\"twitter:label2\" content=\"Est. reading time\" \/>\n\t<meta name=\"twitter:data2\" content=\"2 minutes\" \/>\n<script type=\"application\/ld+json\" class=\"yoast-schema-graph\">{\"@context\":\"https:\\\/\\\/schema.org\",\"@graph\":[{\"@type\":\"Article\",\"@id\":\"https:\\\/\\\/erevanblog.am\\\/?p=10772#article\",\"isPartOf\":{\"@id\":\"https:\\\/\\\/erevanblog.am\\\/?p=10772\"},\"author\":{\"name\":\"erevanblog_a\",\"@id\":\"https:\\\/\\\/erevanblog.am\\\/#\\\/schema\\\/person\\\/204f10311eb7ddb8914a5ab3e5f03928\"},\"headline\":\"Otec ode\u0161el nav\u017edy\u2026 Ale ten zvl\u00e1\u0161tn\u00ed n\u00e1lez na jeho hrob\u011b b\u011bhem jejich narozeninov\u00e9ho dne v\u0161echno zm\u011bnil. \ud83d\udc94\ud83c\udf81\",\"datePublished\":\"2025-07-11T05:21:39+00:00\",\"dateModified\":\"2025-07-11T05:21:40+00:00\",\"mainEntityOfPage\":{\"@id\":\"https:\\\/\\\/erevanblog.am\\\/?p=10772\"},\"wordCount\":318,\"commentCount\":0,\"image\":{\"@id\":\"https:\\\/\\\/erevanblog.am\\\/?p=10772#primaryimage\"},\"thumbnailUrl\":\"https:\\\/\\\/erevanblog.am\\\/wp-content\\\/uploads\\\/2025\\\/07\\\/4444444444444444444444.jpg\",\"articleSection\":[\"NEWS\"],\"inLanguage\":\"en-US\",\"potentialAction\":[{\"@type\":\"CommentAction\",\"name\":\"Comment\",\"target\":[\"https:\\\/\\\/erevanblog.am\\\/?p=10772#respond\"]}]},{\"@type\":\"WebPage\",\"@id\":\"https:\\\/\\\/erevanblog.am\\\/?p=10772\",\"url\":\"https:\\\/\\\/erevanblog.am\\\/?p=10772\",\"name\":\"Otec ode\u0161el nav\u017edy\u2026 Ale ten zvl\u00e1\u0161tn\u00ed n\u00e1lez na jeho hrob\u011b b\u011bhem jejich narozeninov\u00e9ho dne v\u0161echno zm\u011bnil. \ud83d\udc94\ud83c\udf81 -\",\"isPartOf\":{\"@id\":\"https:\\\/\\\/erevanblog.am\\\/#website\"},\"primaryImageOfPage\":{\"@id\":\"https:\\\/\\\/erevanblog.am\\\/?p=10772#primaryimage\"},\"image\":{\"@id\":\"https:\\\/\\\/erevanblog.am\\\/?p=10772#primaryimage\"},\"thumbnailUrl\":\"https:\\\/\\\/erevanblog.am\\\/wp-content\\\/uploads\\\/2025\\\/07\\\/4444444444444444444444.jpg\",\"datePublished\":\"2025-07-11T05:21:39+00:00\",\"dateModified\":\"2025-07-11T05:21:40+00:00\",\"author\":{\"@id\":\"https:\\\/\\\/erevanblog.am\\\/#\\\/schema\\\/person\\\/204f10311eb7ddb8914a5ab3e5f03928\"},\"breadcrumb\":{\"@id\":\"https:\\\/\\\/erevanblog.am\\\/?p=10772#breadcrumb\"},\"inLanguage\":\"en-US\",\"potentialAction\":[{\"@type\":\"ReadAction\",\"target\":[\"https:\\\/\\\/erevanblog.am\\\/?p=10772\"]}]},{\"@type\":\"ImageObject\",\"inLanguage\":\"en-US\",\"@id\":\"https:\\\/\\\/erevanblog.am\\\/?p=10772#primaryimage\",\"url\":\"https:\\\/\\\/erevanblog.am\\\/wp-content\\\/uploads\\\/2025\\\/07\\\/4444444444444444444444.jpg\",\"contentUrl\":\"https:\\\/\\\/erevanblog.am\\\/wp-content\\\/uploads\\\/2025\\\/07\\\/4444444444444444444444.jpg\",\"width\":1024,\"height\":946},{\"@type\":\"BreadcrumbList\",\"@id\":\"https:\\\/\\\/erevanblog.am\\\/?p=10772#breadcrumb\",\"itemListElement\":[{\"@type\":\"ListItem\",\"position\":1,\"name\":\"Home\",\"item\":\"https:\\\/\\\/erevanblog.am\\\/\"},{\"@type\":\"ListItem\",\"position\":2,\"name\":\"Otec ode\u0161el nav\u017edy\u2026 Ale ten zvl\u00e1\u0161tn\u00ed n\u00e1lez na jeho hrob\u011b b\u011bhem jejich narozeninov\u00e9ho dne v\u0161echno zm\u011bnil. \ud83d\udc94\ud83c\udf81\"}]},{\"@type\":\"WebSite\",\"@id\":\"https:\\\/\\\/erevanblog.am\\\/#website\",\"url\":\"https:\\\/\\\/erevanblog.am\\\/\",\"name\":\"\",\"description\":\"\",\"potentialAction\":[{\"@type\":\"SearchAction\",\"target\":{\"@type\":\"EntryPoint\",\"urlTemplate\":\"https:\\\/\\\/erevanblog.am\\\/?s={search_term_string}\"},\"query-input\":{\"@type\":\"PropertyValueSpecification\",\"valueRequired\":true,\"valueName\":\"search_term_string\"}}],\"inLanguage\":\"en-US\"},{\"@type\":\"Person\",\"@id\":\"https:\\\/\\\/erevanblog.am\\\/#\\\/schema\\\/person\\\/204f10311eb7ddb8914a5ab3e5f03928\",\"name\":\"erevanblog_a\",\"image\":{\"@type\":\"ImageObject\",\"inLanguage\":\"en-US\",\"@id\":\"https:\\\/\\\/secure.gravatar.com\\\/avatar\\\/a24f4ac3a683f3c87303db525abc00db51ea26ccedee11dfaf1cc0f9a481a5d2?s=96&d=mm&r=g\",\"url\":\"https:\\\/\\\/secure.gravatar.com\\\/avatar\\\/a24f4ac3a683f3c87303db525abc00db51ea26ccedee11dfaf1cc0f9a481a5d2?s=96&d=mm&r=g\",\"contentUrl\":\"https:\\\/\\\/secure.gravatar.com\\\/avatar\\\/a24f4ac3a683f3c87303db525abc00db51ea26ccedee11dfaf1cc0f9a481a5d2?s=96&d=mm&r=g\",\"caption\":\"erevanblog_a\"},\"sameAs\":[\"http:\\\/\\\/erevanblog.am\"],\"url\":\"https:\\\/\\\/erevanblog.am\\\/?author=1\"}]}<\/script>\n<!-- \/ Yoast SEO plugin. -->","yoast_head_json":{"title":"Otec ode\u0161el nav\u017edy\u2026 Ale ten zvl\u00e1\u0161tn\u00ed n\u00e1lez na jeho hrob\u011b b\u011bhem jejich narozeninov\u00e9ho dne v\u0161echno zm\u011bnil. \ud83d\udc94\ud83c\udf81 -","robots":{"index":"index","follow":"follow","max-snippet":"max-snippet:-1","max-image-preview":"max-image-preview:large","max-video-preview":"max-video-preview:-1"},"canonical":"https:\/\/erevanblog.am\/?p=10772","og_locale":"en_US","og_type":"article","og_title":"Otec ode\u0161el nav\u017edy\u2026 Ale ten zvl\u00e1\u0161tn\u00ed n\u00e1lez na jeho hrob\u011b b\u011bhem jejich narozeninov\u00e9ho dne v\u0161echno zm\u011bnil. \ud83d\udc94\ud83c\udf81 -","og_description":"Tereza a Julie byly sestry, kter\u00e9 m\u011bly v\u00fdjime\u010dn\u00e9 pouto \u2014 sd\u00edlely nejen vzpom\u00ednky z d\u011btstv\u00ed, ale i narozeniny. Narodily se p\u0159esn\u011b dva roky od sebe, [...]","og_url":"https:\/\/erevanblog.am\/?p=10772","article_published_time":"2025-07-11T05:21:39+00:00","article_modified_time":"2025-07-11T05:21:40+00:00","og_image":[{"width":1024,"height":946,"url":"http:\/\/erevanblog.am\/wp-content\/uploads\/2025\/07\/4444444444444444444444.jpg","type":"image\/jpeg"}],"author":"erevanblog_a","twitter_card":"summary_large_image","twitter_misc":{"Written by":"erevanblog_a","Est. reading time":"2 minutes"},"schema":{"@context":"https:\/\/schema.org","@graph":[{"@type":"Article","@id":"https:\/\/erevanblog.am\/?p=10772#article","isPartOf":{"@id":"https:\/\/erevanblog.am\/?p=10772"},"author":{"name":"erevanblog_a","@id":"https:\/\/erevanblog.am\/#\/schema\/person\/204f10311eb7ddb8914a5ab3e5f03928"},"headline":"Otec ode\u0161el nav\u017edy\u2026 Ale ten zvl\u00e1\u0161tn\u00ed n\u00e1lez na jeho hrob\u011b b\u011bhem jejich narozeninov\u00e9ho dne v\u0161echno zm\u011bnil. \ud83d\udc94\ud83c\udf81","datePublished":"2025-07-11T05:21:39+00:00","dateModified":"2025-07-11T05:21:40+00:00","mainEntityOfPage":{"@id":"https:\/\/erevanblog.am\/?p=10772"},"wordCount":318,"commentCount":0,"image":{"@id":"https:\/\/erevanblog.am\/?p=10772#primaryimage"},"thumbnailUrl":"https:\/\/erevanblog.am\/wp-content\/uploads\/2025\/07\/4444444444444444444444.jpg","articleSection":["NEWS"],"inLanguage":"en-US","potentialAction":[{"@type":"CommentAction","name":"Comment","target":["https:\/\/erevanblog.am\/?p=10772#respond"]}]},{"@type":"WebPage","@id":"https:\/\/erevanblog.am\/?p=10772","url":"https:\/\/erevanblog.am\/?p=10772","name":"Otec ode\u0161el nav\u017edy\u2026 Ale ten zvl\u00e1\u0161tn\u00ed n\u00e1lez na jeho hrob\u011b b\u011bhem jejich narozeninov\u00e9ho dne v\u0161echno zm\u011bnil. \ud83d\udc94\ud83c\udf81 -","isPartOf":{"@id":"https:\/\/erevanblog.am\/#website"},"primaryImageOfPage":{"@id":"https:\/\/erevanblog.am\/?p=10772#primaryimage"},"image":{"@id":"https:\/\/erevanblog.am\/?p=10772#primaryimage"},"thumbnailUrl":"https:\/\/erevanblog.am\/wp-content\/uploads\/2025\/07\/4444444444444444444444.jpg","datePublished":"2025-07-11T05:21:39+00:00","dateModified":"2025-07-11T05:21:40+00:00","author":{"@id":"https:\/\/erevanblog.am\/#\/schema\/person\/204f10311eb7ddb8914a5ab3e5f03928"},"breadcrumb":{"@id":"https:\/\/erevanblog.am\/?p=10772#breadcrumb"},"inLanguage":"en-US","potentialAction":[{"@type":"ReadAction","target":["https:\/\/erevanblog.am\/?p=10772"]}]},{"@type":"ImageObject","inLanguage":"en-US","@id":"https:\/\/erevanblog.am\/?p=10772#primaryimage","url":"https:\/\/erevanblog.am\/wp-content\/uploads\/2025\/07\/4444444444444444444444.jpg","contentUrl":"https:\/\/erevanblog.am\/wp-content\/uploads\/2025\/07\/4444444444444444444444.jpg","width":1024,"height":946},{"@type":"BreadcrumbList","@id":"https:\/\/erevanblog.am\/?p=10772#breadcrumb","itemListElement":[{"@type":"ListItem","position":1,"name":"Home","item":"https:\/\/erevanblog.am\/"},{"@type":"ListItem","position":2,"name":"Otec ode\u0161el nav\u017edy\u2026 Ale ten zvl\u00e1\u0161tn\u00ed n\u00e1lez na jeho hrob\u011b b\u011bhem jejich narozeninov\u00e9ho dne v\u0161echno zm\u011bnil. \ud83d\udc94\ud83c\udf81"}]},{"@type":"WebSite","@id":"https:\/\/erevanblog.am\/#website","url":"https:\/\/erevanblog.am\/","name":"","description":"","potentialAction":[{"@type":"SearchAction","target":{"@type":"EntryPoint","urlTemplate":"https:\/\/erevanblog.am\/?s={search_term_string}"},"query-input":{"@type":"PropertyValueSpecification","valueRequired":true,"valueName":"search_term_string"}}],"inLanguage":"en-US"},{"@type":"Person","@id":"https:\/\/erevanblog.am\/#\/schema\/person\/204f10311eb7ddb8914a5ab3e5f03928","name":"erevanblog_a","image":{"@type":"ImageObject","inLanguage":"en-US","@id":"https:\/\/secure.gravatar.com\/avatar\/a24f4ac3a683f3c87303db525abc00db51ea26ccedee11dfaf1cc0f9a481a5d2?s=96&d=mm&r=g","url":"https:\/\/secure.gravatar.com\/avatar\/a24f4ac3a683f3c87303db525abc00db51ea26ccedee11dfaf1cc0f9a481a5d2?s=96&d=mm&r=g","contentUrl":"https:\/\/secure.gravatar.com\/avatar\/a24f4ac3a683f3c87303db525abc00db51ea26ccedee11dfaf1cc0f9a481a5d2?s=96&d=mm&r=g","caption":"erevanblog_a"},"sameAs":["http:\/\/erevanblog.am"],"url":"https:\/\/erevanblog.am\/?author=1"}]}},"views":301,"_links":{"self":[{"href":"https:\/\/erevanblog.am\/index.php?rest_route=\/wp\/v2\/posts\/10772","targetHints":{"allow":["GET"]}}],"collection":[{"href":"https:\/\/erevanblog.am\/index.php?rest_route=\/wp\/v2\/posts"}],"about":[{"href":"https:\/\/erevanblog.am\/index.php?rest_route=\/wp\/v2\/types\/post"}],"author":[{"embeddable":true,"href":"https:\/\/erevanblog.am\/index.php?rest_route=\/wp\/v2\/users\/1"}],"replies":[{"embeddable":true,"href":"https:\/\/erevanblog.am\/index.php?rest_route=%2Fwp%2Fv2%2Fcomments&post=10772"}],"version-history":[{"count":1,"href":"https:\/\/erevanblog.am\/index.php?rest_route=\/wp\/v2\/posts\/10772\/revisions"}],"predecessor-version":[{"id":10774,"href":"https:\/\/erevanblog.am\/index.php?rest_route=\/wp\/v2\/posts\/10772\/revisions\/10774"}],"wp:featuredmedia":[{"embeddable":true,"href":"https:\/\/erevanblog.am\/index.php?rest_route=\/wp\/v2\/media\/10773"}],"wp:attachment":[{"href":"https:\/\/erevanblog.am\/index.php?rest_route=%2Fwp%2Fv2%2Fmedia&parent=10772"}],"wp:term":[{"taxonomy":"category","embeddable":true,"href":"https:\/\/erevanblog.am\/index.php?rest_route=%2Fwp%2Fv2%2Fcategories&post=10772"},{"taxonomy":"post_tag","embeddable":true,"href":"https:\/\/erevanblog.am\/index.php?rest_route=%2Fwp%2Fv2%2Ftags&post=10772"}],"curies":[{"name":"wp","href":"https:\/\/api.w.org\/{rel}","templated":true}]}}