{"id":10778,"date":"2025-07-11T12:03:44","date_gmt":"2025-07-11T11:03:44","guid":{"rendered":"https:\/\/erevanblog.am\/?p=10778"},"modified":"2025-07-11T12:03:44","modified_gmt":"2025-07-11T11:03:44","slug":"tajemstvi-za-zavrenymi-dvermi-koho-eric-ukryval-ve-svem-dome-a-proc-o-tom-nikdy-nepromluvil-se-svou-zenou","status":"publish","type":"post","link":"https:\/\/erevanblog.am\/?p=10778","title":{"rendered":"Tajemstv\u00ed za zav\u0159en\u00fdmi dve\u0159mi: Koho \u00c9ric ukr\u00fdval ve sv\u00e9m dom\u011b \u2013 a pro\u010d o tom nikdy nepromluvil se svou \u017eenou"},"content":{"rendered":"\n<p>Lucie \u017eila s \u00c9ricem celou dek\u00e1du. V\u011b\u0159ila, \u017ee ho zn\u00e1 skrz naskrz. Byl klidn\u00fd, organizovan\u00fd, p\u0159edv\u00eddateln\u00fd. Ka\u017ed\u00fd den se vracel dom\u016f ve stejnou hodinu, nezapom\u00ednal na d\u016fle\u017eit\u00e9 dny, nikdy nezvy\u0161oval hlas.<\/p>\n\n\n\n<figure class=\"wp-block-image size-full\"><img loading=\"lazy\" decoding=\"async\" width=\"706\" height=\"440\" src=\"https:\/\/erevanblog.am\/wp-content\/uploads\/2025\/07\/66666666666666.jpg\" alt=\"\" class=\"wp-image-10779\" srcset=\"https:\/\/erevanblog.am\/wp-content\/uploads\/2025\/07\/66666666666666.jpg 706w, https:\/\/erevanblog.am\/wp-content\/uploads\/2025\/07\/66666666666666-300x187.jpg 300w\" sizes=\"auto, (max-width: 706px) 100vw, 706px\" \/><\/figure>\n\n\n\n<p>A mo\u017en\u00e1 pr\u00e1v\u011b to bylo divn\u00e9.<\/p>\n\n\n\n<p>Jedno de\u0161tiv\u00e9 odpoledne \u00c9ric zapomn\u011bl kl\u00ed\u010d ve sv\u00e9m kab\u00e1tu \u2013 v tom, kter\u00fd Lucie zrovna nesla do \u010dist\u00edrny. Kl\u00ed\u010d m\u011bl na sob\u011b \u010d\u00edslo a byl viditeln\u011b obno\u0161en\u00fd. Lucii p\u0159emohla zv\u011bdavost.<\/p>\n\n\n\n<p>Kdy\u017e \u00c9ric odjel na v\u00edkendovou pracovn\u00ed cestu, Lucie sebrala odvahu a rozhodla se zjistit, kam ten kl\u00ed\u010d pasuje. Odemkla dve\u0159e, kter\u00e9 v\u017edy pova\u017eovala za vstup do star\u00e9 komory.<\/p>\n\n\n\n<p>Ale za nimi byl pokoj.<\/p>\n\n\n\n<p>Mal\u00fd, \u00fahledn\u00fd. Postel, knihy, lampa. Na zdi visely d\u011btsk\u00e9 kresby. V rohu st\u00e1l st\u016fl s pozn\u00e1mkami.<\/p>\n\n\n\n<p>A pak se ozval hlas.<\/p>\n\n\n\n<p>Lucie z\u016fstala jako p\u0159imra\u017een\u00e1. Z p\u0159ilehl\u00e9 koupelny vy\u0161la d\u00edvka. Asi dvan\u00e1ct let. Nesla v o\u010d\u00edch ostych.<\/p>\n\n\n\n<p>\u201eJste Lucie?\u201c zeptala se potichu.<\/p>\n\n\n\n<p>Lucie jen p\u0159ik\u00fdvla.<\/p>\n\n\n\n<p>\u201e\u00c9ric \u0159\u00edkal, \u017ee jste laskav\u00e1. A \u017ee jednou pochop\u00edte.\u201c<\/p>\n\n\n\n<p>D\u00edvka byla \u00c9ricova dcera z p\u0159edchoz\u00edho vztahu. Jej\u00ed matka ji opustila a \u00c9ric ji od t\u00e9 doby tajn\u011b vychov\u00e1val, proto\u017ee se b\u00e1l, \u017ee by mu ji \u00fa\u0159ady odebraly.<\/p>\n\n\n\n<p>\u201e\u0158\u00edkal mi, \u017ee m\u011b ochr\u00e1n\u00ed. A \u017ee to z\u016fstane jen mezi n\u00e1mi.\u201c<\/p>\n\n\n\n<p>Lucii se podlomily nohy. Cel\u00fd jejich vztah st\u00e1l na nevy\u0159\u010den\u00e9 l\u017ei. Ale kdy\u017e se pod\u00edvala do o\u010d\u00ed t\u00e9 hol\u010di\u010dky, nebyla si jist\u00e1 \u2013 m\u00e1 \u00c9rica nen\u00e1vid\u011bt, nebo ho litovat?<\/p>\n\n\n\n<p>Kdy\u017e se \u00c9ric vr\u00e1til dom\u016f, Lucie ho \u010dekala. Kl\u00ed\u010d le\u017eel uprost\u0159ed stolu.<\/p>\n","protected":false},"excerpt":{"rendered":"<div class=\"mh-excerpt\"><p>Lucie \u017eila s \u00c9ricem celou dek\u00e1du. V\u011b\u0159ila, \u017ee ho zn\u00e1 skrz naskrz. Byl klidn\u00fd, organizovan\u00fd, p\u0159edv\u00eddateln\u00fd. Ka\u017ed\u00fd den se vracel dom\u016f ve stejnou hodinu, nezapom\u00ednal <a class=\"mh-excerpt-more\" href=\"https:\/\/erevanblog.am\/?p=10778\" title=\"Tajemstv\u00ed za zav\u0159en\u00fdmi dve\u0159mi: Koho \u00c9ric ukr\u00fdval ve sv\u00e9m dom\u011b \u2013 a pro\u010d o tom nikdy nepromluvil se svou \u017eenou\">[&#8230;]<\/a><\/p>\n<\/div>","protected":false},"author":1,"featured_media":10779,"comment_status":"open","ping_status":"open","sticky":false,"template":"","format":"standard","meta":{"footnotes":""},"categories":[1],"tags":[],"class_list":["post-10778","post","type-post","status-publish","format-standard","has-post-thumbnail","hentry","category-uncategorised"],"yoast_head":"<!-- This site is optimized with the Yoast SEO plugin v27.5 - https:\/\/yoast.com\/product\/yoast-seo-wordpress\/ -->\n<title>Tajemstv\u00ed za zav\u0159en\u00fdmi dve\u0159mi: Koho \u00c9ric ukr\u00fdval ve sv\u00e9m dom\u011b \u2013 a pro\u010d o tom nikdy nepromluvil se svou \u017eenou -<\/title>\n<meta name=\"robots\" content=\"index, follow, max-snippet:-1, max-image-preview:large, max-video-preview:-1\" \/>\n<link rel=\"canonical\" href=\"https:\/\/erevanblog.am\/?p=10778\" \/>\n<meta property=\"og:locale\" content=\"en_US\" \/>\n<meta property=\"og:type\" content=\"article\" \/>\n<meta property=\"og:title\" content=\"Tajemstv\u00ed za zav\u0159en\u00fdmi dve\u0159mi: Koho \u00c9ric ukr\u00fdval ve sv\u00e9m dom\u011b \u2013 a pro\u010d o tom nikdy nepromluvil se svou \u017eenou -\" \/>\n<meta property=\"og:description\" content=\"Lucie \u017eila s \u00c9ricem celou dek\u00e1du. V\u011b\u0159ila, \u017ee ho zn\u00e1 skrz naskrz. Byl klidn\u00fd, organizovan\u00fd, p\u0159edv\u00eddateln\u00fd. Ka\u017ed\u00fd den se vracel dom\u016f ve stejnou hodinu, nezapom\u00ednal [...]\" \/>\n<meta property=\"og:url\" content=\"https:\/\/erevanblog.am\/?p=10778\" \/>\n<meta property=\"article:published_time\" content=\"2025-07-11T11:03:44+00:00\" \/>\n<meta property=\"og:image\" content=\"http:\/\/erevanblog.am\/wp-content\/uploads\/2025\/07\/66666666666666.jpg\" \/>\n\t<meta property=\"og:image:width\" content=\"706\" \/>\n\t<meta property=\"og:image:height\" content=\"440\" \/>\n\t<meta property=\"og:image:type\" content=\"image\/jpeg\" \/>\n<meta name=\"author\" content=\"erevanblog_a\" \/>\n<meta name=\"twitter:card\" content=\"summary_large_image\" \/>\n<meta name=\"twitter:label1\" content=\"Written by\" \/>\n\t<meta name=\"twitter:data1\" content=\"erevanblog_a\" \/>\n\t<meta name=\"twitter:label2\" content=\"Est. reading time\" \/>\n\t<meta name=\"twitter:data2\" content=\"2 minutes\" \/>\n<script type=\"application\/ld+json\" class=\"yoast-schema-graph\">{\"@context\":\"https:\\\/\\\/schema.org\",\"@graph\":[{\"@type\":\"Article\",\"@id\":\"https:\\\/\\\/erevanblog.am\\\/?p=10778#article\",\"isPartOf\":{\"@id\":\"https:\\\/\\\/erevanblog.am\\\/?p=10778\"},\"author\":{\"name\":\"erevanblog_a\",\"@id\":\"https:\\\/\\\/erevanblog.am\\\/#\\\/schema\\\/person\\\/204f10311eb7ddb8914a5ab3e5f03928\"},\"headline\":\"Tajemstv\u00ed za zav\u0159en\u00fdmi dve\u0159mi: Koho \u00c9ric ukr\u00fdval ve sv\u00e9m dom\u011b \u2013 a pro\u010d o tom nikdy nepromluvil se svou \u017eenou\",\"datePublished\":\"2025-07-11T11:03:44+00:00\",\"mainEntityOfPage\":{\"@id\":\"https:\\\/\\\/erevanblog.am\\\/?p=10778\"},\"wordCount\":316,\"commentCount\":0,\"image\":{\"@id\":\"https:\\\/\\\/erevanblog.am\\\/?p=10778#primaryimage\"},\"thumbnailUrl\":\"https:\\\/\\\/erevanblog.am\\\/wp-content\\\/uploads\\\/2025\\\/07\\\/66666666666666.jpg\",\"articleSection\":[\"NEWS\"],\"inLanguage\":\"en-US\",\"potentialAction\":[{\"@type\":\"CommentAction\",\"name\":\"Comment\",\"target\":[\"https:\\\/\\\/erevanblog.am\\\/?p=10778#respond\"]}]},{\"@type\":\"WebPage\",\"@id\":\"https:\\\/\\\/erevanblog.am\\\/?p=10778\",\"url\":\"https:\\\/\\\/erevanblog.am\\\/?p=10778\",\"name\":\"Tajemstv\u00ed za zav\u0159en\u00fdmi dve\u0159mi: Koho \u00c9ric ukr\u00fdval ve sv\u00e9m dom\u011b \u2013 a pro\u010d o tom nikdy nepromluvil se svou \u017eenou -\",\"isPartOf\":{\"@id\":\"https:\\\/\\\/erevanblog.am\\\/#website\"},\"primaryImageOfPage\":{\"@id\":\"https:\\\/\\\/erevanblog.am\\\/?p=10778#primaryimage\"},\"image\":{\"@id\":\"https:\\\/\\\/erevanblog.am\\\/?p=10778#primaryimage\"},\"thumbnailUrl\":\"https:\\\/\\\/erevanblog.am\\\/wp-content\\\/uploads\\\/2025\\\/07\\\/66666666666666.jpg\",\"datePublished\":\"2025-07-11T11:03:44+00:00\",\"author\":{\"@id\":\"https:\\\/\\\/erevanblog.am\\\/#\\\/schema\\\/person\\\/204f10311eb7ddb8914a5ab3e5f03928\"},\"breadcrumb\":{\"@id\":\"https:\\\/\\\/erevanblog.am\\\/?p=10778#breadcrumb\"},\"inLanguage\":\"en-US\",\"potentialAction\":[{\"@type\":\"ReadAction\",\"target\":[\"https:\\\/\\\/erevanblog.am\\\/?p=10778\"]}]},{\"@type\":\"ImageObject\",\"inLanguage\":\"en-US\",\"@id\":\"https:\\\/\\\/erevanblog.am\\\/?p=10778#primaryimage\",\"url\":\"https:\\\/\\\/erevanblog.am\\\/wp-content\\\/uploads\\\/2025\\\/07\\\/66666666666666.jpg\",\"contentUrl\":\"https:\\\/\\\/erevanblog.am\\\/wp-content\\\/uploads\\\/2025\\\/07\\\/66666666666666.jpg\",\"width\":706,\"height\":440},{\"@type\":\"BreadcrumbList\",\"@id\":\"https:\\\/\\\/erevanblog.am\\\/?p=10778#breadcrumb\",\"itemListElement\":[{\"@type\":\"ListItem\",\"position\":1,\"name\":\"Home\",\"item\":\"https:\\\/\\\/erevanblog.am\\\/\"},{\"@type\":\"ListItem\",\"position\":2,\"name\":\"Tajemstv\u00ed za zav\u0159en\u00fdmi dve\u0159mi: Koho \u00c9ric ukr\u00fdval ve sv\u00e9m dom\u011b \u2013 a pro\u010d o tom nikdy nepromluvil se svou \u017eenou\"}]},{\"@type\":\"WebSite\",\"@id\":\"https:\\\/\\\/erevanblog.am\\\/#website\",\"url\":\"https:\\\/\\\/erevanblog.am\\\/\",\"name\":\"\",\"description\":\"\",\"potentialAction\":[{\"@type\":\"SearchAction\",\"target\":{\"@type\":\"EntryPoint\",\"urlTemplate\":\"https:\\\/\\\/erevanblog.am\\\/?s={search_term_string}\"},\"query-input\":{\"@type\":\"PropertyValueSpecification\",\"valueRequired\":true,\"valueName\":\"search_term_string\"}}],\"inLanguage\":\"en-US\"},{\"@type\":\"Person\",\"@id\":\"https:\\\/\\\/erevanblog.am\\\/#\\\/schema\\\/person\\\/204f10311eb7ddb8914a5ab3e5f03928\",\"name\":\"erevanblog_a\",\"image\":{\"@type\":\"ImageObject\",\"inLanguage\":\"en-US\",\"@id\":\"https:\\\/\\\/secure.gravatar.com\\\/avatar\\\/a24f4ac3a683f3c87303db525abc00db51ea26ccedee11dfaf1cc0f9a481a5d2?s=96&d=mm&r=g\",\"url\":\"https:\\\/\\\/secure.gravatar.com\\\/avatar\\\/a24f4ac3a683f3c87303db525abc00db51ea26ccedee11dfaf1cc0f9a481a5d2?s=96&d=mm&r=g\",\"contentUrl\":\"https:\\\/\\\/secure.gravatar.com\\\/avatar\\\/a24f4ac3a683f3c87303db525abc00db51ea26ccedee11dfaf1cc0f9a481a5d2?s=96&d=mm&r=g\",\"caption\":\"erevanblog_a\"},\"sameAs\":[\"http:\\\/\\\/erevanblog.am\"],\"url\":\"https:\\\/\\\/erevanblog.am\\\/?author=1\"}]}<\/script>\n<!-- \/ Yoast SEO plugin. -->","yoast_head_json":{"title":"Tajemstv\u00ed za zav\u0159en\u00fdmi dve\u0159mi: Koho \u00c9ric ukr\u00fdval ve sv\u00e9m dom\u011b \u2013 a pro\u010d o tom nikdy nepromluvil se svou \u017eenou -","robots":{"index":"index","follow":"follow","max-snippet":"max-snippet:-1","max-image-preview":"max-image-preview:large","max-video-preview":"max-video-preview:-1"},"canonical":"https:\/\/erevanblog.am\/?p=10778","og_locale":"en_US","og_type":"article","og_title":"Tajemstv\u00ed za zav\u0159en\u00fdmi dve\u0159mi: Koho \u00c9ric ukr\u00fdval ve sv\u00e9m dom\u011b \u2013 a pro\u010d o tom nikdy nepromluvil se svou \u017eenou -","og_description":"Lucie \u017eila s \u00c9ricem celou dek\u00e1du. V\u011b\u0159ila, \u017ee ho zn\u00e1 skrz naskrz. Byl klidn\u00fd, organizovan\u00fd, p\u0159edv\u00eddateln\u00fd. Ka\u017ed\u00fd den se vracel dom\u016f ve stejnou hodinu, nezapom\u00ednal [...]","og_url":"https:\/\/erevanblog.am\/?p=10778","article_published_time":"2025-07-11T11:03:44+00:00","og_image":[{"width":706,"height":440,"url":"http:\/\/erevanblog.am\/wp-content\/uploads\/2025\/07\/66666666666666.jpg","type":"image\/jpeg"}],"author":"erevanblog_a","twitter_card":"summary_large_image","twitter_misc":{"Written by":"erevanblog_a","Est. reading time":"2 minutes"},"schema":{"@context":"https:\/\/schema.org","@graph":[{"@type":"Article","@id":"https:\/\/erevanblog.am\/?p=10778#article","isPartOf":{"@id":"https:\/\/erevanblog.am\/?p=10778"},"author":{"name":"erevanblog_a","@id":"https:\/\/erevanblog.am\/#\/schema\/person\/204f10311eb7ddb8914a5ab3e5f03928"},"headline":"Tajemstv\u00ed za zav\u0159en\u00fdmi dve\u0159mi: Koho \u00c9ric ukr\u00fdval ve sv\u00e9m dom\u011b \u2013 a pro\u010d o tom nikdy nepromluvil se svou \u017eenou","datePublished":"2025-07-11T11:03:44+00:00","mainEntityOfPage":{"@id":"https:\/\/erevanblog.am\/?p=10778"},"wordCount":316,"commentCount":0,"image":{"@id":"https:\/\/erevanblog.am\/?p=10778#primaryimage"},"thumbnailUrl":"https:\/\/erevanblog.am\/wp-content\/uploads\/2025\/07\/66666666666666.jpg","articleSection":["NEWS"],"inLanguage":"en-US","potentialAction":[{"@type":"CommentAction","name":"Comment","target":["https:\/\/erevanblog.am\/?p=10778#respond"]}]},{"@type":"WebPage","@id":"https:\/\/erevanblog.am\/?p=10778","url":"https:\/\/erevanblog.am\/?p=10778","name":"Tajemstv\u00ed za zav\u0159en\u00fdmi dve\u0159mi: Koho \u00c9ric ukr\u00fdval ve sv\u00e9m dom\u011b \u2013 a pro\u010d o tom nikdy nepromluvil se svou \u017eenou -","isPartOf":{"@id":"https:\/\/erevanblog.am\/#website"},"primaryImageOfPage":{"@id":"https:\/\/erevanblog.am\/?p=10778#primaryimage"},"image":{"@id":"https:\/\/erevanblog.am\/?p=10778#primaryimage"},"thumbnailUrl":"https:\/\/erevanblog.am\/wp-content\/uploads\/2025\/07\/66666666666666.jpg","datePublished":"2025-07-11T11:03:44+00:00","author":{"@id":"https:\/\/erevanblog.am\/#\/schema\/person\/204f10311eb7ddb8914a5ab3e5f03928"},"breadcrumb":{"@id":"https:\/\/erevanblog.am\/?p=10778#breadcrumb"},"inLanguage":"en-US","potentialAction":[{"@type":"ReadAction","target":["https:\/\/erevanblog.am\/?p=10778"]}]},{"@type":"ImageObject","inLanguage":"en-US","@id":"https:\/\/erevanblog.am\/?p=10778#primaryimage","url":"https:\/\/erevanblog.am\/wp-content\/uploads\/2025\/07\/66666666666666.jpg","contentUrl":"https:\/\/erevanblog.am\/wp-content\/uploads\/2025\/07\/66666666666666.jpg","width":706,"height":440},{"@type":"BreadcrumbList","@id":"https:\/\/erevanblog.am\/?p=10778#breadcrumb","itemListElement":[{"@type":"ListItem","position":1,"name":"Home","item":"https:\/\/erevanblog.am\/"},{"@type":"ListItem","position":2,"name":"Tajemstv\u00ed za zav\u0159en\u00fdmi dve\u0159mi: Koho \u00c9ric ukr\u00fdval ve sv\u00e9m dom\u011b \u2013 a pro\u010d o tom nikdy nepromluvil se svou \u017eenou"}]},{"@type":"WebSite","@id":"https:\/\/erevanblog.am\/#website","url":"https:\/\/erevanblog.am\/","name":"","description":"","potentialAction":[{"@type":"SearchAction","target":{"@type":"EntryPoint","urlTemplate":"https:\/\/erevanblog.am\/?s={search_term_string}"},"query-input":{"@type":"PropertyValueSpecification","valueRequired":true,"valueName":"search_term_string"}}],"inLanguage":"en-US"},{"@type":"Person","@id":"https:\/\/erevanblog.am\/#\/schema\/person\/204f10311eb7ddb8914a5ab3e5f03928","name":"erevanblog_a","image":{"@type":"ImageObject","inLanguage":"en-US","@id":"https:\/\/secure.gravatar.com\/avatar\/a24f4ac3a683f3c87303db525abc00db51ea26ccedee11dfaf1cc0f9a481a5d2?s=96&d=mm&r=g","url":"https:\/\/secure.gravatar.com\/avatar\/a24f4ac3a683f3c87303db525abc00db51ea26ccedee11dfaf1cc0f9a481a5d2?s=96&d=mm&r=g","contentUrl":"https:\/\/secure.gravatar.com\/avatar\/a24f4ac3a683f3c87303db525abc00db51ea26ccedee11dfaf1cc0f9a481a5d2?s=96&d=mm&r=g","caption":"erevanblog_a"},"sameAs":["http:\/\/erevanblog.am"],"url":"https:\/\/erevanblog.am\/?author=1"}]}},"views":376,"_links":{"self":[{"href":"https:\/\/erevanblog.am\/index.php?rest_route=\/wp\/v2\/posts\/10778","targetHints":{"allow":["GET"]}}],"collection":[{"href":"https:\/\/erevanblog.am\/index.php?rest_route=\/wp\/v2\/posts"}],"about":[{"href":"https:\/\/erevanblog.am\/index.php?rest_route=\/wp\/v2\/types\/post"}],"author":[{"embeddable":true,"href":"https:\/\/erevanblog.am\/index.php?rest_route=\/wp\/v2\/users\/1"}],"replies":[{"embeddable":true,"href":"https:\/\/erevanblog.am\/index.php?rest_route=%2Fwp%2Fv2%2Fcomments&post=10778"}],"version-history":[{"count":1,"href":"https:\/\/erevanblog.am\/index.php?rest_route=\/wp\/v2\/posts\/10778\/revisions"}],"predecessor-version":[{"id":10780,"href":"https:\/\/erevanblog.am\/index.php?rest_route=\/wp\/v2\/posts\/10778\/revisions\/10780"}],"wp:featuredmedia":[{"embeddable":true,"href":"https:\/\/erevanblog.am\/index.php?rest_route=\/wp\/v2\/media\/10779"}],"wp:attachment":[{"href":"https:\/\/erevanblog.am\/index.php?rest_route=%2Fwp%2Fv2%2Fmedia&parent=10778"}],"wp:term":[{"taxonomy":"category","embeddable":true,"href":"https:\/\/erevanblog.am\/index.php?rest_route=%2Fwp%2Fv2%2Fcategories&post=10778"},{"taxonomy":"post_tag","embeddable":true,"href":"https:\/\/erevanblog.am\/index.php?rest_route=%2Fwp%2Fv2%2Ftags&post=10778"}],"curies":[{"name":"wp","href":"https:\/\/api.w.org\/{rel}","templated":true}]}}