{"id":10784,"date":"2025-07-11T18:15:53","date_gmt":"2025-07-11T17:15:53","guid":{"rendered":"https:\/\/erevanblog.am\/?p=10784"},"modified":"2025-07-11T18:15:53","modified_gmt":"2025-07-11T17:15:53","slug":"proklety-den-svatba-ktera-mela-byt-vyvrcholenim-lasky-se-promenila-v-nocni-muru","status":"publish","type":"post","link":"https:\/\/erevanblog.am\/?p=10784","title":{"rendered":"Proklet\u00fd den: Svatba, kter\u00e1 m\u011bla b\u00fdt vyvrcholen\u00edm l\u00e1sky, se prom\u011bnila v no\u010dn\u00ed m\u016fru"},"content":{"rendered":"\n<p>Alena a Roman byli nerozlu\u010dn\u00ed p\u0159es dvacet let. Jejich vztah p\u0159e\u017eil vzd\u00e1lenosti, t\u011b\u017ek\u00e1 obdob\u00ed i jednu nev\u011bru, kter\u00e1 t\u00e9m\u011b\u0159 upadla v zapomn\u011bn\u00ed. Svatbu si vysnili u\u017e d\u00e1vno, ale nikdy nep\u0159i\u0161el ten prav\u00fd moment. A\u017e kdy\u017e ob\u011bma bylo p\u0159es \u010dty\u0159icet, rozhodli se, \u017ee u\u017e nen\u00ed na co \u010dekat.<\/p>\n\n\n\n<figure class=\"wp-block-image size-full\"><img loading=\"lazy\" decoding=\"async\" width=\"1024\" height=\"997\" src=\"https:\/\/erevanblog.am\/wp-content\/uploads\/2025\/07\/111111111.jpg\" alt=\"\" class=\"wp-image-10785\" srcset=\"https:\/\/erevanblog.am\/wp-content\/uploads\/2025\/07\/111111111.jpg 1024w, https:\/\/erevanblog.am\/wp-content\/uploads\/2025\/07\/111111111-300x292.jpg 300w, https:\/\/erevanblog.am\/wp-content\/uploads\/2025\/07\/111111111-768x748.jpg 768w\" sizes=\"auto, (max-width: 1024px) 100vw, 1024px\" \/><\/figure>\n\n\n\n<p>\u201eChci, aby to bylo v\u00fdjime\u010dn\u00e9,\u201c pronesla Alena. Proto si vybrali romantick\u00fd z\u00e1me\u010dek v Jesen\u00edk\u00e1ch \u2014 klidn\u00e9 m\u00edsto obklopen\u00e9 lesy, ov\u0161em s temnou minulost\u00ed, o kter\u00e9 se ve vesnici \u0161eptalo jen potichu.<\/p>\n\n\n\n<p>Zvl\u00e1\u0161tnosti se za\u010daly d\u00edt hned po p\u0159\u00edjezdu. Auto sv\u011bdkyn\u011b z\u00e1hadn\u011b vypov\u011bd\u011blo slu\u017ebu t\u011bsn\u011b p\u0159ed c\u00edlem. Fotograf si nedopat\u0159en\u00edm vymazal v\u0161echny fotky. A kucha\u0159 skon\u010dil v tmav\u00e9m sklep\u011b, z n\u011bj\u017e vystra\u0161en\u011b tvrdil, \u017ee ho n\u011bkdo str\u010dil \u2014 i kdy\u017e byl podle v\u0161eho s\u00e1m.<\/p>\n\n\n\n<p>Alena, zvykl\u00e1 br\u00e1t v\u011bci s nadhledem, p\u0159ipisovala v\u0161e nervozit\u011b. Jen\u017ee pak p\u0159i\u0161el samotn\u00fd ob\u0159ad \u2014 a s n\u00edm cosi nevysv\u011btliteln\u00e9ho.<\/p>\n\n\n\n<p>Ve chv\u00edli, kdy m\u011bl \u017eenich vyslovit sv\u00e9 \u201eano\u201c, zhasla v\u0161echna sv\u011btla. V s\u00e1le se rozhostilo ticho. A pak \u2014 z vedlej\u0161\u00ed m\u00edstnosti zazn\u011bl d\u011btsk\u00fd sm\u00edch. V budov\u011b p\u0159itom \u017e\u00e1dn\u00e9 d\u011bti nebyly.<\/p>\n\n\n\n<p>Atmosf\u00e9ra ztuhla. Kn\u011bz ztratil nit. A Roman zbledl tak, \u017ee to ne\u0161lo p\u0159ehl\u00e9dnout.<\/p>\n\n\n\n<p>Nikdo tehdy nic ne\u0159ekl. Ale v noci se Alena probudila a spat\u0159ila siluetu \u017eeny v b\u00edl\u00e9m u okna jejich pokoje. Kdy\u017e k n\u00ed b\u011b\u017eela, postava zmizela. R\u00e1no byl na parapetu vlhk\u00fd otisk bos\u00e9 nohy. Okno p\u0159itom bylo zam\u010den\u00e9. A venku lilo.<\/p>\n\n\n\n<p>Od t\u00e9 chv\u00edle \u0161lo v\u0161e z kopce.<\/p>\n\n\n\n<p>Roman mluvil ze span\u00ed nezn\u00e1m\u00fdm jazykem. Alenu su\u017eoval opakuj\u00edc\u00ed se sen o \u017een\u011b, kter\u00e1 j\u00ed \u0161eptala: \u201eTen den byl m\u016fj\u2026\u201c<br>Zrcadla praskala, technika p\u0159est\u00e1vala fungovat, a na svatebn\u00edch fotografi\u00edch v\u0161ech host\u016f se objevovala stejn\u00e1 postava \u2014 \u017eena v dlouh\u00fdch \u0161atech, n\u011bkde v pozad\u00ed.<\/p>\n\n\n\n<p>A\u017e pozd\u011bji se dozv\u011bd\u011bli pravdu: na tom sam\u00e9m m\u00edst\u011b m\u011bla kdysi prob\u011bhnout svatba. Nev\u011bsta v\u0161ak z\u00e1hadn\u011b zmizela ve\u010der p\u0159ed ob\u0159adem. Jej\u00ed t\u011blo se nikdy nena\u0161lo.<\/p>\n\n\n\n<p>Od t\u00e9 doby&#8230; tam pr\u00fd \u017e\u00e1dn\u00e1 svatba neskon\u010dila \u0161\u0165astn\u011b.<\/p>\n","protected":false},"excerpt":{"rendered":"<div class=\"mh-excerpt\"><p>Alena a Roman byli nerozlu\u010dn\u00ed p\u0159es dvacet let. Jejich vztah p\u0159e\u017eil vzd\u00e1lenosti, t\u011b\u017ek\u00e1 obdob\u00ed i jednu nev\u011bru, kter\u00e1 t\u00e9m\u011b\u0159 upadla v zapomn\u011bn\u00ed. Svatbu si vysnili <a class=\"mh-excerpt-more\" href=\"https:\/\/erevanblog.am\/?p=10784\" title=\"Proklet\u00fd den: Svatba, kter\u00e1 m\u011bla b\u00fdt vyvrcholen\u00edm l\u00e1sky, se prom\u011bnila v no\u010dn\u00ed m\u016fru\">[&#8230;]<\/a><\/p>\n<\/div>","protected":false},"author":1,"featured_media":10785,"comment_status":"open","ping_status":"open","sticky":false,"template":"","format":"standard","meta":{"footnotes":""},"categories":[1],"tags":[],"class_list":["post-10784","post","type-post","status-publish","format-standard","has-post-thumbnail","hentry","category-uncategorised"],"yoast_head":"<!-- This site is optimized with the Yoast SEO plugin v27.5 - https:\/\/yoast.com\/product\/yoast-seo-wordpress\/ -->\n<title>Proklet\u00fd den: Svatba, kter\u00e1 m\u011bla b\u00fdt vyvrcholen\u00edm l\u00e1sky, se prom\u011bnila v no\u010dn\u00ed m\u016fru -<\/title>\n<meta name=\"robots\" content=\"index, follow, max-snippet:-1, max-image-preview:large, max-video-preview:-1\" \/>\n<link rel=\"canonical\" href=\"https:\/\/erevanblog.am\/?p=10784\" \/>\n<meta property=\"og:locale\" content=\"en_US\" \/>\n<meta property=\"og:type\" content=\"article\" \/>\n<meta property=\"og:title\" content=\"Proklet\u00fd den: Svatba, kter\u00e1 m\u011bla b\u00fdt vyvrcholen\u00edm l\u00e1sky, se prom\u011bnila v no\u010dn\u00ed m\u016fru -\" \/>\n<meta property=\"og:description\" content=\"Alena a Roman byli nerozlu\u010dn\u00ed p\u0159es dvacet let. Jejich vztah p\u0159e\u017eil vzd\u00e1lenosti, t\u011b\u017ek\u00e1 obdob\u00ed i jednu nev\u011bru, kter\u00e1 t\u00e9m\u011b\u0159 upadla v zapomn\u011bn\u00ed. Svatbu si vysnili [...]\" \/>\n<meta property=\"og:url\" content=\"https:\/\/erevanblog.am\/?p=10784\" \/>\n<meta property=\"article:published_time\" content=\"2025-07-11T17:15:53+00:00\" \/>\n<meta property=\"og:image\" content=\"http:\/\/erevanblog.am\/wp-content\/uploads\/2025\/07\/111111111.jpg\" \/>\n\t<meta property=\"og:image:width\" content=\"1024\" \/>\n\t<meta property=\"og:image:height\" content=\"997\" \/>\n\t<meta property=\"og:image:type\" content=\"image\/jpeg\" \/>\n<meta name=\"author\" content=\"erevanblog_a\" \/>\n<meta name=\"twitter:card\" content=\"summary_large_image\" \/>\n<meta name=\"twitter:label1\" content=\"Written by\" \/>\n\t<meta name=\"twitter:data1\" content=\"erevanblog_a\" \/>\n\t<meta name=\"twitter:label2\" content=\"Est. reading time\" \/>\n\t<meta name=\"twitter:data2\" content=\"2 minutes\" \/>\n<script type=\"application\/ld+json\" class=\"yoast-schema-graph\">{\"@context\":\"https:\\\/\\\/schema.org\",\"@graph\":[{\"@type\":\"Article\",\"@id\":\"https:\\\/\\\/erevanblog.am\\\/?p=10784#article\",\"isPartOf\":{\"@id\":\"https:\\\/\\\/erevanblog.am\\\/?p=10784\"},\"author\":{\"name\":\"erevanblog_a\",\"@id\":\"https:\\\/\\\/erevanblog.am\\\/#\\\/schema\\\/person\\\/204f10311eb7ddb8914a5ab3e5f03928\"},\"headline\":\"Proklet\u00fd den: Svatba, kter\u00e1 m\u011bla b\u00fdt vyvrcholen\u00edm l\u00e1sky, se prom\u011bnila v no\u010dn\u00ed m\u016fru\",\"datePublished\":\"2025-07-11T17:15:53+00:00\",\"mainEntityOfPage\":{\"@id\":\"https:\\\/\\\/erevanblog.am\\\/?p=10784\"},\"wordCount\":435,\"commentCount\":0,\"image\":{\"@id\":\"https:\\\/\\\/erevanblog.am\\\/?p=10784#primaryimage\"},\"thumbnailUrl\":\"https:\\\/\\\/erevanblog.am\\\/wp-content\\\/uploads\\\/2025\\\/07\\\/111111111.jpg\",\"articleSection\":[\"NEWS\"],\"inLanguage\":\"en-US\",\"potentialAction\":[{\"@type\":\"CommentAction\",\"name\":\"Comment\",\"target\":[\"https:\\\/\\\/erevanblog.am\\\/?p=10784#respond\"]}]},{\"@type\":\"WebPage\",\"@id\":\"https:\\\/\\\/erevanblog.am\\\/?p=10784\",\"url\":\"https:\\\/\\\/erevanblog.am\\\/?p=10784\",\"name\":\"Proklet\u00fd den: Svatba, kter\u00e1 m\u011bla b\u00fdt vyvrcholen\u00edm l\u00e1sky, se prom\u011bnila v no\u010dn\u00ed m\u016fru -\",\"isPartOf\":{\"@id\":\"https:\\\/\\\/erevanblog.am\\\/#website\"},\"primaryImageOfPage\":{\"@id\":\"https:\\\/\\\/erevanblog.am\\\/?p=10784#primaryimage\"},\"image\":{\"@id\":\"https:\\\/\\\/erevanblog.am\\\/?p=10784#primaryimage\"},\"thumbnailUrl\":\"https:\\\/\\\/erevanblog.am\\\/wp-content\\\/uploads\\\/2025\\\/07\\\/111111111.jpg\",\"datePublished\":\"2025-07-11T17:15:53+00:00\",\"author\":{\"@id\":\"https:\\\/\\\/erevanblog.am\\\/#\\\/schema\\\/person\\\/204f10311eb7ddb8914a5ab3e5f03928\"},\"breadcrumb\":{\"@id\":\"https:\\\/\\\/erevanblog.am\\\/?p=10784#breadcrumb\"},\"inLanguage\":\"en-US\",\"potentialAction\":[{\"@type\":\"ReadAction\",\"target\":[\"https:\\\/\\\/erevanblog.am\\\/?p=10784\"]}]},{\"@type\":\"ImageObject\",\"inLanguage\":\"en-US\",\"@id\":\"https:\\\/\\\/erevanblog.am\\\/?p=10784#primaryimage\",\"url\":\"https:\\\/\\\/erevanblog.am\\\/wp-content\\\/uploads\\\/2025\\\/07\\\/111111111.jpg\",\"contentUrl\":\"https:\\\/\\\/erevanblog.am\\\/wp-content\\\/uploads\\\/2025\\\/07\\\/111111111.jpg\",\"width\":1024,\"height\":997},{\"@type\":\"BreadcrumbList\",\"@id\":\"https:\\\/\\\/erevanblog.am\\\/?p=10784#breadcrumb\",\"itemListElement\":[{\"@type\":\"ListItem\",\"position\":1,\"name\":\"Home\",\"item\":\"https:\\\/\\\/erevanblog.am\\\/\"},{\"@type\":\"ListItem\",\"position\":2,\"name\":\"Proklet\u00fd den: Svatba, kter\u00e1 m\u011bla b\u00fdt vyvrcholen\u00edm l\u00e1sky, se prom\u011bnila v no\u010dn\u00ed m\u016fru\"}]},{\"@type\":\"WebSite\",\"@id\":\"https:\\\/\\\/erevanblog.am\\\/#website\",\"url\":\"https:\\\/\\\/erevanblog.am\\\/\",\"name\":\"\",\"description\":\"\",\"potentialAction\":[{\"@type\":\"SearchAction\",\"target\":{\"@type\":\"EntryPoint\",\"urlTemplate\":\"https:\\\/\\\/erevanblog.am\\\/?s={search_term_string}\"},\"query-input\":{\"@type\":\"PropertyValueSpecification\",\"valueRequired\":true,\"valueName\":\"search_term_string\"}}],\"inLanguage\":\"en-US\"},{\"@type\":\"Person\",\"@id\":\"https:\\\/\\\/erevanblog.am\\\/#\\\/schema\\\/person\\\/204f10311eb7ddb8914a5ab3e5f03928\",\"name\":\"erevanblog_a\",\"image\":{\"@type\":\"ImageObject\",\"inLanguage\":\"en-US\",\"@id\":\"https:\\\/\\\/secure.gravatar.com\\\/avatar\\\/a24f4ac3a683f3c87303db525abc00db51ea26ccedee11dfaf1cc0f9a481a5d2?s=96&d=mm&r=g\",\"url\":\"https:\\\/\\\/secure.gravatar.com\\\/avatar\\\/a24f4ac3a683f3c87303db525abc00db51ea26ccedee11dfaf1cc0f9a481a5d2?s=96&d=mm&r=g\",\"contentUrl\":\"https:\\\/\\\/secure.gravatar.com\\\/avatar\\\/a24f4ac3a683f3c87303db525abc00db51ea26ccedee11dfaf1cc0f9a481a5d2?s=96&d=mm&r=g\",\"caption\":\"erevanblog_a\"},\"sameAs\":[\"http:\\\/\\\/erevanblog.am\"],\"url\":\"https:\\\/\\\/erevanblog.am\\\/?author=1\"}]}<\/script>\n<!-- \/ Yoast SEO plugin. -->","yoast_head_json":{"title":"Proklet\u00fd den: Svatba, kter\u00e1 m\u011bla b\u00fdt vyvrcholen\u00edm l\u00e1sky, se prom\u011bnila v no\u010dn\u00ed m\u016fru -","robots":{"index":"index","follow":"follow","max-snippet":"max-snippet:-1","max-image-preview":"max-image-preview:large","max-video-preview":"max-video-preview:-1"},"canonical":"https:\/\/erevanblog.am\/?p=10784","og_locale":"en_US","og_type":"article","og_title":"Proklet\u00fd den: Svatba, kter\u00e1 m\u011bla b\u00fdt vyvrcholen\u00edm l\u00e1sky, se prom\u011bnila v no\u010dn\u00ed m\u016fru -","og_description":"Alena a Roman byli nerozlu\u010dn\u00ed p\u0159es dvacet let. Jejich vztah p\u0159e\u017eil vzd\u00e1lenosti, t\u011b\u017ek\u00e1 obdob\u00ed i jednu nev\u011bru, kter\u00e1 t\u00e9m\u011b\u0159 upadla v zapomn\u011bn\u00ed. Svatbu si vysnili [...]","og_url":"https:\/\/erevanblog.am\/?p=10784","article_published_time":"2025-07-11T17:15:53+00:00","og_image":[{"width":1024,"height":997,"url":"http:\/\/erevanblog.am\/wp-content\/uploads\/2025\/07\/111111111.jpg","type":"image\/jpeg"}],"author":"erevanblog_a","twitter_card":"summary_large_image","twitter_misc":{"Written by":"erevanblog_a","Est. reading time":"2 minutes"},"schema":{"@context":"https:\/\/schema.org","@graph":[{"@type":"Article","@id":"https:\/\/erevanblog.am\/?p=10784#article","isPartOf":{"@id":"https:\/\/erevanblog.am\/?p=10784"},"author":{"name":"erevanblog_a","@id":"https:\/\/erevanblog.am\/#\/schema\/person\/204f10311eb7ddb8914a5ab3e5f03928"},"headline":"Proklet\u00fd den: Svatba, kter\u00e1 m\u011bla b\u00fdt vyvrcholen\u00edm l\u00e1sky, se prom\u011bnila v no\u010dn\u00ed m\u016fru","datePublished":"2025-07-11T17:15:53+00:00","mainEntityOfPage":{"@id":"https:\/\/erevanblog.am\/?p=10784"},"wordCount":435,"commentCount":0,"image":{"@id":"https:\/\/erevanblog.am\/?p=10784#primaryimage"},"thumbnailUrl":"https:\/\/erevanblog.am\/wp-content\/uploads\/2025\/07\/111111111.jpg","articleSection":["NEWS"],"inLanguage":"en-US","potentialAction":[{"@type":"CommentAction","name":"Comment","target":["https:\/\/erevanblog.am\/?p=10784#respond"]}]},{"@type":"WebPage","@id":"https:\/\/erevanblog.am\/?p=10784","url":"https:\/\/erevanblog.am\/?p=10784","name":"Proklet\u00fd den: Svatba, kter\u00e1 m\u011bla b\u00fdt vyvrcholen\u00edm l\u00e1sky, se prom\u011bnila v no\u010dn\u00ed m\u016fru -","isPartOf":{"@id":"https:\/\/erevanblog.am\/#website"},"primaryImageOfPage":{"@id":"https:\/\/erevanblog.am\/?p=10784#primaryimage"},"image":{"@id":"https:\/\/erevanblog.am\/?p=10784#primaryimage"},"thumbnailUrl":"https:\/\/erevanblog.am\/wp-content\/uploads\/2025\/07\/111111111.jpg","datePublished":"2025-07-11T17:15:53+00:00","author":{"@id":"https:\/\/erevanblog.am\/#\/schema\/person\/204f10311eb7ddb8914a5ab3e5f03928"},"breadcrumb":{"@id":"https:\/\/erevanblog.am\/?p=10784#breadcrumb"},"inLanguage":"en-US","potentialAction":[{"@type":"ReadAction","target":["https:\/\/erevanblog.am\/?p=10784"]}]},{"@type":"ImageObject","inLanguage":"en-US","@id":"https:\/\/erevanblog.am\/?p=10784#primaryimage","url":"https:\/\/erevanblog.am\/wp-content\/uploads\/2025\/07\/111111111.jpg","contentUrl":"https:\/\/erevanblog.am\/wp-content\/uploads\/2025\/07\/111111111.jpg","width":1024,"height":997},{"@type":"BreadcrumbList","@id":"https:\/\/erevanblog.am\/?p=10784#breadcrumb","itemListElement":[{"@type":"ListItem","position":1,"name":"Home","item":"https:\/\/erevanblog.am\/"},{"@type":"ListItem","position":2,"name":"Proklet\u00fd den: Svatba, kter\u00e1 m\u011bla b\u00fdt vyvrcholen\u00edm l\u00e1sky, se prom\u011bnila v no\u010dn\u00ed m\u016fru"}]},{"@type":"WebSite","@id":"https:\/\/erevanblog.am\/#website","url":"https:\/\/erevanblog.am\/","name":"","description":"","potentialAction":[{"@type":"SearchAction","target":{"@type":"EntryPoint","urlTemplate":"https:\/\/erevanblog.am\/?s={search_term_string}"},"query-input":{"@type":"PropertyValueSpecification","valueRequired":true,"valueName":"search_term_string"}}],"inLanguage":"en-US"},{"@type":"Person","@id":"https:\/\/erevanblog.am\/#\/schema\/person\/204f10311eb7ddb8914a5ab3e5f03928","name":"erevanblog_a","image":{"@type":"ImageObject","inLanguage":"en-US","@id":"https:\/\/secure.gravatar.com\/avatar\/a24f4ac3a683f3c87303db525abc00db51ea26ccedee11dfaf1cc0f9a481a5d2?s=96&d=mm&r=g","url":"https:\/\/secure.gravatar.com\/avatar\/a24f4ac3a683f3c87303db525abc00db51ea26ccedee11dfaf1cc0f9a481a5d2?s=96&d=mm&r=g","contentUrl":"https:\/\/secure.gravatar.com\/avatar\/a24f4ac3a683f3c87303db525abc00db51ea26ccedee11dfaf1cc0f9a481a5d2?s=96&d=mm&r=g","caption":"erevanblog_a"},"sameAs":["http:\/\/erevanblog.am"],"url":"https:\/\/erevanblog.am\/?author=1"}]}},"views":301,"_links":{"self":[{"href":"https:\/\/erevanblog.am\/index.php?rest_route=\/wp\/v2\/posts\/10784","targetHints":{"allow":["GET"]}}],"collection":[{"href":"https:\/\/erevanblog.am\/index.php?rest_route=\/wp\/v2\/posts"}],"about":[{"href":"https:\/\/erevanblog.am\/index.php?rest_route=\/wp\/v2\/types\/post"}],"author":[{"embeddable":true,"href":"https:\/\/erevanblog.am\/index.php?rest_route=\/wp\/v2\/users\/1"}],"replies":[{"embeddable":true,"href":"https:\/\/erevanblog.am\/index.php?rest_route=%2Fwp%2Fv2%2Fcomments&post=10784"}],"version-history":[{"count":1,"href":"https:\/\/erevanblog.am\/index.php?rest_route=\/wp\/v2\/posts\/10784\/revisions"}],"predecessor-version":[{"id":10786,"href":"https:\/\/erevanblog.am\/index.php?rest_route=\/wp\/v2\/posts\/10784\/revisions\/10786"}],"wp:featuredmedia":[{"embeddable":true,"href":"https:\/\/erevanblog.am\/index.php?rest_route=\/wp\/v2\/media\/10785"}],"wp:attachment":[{"href":"https:\/\/erevanblog.am\/index.php?rest_route=%2Fwp%2Fv2%2Fmedia&parent=10784"}],"wp:term":[{"taxonomy":"category","embeddable":true,"href":"https:\/\/erevanblog.am\/index.php?rest_route=%2Fwp%2Fv2%2Fcategories&post=10784"},{"taxonomy":"post_tag","embeddable":true,"href":"https:\/\/erevanblog.am\/index.php?rest_route=%2Fwp%2Fv2%2Ftags&post=10784"}],"curies":[{"name":"wp","href":"https:\/\/api.w.org\/{rel}","templated":true}]}}