{"id":10787,"date":"2025-07-11T21:10:01","date_gmt":"2025-07-11T20:10:01","guid":{"rendered":"https:\/\/erevanblog.am\/?p=10787"},"modified":"2025-07-11T21:10:03","modified_gmt":"2025-07-11T20:10:03","slug":"kazde-rano-nechavala-bezdomovci-jidlo-to-co-udelal-v-den-jeji-svatby-dojalo-vsechny-k-slzam","status":"publish","type":"post","link":"https:\/\/erevanblog.am\/?p=10787","title":{"rendered":"Ka\u017ed\u00e9 r\u00e1no nech\u00e1vala bezdomovci j\u00eddlo. To, co ud\u011blal v den jej\u00ed svatby, dojalo v\u0161echny k slz\u00e1m\u2026"},"content":{"rendered":"\n<p>Krist\u00fdna m\u011bla svou ka\u017edodenn\u00ed rutinu. Ka\u017ed\u00e9 r\u00e1no m\u00ed\u0159ila do pr\u00e1ce stejnou cestou. Na rohu, p\u0159ed star\u00fdm knihkupectv\u00edm, sed\u00e1val star\u0161\u00ed mu\u017e. Byl tich\u00fd, nen\u00e1padn\u00fd, jako by tam prost\u011b pat\u0159il \u2014 a z\u00e1rove\u0148 byl neviditeln\u00fd pro v\u011bt\u0161inu lid\u00ed. Nikdy ne\u017e\u00e1dal o pen\u00edze, neoslovoval kolemjdouc\u00ed. Jen tam byl.<\/p>\n\n\n\n<figure class=\"wp-block-image size-full\"><img loading=\"lazy\" decoding=\"async\" width=\"911\" height=\"1024\" src=\"https:\/\/erevanblog.am\/wp-content\/uploads\/2025\/07\/3333333333.jpg\" alt=\"\" class=\"wp-image-10788\" srcset=\"https:\/\/erevanblog.am\/wp-content\/uploads\/2025\/07\/3333333333.jpg 911w, https:\/\/erevanblog.am\/wp-content\/uploads\/2025\/07\/3333333333-267x300.jpg 267w, https:\/\/erevanblog.am\/wp-content\/uploads\/2025\/07\/3333333333-768x863.jpg 768w\" sizes=\"auto, (max-width: 911px) 100vw, 911px\" \/><\/figure>\n\n\n\n<p>Krist\u00fdna si ho ale v\u0161\u00edmala. A m\u00edsto l\u00edtosti mu ka\u017ed\u00e9 r\u00e1no zanech\u00e1vala sn\u00eddani. Bez slov, bez \u0159e\u010d\u00ed, jen s p\u0159\u00edv\u011btiv\u00fdm \u00fasm\u011bvem.<\/p>\n\n\n\n<p>Ub\u011bhly roky. Krist\u00fdna se zasnoubila a s p\u0159\u00edtelem pl\u00e1novala svatbu sn\u016f \u2014 v rozkvetl\u00e9 zahrad\u011b za m\u011bstem. V\u0161e bylo p\u0159ipraveno do posledn\u00edho detailu. Host\u00e9 usedali, hudba ladila posledn\u00ed t\u00f3ny, a v\u0161ichni netrp\u011bliv\u011b vyhl\u00ed\u017eeli nev\u011bstu.<\/p>\n\n\n\n<p>A pr\u00e1v\u011b tehdy se objevil on.<\/p>\n\n\n\n<p>Ten mu\u017e z ulice. Nebyl v obleku, ale byl upraven\u00fd, \u010dist\u00fd, a v rukou dr\u017eel mal\u00fd bal\u00ed\u010dek. Pomal\u00fdm krokem do\u0161el a\u017e k \u017eenichovi a ti\u0161e ho po\u017e\u00e1dal o chv\u00edli u mikrofonu.<\/p>\n\n\n\n<p>Lid\u00e9 byli zmaten\u00ed, \u0161u\u0161kali si. Ale Krist\u00fdna ho okam\u017eit\u011b poznala \u2014 a souhlasn\u011b p\u0159ik\u00fdvla.<\/p>\n\n\n\n<p>Mu\u017e se postavil p\u0159ed p\u0159\u00edtomn\u00e9 a \u0159ekl:<\/p>\n\n\n\n<p>\u201eJmenuji se Pavel. Dlouh\u00e1 l\u00e9ta jsem nem\u011bl nic. Ani domov, ani d\u016fvod vst\u00e1vat. A\u017e na ni. Ka\u017ed\u00e9 r\u00e1no se zastavila a bez jedin\u00e9ho slova mi p\u0159inesla sn\u00eddani. Neptala se, nesoudila. Jen se usm\u00e1la. A ten \u00fasm\u011bv&#8230; ten m\u011b dr\u017eel nad vodou. Uk\u00e1zala mi, \u017ee i ve sv\u011bt\u011b, kter\u00fd m\u011b p\u0159ehl\u00ed\u017eel, je\u0161t\u011b \u017eije lidskost.\u201c<\/p>\n\n\n\n<p>Pak p\u0159istoupil ke Krist\u00fdn\u011b a podal j\u00ed malou d\u0159ev\u011bnou krabi\u010dku. Uvnit\u0159 byl ru\u010dn\u011b vy\u0159ezan\u00fd and\u011bl, s jej\u00edm jm\u00e9nem na k\u0159\u00eddlech.<\/p>\n\n\n\n<p>V\u0161ichni ztichli. Emoce zaplnily zahradu. A pak \u2014 potlesk, slzy, dojet\u00ed. A Krist\u00fdnin \u00fasm\u011bv, kter\u00fd \u0159ekl v\u0161e, co slova nedok\u00e1zala.<\/p>\n","protected":false},"excerpt":{"rendered":"<div class=\"mh-excerpt\"><p>Krist\u00fdna m\u011bla svou ka\u017edodenn\u00ed rutinu. Ka\u017ed\u00e9 r\u00e1no m\u00ed\u0159ila do pr\u00e1ce stejnou cestou. Na rohu, p\u0159ed star\u00fdm knihkupectv\u00edm, sed\u00e1val star\u0161\u00ed mu\u017e. Byl tich\u00fd, nen\u00e1padn\u00fd, jako by <a class=\"mh-excerpt-more\" href=\"https:\/\/erevanblog.am\/?p=10787\" title=\"Ka\u017ed\u00e9 r\u00e1no nech\u00e1vala bezdomovci j\u00eddlo. To, co ud\u011blal v den jej\u00ed svatby, dojalo v\u0161echny k slz\u00e1m\u2026\">[&#8230;]<\/a><\/p>\n<\/div>","protected":false},"author":1,"featured_media":10788,"comment_status":"open","ping_status":"open","sticky":false,"template":"","format":"standard","meta":{"footnotes":""},"categories":[1],"tags":[],"class_list":["post-10787","post","type-post","status-publish","format-standard","has-post-thumbnail","hentry","category-uncategorised"],"yoast_head":"<!-- This site is optimized with the Yoast SEO plugin v27.5 - https:\/\/yoast.com\/product\/yoast-seo-wordpress\/ -->\n<title>Ka\u017ed\u00e9 r\u00e1no nech\u00e1vala bezdomovci j\u00eddlo. To, co ud\u011blal v den jej\u00ed svatby, dojalo v\u0161echny k slz\u00e1m\u2026 -<\/title>\n<meta name=\"robots\" content=\"index, follow, max-snippet:-1, max-image-preview:large, max-video-preview:-1\" \/>\n<link rel=\"canonical\" href=\"https:\/\/erevanblog.am\/?p=10787\" \/>\n<meta property=\"og:locale\" content=\"en_US\" \/>\n<meta property=\"og:type\" content=\"article\" \/>\n<meta property=\"og:title\" content=\"Ka\u017ed\u00e9 r\u00e1no nech\u00e1vala bezdomovci j\u00eddlo. To, co ud\u011blal v den jej\u00ed svatby, dojalo v\u0161echny k slz\u00e1m\u2026 -\" \/>\n<meta property=\"og:description\" content=\"Krist\u00fdna m\u011bla svou ka\u017edodenn\u00ed rutinu. Ka\u017ed\u00e9 r\u00e1no m\u00ed\u0159ila do pr\u00e1ce stejnou cestou. Na rohu, p\u0159ed star\u00fdm knihkupectv\u00edm, sed\u00e1val star\u0161\u00ed mu\u017e. Byl tich\u00fd, nen\u00e1padn\u00fd, jako by [...]\" \/>\n<meta property=\"og:url\" content=\"https:\/\/erevanblog.am\/?p=10787\" \/>\n<meta property=\"article:published_time\" content=\"2025-07-11T20:10:01+00:00\" \/>\n<meta property=\"article:modified_time\" content=\"2025-07-11T20:10:03+00:00\" \/>\n<meta property=\"og:image\" content=\"http:\/\/erevanblog.am\/wp-content\/uploads\/2025\/07\/3333333333.jpg\" \/>\n\t<meta property=\"og:image:width\" content=\"911\" \/>\n\t<meta property=\"og:image:height\" content=\"1024\" \/>\n\t<meta property=\"og:image:type\" content=\"image\/jpeg\" \/>\n<meta name=\"author\" content=\"erevanblog_a\" \/>\n<meta name=\"twitter:card\" content=\"summary_large_image\" \/>\n<meta name=\"twitter:label1\" content=\"Written by\" \/>\n\t<meta name=\"twitter:data1\" content=\"erevanblog_a\" \/>\n\t<meta name=\"twitter:label2\" content=\"Est. reading time\" \/>\n\t<meta name=\"twitter:data2\" content=\"2 minutes\" \/>\n<script type=\"application\/ld+json\" class=\"yoast-schema-graph\">{\"@context\":\"https:\\\/\\\/schema.org\",\"@graph\":[{\"@type\":\"Article\",\"@id\":\"https:\\\/\\\/erevanblog.am\\\/?p=10787#article\",\"isPartOf\":{\"@id\":\"https:\\\/\\\/erevanblog.am\\\/?p=10787\"},\"author\":{\"name\":\"erevanblog_a\",\"@id\":\"https:\\\/\\\/erevanblog.am\\\/#\\\/schema\\\/person\\\/204f10311eb7ddb8914a5ab3e5f03928\"},\"headline\":\"Ka\u017ed\u00e9 r\u00e1no nech\u00e1vala bezdomovci j\u00eddlo. To, co ud\u011blal v den jej\u00ed svatby, dojalo v\u0161echny k slz\u00e1m\u2026\",\"datePublished\":\"2025-07-11T20:10:01+00:00\",\"dateModified\":\"2025-07-11T20:10:03+00:00\",\"mainEntityOfPage\":{\"@id\":\"https:\\\/\\\/erevanblog.am\\\/?p=10787\"},\"wordCount\":361,\"commentCount\":0,\"image\":{\"@id\":\"https:\\\/\\\/erevanblog.am\\\/?p=10787#primaryimage\"},\"thumbnailUrl\":\"https:\\\/\\\/erevanblog.am\\\/wp-content\\\/uploads\\\/2025\\\/07\\\/3333333333.jpg\",\"articleSection\":[\"NEWS\"],\"inLanguage\":\"en-US\",\"potentialAction\":[{\"@type\":\"CommentAction\",\"name\":\"Comment\",\"target\":[\"https:\\\/\\\/erevanblog.am\\\/?p=10787#respond\"]}]},{\"@type\":\"WebPage\",\"@id\":\"https:\\\/\\\/erevanblog.am\\\/?p=10787\",\"url\":\"https:\\\/\\\/erevanblog.am\\\/?p=10787\",\"name\":\"Ka\u017ed\u00e9 r\u00e1no nech\u00e1vala bezdomovci j\u00eddlo. To, co ud\u011blal v den jej\u00ed svatby, dojalo v\u0161echny k slz\u00e1m\u2026 -\",\"isPartOf\":{\"@id\":\"https:\\\/\\\/erevanblog.am\\\/#website\"},\"primaryImageOfPage\":{\"@id\":\"https:\\\/\\\/erevanblog.am\\\/?p=10787#primaryimage\"},\"image\":{\"@id\":\"https:\\\/\\\/erevanblog.am\\\/?p=10787#primaryimage\"},\"thumbnailUrl\":\"https:\\\/\\\/erevanblog.am\\\/wp-content\\\/uploads\\\/2025\\\/07\\\/3333333333.jpg\",\"datePublished\":\"2025-07-11T20:10:01+00:00\",\"dateModified\":\"2025-07-11T20:10:03+00:00\",\"author\":{\"@id\":\"https:\\\/\\\/erevanblog.am\\\/#\\\/schema\\\/person\\\/204f10311eb7ddb8914a5ab3e5f03928\"},\"breadcrumb\":{\"@id\":\"https:\\\/\\\/erevanblog.am\\\/?p=10787#breadcrumb\"},\"inLanguage\":\"en-US\",\"potentialAction\":[{\"@type\":\"ReadAction\",\"target\":[\"https:\\\/\\\/erevanblog.am\\\/?p=10787\"]}]},{\"@type\":\"ImageObject\",\"inLanguage\":\"en-US\",\"@id\":\"https:\\\/\\\/erevanblog.am\\\/?p=10787#primaryimage\",\"url\":\"https:\\\/\\\/erevanblog.am\\\/wp-content\\\/uploads\\\/2025\\\/07\\\/3333333333.jpg\",\"contentUrl\":\"https:\\\/\\\/erevanblog.am\\\/wp-content\\\/uploads\\\/2025\\\/07\\\/3333333333.jpg\",\"width\":911,\"height\":1024},{\"@type\":\"BreadcrumbList\",\"@id\":\"https:\\\/\\\/erevanblog.am\\\/?p=10787#breadcrumb\",\"itemListElement\":[{\"@type\":\"ListItem\",\"position\":1,\"name\":\"Home\",\"item\":\"https:\\\/\\\/erevanblog.am\\\/\"},{\"@type\":\"ListItem\",\"position\":2,\"name\":\"Ka\u017ed\u00e9 r\u00e1no nech\u00e1vala bezdomovci j\u00eddlo. To, co ud\u011blal v den jej\u00ed svatby, dojalo v\u0161echny k slz\u00e1m\u2026\"}]},{\"@type\":\"WebSite\",\"@id\":\"https:\\\/\\\/erevanblog.am\\\/#website\",\"url\":\"https:\\\/\\\/erevanblog.am\\\/\",\"name\":\"\",\"description\":\"\",\"potentialAction\":[{\"@type\":\"SearchAction\",\"target\":{\"@type\":\"EntryPoint\",\"urlTemplate\":\"https:\\\/\\\/erevanblog.am\\\/?s={search_term_string}\"},\"query-input\":{\"@type\":\"PropertyValueSpecification\",\"valueRequired\":true,\"valueName\":\"search_term_string\"}}],\"inLanguage\":\"en-US\"},{\"@type\":\"Person\",\"@id\":\"https:\\\/\\\/erevanblog.am\\\/#\\\/schema\\\/person\\\/204f10311eb7ddb8914a5ab3e5f03928\",\"name\":\"erevanblog_a\",\"image\":{\"@type\":\"ImageObject\",\"inLanguage\":\"en-US\",\"@id\":\"https:\\\/\\\/secure.gravatar.com\\\/avatar\\\/a24f4ac3a683f3c87303db525abc00db51ea26ccedee11dfaf1cc0f9a481a5d2?s=96&d=mm&r=g\",\"url\":\"https:\\\/\\\/secure.gravatar.com\\\/avatar\\\/a24f4ac3a683f3c87303db525abc00db51ea26ccedee11dfaf1cc0f9a481a5d2?s=96&d=mm&r=g\",\"contentUrl\":\"https:\\\/\\\/secure.gravatar.com\\\/avatar\\\/a24f4ac3a683f3c87303db525abc00db51ea26ccedee11dfaf1cc0f9a481a5d2?s=96&d=mm&r=g\",\"caption\":\"erevanblog_a\"},\"sameAs\":[\"http:\\\/\\\/erevanblog.am\"],\"url\":\"https:\\\/\\\/erevanblog.am\\\/?author=1\"}]}<\/script>\n<!-- \/ Yoast SEO plugin. -->","yoast_head_json":{"title":"Ka\u017ed\u00e9 r\u00e1no nech\u00e1vala bezdomovci j\u00eddlo. To, co ud\u011blal v den jej\u00ed svatby, dojalo v\u0161echny k slz\u00e1m\u2026 -","robots":{"index":"index","follow":"follow","max-snippet":"max-snippet:-1","max-image-preview":"max-image-preview:large","max-video-preview":"max-video-preview:-1"},"canonical":"https:\/\/erevanblog.am\/?p=10787","og_locale":"en_US","og_type":"article","og_title":"Ka\u017ed\u00e9 r\u00e1no nech\u00e1vala bezdomovci j\u00eddlo. To, co ud\u011blal v den jej\u00ed svatby, dojalo v\u0161echny k slz\u00e1m\u2026 -","og_description":"Krist\u00fdna m\u011bla svou ka\u017edodenn\u00ed rutinu. Ka\u017ed\u00e9 r\u00e1no m\u00ed\u0159ila do pr\u00e1ce stejnou cestou. Na rohu, p\u0159ed star\u00fdm knihkupectv\u00edm, sed\u00e1val star\u0161\u00ed mu\u017e. Byl tich\u00fd, nen\u00e1padn\u00fd, jako by [...]","og_url":"https:\/\/erevanblog.am\/?p=10787","article_published_time":"2025-07-11T20:10:01+00:00","article_modified_time":"2025-07-11T20:10:03+00:00","og_image":[{"width":911,"height":1024,"url":"http:\/\/erevanblog.am\/wp-content\/uploads\/2025\/07\/3333333333.jpg","type":"image\/jpeg"}],"author":"erevanblog_a","twitter_card":"summary_large_image","twitter_misc":{"Written by":"erevanblog_a","Est. reading time":"2 minutes"},"schema":{"@context":"https:\/\/schema.org","@graph":[{"@type":"Article","@id":"https:\/\/erevanblog.am\/?p=10787#article","isPartOf":{"@id":"https:\/\/erevanblog.am\/?p=10787"},"author":{"name":"erevanblog_a","@id":"https:\/\/erevanblog.am\/#\/schema\/person\/204f10311eb7ddb8914a5ab3e5f03928"},"headline":"Ka\u017ed\u00e9 r\u00e1no nech\u00e1vala bezdomovci j\u00eddlo. To, co ud\u011blal v den jej\u00ed svatby, dojalo v\u0161echny k slz\u00e1m\u2026","datePublished":"2025-07-11T20:10:01+00:00","dateModified":"2025-07-11T20:10:03+00:00","mainEntityOfPage":{"@id":"https:\/\/erevanblog.am\/?p=10787"},"wordCount":361,"commentCount":0,"image":{"@id":"https:\/\/erevanblog.am\/?p=10787#primaryimage"},"thumbnailUrl":"https:\/\/erevanblog.am\/wp-content\/uploads\/2025\/07\/3333333333.jpg","articleSection":["NEWS"],"inLanguage":"en-US","potentialAction":[{"@type":"CommentAction","name":"Comment","target":["https:\/\/erevanblog.am\/?p=10787#respond"]}]},{"@type":"WebPage","@id":"https:\/\/erevanblog.am\/?p=10787","url":"https:\/\/erevanblog.am\/?p=10787","name":"Ka\u017ed\u00e9 r\u00e1no nech\u00e1vala bezdomovci j\u00eddlo. To, co ud\u011blal v den jej\u00ed svatby, dojalo v\u0161echny k slz\u00e1m\u2026 -","isPartOf":{"@id":"https:\/\/erevanblog.am\/#website"},"primaryImageOfPage":{"@id":"https:\/\/erevanblog.am\/?p=10787#primaryimage"},"image":{"@id":"https:\/\/erevanblog.am\/?p=10787#primaryimage"},"thumbnailUrl":"https:\/\/erevanblog.am\/wp-content\/uploads\/2025\/07\/3333333333.jpg","datePublished":"2025-07-11T20:10:01+00:00","dateModified":"2025-07-11T20:10:03+00:00","author":{"@id":"https:\/\/erevanblog.am\/#\/schema\/person\/204f10311eb7ddb8914a5ab3e5f03928"},"breadcrumb":{"@id":"https:\/\/erevanblog.am\/?p=10787#breadcrumb"},"inLanguage":"en-US","potentialAction":[{"@type":"ReadAction","target":["https:\/\/erevanblog.am\/?p=10787"]}]},{"@type":"ImageObject","inLanguage":"en-US","@id":"https:\/\/erevanblog.am\/?p=10787#primaryimage","url":"https:\/\/erevanblog.am\/wp-content\/uploads\/2025\/07\/3333333333.jpg","contentUrl":"https:\/\/erevanblog.am\/wp-content\/uploads\/2025\/07\/3333333333.jpg","width":911,"height":1024},{"@type":"BreadcrumbList","@id":"https:\/\/erevanblog.am\/?p=10787#breadcrumb","itemListElement":[{"@type":"ListItem","position":1,"name":"Home","item":"https:\/\/erevanblog.am\/"},{"@type":"ListItem","position":2,"name":"Ka\u017ed\u00e9 r\u00e1no nech\u00e1vala bezdomovci j\u00eddlo. To, co ud\u011blal v den jej\u00ed svatby, dojalo v\u0161echny k slz\u00e1m\u2026"}]},{"@type":"WebSite","@id":"https:\/\/erevanblog.am\/#website","url":"https:\/\/erevanblog.am\/","name":"","description":"","potentialAction":[{"@type":"SearchAction","target":{"@type":"EntryPoint","urlTemplate":"https:\/\/erevanblog.am\/?s={search_term_string}"},"query-input":{"@type":"PropertyValueSpecification","valueRequired":true,"valueName":"search_term_string"}}],"inLanguage":"en-US"},{"@type":"Person","@id":"https:\/\/erevanblog.am\/#\/schema\/person\/204f10311eb7ddb8914a5ab3e5f03928","name":"erevanblog_a","image":{"@type":"ImageObject","inLanguage":"en-US","@id":"https:\/\/secure.gravatar.com\/avatar\/a24f4ac3a683f3c87303db525abc00db51ea26ccedee11dfaf1cc0f9a481a5d2?s=96&d=mm&r=g","url":"https:\/\/secure.gravatar.com\/avatar\/a24f4ac3a683f3c87303db525abc00db51ea26ccedee11dfaf1cc0f9a481a5d2?s=96&d=mm&r=g","contentUrl":"https:\/\/secure.gravatar.com\/avatar\/a24f4ac3a683f3c87303db525abc00db51ea26ccedee11dfaf1cc0f9a481a5d2?s=96&d=mm&r=g","caption":"erevanblog_a"},"sameAs":["http:\/\/erevanblog.am"],"url":"https:\/\/erevanblog.am\/?author=1"}]}},"views":335,"_links":{"self":[{"href":"https:\/\/erevanblog.am\/index.php?rest_route=\/wp\/v2\/posts\/10787","targetHints":{"allow":["GET"]}}],"collection":[{"href":"https:\/\/erevanblog.am\/index.php?rest_route=\/wp\/v2\/posts"}],"about":[{"href":"https:\/\/erevanblog.am\/index.php?rest_route=\/wp\/v2\/types\/post"}],"author":[{"embeddable":true,"href":"https:\/\/erevanblog.am\/index.php?rest_route=\/wp\/v2\/users\/1"}],"replies":[{"embeddable":true,"href":"https:\/\/erevanblog.am\/index.php?rest_route=%2Fwp%2Fv2%2Fcomments&post=10787"}],"version-history":[{"count":1,"href":"https:\/\/erevanblog.am\/index.php?rest_route=\/wp\/v2\/posts\/10787\/revisions"}],"predecessor-version":[{"id":10789,"href":"https:\/\/erevanblog.am\/index.php?rest_route=\/wp\/v2\/posts\/10787\/revisions\/10789"}],"wp:featuredmedia":[{"embeddable":true,"href":"https:\/\/erevanblog.am\/index.php?rest_route=\/wp\/v2\/media\/10788"}],"wp:attachment":[{"href":"https:\/\/erevanblog.am\/index.php?rest_route=%2Fwp%2Fv2%2Fmedia&parent=10787"}],"wp:term":[{"taxonomy":"category","embeddable":true,"href":"https:\/\/erevanblog.am\/index.php?rest_route=%2Fwp%2Fv2%2Fcategories&post=10787"},{"taxonomy":"post_tag","embeddable":true,"href":"https:\/\/erevanblog.am\/index.php?rest_route=%2Fwp%2Fv2%2Ftags&post=10787"}],"curies":[{"name":"wp","href":"https:\/\/api.w.org\/{rel}","templated":true}]}}