{"id":10796,"date":"2025-07-12T12:18:52","date_gmt":"2025-07-12T11:18:52","guid":{"rendered":"https:\/\/erevanblog.am\/?p=10796"},"modified":"2025-07-12T12:18:53","modified_gmt":"2025-07-12T11:18:53","slug":"vratil-se-do-vesnice-sveho-detstvi-ale-nikdo-s-nim-nechtel-promluvit","status":"publish","type":"post","link":"https:\/\/erevanblog.am\/?p=10796","title":{"rendered":"Vr\u00e1til se do vesnice sv\u00e9ho d\u011btstv\u00ed\u2026 ale nikdo s n\u00edm necht\u011bl promluvit"},"content":{"rendered":"\n<p>Kdy\u017e se Daniel po v\u00edce ne\u017e dvaceti letech vr\u00e1til a vystoupil z autobusu na n\u00e1vsi v Horn\u00ed Louce, m\u011bl pocit, \u017ee nepozn\u00e1v\u00e1 nic \u2014 a p\u0159itom v\u0161echno. Star\u00e1 pumpa u k\u0159\u00ed\u017eku sice st\u00e1le st\u00e1la, ale u\u017e d\u00e1vno nefungovala. \u0160kola, kde kdysi kreslil k\u0159\u00eddou po tabuli, byla zav\u0159en\u00e1. Okna zape\u010det\u011bn\u00e1. A uli\u010dky\u2026 a\u017e nep\u0159irozen\u011b tich\u00e9.<\/p>\n\n\n\n<figure class=\"wp-block-image size-full\"><img loading=\"lazy\" decoding=\"async\" width=\"1024\" height=\"922\" src=\"https:\/\/erevanblog.am\/wp-content\/uploads\/2025\/07\/77777777777777777.jpg\" alt=\"\" class=\"wp-image-10797\" srcset=\"https:\/\/erevanblog.am\/wp-content\/uploads\/2025\/07\/77777777777777777.jpg 1024w, https:\/\/erevanblog.am\/wp-content\/uploads\/2025\/07\/77777777777777777-300x270.jpg 300w, https:\/\/erevanblog.am\/wp-content\/uploads\/2025\/07\/77777777777777777-768x692.jpg 768w\" sizes=\"auto, (max-width: 1024px) 100vw, 1024px\" \/><\/figure>\n\n\n\n<p>P\u0159ed m\u00edstn\u00ed hospodou sed\u011bli t\u0159i starci. Ml\u010dky pop\u00edjeli pivo, ale jakmile se k nim Daniel p\u0159ibl\u00ed\u017eil, v\u0161ichni beze slova vstali a ode\u0161li.<\/p>\n\n\n\n<p>Za\u010dal pochybovat. Ud\u011blal chybu? Mo\u017en\u00e1. Ale musel se vr\u00e1tit. N\u011bco ho t\u00e1hlo zp\u011bt \u2014 v\u00fd\u010ditky? Zv\u011bdavost? Nebo snad touha pochopit?<\/p>\n\n\n\n<p>D\u011bti, kter\u00e9 si hr\u00e1ly p\u0159ed jedn\u00edm z dom\u016f, se na n\u011bj nejprve jen d\u00edvaly. Kdy\u017e ale proch\u00e1zel kolem, jedno z nich n\u00e1hle popadlo k\u00e1men a hodilo ho po n\u011bm. A pak dal\u0161\u00ed.<\/p>\n\n\n\n<p>\u2014 B\u011b\u017e pry\u010d! \u2014 zasy\u010dela jedna z d\u00edvek. \u2014 Nechceme t\u011b tady!<\/p>\n\n\n\n<p>Daniel se zastavil. Pro\u010d? Pro\u010d tolik nen\u00e1visti?<\/p>\n\n\n\n<p>Zam\u00ed\u0159il k domu sv\u00fdch prarodi\u010d\u016f. Dve\u0159e zavrzaly stejn\u011b jako kdysi. Ale kl\u00ed\u010d, kter\u00fd kdysi b\u00fdval pod roho\u017ekou, tam tentokr\u00e1t nebyl. M\u00edsto n\u011bj si v\u0161iml slova napsan\u00e9ho k\u0159\u00eddou na dve\u0159e:<\/p>\n\n\n\n<p><strong>\u201eVrah.\u201c<\/strong><\/p>\n\n\n\n<p>A tehdy si vzpomn\u011bl. Na tu posledn\u00ed noc. Na k\u0159ik. Na mod\u0159iny. Na to, co se nikdy nem\u011blo dostat ven.<\/p>\n\n\n\n<p>Ale ve vesnici si to pamatovali. A nikdy mu neodpustili.<\/p>\n","protected":false},"excerpt":{"rendered":"<div class=\"mh-excerpt\"><p>Kdy\u017e se Daniel po v\u00edce ne\u017e dvaceti letech vr\u00e1til a vystoupil z autobusu na n\u00e1vsi v Horn\u00ed Louce, m\u011bl pocit, \u017ee nepozn\u00e1v\u00e1 nic \u2014 a <a class=\"mh-excerpt-more\" href=\"https:\/\/erevanblog.am\/?p=10796\" title=\"Vr\u00e1til se do vesnice sv\u00e9ho d\u011btstv\u00ed\u2026 ale nikdo s n\u00edm necht\u011bl promluvit\">[&#8230;]<\/a><\/p>\n<\/div>","protected":false},"author":1,"featured_media":10797,"comment_status":"open","ping_status":"open","sticky":false,"template":"","format":"standard","meta":{"footnotes":""},"categories":[1],"tags":[],"class_list":["post-10796","post","type-post","status-publish","format-standard","has-post-thumbnail","hentry","category-uncategorised"],"yoast_head":"<!-- This site is optimized with the Yoast SEO plugin v27.5 - https:\/\/yoast.com\/product\/yoast-seo-wordpress\/ -->\n<title>Vr\u00e1til se do vesnice sv\u00e9ho d\u011btstv\u00ed\u2026 ale nikdo s n\u00edm necht\u011bl promluvit -<\/title>\n<meta name=\"robots\" content=\"index, follow, max-snippet:-1, max-image-preview:large, max-video-preview:-1\" \/>\n<link rel=\"canonical\" href=\"https:\/\/erevanblog.am\/?p=10796\" \/>\n<meta property=\"og:locale\" content=\"en_US\" \/>\n<meta property=\"og:type\" content=\"article\" \/>\n<meta property=\"og:title\" content=\"Vr\u00e1til se do vesnice sv\u00e9ho d\u011btstv\u00ed\u2026 ale nikdo s n\u00edm necht\u011bl promluvit -\" \/>\n<meta property=\"og:description\" content=\"Kdy\u017e se Daniel po v\u00edce ne\u017e dvaceti letech vr\u00e1til a vystoupil z autobusu na n\u00e1vsi v Horn\u00ed Louce, m\u011bl pocit, \u017ee nepozn\u00e1v\u00e1 nic \u2014 a [...]\" \/>\n<meta property=\"og:url\" content=\"https:\/\/erevanblog.am\/?p=10796\" \/>\n<meta property=\"article:published_time\" content=\"2025-07-12T11:18:52+00:00\" \/>\n<meta property=\"article:modified_time\" content=\"2025-07-12T11:18:53+00:00\" \/>\n<meta property=\"og:image\" content=\"http:\/\/erevanblog.am\/wp-content\/uploads\/2025\/07\/77777777777777777.jpg\" \/>\n\t<meta property=\"og:image:width\" content=\"1024\" \/>\n\t<meta property=\"og:image:height\" content=\"922\" \/>\n\t<meta property=\"og:image:type\" content=\"image\/jpeg\" \/>\n<meta name=\"author\" content=\"erevanblog_a\" \/>\n<meta name=\"twitter:card\" content=\"summary_large_image\" \/>\n<meta name=\"twitter:label1\" content=\"Written by\" \/>\n\t<meta name=\"twitter:data1\" content=\"erevanblog_a\" \/>\n\t<meta name=\"twitter:label2\" content=\"Est. reading time\" \/>\n\t<meta name=\"twitter:data2\" content=\"2 minutes\" \/>\n<script type=\"application\/ld+json\" class=\"yoast-schema-graph\">{\"@context\":\"https:\\\/\\\/schema.org\",\"@graph\":[{\"@type\":\"Article\",\"@id\":\"https:\\\/\\\/erevanblog.am\\\/?p=10796#article\",\"isPartOf\":{\"@id\":\"https:\\\/\\\/erevanblog.am\\\/?p=10796\"},\"author\":{\"name\":\"erevanblog_a\",\"@id\":\"https:\\\/\\\/erevanblog.am\\\/#\\\/schema\\\/person\\\/204f10311eb7ddb8914a5ab3e5f03928\"},\"headline\":\"Vr\u00e1til se do vesnice sv\u00e9ho d\u011btstv\u00ed\u2026 ale nikdo s n\u00edm necht\u011bl promluvit\",\"datePublished\":\"2025-07-12T11:18:52+00:00\",\"dateModified\":\"2025-07-12T11:18:53+00:00\",\"mainEntityOfPage\":{\"@id\":\"https:\\\/\\\/erevanblog.am\\\/?p=10796\"},\"wordCount\":284,\"commentCount\":0,\"image\":{\"@id\":\"https:\\\/\\\/erevanblog.am\\\/?p=10796#primaryimage\"},\"thumbnailUrl\":\"https:\\\/\\\/erevanblog.am\\\/wp-content\\\/uploads\\\/2025\\\/07\\\/77777777777777777.jpg\",\"articleSection\":[\"NEWS\"],\"inLanguage\":\"en-US\",\"potentialAction\":[{\"@type\":\"CommentAction\",\"name\":\"Comment\",\"target\":[\"https:\\\/\\\/erevanblog.am\\\/?p=10796#respond\"]}]},{\"@type\":\"WebPage\",\"@id\":\"https:\\\/\\\/erevanblog.am\\\/?p=10796\",\"url\":\"https:\\\/\\\/erevanblog.am\\\/?p=10796\",\"name\":\"Vr\u00e1til se do vesnice sv\u00e9ho d\u011btstv\u00ed\u2026 ale nikdo s n\u00edm necht\u011bl promluvit -\",\"isPartOf\":{\"@id\":\"https:\\\/\\\/erevanblog.am\\\/#website\"},\"primaryImageOfPage\":{\"@id\":\"https:\\\/\\\/erevanblog.am\\\/?p=10796#primaryimage\"},\"image\":{\"@id\":\"https:\\\/\\\/erevanblog.am\\\/?p=10796#primaryimage\"},\"thumbnailUrl\":\"https:\\\/\\\/erevanblog.am\\\/wp-content\\\/uploads\\\/2025\\\/07\\\/77777777777777777.jpg\",\"datePublished\":\"2025-07-12T11:18:52+00:00\",\"dateModified\":\"2025-07-12T11:18:53+00:00\",\"author\":{\"@id\":\"https:\\\/\\\/erevanblog.am\\\/#\\\/schema\\\/person\\\/204f10311eb7ddb8914a5ab3e5f03928\"},\"breadcrumb\":{\"@id\":\"https:\\\/\\\/erevanblog.am\\\/?p=10796#breadcrumb\"},\"inLanguage\":\"en-US\",\"potentialAction\":[{\"@type\":\"ReadAction\",\"target\":[\"https:\\\/\\\/erevanblog.am\\\/?p=10796\"]}]},{\"@type\":\"ImageObject\",\"inLanguage\":\"en-US\",\"@id\":\"https:\\\/\\\/erevanblog.am\\\/?p=10796#primaryimage\",\"url\":\"https:\\\/\\\/erevanblog.am\\\/wp-content\\\/uploads\\\/2025\\\/07\\\/77777777777777777.jpg\",\"contentUrl\":\"https:\\\/\\\/erevanblog.am\\\/wp-content\\\/uploads\\\/2025\\\/07\\\/77777777777777777.jpg\",\"width\":1024,\"height\":922},{\"@type\":\"BreadcrumbList\",\"@id\":\"https:\\\/\\\/erevanblog.am\\\/?p=10796#breadcrumb\",\"itemListElement\":[{\"@type\":\"ListItem\",\"position\":1,\"name\":\"Home\",\"item\":\"https:\\\/\\\/erevanblog.am\\\/\"},{\"@type\":\"ListItem\",\"position\":2,\"name\":\"Vr\u00e1til se do vesnice sv\u00e9ho d\u011btstv\u00ed\u2026 ale nikdo s n\u00edm necht\u011bl promluvit\"}]},{\"@type\":\"WebSite\",\"@id\":\"https:\\\/\\\/erevanblog.am\\\/#website\",\"url\":\"https:\\\/\\\/erevanblog.am\\\/\",\"name\":\"\",\"description\":\"\",\"potentialAction\":[{\"@type\":\"SearchAction\",\"target\":{\"@type\":\"EntryPoint\",\"urlTemplate\":\"https:\\\/\\\/erevanblog.am\\\/?s={search_term_string}\"},\"query-input\":{\"@type\":\"PropertyValueSpecification\",\"valueRequired\":true,\"valueName\":\"search_term_string\"}}],\"inLanguage\":\"en-US\"},{\"@type\":\"Person\",\"@id\":\"https:\\\/\\\/erevanblog.am\\\/#\\\/schema\\\/person\\\/204f10311eb7ddb8914a5ab3e5f03928\",\"name\":\"erevanblog_a\",\"image\":{\"@type\":\"ImageObject\",\"inLanguage\":\"en-US\",\"@id\":\"https:\\\/\\\/secure.gravatar.com\\\/avatar\\\/a24f4ac3a683f3c87303db525abc00db51ea26ccedee11dfaf1cc0f9a481a5d2?s=96&d=mm&r=g\",\"url\":\"https:\\\/\\\/secure.gravatar.com\\\/avatar\\\/a24f4ac3a683f3c87303db525abc00db51ea26ccedee11dfaf1cc0f9a481a5d2?s=96&d=mm&r=g\",\"contentUrl\":\"https:\\\/\\\/secure.gravatar.com\\\/avatar\\\/a24f4ac3a683f3c87303db525abc00db51ea26ccedee11dfaf1cc0f9a481a5d2?s=96&d=mm&r=g\",\"caption\":\"erevanblog_a\"},\"sameAs\":[\"http:\\\/\\\/erevanblog.am\"],\"url\":\"https:\\\/\\\/erevanblog.am\\\/?author=1\"}]}<\/script>\n<!-- \/ Yoast SEO plugin. -->","yoast_head_json":{"title":"Vr\u00e1til se do vesnice sv\u00e9ho d\u011btstv\u00ed\u2026 ale nikdo s n\u00edm necht\u011bl promluvit -","robots":{"index":"index","follow":"follow","max-snippet":"max-snippet:-1","max-image-preview":"max-image-preview:large","max-video-preview":"max-video-preview:-1"},"canonical":"https:\/\/erevanblog.am\/?p=10796","og_locale":"en_US","og_type":"article","og_title":"Vr\u00e1til se do vesnice sv\u00e9ho d\u011btstv\u00ed\u2026 ale nikdo s n\u00edm necht\u011bl promluvit -","og_description":"Kdy\u017e se Daniel po v\u00edce ne\u017e dvaceti letech vr\u00e1til a vystoupil z autobusu na n\u00e1vsi v Horn\u00ed Louce, m\u011bl pocit, \u017ee nepozn\u00e1v\u00e1 nic \u2014 a [...]","og_url":"https:\/\/erevanblog.am\/?p=10796","article_published_time":"2025-07-12T11:18:52+00:00","article_modified_time":"2025-07-12T11:18:53+00:00","og_image":[{"width":1024,"height":922,"url":"http:\/\/erevanblog.am\/wp-content\/uploads\/2025\/07\/77777777777777777.jpg","type":"image\/jpeg"}],"author":"erevanblog_a","twitter_card":"summary_large_image","twitter_misc":{"Written by":"erevanblog_a","Est. reading time":"2 minutes"},"schema":{"@context":"https:\/\/schema.org","@graph":[{"@type":"Article","@id":"https:\/\/erevanblog.am\/?p=10796#article","isPartOf":{"@id":"https:\/\/erevanblog.am\/?p=10796"},"author":{"name":"erevanblog_a","@id":"https:\/\/erevanblog.am\/#\/schema\/person\/204f10311eb7ddb8914a5ab3e5f03928"},"headline":"Vr\u00e1til se do vesnice sv\u00e9ho d\u011btstv\u00ed\u2026 ale nikdo s n\u00edm necht\u011bl promluvit","datePublished":"2025-07-12T11:18:52+00:00","dateModified":"2025-07-12T11:18:53+00:00","mainEntityOfPage":{"@id":"https:\/\/erevanblog.am\/?p=10796"},"wordCount":284,"commentCount":0,"image":{"@id":"https:\/\/erevanblog.am\/?p=10796#primaryimage"},"thumbnailUrl":"https:\/\/erevanblog.am\/wp-content\/uploads\/2025\/07\/77777777777777777.jpg","articleSection":["NEWS"],"inLanguage":"en-US","potentialAction":[{"@type":"CommentAction","name":"Comment","target":["https:\/\/erevanblog.am\/?p=10796#respond"]}]},{"@type":"WebPage","@id":"https:\/\/erevanblog.am\/?p=10796","url":"https:\/\/erevanblog.am\/?p=10796","name":"Vr\u00e1til se do vesnice sv\u00e9ho d\u011btstv\u00ed\u2026 ale nikdo s n\u00edm necht\u011bl promluvit -","isPartOf":{"@id":"https:\/\/erevanblog.am\/#website"},"primaryImageOfPage":{"@id":"https:\/\/erevanblog.am\/?p=10796#primaryimage"},"image":{"@id":"https:\/\/erevanblog.am\/?p=10796#primaryimage"},"thumbnailUrl":"https:\/\/erevanblog.am\/wp-content\/uploads\/2025\/07\/77777777777777777.jpg","datePublished":"2025-07-12T11:18:52+00:00","dateModified":"2025-07-12T11:18:53+00:00","author":{"@id":"https:\/\/erevanblog.am\/#\/schema\/person\/204f10311eb7ddb8914a5ab3e5f03928"},"breadcrumb":{"@id":"https:\/\/erevanblog.am\/?p=10796#breadcrumb"},"inLanguage":"en-US","potentialAction":[{"@type":"ReadAction","target":["https:\/\/erevanblog.am\/?p=10796"]}]},{"@type":"ImageObject","inLanguage":"en-US","@id":"https:\/\/erevanblog.am\/?p=10796#primaryimage","url":"https:\/\/erevanblog.am\/wp-content\/uploads\/2025\/07\/77777777777777777.jpg","contentUrl":"https:\/\/erevanblog.am\/wp-content\/uploads\/2025\/07\/77777777777777777.jpg","width":1024,"height":922},{"@type":"BreadcrumbList","@id":"https:\/\/erevanblog.am\/?p=10796#breadcrumb","itemListElement":[{"@type":"ListItem","position":1,"name":"Home","item":"https:\/\/erevanblog.am\/"},{"@type":"ListItem","position":2,"name":"Vr\u00e1til se do vesnice sv\u00e9ho d\u011btstv\u00ed\u2026 ale nikdo s n\u00edm necht\u011bl promluvit"}]},{"@type":"WebSite","@id":"https:\/\/erevanblog.am\/#website","url":"https:\/\/erevanblog.am\/","name":"","description":"","potentialAction":[{"@type":"SearchAction","target":{"@type":"EntryPoint","urlTemplate":"https:\/\/erevanblog.am\/?s={search_term_string}"},"query-input":{"@type":"PropertyValueSpecification","valueRequired":true,"valueName":"search_term_string"}}],"inLanguage":"en-US"},{"@type":"Person","@id":"https:\/\/erevanblog.am\/#\/schema\/person\/204f10311eb7ddb8914a5ab3e5f03928","name":"erevanblog_a","image":{"@type":"ImageObject","inLanguage":"en-US","@id":"https:\/\/secure.gravatar.com\/avatar\/a24f4ac3a683f3c87303db525abc00db51ea26ccedee11dfaf1cc0f9a481a5d2?s=96&d=mm&r=g","url":"https:\/\/secure.gravatar.com\/avatar\/a24f4ac3a683f3c87303db525abc00db51ea26ccedee11dfaf1cc0f9a481a5d2?s=96&d=mm&r=g","contentUrl":"https:\/\/secure.gravatar.com\/avatar\/a24f4ac3a683f3c87303db525abc00db51ea26ccedee11dfaf1cc0f9a481a5d2?s=96&d=mm&r=g","caption":"erevanblog_a"},"sameAs":["http:\/\/erevanblog.am"],"url":"https:\/\/erevanblog.am\/?author=1"}]}},"views":300,"_links":{"self":[{"href":"https:\/\/erevanblog.am\/index.php?rest_route=\/wp\/v2\/posts\/10796","targetHints":{"allow":["GET"]}}],"collection":[{"href":"https:\/\/erevanblog.am\/index.php?rest_route=\/wp\/v2\/posts"}],"about":[{"href":"https:\/\/erevanblog.am\/index.php?rest_route=\/wp\/v2\/types\/post"}],"author":[{"embeddable":true,"href":"https:\/\/erevanblog.am\/index.php?rest_route=\/wp\/v2\/users\/1"}],"replies":[{"embeddable":true,"href":"https:\/\/erevanblog.am\/index.php?rest_route=%2Fwp%2Fv2%2Fcomments&post=10796"}],"version-history":[{"count":1,"href":"https:\/\/erevanblog.am\/index.php?rest_route=\/wp\/v2\/posts\/10796\/revisions"}],"predecessor-version":[{"id":10798,"href":"https:\/\/erevanblog.am\/index.php?rest_route=\/wp\/v2\/posts\/10796\/revisions\/10798"}],"wp:featuredmedia":[{"embeddable":true,"href":"https:\/\/erevanblog.am\/index.php?rest_route=\/wp\/v2\/media\/10797"}],"wp:attachment":[{"href":"https:\/\/erevanblog.am\/index.php?rest_route=%2Fwp%2Fv2%2Fmedia&parent=10796"}],"wp:term":[{"taxonomy":"category","embeddable":true,"href":"https:\/\/erevanblog.am\/index.php?rest_route=%2Fwp%2Fv2%2Fcategories&post=10796"},{"taxonomy":"post_tag","embeddable":true,"href":"https:\/\/erevanblog.am\/index.php?rest_route=%2Fwp%2Fv2%2Ftags&post=10796"}],"curies":[{"name":"wp","href":"https:\/\/api.w.org\/{rel}","templated":true}]}}