{"id":10809,"date":"2025-07-13T06:15:35","date_gmt":"2025-07-13T05:15:35","guid":{"rendered":"https:\/\/erevanblog.am\/?p=10809"},"modified":"2025-07-13T06:15:36","modified_gmt":"2025-07-13T05:15:36","slug":"pristoupil-a-proste-rekl-mohu-pomoci-vasi-dceri-a-od-te-chvile-se-vsechno-zmenilo","status":"publish","type":"post","link":"https:\/\/erevanblog.am\/?p=10809","title":{"rendered":"\u201eP\u0159istoupil a prost\u011b \u0159ekl: \u201aMohu pomoci va\u0161\u00ed dce\u0159i.\u2018 A od t\u00e9 chv\u00edle se v\u0161echno zm\u011bnilo.\u201c"},"content":{"rendered":"\n<p>Bylo chladn\u00e9 listopadov\u00e9 r\u00e1no. D\u00e9\u0161\u0165 ne\u00fanavn\u011b bubnoval na okenn\u00ed tabule nemocni\u010dn\u00edho pokoje a ticho naru\u0161oval jen tlumen\u00fd zvuk p\u0159\u00edstroje sleduj\u00edc\u00edho slab\u00e9 \u017eivotn\u00ed funkce dvan\u00e1ctilet\u00e9 Eli\u0161ky. Le\u017eela nehybn\u011b u\u017e t\u0159et\u00ed t\u00fdden \u2013 od nehody, kter\u00e1 ji t\u00e9m\u011b\u0159 p\u0159ipravila o \u017eivot. L\u00e9ka\u0159i byli opatrn\u00ed, jejich progn\u00f3zy mlhav\u00e9. Jej\u00ed maminka, Jana, sed\u011bla u l\u016f\u017eka, dr\u017eela ji za ruku a v duchu se modlila za z\u00e1zrak, ve kter\u00fd u\u017e t\u00e9m\u011b\u0159 p\u0159estala doufat.<\/p>\n\n\n\n<figure class=\"wp-block-image size-full\"><img loading=\"lazy\" decoding=\"async\" width=\"752\" height=\"440\" src=\"https:\/\/erevanblog.am\/wp-content\/uploads\/2025\/07\/8965321477777.jpg\" alt=\"\" class=\"wp-image-10810\" srcset=\"https:\/\/erevanblog.am\/wp-content\/uploads\/2025\/07\/8965321477777.jpg 752w, https:\/\/erevanblog.am\/wp-content\/uploads\/2025\/07\/8965321477777-300x176.jpg 300w\" sizes=\"auto, (max-width: 752px) 100vw, 752px\" \/><\/figure>\n\n\n\n<p>A pr\u00e1v\u011b v t\u00e9 chv\u00edli, kdy byla na pokraji zoufalstv\u00ed, ozval se tich\u00fd hlas.<\/p>\n\n\n\n<p>\u201eMohu pomoci va\u0161\u00ed dce\u0159i.\u201c<\/p>\n\n\n\n<p>Jana vzhl\u00e9dla. Ve dve\u0159\u00edch st\u00e1l mu\u017e, kter\u00e9ho nikdy p\u0159edt\u00edm nevid\u011bla. M\u011bl oby\u010dejn\u00fd kab\u00e1t, klidn\u00fd v\u00fdraz a ruce v kaps\u00e1ch. Ne\u0159ekl v\u00edc \u2013 jen tu jedinou v\u011btu. A p\u0159esto zn\u011bla, jako by nesla cel\u00fd sv\u011bt.<\/p>\n\n\n\n<p>\u201eKdo jste?\u201c zeptala se ti\u0161e.<\/p>\n\n\n\n<p>\u201eNa tom nez\u00e1le\u017e\u00ed,\u201c odpov\u011bd\u011bl klidn\u011b. \u201eD\u016fle\u017eit\u00e1 je jen ona. Mohu vstoupit?\u201c<\/p>\n\n\n\n<p>Nev\u011bd\u011bla pro\u010d, ale p\u0159ik\u00fdvla. Potichu vy\u0161la z pokoje. Kdy\u017e se po n\u011bkolika minut\u00e1ch vr\u00e1tila, mu\u017e byl pry\u010d. A Eli\u0161ka\u2026 Eli\u0161ka poprv\u00e9 od nehody pohnula prsty.<\/p>\n\n\n\n<p>Do ve\u010dera otev\u0159ela o\u010di.<\/p>\n\n\n\n<p>L\u00e9ka\u0159i hovo\u0159ili o ne\u010dekan\u00e9m zvratu, o tom, jak lidsk\u00e9 t\u011blo m\u016f\u017ee p\u0159ekvapit. Ale Jana v\u011bd\u011bla sv\u00e9 \u2013 tohle nebyla n\u00e1hoda. Ten mu\u017e p\u0159i\u0161el odnikud a zanechal za sebou n\u011bco v\u00edc ne\u017e jen nad\u011bji.<\/p>\n\n\n\n<p>Nikdo ho u\u017e nikdy nevid\u011bl. Nezanechal jm\u00e9no, \u017e\u00e1dn\u00fd kontakt. A p\u0159esto nav\u017edy z\u016fstane v Janin\u011b srdci jako ten, kdo p\u0159i\u0161el ti\u0161e \u2013 a v\u0161echno zm\u011bnil.<\/p>\n","protected":false},"excerpt":{"rendered":"<div class=\"mh-excerpt\"><p>Bylo chladn\u00e9 listopadov\u00e9 r\u00e1no. D\u00e9\u0161\u0165 ne\u00fanavn\u011b bubnoval na okenn\u00ed tabule nemocni\u010dn\u00edho pokoje a ticho naru\u0161oval jen tlumen\u00fd zvuk p\u0159\u00edstroje sleduj\u00edc\u00edho slab\u00e9 \u017eivotn\u00ed funkce dvan\u00e1ctilet\u00e9 Eli\u0161ky. <a class=\"mh-excerpt-more\" href=\"https:\/\/erevanblog.am\/?p=10809\" title=\"\u201eP\u0159istoupil a prost\u011b \u0159ekl: \u201aMohu pomoci va\u0161\u00ed dce\u0159i.\u2018 A od t\u00e9 chv\u00edle se v\u0161echno zm\u011bnilo.\u201c\">[&#8230;]<\/a><\/p>\n<\/div>","protected":false},"author":1,"featured_media":10810,"comment_status":"open","ping_status":"open","sticky":false,"template":"","format":"standard","meta":{"footnotes":""},"categories":[1],"tags":[],"class_list":["post-10809","post","type-post","status-publish","format-standard","has-post-thumbnail","hentry","category-uncategorised"],"yoast_head":"<!-- This site is optimized with the Yoast SEO plugin v27.5 - https:\/\/yoast.com\/product\/yoast-seo-wordpress\/ -->\n<title>\u201eP\u0159istoupil a prost\u011b \u0159ekl: \u201aMohu pomoci va\u0161\u00ed dce\u0159i.\u2018 A od t\u00e9 chv\u00edle se v\u0161echno zm\u011bnilo.\u201c -<\/title>\n<meta name=\"robots\" content=\"index, follow, max-snippet:-1, max-image-preview:large, max-video-preview:-1\" \/>\n<link rel=\"canonical\" href=\"https:\/\/erevanblog.am\/?p=10809\" \/>\n<meta property=\"og:locale\" content=\"en_US\" \/>\n<meta property=\"og:type\" content=\"article\" \/>\n<meta property=\"og:title\" content=\"\u201eP\u0159istoupil a prost\u011b \u0159ekl: \u201aMohu pomoci va\u0161\u00ed dce\u0159i.\u2018 A od t\u00e9 chv\u00edle se v\u0161echno zm\u011bnilo.\u201c -\" \/>\n<meta property=\"og:description\" content=\"Bylo chladn\u00e9 listopadov\u00e9 r\u00e1no. D\u00e9\u0161\u0165 ne\u00fanavn\u011b bubnoval na okenn\u00ed tabule nemocni\u010dn\u00edho pokoje a ticho naru\u0161oval jen tlumen\u00fd zvuk p\u0159\u00edstroje sleduj\u00edc\u00edho slab\u00e9 \u017eivotn\u00ed funkce dvan\u00e1ctilet\u00e9 Eli\u0161ky. [...]\" \/>\n<meta property=\"og:url\" content=\"https:\/\/erevanblog.am\/?p=10809\" \/>\n<meta property=\"article:published_time\" content=\"2025-07-13T05:15:35+00:00\" \/>\n<meta property=\"article:modified_time\" content=\"2025-07-13T05:15:36+00:00\" \/>\n<meta property=\"og:image\" content=\"http:\/\/erevanblog.am\/wp-content\/uploads\/2025\/07\/8965321477777.jpg\" \/>\n\t<meta property=\"og:image:width\" content=\"752\" \/>\n\t<meta property=\"og:image:height\" content=\"440\" \/>\n\t<meta property=\"og:image:type\" content=\"image\/jpeg\" \/>\n<meta name=\"author\" content=\"erevanblog_a\" \/>\n<meta name=\"twitter:card\" content=\"summary_large_image\" \/>\n<meta name=\"twitter:label1\" content=\"Written by\" \/>\n\t<meta name=\"twitter:data1\" content=\"erevanblog_a\" \/>\n\t<meta name=\"twitter:label2\" content=\"Est. reading time\" \/>\n\t<meta name=\"twitter:data2\" content=\"2 minutes\" \/>\n<script type=\"application\/ld+json\" class=\"yoast-schema-graph\">{\"@context\":\"https:\\\/\\\/schema.org\",\"@graph\":[{\"@type\":\"Article\",\"@id\":\"https:\\\/\\\/erevanblog.am\\\/?p=10809#article\",\"isPartOf\":{\"@id\":\"https:\\\/\\\/erevanblog.am\\\/?p=10809\"},\"author\":{\"name\":\"erevanblog_a\",\"@id\":\"https:\\\/\\\/erevanblog.am\\\/#\\\/schema\\\/person\\\/204f10311eb7ddb8914a5ab3e5f03928\"},\"headline\":\"\u201eP\u0159istoupil a prost\u011b \u0159ekl: \u201aMohu pomoci va\u0161\u00ed dce\u0159i.\u2018 A od t\u00e9 chv\u00edle se v\u0161echno zm\u011bnilo.\u201c\",\"datePublished\":\"2025-07-13T05:15:35+00:00\",\"dateModified\":\"2025-07-13T05:15:36+00:00\",\"mainEntityOfPage\":{\"@id\":\"https:\\\/\\\/erevanblog.am\\\/?p=10809\"},\"wordCount\":329,\"commentCount\":0,\"image\":{\"@id\":\"https:\\\/\\\/erevanblog.am\\\/?p=10809#primaryimage\"},\"thumbnailUrl\":\"https:\\\/\\\/erevanblog.am\\\/wp-content\\\/uploads\\\/2025\\\/07\\\/8965321477777.jpg\",\"articleSection\":[\"NEWS\"],\"inLanguage\":\"en-US\",\"potentialAction\":[{\"@type\":\"CommentAction\",\"name\":\"Comment\",\"target\":[\"https:\\\/\\\/erevanblog.am\\\/?p=10809#respond\"]}]},{\"@type\":\"WebPage\",\"@id\":\"https:\\\/\\\/erevanblog.am\\\/?p=10809\",\"url\":\"https:\\\/\\\/erevanblog.am\\\/?p=10809\",\"name\":\"\u201eP\u0159istoupil a prost\u011b \u0159ekl: \u201aMohu pomoci va\u0161\u00ed dce\u0159i.\u2018 A od t\u00e9 chv\u00edle se v\u0161echno zm\u011bnilo.\u201c -\",\"isPartOf\":{\"@id\":\"https:\\\/\\\/erevanblog.am\\\/#website\"},\"primaryImageOfPage\":{\"@id\":\"https:\\\/\\\/erevanblog.am\\\/?p=10809#primaryimage\"},\"image\":{\"@id\":\"https:\\\/\\\/erevanblog.am\\\/?p=10809#primaryimage\"},\"thumbnailUrl\":\"https:\\\/\\\/erevanblog.am\\\/wp-content\\\/uploads\\\/2025\\\/07\\\/8965321477777.jpg\",\"datePublished\":\"2025-07-13T05:15:35+00:00\",\"dateModified\":\"2025-07-13T05:15:36+00:00\",\"author\":{\"@id\":\"https:\\\/\\\/erevanblog.am\\\/#\\\/schema\\\/person\\\/204f10311eb7ddb8914a5ab3e5f03928\"},\"breadcrumb\":{\"@id\":\"https:\\\/\\\/erevanblog.am\\\/?p=10809#breadcrumb\"},\"inLanguage\":\"en-US\",\"potentialAction\":[{\"@type\":\"ReadAction\",\"target\":[\"https:\\\/\\\/erevanblog.am\\\/?p=10809\"]}]},{\"@type\":\"ImageObject\",\"inLanguage\":\"en-US\",\"@id\":\"https:\\\/\\\/erevanblog.am\\\/?p=10809#primaryimage\",\"url\":\"https:\\\/\\\/erevanblog.am\\\/wp-content\\\/uploads\\\/2025\\\/07\\\/8965321477777.jpg\",\"contentUrl\":\"https:\\\/\\\/erevanblog.am\\\/wp-content\\\/uploads\\\/2025\\\/07\\\/8965321477777.jpg\",\"width\":752,\"height\":440},{\"@type\":\"BreadcrumbList\",\"@id\":\"https:\\\/\\\/erevanblog.am\\\/?p=10809#breadcrumb\",\"itemListElement\":[{\"@type\":\"ListItem\",\"position\":1,\"name\":\"Home\",\"item\":\"https:\\\/\\\/erevanblog.am\\\/\"},{\"@type\":\"ListItem\",\"position\":2,\"name\":\"\u201eP\u0159istoupil a prost\u011b \u0159ekl: \u201aMohu pomoci va\u0161\u00ed dce\u0159i.\u2018 A od t\u00e9 chv\u00edle se v\u0161echno zm\u011bnilo.\u201c\"}]},{\"@type\":\"WebSite\",\"@id\":\"https:\\\/\\\/erevanblog.am\\\/#website\",\"url\":\"https:\\\/\\\/erevanblog.am\\\/\",\"name\":\"\",\"description\":\"\",\"potentialAction\":[{\"@type\":\"SearchAction\",\"target\":{\"@type\":\"EntryPoint\",\"urlTemplate\":\"https:\\\/\\\/erevanblog.am\\\/?s={search_term_string}\"},\"query-input\":{\"@type\":\"PropertyValueSpecification\",\"valueRequired\":true,\"valueName\":\"search_term_string\"}}],\"inLanguage\":\"en-US\"},{\"@type\":\"Person\",\"@id\":\"https:\\\/\\\/erevanblog.am\\\/#\\\/schema\\\/person\\\/204f10311eb7ddb8914a5ab3e5f03928\",\"name\":\"erevanblog_a\",\"image\":{\"@type\":\"ImageObject\",\"inLanguage\":\"en-US\",\"@id\":\"https:\\\/\\\/secure.gravatar.com\\\/avatar\\\/a24f4ac3a683f3c87303db525abc00db51ea26ccedee11dfaf1cc0f9a481a5d2?s=96&d=mm&r=g\",\"url\":\"https:\\\/\\\/secure.gravatar.com\\\/avatar\\\/a24f4ac3a683f3c87303db525abc00db51ea26ccedee11dfaf1cc0f9a481a5d2?s=96&d=mm&r=g\",\"contentUrl\":\"https:\\\/\\\/secure.gravatar.com\\\/avatar\\\/a24f4ac3a683f3c87303db525abc00db51ea26ccedee11dfaf1cc0f9a481a5d2?s=96&d=mm&r=g\",\"caption\":\"erevanblog_a\"},\"sameAs\":[\"http:\\\/\\\/erevanblog.am\"],\"url\":\"https:\\\/\\\/erevanblog.am\\\/?author=1\"}]}<\/script>\n<!-- \/ Yoast SEO plugin. -->","yoast_head_json":{"title":"\u201eP\u0159istoupil a prost\u011b \u0159ekl: \u201aMohu pomoci va\u0161\u00ed dce\u0159i.\u2018 A od t\u00e9 chv\u00edle se v\u0161echno zm\u011bnilo.\u201c -","robots":{"index":"index","follow":"follow","max-snippet":"max-snippet:-1","max-image-preview":"max-image-preview:large","max-video-preview":"max-video-preview:-1"},"canonical":"https:\/\/erevanblog.am\/?p=10809","og_locale":"en_US","og_type":"article","og_title":"\u201eP\u0159istoupil a prost\u011b \u0159ekl: \u201aMohu pomoci va\u0161\u00ed dce\u0159i.\u2018 A od t\u00e9 chv\u00edle se v\u0161echno zm\u011bnilo.\u201c -","og_description":"Bylo chladn\u00e9 listopadov\u00e9 r\u00e1no. D\u00e9\u0161\u0165 ne\u00fanavn\u011b bubnoval na okenn\u00ed tabule nemocni\u010dn\u00edho pokoje a ticho naru\u0161oval jen tlumen\u00fd zvuk p\u0159\u00edstroje sleduj\u00edc\u00edho slab\u00e9 \u017eivotn\u00ed funkce dvan\u00e1ctilet\u00e9 Eli\u0161ky. [...]","og_url":"https:\/\/erevanblog.am\/?p=10809","article_published_time":"2025-07-13T05:15:35+00:00","article_modified_time":"2025-07-13T05:15:36+00:00","og_image":[{"width":752,"height":440,"url":"http:\/\/erevanblog.am\/wp-content\/uploads\/2025\/07\/8965321477777.jpg","type":"image\/jpeg"}],"author":"erevanblog_a","twitter_card":"summary_large_image","twitter_misc":{"Written by":"erevanblog_a","Est. reading time":"2 minutes"},"schema":{"@context":"https:\/\/schema.org","@graph":[{"@type":"Article","@id":"https:\/\/erevanblog.am\/?p=10809#article","isPartOf":{"@id":"https:\/\/erevanblog.am\/?p=10809"},"author":{"name":"erevanblog_a","@id":"https:\/\/erevanblog.am\/#\/schema\/person\/204f10311eb7ddb8914a5ab3e5f03928"},"headline":"\u201eP\u0159istoupil a prost\u011b \u0159ekl: \u201aMohu pomoci va\u0161\u00ed dce\u0159i.\u2018 A od t\u00e9 chv\u00edle se v\u0161echno zm\u011bnilo.\u201c","datePublished":"2025-07-13T05:15:35+00:00","dateModified":"2025-07-13T05:15:36+00:00","mainEntityOfPage":{"@id":"https:\/\/erevanblog.am\/?p=10809"},"wordCount":329,"commentCount":0,"image":{"@id":"https:\/\/erevanblog.am\/?p=10809#primaryimage"},"thumbnailUrl":"https:\/\/erevanblog.am\/wp-content\/uploads\/2025\/07\/8965321477777.jpg","articleSection":["NEWS"],"inLanguage":"en-US","potentialAction":[{"@type":"CommentAction","name":"Comment","target":["https:\/\/erevanblog.am\/?p=10809#respond"]}]},{"@type":"WebPage","@id":"https:\/\/erevanblog.am\/?p=10809","url":"https:\/\/erevanblog.am\/?p=10809","name":"\u201eP\u0159istoupil a prost\u011b \u0159ekl: \u201aMohu pomoci va\u0161\u00ed dce\u0159i.\u2018 A od t\u00e9 chv\u00edle se v\u0161echno zm\u011bnilo.\u201c -","isPartOf":{"@id":"https:\/\/erevanblog.am\/#website"},"primaryImageOfPage":{"@id":"https:\/\/erevanblog.am\/?p=10809#primaryimage"},"image":{"@id":"https:\/\/erevanblog.am\/?p=10809#primaryimage"},"thumbnailUrl":"https:\/\/erevanblog.am\/wp-content\/uploads\/2025\/07\/8965321477777.jpg","datePublished":"2025-07-13T05:15:35+00:00","dateModified":"2025-07-13T05:15:36+00:00","author":{"@id":"https:\/\/erevanblog.am\/#\/schema\/person\/204f10311eb7ddb8914a5ab3e5f03928"},"breadcrumb":{"@id":"https:\/\/erevanblog.am\/?p=10809#breadcrumb"},"inLanguage":"en-US","potentialAction":[{"@type":"ReadAction","target":["https:\/\/erevanblog.am\/?p=10809"]}]},{"@type":"ImageObject","inLanguage":"en-US","@id":"https:\/\/erevanblog.am\/?p=10809#primaryimage","url":"https:\/\/erevanblog.am\/wp-content\/uploads\/2025\/07\/8965321477777.jpg","contentUrl":"https:\/\/erevanblog.am\/wp-content\/uploads\/2025\/07\/8965321477777.jpg","width":752,"height":440},{"@type":"BreadcrumbList","@id":"https:\/\/erevanblog.am\/?p=10809#breadcrumb","itemListElement":[{"@type":"ListItem","position":1,"name":"Home","item":"https:\/\/erevanblog.am\/"},{"@type":"ListItem","position":2,"name":"\u201eP\u0159istoupil a prost\u011b \u0159ekl: \u201aMohu pomoci va\u0161\u00ed dce\u0159i.\u2018 A od t\u00e9 chv\u00edle se v\u0161echno zm\u011bnilo.\u201c"}]},{"@type":"WebSite","@id":"https:\/\/erevanblog.am\/#website","url":"https:\/\/erevanblog.am\/","name":"","description":"","potentialAction":[{"@type":"SearchAction","target":{"@type":"EntryPoint","urlTemplate":"https:\/\/erevanblog.am\/?s={search_term_string}"},"query-input":{"@type":"PropertyValueSpecification","valueRequired":true,"valueName":"search_term_string"}}],"inLanguage":"en-US"},{"@type":"Person","@id":"https:\/\/erevanblog.am\/#\/schema\/person\/204f10311eb7ddb8914a5ab3e5f03928","name":"erevanblog_a","image":{"@type":"ImageObject","inLanguage":"en-US","@id":"https:\/\/secure.gravatar.com\/avatar\/a24f4ac3a683f3c87303db525abc00db51ea26ccedee11dfaf1cc0f9a481a5d2?s=96&d=mm&r=g","url":"https:\/\/secure.gravatar.com\/avatar\/a24f4ac3a683f3c87303db525abc00db51ea26ccedee11dfaf1cc0f9a481a5d2?s=96&d=mm&r=g","contentUrl":"https:\/\/secure.gravatar.com\/avatar\/a24f4ac3a683f3c87303db525abc00db51ea26ccedee11dfaf1cc0f9a481a5d2?s=96&d=mm&r=g","caption":"erevanblog_a"},"sameAs":["http:\/\/erevanblog.am"],"url":"https:\/\/erevanblog.am\/?author=1"}]}},"views":526,"_links":{"self":[{"href":"https:\/\/erevanblog.am\/index.php?rest_route=\/wp\/v2\/posts\/10809","targetHints":{"allow":["GET"]}}],"collection":[{"href":"https:\/\/erevanblog.am\/index.php?rest_route=\/wp\/v2\/posts"}],"about":[{"href":"https:\/\/erevanblog.am\/index.php?rest_route=\/wp\/v2\/types\/post"}],"author":[{"embeddable":true,"href":"https:\/\/erevanblog.am\/index.php?rest_route=\/wp\/v2\/users\/1"}],"replies":[{"embeddable":true,"href":"https:\/\/erevanblog.am\/index.php?rest_route=%2Fwp%2Fv2%2Fcomments&post=10809"}],"version-history":[{"count":1,"href":"https:\/\/erevanblog.am\/index.php?rest_route=\/wp\/v2\/posts\/10809\/revisions"}],"predecessor-version":[{"id":10811,"href":"https:\/\/erevanblog.am\/index.php?rest_route=\/wp\/v2\/posts\/10809\/revisions\/10811"}],"wp:featuredmedia":[{"embeddable":true,"href":"https:\/\/erevanblog.am\/index.php?rest_route=\/wp\/v2\/media\/10810"}],"wp:attachment":[{"href":"https:\/\/erevanblog.am\/index.php?rest_route=%2Fwp%2Fv2%2Fmedia&parent=10809"}],"wp:term":[{"taxonomy":"category","embeddable":true,"href":"https:\/\/erevanblog.am\/index.php?rest_route=%2Fwp%2Fv2%2Fcategories&post=10809"},{"taxonomy":"post_tag","embeddable":true,"href":"https:\/\/erevanblog.am\/index.php?rest_route=%2Fwp%2Fv2%2Ftags&post=10809"}],"curies":[{"name":"wp","href":"https:\/\/api.w.org\/{rel}","templated":true}]}}