{"id":10839,"date":"2025-07-14T18:13:25","date_gmt":"2025-07-14T17:13:25","guid":{"rendered":"https:\/\/erevanblog.am\/?p=10839"},"modified":"2025-07-14T18:13:26","modified_gmt":"2025-07-14T17:13:26","slug":"mysleli-si-ze-je-to-dobrodruzstviale-kdyz-pravda-vysla-najevo-zacala-nocni-mura-kterou-nikdo-necekal","status":"publish","type":"post","link":"https:\/\/erevanblog.am\/?p=10839","title":{"rendered":"Mysleli si, \u017ee je to dobrodru\u017estv\u00ed\u2026Ale kdy\u017e pravda vy\u0161la najevo, za\u010dala no\u010dn\u00ed m\u016fra, kterou nikdo ne\u010dekal."},"content":{"rendered":"\n<p>V\u0161echno za\u010dalo jako nevinn\u00fd v\u00fdlet.<br>\u010cty\u0159i p\u0159\u00e1tel\u00e9, jeden star\u00fd karavan a touha na chv\u00edli zmizet z m\u011bsta.<br>Bez jasn\u00e9ho pl\u00e1nu, bez rezervac\u00ed \u2014 jen mapa, kytara a pocit svobody, kter\u00fd jim tak dlouho chyb\u011bl.<\/p>\n\n\n\n<figure class=\"wp-block-image size-full\"><img loading=\"lazy\" decoding=\"async\" width=\"752\" height=\"440\" src=\"https:\/\/erevanblog.am\/wp-content\/uploads\/2025\/07\/66666666666666666.jpg\" alt=\"\" class=\"wp-image-10840\" srcset=\"https:\/\/erevanblog.am\/wp-content\/uploads\/2025\/07\/66666666666666666.jpg 752w, https:\/\/erevanblog.am\/wp-content\/uploads\/2025\/07\/66666666666666666-300x176.jpg 300w\" sizes=\"auto, (max-width: 752px) 100vw, 752px\" \/><\/figure>\n\n\n\n<p>Petra, Ond\u0159ej, Katka a Michal. \u010ctve\u0159ice, kter\u00e1 spolu vyr\u016fstala. Nerozlu\u010dn\u00ed. Sd\u00edleli prvn\u00ed l\u00e1sky, zklam\u00e1n\u00ed, sny i strachy. A te\u010f, po letech, se rozhodli znovu za\u017eehnout jiskru star\u00fdch \u010das\u016f.<\/p>\n\n\n\n<p>Vyrazili do hor. C\u00edl: zapomenut\u00e1 vesnice, op\u0159eden\u00e1 m\u00edstn\u00edmi pov\u00edda\u010dkami.<\/p>\n\n\n\n<p>\u201eP\u00e1r zbo\u0159en\u00fdch chalup, star\u00e1 kaple a kr\u00e1sn\u00fd v\u00fdhled. Ide\u00e1ln\u00ed m\u00edsto na kempov\u00e1n\u00ed,\u201c \u0159\u00edkal Ond\u0159ej, kdy\u017e se p\u0159ibli\u017eovali.<\/p>\n\n\n\n<p>Ale m\u00edsto, kter\u00e9 na\u0161li, nebylo idylick\u00e9.<br>Bylo\u2026 zvl\u00e1\u0161tn\u011b tich\u00e9.<br>Dve\u0159e dom\u016f pootev\u0159en\u00e9, jako by n\u011bkdo pr\u00e1v\u011b ode\u0161el. Ale nikde ani \u017eiv\u00e1 du\u0161e.<\/p>\n\n\n\n<p>A pak to za\u010dalo.<br>Ubytovali se v opu\u0161t\u011bn\u00e9 \u0161kole. Star\u00e9 lavice, rozbit\u00e1 okna\u2026 a na tabuli k\u0159\u00eddou n\u00e1pis:<br><strong>\u201eNEVRACEJ SE.\u201c<\/strong><\/p>\n\n\n\n<p>Katka se sm\u00e1la. \u201eTo je jak ze star\u00fdho hororu.\u201c<br>Ale je\u0161t\u011b t\u00e9 noci sm\u00edch zmizel.<\/p>\n\n\n\n<p>Po chodb\u011b se oz\u00fdvaly kroky. Tlumen\u00e9 hlasy, kter\u00e9 nikdo z nich nevyd\u00e1val.<br>R\u00e1no byl Michal pry\u010d.<br>\u017d\u00e1dn\u00e9 stopy, jen jeho batoh op\u0159en\u00fd o ze\u010f.<\/p>\n\n\n\n<p>Petra vyb\u011bhla ven. Karavan m\u011bl prop\u00edchnut\u00e9 pneumatiky.<br>Mobiln\u00ed sign\u00e1l? Nula.<br>Byli tam uv\u011bzn\u011bni.<\/p>\n\n\n\n<p>Dal\u0161\u00ed noc. Petra se probudila k\u0159ikem.<br>Katka zmizela.<br>Z\u016fstaly jen roztrhan\u00e9 str\u00e1nky z jej\u00edho den\u00edku \u2014 ty, kde psala o no\u010dn\u00edch m\u016fr\u00e1ch, kter\u00e9 ji pron\u00e1sledovaly u\u017e p\u0159ed v\u00fdletem.<\/p>\n\n\n\n<p>Ond\u0159ej za\u010dal mluvit o tom, \u017ee vesnice nen\u00ed opu\u0161t\u011bn\u00e1.<br>\u017de <strong>n\u011bco<\/strong> tam s nimi je.<br>A \u017ee to mo\u017en\u00e1 souvis\u00ed s t\u00edm, pro\u010d vesnice nen\u00ed na \u017e\u00e1dn\u00e9 map\u011b.<\/p>\n\n\n\n<p>\u201eNikdo sem nem\u011bl jezdit,\u201c \u0161eptal.<br>\u201eTa \u0161kola\u2026 ta kaple\u2026 to tu nen\u00ed n\u00e1hodou.\u201c<\/p>\n\n\n\n<p>Posledn\u00ed noc str\u00e1vili Ond\u0159ej a Petra v kapli.<br>Pokusili se sp\u00e1t. Ale o p\u016flnoci se otev\u0159ely dve\u0159e.<br>A to, co ve\u0161lo dovnit\u0159\u2026 <strong>nebylo lidsk\u00e9.<\/strong><\/p>\n\n\n\n<hr class=\"wp-block-separator has-alpha-channel-opacity\"\/>\n\n\n\n<p><strong>R\u00e1no policie na\u0161la jen opu\u0161t\u011bn\u00fd karavan.<\/strong><br>Uvnit\u0159 le\u017eela star\u00e1 u\u010debnice biologie, otev\u0159en\u00e1 na kapitole o lidsk\u00e9m mozku.<br>V rohu, \u010derven\u011b napsan\u00e9:<\/p>\n\n\n\n<p><strong>\u201eVzpom\u00ednky nejsou skute\u010dn\u00e9. Ale bolest ano.\u201c<\/strong><\/p>\n\n\n\n<p>Mysleli si, \u017ee je to dobrodru\u017estv\u00ed.<br>Ale objevili konec p\u0159\u00edb\u011bhu, kter\u00fd nikdy nem\u011bl b\u00fdt znovu otev\u0159en.<br>No\u010dn\u00ed m\u016fru, kter\u00e1 se zrodila ve st\u00ednech minulosti \u2014 a odm\u00edt\u00e1 znovu usnout.<\/p>\n","protected":false},"excerpt":{"rendered":"<div class=\"mh-excerpt\"><p>V\u0161echno za\u010dalo jako nevinn\u00fd v\u00fdlet.\u010cty\u0159i p\u0159\u00e1tel\u00e9, jeden star\u00fd karavan a touha na chv\u00edli zmizet z m\u011bsta.Bez jasn\u00e9ho pl\u00e1nu, bez rezervac\u00ed \u2014 jen mapa, kytara a <a class=\"mh-excerpt-more\" href=\"https:\/\/erevanblog.am\/?p=10839\" title=\"Mysleli si, \u017ee je to dobrodru\u017estv\u00ed\u2026Ale kdy\u017e pravda vy\u0161la najevo, za\u010dala no\u010dn\u00ed m\u016fra, kterou nikdo ne\u010dekal.\">[&#8230;]<\/a><\/p>\n<\/div>","protected":false},"author":1,"featured_media":10840,"comment_status":"open","ping_status":"open","sticky":false,"template":"","format":"standard","meta":{"footnotes":""},"categories":[1],"tags":[],"class_list":["post-10839","post","type-post","status-publish","format-standard","has-post-thumbnail","hentry","category-uncategorised"],"yoast_head":"<!-- This site is optimized with the Yoast SEO plugin v27.5 - https:\/\/yoast.com\/product\/yoast-seo-wordpress\/ -->\n<title>Mysleli si, \u017ee je to dobrodru\u017estv\u00ed\u2026Ale kdy\u017e pravda vy\u0161la najevo, za\u010dala no\u010dn\u00ed m\u016fra, kterou nikdo ne\u010dekal. -<\/title>\n<meta name=\"robots\" content=\"index, follow, max-snippet:-1, max-image-preview:large, max-video-preview:-1\" \/>\n<link rel=\"canonical\" href=\"https:\/\/erevanblog.am\/?p=10839\" \/>\n<meta property=\"og:locale\" content=\"en_US\" \/>\n<meta property=\"og:type\" content=\"article\" \/>\n<meta property=\"og:title\" content=\"Mysleli si, \u017ee je to dobrodru\u017estv\u00ed\u2026Ale kdy\u017e pravda vy\u0161la najevo, za\u010dala no\u010dn\u00ed m\u016fra, kterou nikdo ne\u010dekal. -\" \/>\n<meta property=\"og:description\" content=\"V\u0161echno za\u010dalo jako nevinn\u00fd v\u00fdlet.\u010cty\u0159i p\u0159\u00e1tel\u00e9, jeden star\u00fd karavan a touha na chv\u00edli zmizet z m\u011bsta.Bez jasn\u00e9ho pl\u00e1nu, bez rezervac\u00ed \u2014 jen mapa, kytara a [...]\" \/>\n<meta property=\"og:url\" content=\"https:\/\/erevanblog.am\/?p=10839\" \/>\n<meta property=\"article:published_time\" content=\"2025-07-14T17:13:25+00:00\" \/>\n<meta property=\"article:modified_time\" content=\"2025-07-14T17:13:26+00:00\" \/>\n<meta property=\"og:image\" content=\"http:\/\/erevanblog.am\/wp-content\/uploads\/2025\/07\/66666666666666666.jpg\" \/>\n\t<meta property=\"og:image:width\" content=\"752\" \/>\n\t<meta property=\"og:image:height\" content=\"440\" \/>\n\t<meta property=\"og:image:type\" content=\"image\/jpeg\" \/>\n<meta name=\"author\" content=\"erevanblog_a\" \/>\n<meta name=\"twitter:card\" content=\"summary_large_image\" \/>\n<meta name=\"twitter:label1\" content=\"Written by\" \/>\n\t<meta name=\"twitter:data1\" content=\"erevanblog_a\" \/>\n\t<meta name=\"twitter:label2\" content=\"Est. reading time\" \/>\n\t<meta name=\"twitter:data2\" content=\"2 minutes\" \/>\n<script type=\"application\/ld+json\" class=\"yoast-schema-graph\">{\"@context\":\"https:\\\/\\\/schema.org\",\"@graph\":[{\"@type\":\"Article\",\"@id\":\"https:\\\/\\\/erevanblog.am\\\/?p=10839#article\",\"isPartOf\":{\"@id\":\"https:\\\/\\\/erevanblog.am\\\/?p=10839\"},\"author\":{\"name\":\"erevanblog_a\",\"@id\":\"https:\\\/\\\/erevanblog.am\\\/#\\\/schema\\\/person\\\/204f10311eb7ddb8914a5ab3e5f03928\"},\"headline\":\"Mysleli si, \u017ee je to dobrodru\u017estv\u00ed\u2026Ale kdy\u017e pravda vy\u0161la najevo, za\u010dala no\u010dn\u00ed m\u016fra, kterou nikdo ne\u010dekal.\",\"datePublished\":\"2025-07-14T17:13:25+00:00\",\"dateModified\":\"2025-07-14T17:13:26+00:00\",\"mainEntityOfPage\":{\"@id\":\"https:\\\/\\\/erevanblog.am\\\/?p=10839\"},\"wordCount\":463,\"commentCount\":0,\"image\":{\"@id\":\"https:\\\/\\\/erevanblog.am\\\/?p=10839#primaryimage\"},\"thumbnailUrl\":\"https:\\\/\\\/erevanblog.am\\\/wp-content\\\/uploads\\\/2025\\\/07\\\/66666666666666666.jpg\",\"articleSection\":[\"NEWS\"],\"inLanguage\":\"en-US\",\"potentialAction\":[{\"@type\":\"CommentAction\",\"name\":\"Comment\",\"target\":[\"https:\\\/\\\/erevanblog.am\\\/?p=10839#respond\"]}]},{\"@type\":\"WebPage\",\"@id\":\"https:\\\/\\\/erevanblog.am\\\/?p=10839\",\"url\":\"https:\\\/\\\/erevanblog.am\\\/?p=10839\",\"name\":\"Mysleli si, \u017ee je to dobrodru\u017estv\u00ed\u2026Ale kdy\u017e pravda vy\u0161la najevo, za\u010dala no\u010dn\u00ed m\u016fra, kterou nikdo ne\u010dekal. -\",\"isPartOf\":{\"@id\":\"https:\\\/\\\/erevanblog.am\\\/#website\"},\"primaryImageOfPage\":{\"@id\":\"https:\\\/\\\/erevanblog.am\\\/?p=10839#primaryimage\"},\"image\":{\"@id\":\"https:\\\/\\\/erevanblog.am\\\/?p=10839#primaryimage\"},\"thumbnailUrl\":\"https:\\\/\\\/erevanblog.am\\\/wp-content\\\/uploads\\\/2025\\\/07\\\/66666666666666666.jpg\",\"datePublished\":\"2025-07-14T17:13:25+00:00\",\"dateModified\":\"2025-07-14T17:13:26+00:00\",\"author\":{\"@id\":\"https:\\\/\\\/erevanblog.am\\\/#\\\/schema\\\/person\\\/204f10311eb7ddb8914a5ab3e5f03928\"},\"breadcrumb\":{\"@id\":\"https:\\\/\\\/erevanblog.am\\\/?p=10839#breadcrumb\"},\"inLanguage\":\"en-US\",\"potentialAction\":[{\"@type\":\"ReadAction\",\"target\":[\"https:\\\/\\\/erevanblog.am\\\/?p=10839\"]}]},{\"@type\":\"ImageObject\",\"inLanguage\":\"en-US\",\"@id\":\"https:\\\/\\\/erevanblog.am\\\/?p=10839#primaryimage\",\"url\":\"https:\\\/\\\/erevanblog.am\\\/wp-content\\\/uploads\\\/2025\\\/07\\\/66666666666666666.jpg\",\"contentUrl\":\"https:\\\/\\\/erevanblog.am\\\/wp-content\\\/uploads\\\/2025\\\/07\\\/66666666666666666.jpg\",\"width\":752,\"height\":440},{\"@type\":\"BreadcrumbList\",\"@id\":\"https:\\\/\\\/erevanblog.am\\\/?p=10839#breadcrumb\",\"itemListElement\":[{\"@type\":\"ListItem\",\"position\":1,\"name\":\"Home\",\"item\":\"https:\\\/\\\/erevanblog.am\\\/\"},{\"@type\":\"ListItem\",\"position\":2,\"name\":\"Mysleli si, \u017ee je to dobrodru\u017estv\u00ed\u2026Ale kdy\u017e pravda vy\u0161la najevo, za\u010dala no\u010dn\u00ed m\u016fra, kterou nikdo ne\u010dekal.\"}]},{\"@type\":\"WebSite\",\"@id\":\"https:\\\/\\\/erevanblog.am\\\/#website\",\"url\":\"https:\\\/\\\/erevanblog.am\\\/\",\"name\":\"\",\"description\":\"\",\"potentialAction\":[{\"@type\":\"SearchAction\",\"target\":{\"@type\":\"EntryPoint\",\"urlTemplate\":\"https:\\\/\\\/erevanblog.am\\\/?s={search_term_string}\"},\"query-input\":{\"@type\":\"PropertyValueSpecification\",\"valueRequired\":true,\"valueName\":\"search_term_string\"}}],\"inLanguage\":\"en-US\"},{\"@type\":\"Person\",\"@id\":\"https:\\\/\\\/erevanblog.am\\\/#\\\/schema\\\/person\\\/204f10311eb7ddb8914a5ab3e5f03928\",\"name\":\"erevanblog_a\",\"image\":{\"@type\":\"ImageObject\",\"inLanguage\":\"en-US\",\"@id\":\"https:\\\/\\\/secure.gravatar.com\\\/avatar\\\/a24f4ac3a683f3c87303db525abc00db51ea26ccedee11dfaf1cc0f9a481a5d2?s=96&d=mm&r=g\",\"url\":\"https:\\\/\\\/secure.gravatar.com\\\/avatar\\\/a24f4ac3a683f3c87303db525abc00db51ea26ccedee11dfaf1cc0f9a481a5d2?s=96&d=mm&r=g\",\"contentUrl\":\"https:\\\/\\\/secure.gravatar.com\\\/avatar\\\/a24f4ac3a683f3c87303db525abc00db51ea26ccedee11dfaf1cc0f9a481a5d2?s=96&d=mm&r=g\",\"caption\":\"erevanblog_a\"},\"sameAs\":[\"http:\\\/\\\/erevanblog.am\"],\"url\":\"https:\\\/\\\/erevanblog.am\\\/?author=1\"}]}<\/script>\n<!-- \/ Yoast SEO plugin. -->","yoast_head_json":{"title":"Mysleli si, \u017ee je to dobrodru\u017estv\u00ed\u2026Ale kdy\u017e pravda vy\u0161la najevo, za\u010dala no\u010dn\u00ed m\u016fra, kterou nikdo ne\u010dekal. -","robots":{"index":"index","follow":"follow","max-snippet":"max-snippet:-1","max-image-preview":"max-image-preview:large","max-video-preview":"max-video-preview:-1"},"canonical":"https:\/\/erevanblog.am\/?p=10839","og_locale":"en_US","og_type":"article","og_title":"Mysleli si, \u017ee je to dobrodru\u017estv\u00ed\u2026Ale kdy\u017e pravda vy\u0161la najevo, za\u010dala no\u010dn\u00ed m\u016fra, kterou nikdo ne\u010dekal. -","og_description":"V\u0161echno za\u010dalo jako nevinn\u00fd v\u00fdlet.\u010cty\u0159i p\u0159\u00e1tel\u00e9, jeden star\u00fd karavan a touha na chv\u00edli zmizet z m\u011bsta.Bez jasn\u00e9ho pl\u00e1nu, bez rezervac\u00ed \u2014 jen mapa, kytara a [...]","og_url":"https:\/\/erevanblog.am\/?p=10839","article_published_time":"2025-07-14T17:13:25+00:00","article_modified_time":"2025-07-14T17:13:26+00:00","og_image":[{"width":752,"height":440,"url":"http:\/\/erevanblog.am\/wp-content\/uploads\/2025\/07\/66666666666666666.jpg","type":"image\/jpeg"}],"author":"erevanblog_a","twitter_card":"summary_large_image","twitter_misc":{"Written by":"erevanblog_a","Est. reading time":"2 minutes"},"schema":{"@context":"https:\/\/schema.org","@graph":[{"@type":"Article","@id":"https:\/\/erevanblog.am\/?p=10839#article","isPartOf":{"@id":"https:\/\/erevanblog.am\/?p=10839"},"author":{"name":"erevanblog_a","@id":"https:\/\/erevanblog.am\/#\/schema\/person\/204f10311eb7ddb8914a5ab3e5f03928"},"headline":"Mysleli si, \u017ee je to dobrodru\u017estv\u00ed\u2026Ale kdy\u017e pravda vy\u0161la najevo, za\u010dala no\u010dn\u00ed m\u016fra, kterou nikdo ne\u010dekal.","datePublished":"2025-07-14T17:13:25+00:00","dateModified":"2025-07-14T17:13:26+00:00","mainEntityOfPage":{"@id":"https:\/\/erevanblog.am\/?p=10839"},"wordCount":463,"commentCount":0,"image":{"@id":"https:\/\/erevanblog.am\/?p=10839#primaryimage"},"thumbnailUrl":"https:\/\/erevanblog.am\/wp-content\/uploads\/2025\/07\/66666666666666666.jpg","articleSection":["NEWS"],"inLanguage":"en-US","potentialAction":[{"@type":"CommentAction","name":"Comment","target":["https:\/\/erevanblog.am\/?p=10839#respond"]}]},{"@type":"WebPage","@id":"https:\/\/erevanblog.am\/?p=10839","url":"https:\/\/erevanblog.am\/?p=10839","name":"Mysleli si, \u017ee je to dobrodru\u017estv\u00ed\u2026Ale kdy\u017e pravda vy\u0161la najevo, za\u010dala no\u010dn\u00ed m\u016fra, kterou nikdo ne\u010dekal. -","isPartOf":{"@id":"https:\/\/erevanblog.am\/#website"},"primaryImageOfPage":{"@id":"https:\/\/erevanblog.am\/?p=10839#primaryimage"},"image":{"@id":"https:\/\/erevanblog.am\/?p=10839#primaryimage"},"thumbnailUrl":"https:\/\/erevanblog.am\/wp-content\/uploads\/2025\/07\/66666666666666666.jpg","datePublished":"2025-07-14T17:13:25+00:00","dateModified":"2025-07-14T17:13:26+00:00","author":{"@id":"https:\/\/erevanblog.am\/#\/schema\/person\/204f10311eb7ddb8914a5ab3e5f03928"},"breadcrumb":{"@id":"https:\/\/erevanblog.am\/?p=10839#breadcrumb"},"inLanguage":"en-US","potentialAction":[{"@type":"ReadAction","target":["https:\/\/erevanblog.am\/?p=10839"]}]},{"@type":"ImageObject","inLanguage":"en-US","@id":"https:\/\/erevanblog.am\/?p=10839#primaryimage","url":"https:\/\/erevanblog.am\/wp-content\/uploads\/2025\/07\/66666666666666666.jpg","contentUrl":"https:\/\/erevanblog.am\/wp-content\/uploads\/2025\/07\/66666666666666666.jpg","width":752,"height":440},{"@type":"BreadcrumbList","@id":"https:\/\/erevanblog.am\/?p=10839#breadcrumb","itemListElement":[{"@type":"ListItem","position":1,"name":"Home","item":"https:\/\/erevanblog.am\/"},{"@type":"ListItem","position":2,"name":"Mysleli si, \u017ee je to dobrodru\u017estv\u00ed\u2026Ale kdy\u017e pravda vy\u0161la najevo, za\u010dala no\u010dn\u00ed m\u016fra, kterou nikdo ne\u010dekal."}]},{"@type":"WebSite","@id":"https:\/\/erevanblog.am\/#website","url":"https:\/\/erevanblog.am\/","name":"","description":"","potentialAction":[{"@type":"SearchAction","target":{"@type":"EntryPoint","urlTemplate":"https:\/\/erevanblog.am\/?s={search_term_string}"},"query-input":{"@type":"PropertyValueSpecification","valueRequired":true,"valueName":"search_term_string"}}],"inLanguage":"en-US"},{"@type":"Person","@id":"https:\/\/erevanblog.am\/#\/schema\/person\/204f10311eb7ddb8914a5ab3e5f03928","name":"erevanblog_a","image":{"@type":"ImageObject","inLanguage":"en-US","@id":"https:\/\/secure.gravatar.com\/avatar\/a24f4ac3a683f3c87303db525abc00db51ea26ccedee11dfaf1cc0f9a481a5d2?s=96&d=mm&r=g","url":"https:\/\/secure.gravatar.com\/avatar\/a24f4ac3a683f3c87303db525abc00db51ea26ccedee11dfaf1cc0f9a481a5d2?s=96&d=mm&r=g","contentUrl":"https:\/\/secure.gravatar.com\/avatar\/a24f4ac3a683f3c87303db525abc00db51ea26ccedee11dfaf1cc0f9a481a5d2?s=96&d=mm&r=g","caption":"erevanblog_a"},"sameAs":["http:\/\/erevanblog.am"],"url":"https:\/\/erevanblog.am\/?author=1"}]}},"views":353,"_links":{"self":[{"href":"https:\/\/erevanblog.am\/index.php?rest_route=\/wp\/v2\/posts\/10839","targetHints":{"allow":["GET"]}}],"collection":[{"href":"https:\/\/erevanblog.am\/index.php?rest_route=\/wp\/v2\/posts"}],"about":[{"href":"https:\/\/erevanblog.am\/index.php?rest_route=\/wp\/v2\/types\/post"}],"author":[{"embeddable":true,"href":"https:\/\/erevanblog.am\/index.php?rest_route=\/wp\/v2\/users\/1"}],"replies":[{"embeddable":true,"href":"https:\/\/erevanblog.am\/index.php?rest_route=%2Fwp%2Fv2%2Fcomments&post=10839"}],"version-history":[{"count":1,"href":"https:\/\/erevanblog.am\/index.php?rest_route=\/wp\/v2\/posts\/10839\/revisions"}],"predecessor-version":[{"id":10841,"href":"https:\/\/erevanblog.am\/index.php?rest_route=\/wp\/v2\/posts\/10839\/revisions\/10841"}],"wp:featuredmedia":[{"embeddable":true,"href":"https:\/\/erevanblog.am\/index.php?rest_route=\/wp\/v2\/media\/10840"}],"wp:attachment":[{"href":"https:\/\/erevanblog.am\/index.php?rest_route=%2Fwp%2Fv2%2Fmedia&parent=10839"}],"wp:term":[{"taxonomy":"category","embeddable":true,"href":"https:\/\/erevanblog.am\/index.php?rest_route=%2Fwp%2Fv2%2Fcategories&post=10839"},{"taxonomy":"post_tag","embeddable":true,"href":"https:\/\/erevanblog.am\/index.php?rest_route=%2Fwp%2Fv2%2Ftags&post=10839"}],"curies":[{"name":"wp","href":"https:\/\/api.w.org\/{rel}","templated":true}]}}