{"id":10848,"date":"2025-07-15T09:15:03","date_gmt":"2025-07-15T08:15:03","guid":{"rendered":"https:\/\/erevanblog.am\/?p=10848"},"modified":"2025-07-15T09:15:04","modified_gmt":"2025-07-15T08:15:04","slug":"sonia-plakala-ve-svuj-svatebni-den","status":"publish","type":"post","link":"https:\/\/erevanblog.am\/?p=10848","title":{"rendered":"Sonia plakala ve sv\u016fj svatebn\u00ed den."},"content":{"rendered":"\n<p>Vdala se za star\u00e9ho, bohat\u00e9ho mu\u017ee \u2013 ne z l\u00e1sky, ale aby zachr\u00e1nila svou rodinu. Netu\u0161ila v\u0161ak, \u017ee to, co se stane o svatebn\u00ed noci, j\u00ed nav\u017edy zm\u011bn\u00ed \u017eivot.<\/p>\n\n\n\n<figure class=\"wp-block-image size-full\"><img loading=\"lazy\" decoding=\"async\" width=\"500\" height=\"640\" src=\"https:\/\/erevanblog.am\/wp-content\/uploads\/2025\/07\/33333333333333.jpg\" alt=\"\" class=\"wp-image-10849\" srcset=\"https:\/\/erevanblog.am\/wp-content\/uploads\/2025\/07\/33333333333333.jpg 500w, https:\/\/erevanblog.am\/wp-content\/uploads\/2025\/07\/33333333333333-234x300.jpg 234w\" sizes=\"auto, (max-width: 500px) 100vw, 500px\" \/><\/figure>\n\n\n\n<p>Slzy j\u00ed st\u00e9kaly po tv\u00e1\u0159\u00edch, i kdy\u017e se sna\u017eila usm\u00edvat. B\u00edl\u00e9 \u0161aty, z\u00e1voj, kv\u011btiny\u2026 v\u0161echno vypadalo jako z poh\u00e1dky. Ale v jej\u00edm srdci vl\u00e1dla bou\u0159e \u2013 sm\u011bs bezmoci, zoufalstv\u00ed a viny.<\/p>\n\n\n\n<p><strong>Vezme si ji.<\/strong><br><strong>Zaplat\u00ed dluhy, zajist\u00ed l\u00e9\u010dbu matky a d\u00e1 rodin\u011b klid.<\/strong><br><strong>Na opl\u00e1tku\u2026 bude jeho \u017eenou.<\/strong><br>Bez l\u00e1sky. Bez volby.<\/p>\n\n\n\n<p>P\u0159ik\u00fdvla.<\/p>\n\n\n\n<p>Svatba se konala v luxusn\u00edm hotelu. Navenek radost, uvnit\u0159 nap\u011bt\u00ed. Nikdo netu\u0161il, \u017ee nev\u011bsta by nejrad\u0161i utekla. Nikdo \u2013 krom\u011b Richarda. Ten to v\u011bd\u011bl. A p\u0159esto tam st\u00e1l, u olt\u00e1\u0159e, tich\u00fd, klidn\u00fd, t\u00e9m\u011b\u0159 smutn\u00fd.<\/p>\n\n\n\n<p>Ve\u010der, kdy\u017e host\u00e9 ode\u0161li a z\u016fstali sami v apartm\u00e1, Sonia st\u00e1la u okna. Srdce j\u00ed bu\u0161ilo jako nikdy.<\/p>\n\n\n\n<p>\u010cekala v\u0161echno mo\u017en\u00e9 \u2013 n\u00e1tlak, ticho, chlad.<br>Ale Richard si jen sedl do k\u0159esla, rozepnul si man\u017eety a zad\u00edval se na ni. Klidn\u011b. Bez \u00fasm\u011bvu.<\/p>\n\n\n\n<p>\u201eNeboj se,\u201c \u0159ekl ti\u0161e. \u201eNechci t\u011b vlastnit. Nechci t\u011b nutit. Dnes v noci\u2026 jsi voln\u00e1. A vlastn\u011b \u2013 nav\u017edy.\u201c<\/p>\n\n\n\n<p>Z\u016fstala st\u00e1t. P\u0159ekvapen\u00e1.<\/p>\n\n\n\n<p>\u201eV\u00edm, pro\u010d jsi do toho \u0161la,\u201c pokra\u010doval. \u201eA neobvi\u0148uji t\u011b. Mo\u017en\u00e1 jsi m\u011b nen\u00e1vid\u011bla. Mo\u017en\u00e1 po\u0159\u00e1d nen\u00e1vid\u00ed\u0161. Ale j\u00e1 t\u011b necht\u011bl zlomit. Jen jsem t\u011b\u2026 pot\u0159eboval vid\u011bt.\u201c<\/p>\n\n\n\n<p>\u201ePro\u010d j\u00e1?\u201c za\u0161eptala Sonia.<\/p>\n\n\n\n<p>\u201eProto\u017ee v tob\u011b vid\u00edm dceru, kterou jsem nikdy nem\u011bl. A mo\u017en\u00e1 i posledn\u00ed \u0161anci n\u011bco ud\u011blat spr\u00e1vn\u011b. Mo\u017en\u00e1 to nezn\u00ed romanticky\u2026 ale je to up\u0159\u00edmn\u00e9.\u201c<\/p>\n\n\n\n<p>Ta noc byla tich\u00e1. Spali ka\u017ed\u00fd zvl\u00e1\u0161\u0165. A p\u0159esto se n\u011bco zm\u011bnilo.<\/p>\n\n\n\n<p>Dny plynuly. Sonia z\u016fstala v dom\u011b \u2013 m\u011bla sv\u016fj pokoj, sv\u00e9 soukrom\u00ed, svobodu. Richard ji ne\u0159\u00eddil. Nepokl\u00e1dal ot\u00e1zky. Jen ob\u010das ve\u010de\u0159eli spolu. Pov\u00eddali si. A \u010dasem\u2026 se za\u010dali sm\u00e1t. Up\u0159\u00edmn\u011b. Doopravdy.<\/p>\n\n\n\n<p>Po p\u016fl roce ho doprovodila na obchodn\u00ed cestu. Po roce mu pom\u00e1hala s nada\u010dn\u00ed \u010dinnost\u00ed.<\/p>\n\n\n\n<p><strong>A po dvou letech\u2026<\/strong><\/p>\n\n\n\n<p>Dr\u017eela ho za ruku, kdy\u017e le\u017eel v nemocnici. Slab\u00fd. Tich\u00fd. Ale s t\u00edm sam\u00fdm pohledem jako tehdy \u2013 v noci jejich svatby. Pln\u00fdm \u00facty.<\/p>\n\n\n\n<p>\u201eD\u011bkuju,\u201c za\u0161eptal.<br>\u201eNe za to, \u017ee jsi m\u011b milovala. Ale za to, \u017ee jsi mi dovolila b\u00fdt t\u00edm, k\u00fdm jsem nikdy nebyl.\u201c<\/p>\n\n\n\n<p>Dnes Sonia vede jeho nadaci. Pom\u00e1h\u00e1 \u017een\u00e1m v nouzi. A kdy\u017e se j\u00ed n\u011bkdo zept\u00e1, jak\u00fd byl jej\u00ed man\u017eel, odpov\u00ed prost\u011b:<\/p>\n\n\n\n<p><strong>\u201eByl to ten nejne\u010dekan\u011bj\u0161\u00ed dar m\u00e9ho \u017eivota. A mo\u017en\u00e1 prvn\u00ed \u010dlov\u011bk, kter\u00fd mi dal svobodu \u2013 i kdy\u017e m\u011bl pr\u00e1vo m\u011b spoutat.\u201c<\/strong><\/p>\n","protected":false},"excerpt":{"rendered":"<div class=\"mh-excerpt\"><p>Vdala se za star\u00e9ho, bohat\u00e9ho mu\u017ee \u2013 ne z l\u00e1sky, ale aby zachr\u00e1nila svou rodinu. Netu\u0161ila v\u0161ak, \u017ee to, co se stane o svatebn\u00ed noci, <a class=\"mh-excerpt-more\" href=\"https:\/\/erevanblog.am\/?p=10848\" title=\"Sonia plakala ve sv\u016fj svatebn\u00ed den.\">[&#8230;]<\/a><\/p>\n<\/div>","protected":false},"author":1,"featured_media":10849,"comment_status":"open","ping_status":"open","sticky":false,"template":"","format":"standard","meta":{"footnotes":""},"categories":[1],"tags":[],"class_list":["post-10848","post","type-post","status-publish","format-standard","has-post-thumbnail","hentry","category-uncategorised"],"yoast_head":"<!-- This site is optimized with the Yoast SEO plugin v27.5 - https:\/\/yoast.com\/product\/yoast-seo-wordpress\/ -->\n<title>Sonia plakala ve sv\u016fj svatebn\u00ed den. -<\/title>\n<meta name=\"robots\" content=\"index, follow, max-snippet:-1, max-image-preview:large, max-video-preview:-1\" \/>\n<link rel=\"canonical\" href=\"https:\/\/erevanblog.am\/?p=10848\" \/>\n<meta property=\"og:locale\" content=\"en_US\" \/>\n<meta property=\"og:type\" content=\"article\" \/>\n<meta property=\"og:title\" content=\"Sonia plakala ve sv\u016fj svatebn\u00ed den. -\" \/>\n<meta property=\"og:description\" content=\"Vdala se za star\u00e9ho, bohat\u00e9ho mu\u017ee \u2013 ne z l\u00e1sky, ale aby zachr\u00e1nila svou rodinu. Netu\u0161ila v\u0161ak, \u017ee to, co se stane o svatebn\u00ed noci, [...]\" \/>\n<meta property=\"og:url\" content=\"https:\/\/erevanblog.am\/?p=10848\" \/>\n<meta property=\"article:published_time\" content=\"2025-07-15T08:15:03+00:00\" \/>\n<meta property=\"article:modified_time\" content=\"2025-07-15T08:15:04+00:00\" \/>\n<meta property=\"og:image\" content=\"http:\/\/erevanblog.am\/wp-content\/uploads\/2025\/07\/33333333333333.jpg\" \/>\n\t<meta property=\"og:image:width\" content=\"500\" \/>\n\t<meta property=\"og:image:height\" content=\"640\" \/>\n\t<meta property=\"og:image:type\" content=\"image\/jpeg\" \/>\n<meta name=\"author\" content=\"erevanblog_a\" \/>\n<meta name=\"twitter:card\" content=\"summary_large_image\" \/>\n<meta name=\"twitter:label1\" content=\"Written by\" \/>\n\t<meta name=\"twitter:data1\" content=\"erevanblog_a\" \/>\n\t<meta name=\"twitter:label2\" content=\"Est. reading time\" \/>\n\t<meta name=\"twitter:data2\" content=\"3 minutes\" \/>\n<script type=\"application\/ld+json\" class=\"yoast-schema-graph\">{\"@context\":\"https:\\\/\\\/schema.org\",\"@graph\":[{\"@type\":\"Article\",\"@id\":\"https:\\\/\\\/erevanblog.am\\\/?p=10848#article\",\"isPartOf\":{\"@id\":\"https:\\\/\\\/erevanblog.am\\\/?p=10848\"},\"author\":{\"name\":\"erevanblog_a\",\"@id\":\"https:\\\/\\\/erevanblog.am\\\/#\\\/schema\\\/person\\\/204f10311eb7ddb8914a5ab3e5f03928\"},\"headline\":\"Sonia plakala ve sv\u016fj svatebn\u00ed den.\",\"datePublished\":\"2025-07-15T08:15:03+00:00\",\"dateModified\":\"2025-07-15T08:15:04+00:00\",\"mainEntityOfPage\":{\"@id\":\"https:\\\/\\\/erevanblog.am\\\/?p=10848\"},\"wordCount\":505,\"commentCount\":0,\"image\":{\"@id\":\"https:\\\/\\\/erevanblog.am\\\/?p=10848#primaryimage\"},\"thumbnailUrl\":\"https:\\\/\\\/erevanblog.am\\\/wp-content\\\/uploads\\\/2025\\\/07\\\/33333333333333.jpg\",\"articleSection\":[\"NEWS\"],\"inLanguage\":\"en-US\",\"potentialAction\":[{\"@type\":\"CommentAction\",\"name\":\"Comment\",\"target\":[\"https:\\\/\\\/erevanblog.am\\\/?p=10848#respond\"]}]},{\"@type\":\"WebPage\",\"@id\":\"https:\\\/\\\/erevanblog.am\\\/?p=10848\",\"url\":\"https:\\\/\\\/erevanblog.am\\\/?p=10848\",\"name\":\"Sonia plakala ve sv\u016fj svatebn\u00ed den. -\",\"isPartOf\":{\"@id\":\"https:\\\/\\\/erevanblog.am\\\/#website\"},\"primaryImageOfPage\":{\"@id\":\"https:\\\/\\\/erevanblog.am\\\/?p=10848#primaryimage\"},\"image\":{\"@id\":\"https:\\\/\\\/erevanblog.am\\\/?p=10848#primaryimage\"},\"thumbnailUrl\":\"https:\\\/\\\/erevanblog.am\\\/wp-content\\\/uploads\\\/2025\\\/07\\\/33333333333333.jpg\",\"datePublished\":\"2025-07-15T08:15:03+00:00\",\"dateModified\":\"2025-07-15T08:15:04+00:00\",\"author\":{\"@id\":\"https:\\\/\\\/erevanblog.am\\\/#\\\/schema\\\/person\\\/204f10311eb7ddb8914a5ab3e5f03928\"},\"breadcrumb\":{\"@id\":\"https:\\\/\\\/erevanblog.am\\\/?p=10848#breadcrumb\"},\"inLanguage\":\"en-US\",\"potentialAction\":[{\"@type\":\"ReadAction\",\"target\":[\"https:\\\/\\\/erevanblog.am\\\/?p=10848\"]}]},{\"@type\":\"ImageObject\",\"inLanguage\":\"en-US\",\"@id\":\"https:\\\/\\\/erevanblog.am\\\/?p=10848#primaryimage\",\"url\":\"https:\\\/\\\/erevanblog.am\\\/wp-content\\\/uploads\\\/2025\\\/07\\\/33333333333333.jpg\",\"contentUrl\":\"https:\\\/\\\/erevanblog.am\\\/wp-content\\\/uploads\\\/2025\\\/07\\\/33333333333333.jpg\",\"width\":500,\"height\":640},{\"@type\":\"BreadcrumbList\",\"@id\":\"https:\\\/\\\/erevanblog.am\\\/?p=10848#breadcrumb\",\"itemListElement\":[{\"@type\":\"ListItem\",\"position\":1,\"name\":\"Home\",\"item\":\"https:\\\/\\\/erevanblog.am\\\/\"},{\"@type\":\"ListItem\",\"position\":2,\"name\":\"Sonia plakala ve sv\u016fj svatebn\u00ed den.\"}]},{\"@type\":\"WebSite\",\"@id\":\"https:\\\/\\\/erevanblog.am\\\/#website\",\"url\":\"https:\\\/\\\/erevanblog.am\\\/\",\"name\":\"\",\"description\":\"\",\"potentialAction\":[{\"@type\":\"SearchAction\",\"target\":{\"@type\":\"EntryPoint\",\"urlTemplate\":\"https:\\\/\\\/erevanblog.am\\\/?s={search_term_string}\"},\"query-input\":{\"@type\":\"PropertyValueSpecification\",\"valueRequired\":true,\"valueName\":\"search_term_string\"}}],\"inLanguage\":\"en-US\"},{\"@type\":\"Person\",\"@id\":\"https:\\\/\\\/erevanblog.am\\\/#\\\/schema\\\/person\\\/204f10311eb7ddb8914a5ab3e5f03928\",\"name\":\"erevanblog_a\",\"image\":{\"@type\":\"ImageObject\",\"inLanguage\":\"en-US\",\"@id\":\"https:\\\/\\\/secure.gravatar.com\\\/avatar\\\/a24f4ac3a683f3c87303db525abc00db51ea26ccedee11dfaf1cc0f9a481a5d2?s=96&d=mm&r=g\",\"url\":\"https:\\\/\\\/secure.gravatar.com\\\/avatar\\\/a24f4ac3a683f3c87303db525abc00db51ea26ccedee11dfaf1cc0f9a481a5d2?s=96&d=mm&r=g\",\"contentUrl\":\"https:\\\/\\\/secure.gravatar.com\\\/avatar\\\/a24f4ac3a683f3c87303db525abc00db51ea26ccedee11dfaf1cc0f9a481a5d2?s=96&d=mm&r=g\",\"caption\":\"erevanblog_a\"},\"sameAs\":[\"http:\\\/\\\/erevanblog.am\"],\"url\":\"https:\\\/\\\/erevanblog.am\\\/?author=1\"}]}<\/script>\n<!-- \/ Yoast SEO plugin. -->","yoast_head_json":{"title":"Sonia plakala ve sv\u016fj svatebn\u00ed den. -","robots":{"index":"index","follow":"follow","max-snippet":"max-snippet:-1","max-image-preview":"max-image-preview:large","max-video-preview":"max-video-preview:-1"},"canonical":"https:\/\/erevanblog.am\/?p=10848","og_locale":"en_US","og_type":"article","og_title":"Sonia plakala ve sv\u016fj svatebn\u00ed den. -","og_description":"Vdala se za star\u00e9ho, bohat\u00e9ho mu\u017ee \u2013 ne z l\u00e1sky, ale aby zachr\u00e1nila svou rodinu. Netu\u0161ila v\u0161ak, \u017ee to, co se stane o svatebn\u00ed noci, [...]","og_url":"https:\/\/erevanblog.am\/?p=10848","article_published_time":"2025-07-15T08:15:03+00:00","article_modified_time":"2025-07-15T08:15:04+00:00","og_image":[{"width":500,"height":640,"url":"http:\/\/erevanblog.am\/wp-content\/uploads\/2025\/07\/33333333333333.jpg","type":"image\/jpeg"}],"author":"erevanblog_a","twitter_card":"summary_large_image","twitter_misc":{"Written by":"erevanblog_a","Est. reading time":"3 minutes"},"schema":{"@context":"https:\/\/schema.org","@graph":[{"@type":"Article","@id":"https:\/\/erevanblog.am\/?p=10848#article","isPartOf":{"@id":"https:\/\/erevanblog.am\/?p=10848"},"author":{"name":"erevanblog_a","@id":"https:\/\/erevanblog.am\/#\/schema\/person\/204f10311eb7ddb8914a5ab3e5f03928"},"headline":"Sonia plakala ve sv\u016fj svatebn\u00ed den.","datePublished":"2025-07-15T08:15:03+00:00","dateModified":"2025-07-15T08:15:04+00:00","mainEntityOfPage":{"@id":"https:\/\/erevanblog.am\/?p=10848"},"wordCount":505,"commentCount":0,"image":{"@id":"https:\/\/erevanblog.am\/?p=10848#primaryimage"},"thumbnailUrl":"https:\/\/erevanblog.am\/wp-content\/uploads\/2025\/07\/33333333333333.jpg","articleSection":["NEWS"],"inLanguage":"en-US","potentialAction":[{"@type":"CommentAction","name":"Comment","target":["https:\/\/erevanblog.am\/?p=10848#respond"]}]},{"@type":"WebPage","@id":"https:\/\/erevanblog.am\/?p=10848","url":"https:\/\/erevanblog.am\/?p=10848","name":"Sonia plakala ve sv\u016fj svatebn\u00ed den. -","isPartOf":{"@id":"https:\/\/erevanblog.am\/#website"},"primaryImageOfPage":{"@id":"https:\/\/erevanblog.am\/?p=10848#primaryimage"},"image":{"@id":"https:\/\/erevanblog.am\/?p=10848#primaryimage"},"thumbnailUrl":"https:\/\/erevanblog.am\/wp-content\/uploads\/2025\/07\/33333333333333.jpg","datePublished":"2025-07-15T08:15:03+00:00","dateModified":"2025-07-15T08:15:04+00:00","author":{"@id":"https:\/\/erevanblog.am\/#\/schema\/person\/204f10311eb7ddb8914a5ab3e5f03928"},"breadcrumb":{"@id":"https:\/\/erevanblog.am\/?p=10848#breadcrumb"},"inLanguage":"en-US","potentialAction":[{"@type":"ReadAction","target":["https:\/\/erevanblog.am\/?p=10848"]}]},{"@type":"ImageObject","inLanguage":"en-US","@id":"https:\/\/erevanblog.am\/?p=10848#primaryimage","url":"https:\/\/erevanblog.am\/wp-content\/uploads\/2025\/07\/33333333333333.jpg","contentUrl":"https:\/\/erevanblog.am\/wp-content\/uploads\/2025\/07\/33333333333333.jpg","width":500,"height":640},{"@type":"BreadcrumbList","@id":"https:\/\/erevanblog.am\/?p=10848#breadcrumb","itemListElement":[{"@type":"ListItem","position":1,"name":"Home","item":"https:\/\/erevanblog.am\/"},{"@type":"ListItem","position":2,"name":"Sonia plakala ve sv\u016fj svatebn\u00ed den."}]},{"@type":"WebSite","@id":"https:\/\/erevanblog.am\/#website","url":"https:\/\/erevanblog.am\/","name":"","description":"","potentialAction":[{"@type":"SearchAction","target":{"@type":"EntryPoint","urlTemplate":"https:\/\/erevanblog.am\/?s={search_term_string}"},"query-input":{"@type":"PropertyValueSpecification","valueRequired":true,"valueName":"search_term_string"}}],"inLanguage":"en-US"},{"@type":"Person","@id":"https:\/\/erevanblog.am\/#\/schema\/person\/204f10311eb7ddb8914a5ab3e5f03928","name":"erevanblog_a","image":{"@type":"ImageObject","inLanguage":"en-US","@id":"https:\/\/secure.gravatar.com\/avatar\/a24f4ac3a683f3c87303db525abc00db51ea26ccedee11dfaf1cc0f9a481a5d2?s=96&d=mm&r=g","url":"https:\/\/secure.gravatar.com\/avatar\/a24f4ac3a683f3c87303db525abc00db51ea26ccedee11dfaf1cc0f9a481a5d2?s=96&d=mm&r=g","contentUrl":"https:\/\/secure.gravatar.com\/avatar\/a24f4ac3a683f3c87303db525abc00db51ea26ccedee11dfaf1cc0f9a481a5d2?s=96&d=mm&r=g","caption":"erevanblog_a"},"sameAs":["http:\/\/erevanblog.am"],"url":"https:\/\/erevanblog.am\/?author=1"}]}},"views":829,"_links":{"self":[{"href":"https:\/\/erevanblog.am\/index.php?rest_route=\/wp\/v2\/posts\/10848","targetHints":{"allow":["GET"]}}],"collection":[{"href":"https:\/\/erevanblog.am\/index.php?rest_route=\/wp\/v2\/posts"}],"about":[{"href":"https:\/\/erevanblog.am\/index.php?rest_route=\/wp\/v2\/types\/post"}],"author":[{"embeddable":true,"href":"https:\/\/erevanblog.am\/index.php?rest_route=\/wp\/v2\/users\/1"}],"replies":[{"embeddable":true,"href":"https:\/\/erevanblog.am\/index.php?rest_route=%2Fwp%2Fv2%2Fcomments&post=10848"}],"version-history":[{"count":1,"href":"https:\/\/erevanblog.am\/index.php?rest_route=\/wp\/v2\/posts\/10848\/revisions"}],"predecessor-version":[{"id":10850,"href":"https:\/\/erevanblog.am\/index.php?rest_route=\/wp\/v2\/posts\/10848\/revisions\/10850"}],"wp:featuredmedia":[{"embeddable":true,"href":"https:\/\/erevanblog.am\/index.php?rest_route=\/wp\/v2\/media\/10849"}],"wp:attachment":[{"href":"https:\/\/erevanblog.am\/index.php?rest_route=%2Fwp%2Fv2%2Fmedia&parent=10848"}],"wp:term":[{"taxonomy":"category","embeddable":true,"href":"https:\/\/erevanblog.am\/index.php?rest_route=%2Fwp%2Fv2%2Fcategories&post=10848"},{"taxonomy":"post_tag","embeddable":true,"href":"https:\/\/erevanblog.am\/index.php?rest_route=%2Fwp%2Fv2%2Ftags&post=10848"}],"curies":[{"name":"wp","href":"https:\/\/api.w.org\/{rel}","templated":true}]}}