{"id":10851,"date":"2025-07-15T12:26:59","date_gmt":"2025-07-15T11:26:59","guid":{"rendered":"https:\/\/erevanblog.am\/?p=10851"},"modified":"2025-07-15T12:27:00","modified_gmt":"2025-07-15T11:27:00","slug":"odesli-spolu-co-videla-zdravotni-sestra-kdyz-vesla-do-pokoje-kde-se-starec-loucil-se-svym-psem","status":"publish","type":"post","link":"https:\/\/erevanblog.am\/?p=10851","title":{"rendered":"\u201eODE\u0160LI SPOLU: Co vid\u011bla zdravotn\u00ed sestra, kdy\u017e ve\u0161la do pokoje, kde se sta\u0159ec lou\u010dil se sv\u00fdm psem?\u201c"},"content":{"rendered":"\n<p>V odlehl\u00e9 \u010d\u00e1sti mal\u00e9 venkovsk\u00e9 nemocnice panovalo \u010dasn\u00e9 rann\u00ed ticho. Pokoj \u010d\u00edslo 27 byl zalit jemn\u00fdm sv\u011btlem vych\u00e1zej\u00edc\u00edho slunce. Na nemocni\u010dn\u00edm l\u016f\u017eku, zabalen\u00fd v p\u0159ikr\u00fdvce, le\u017eel pan Mal\u00edk \u2014 mu\u017e s unaven\u00fdma o\u010dima a klidn\u00fdm v\u00fdrazem ve tv\u00e1\u0159i. Po jeho boku, v\u011brn\u011b jako v\u017edy, le\u017eel pes.<\/p>\n\n\n\n<figure class=\"wp-block-image size-full\"><img loading=\"lazy\" decoding=\"async\" width=\"716\" height=\"1024\" src=\"https:\/\/erevanblog.am\/wp-content\/uploads\/2025\/07\/0000000000000000000000.jpg\" alt=\"\" class=\"wp-image-10852\" srcset=\"https:\/\/erevanblog.am\/wp-content\/uploads\/2025\/07\/0000000000000000000000.jpg 716w, https:\/\/erevanblog.am\/wp-content\/uploads\/2025\/07\/0000000000000000000000-210x300.jpg 210w\" sizes=\"auto, (max-width: 716px) 100vw, 716px\" \/><\/figure>\n\n\n\n<p>Rex, star\u00fd n\u011bmeck\u00fd ov\u010d\u00e1k, byl jeho nejbli\u017e\u0161\u00edm p\u0159\u00edtelem u\u017e t\u00e9m\u011b\u0159 \u010dtrn\u00e1ct let. Byl s n\u00edm, kdy\u017e p\u0159i\u0161el o man\u017eelku, doprov\u00e1zel ho na rann\u00edch proch\u00e1zk\u00e1ch, hl\u00eddal ho, kdy\u017e v noci nemohl sp\u00e1t. Kdy\u017e pana Mal\u00edka p\u0159evezli do nemocnice, prosil, aby mohl m\u00edt Rexe u sebe. L\u00e9ka\u0159i byli proti, ale zdravotn\u00ed sestra Kl\u00e1ra se rozhodla poru\u0161it pravidla. \u201eJe to to posledn\u00ed, co ho dr\u017e\u00ed p\u0159i \u017eivot\u011b,\u201c \u0159ekla tehdy ti\u0161e prim\u00e1\u0159i.<\/p>\n\n\n\n<p>A tak byl Rex p\u0159ijat do nemocnice. Le\u017eel ti\u0161e na dece vedle postele, ne\u0161t\u011bkal, nezlobil \u2014 jen \u010dekal. Dny plynuly a stav pana Mal\u00edka se zhor\u0161oval. Mluvil m\u00e9n\u011b, usm\u00edval se vz\u00e1cn\u011bji. Ale poka\u017ed\u00e9, kdy\u017e pohladil Rexe po hlav\u011b, jeho o\u010di je\u0161t\u011b jednou zasv\u00edtily.<\/p>\n\n\n\n<p>Jednoho r\u00e1na, kolem \u0161est\u00e9, \u0161la Kl\u00e1ra jako obvykle na vizitu. Nesla s sebou tepl\u00fd \u010daj a l\u00e9ky. Zaklepala lehce, ale nedostala \u017e\u00e1dnou odpov\u011b\u010f. Otev\u0159ela dve\u0159e a vstoupila \u2014 a to, co uvid\u011bla, j\u00ed vzalo dech.<\/p>\n\n\n\n<p>Pan Mal\u00edk le\u017eel ti\u0161e s jemn\u00fdm \u00fasm\u011bvem na rtech. Jeho ruka visela p\u0159es okraj postele \u2014 a v n\u00ed, n\u011b\u017en\u011b sev\u0159en\u00e1, byla tlapka Rexe. Pes le\u017eel ti\u0161e u postele, o\u010di m\u011bl zav\u0159en\u00e9, t\u011blo nehybn\u00e9.<\/p>\n\n\n\n<p>Kl\u00e1ra k nim p\u0159istoupila. Zkontrolovala puls. Nic. Pak se sklonila k Rexovi \u2014 ani on u\u017e ned\u00fdchal.<\/p>\n\n\n\n<p>Oba byli pry\u010d. <strong>Ode\u0161li spolu.<\/strong><\/p>\n\n\n\n<p>Na no\u010dn\u00edm stolku le\u017eel star\u00fd za\u017eloutl\u00fd pap\u00edr. Rukou pana Mal\u00edka tam bylo dops\u00e1no p\u00e1r posledn\u00edch \u0159\u00e1dk\u016f:<\/p>\n\n\n\n<p><em>\u201eNev\u00edm, co bude po smrti. Ale v\u00edm, \u017ee tam, kam p\u016fjdu, chci j\u00edt s tebou. Po tom v\u0161em, co jsme spolu za\u017eili, se nedok\u00e1\u017eu rozlou\u010dit. Tak jestli to c\u00edt\u00ed\u0161 stejn\u011b\u2026 poj\u010f se mnou.\u201c<\/em><\/p>\n\n\n\n<p>Kl\u00e1ra si sedla na \u017eidli a ti\u0161e plakala. Ne z bolesti, ale z dojet\u00ed. V tom pokoji nezem\u0159el jen \u010dlov\u011bk a jeho pes. V tom pokoji ode\u0161lo p\u0159\u00e1telstv\u00ed, kter\u00e9 trvalo cel\u00fd \u017eivot. A ode\u0161lo d\u016fstojn\u011b \u2014 tak, jak \u017eilo: <strong>spolu<\/strong>.<\/p>\n","protected":false},"excerpt":{"rendered":"<div class=\"mh-excerpt\"><p>V odlehl\u00e9 \u010d\u00e1sti mal\u00e9 venkovsk\u00e9 nemocnice panovalo \u010dasn\u00e9 rann\u00ed ticho. Pokoj \u010d\u00edslo 27 byl zalit jemn\u00fdm sv\u011btlem vych\u00e1zej\u00edc\u00edho slunce. Na nemocni\u010dn\u00edm l\u016f\u017eku, zabalen\u00fd v p\u0159ikr\u00fdvce, <a class=\"mh-excerpt-more\" href=\"https:\/\/erevanblog.am\/?p=10851\" title=\"\u201eODE\u0160LI SPOLU: Co vid\u011bla zdravotn\u00ed sestra, kdy\u017e ve\u0161la do pokoje, kde se sta\u0159ec lou\u010dil se sv\u00fdm psem?\u201c\">[&#8230;]<\/a><\/p>\n<\/div>","protected":false},"author":1,"featured_media":10852,"comment_status":"open","ping_status":"open","sticky":false,"template":"","format":"standard","meta":{"footnotes":""},"categories":[1],"tags":[],"class_list":["post-10851","post","type-post","status-publish","format-standard","has-post-thumbnail","hentry","category-uncategorised"],"yoast_head":"<!-- This site is optimized with the Yoast SEO plugin v27.5 - https:\/\/yoast.com\/product\/yoast-seo-wordpress\/ -->\n<title>\u201eODE\u0160LI SPOLU: Co vid\u011bla zdravotn\u00ed sestra, kdy\u017e ve\u0161la do pokoje, kde se sta\u0159ec lou\u010dil se sv\u00fdm psem?\u201c -<\/title>\n<meta name=\"robots\" content=\"index, follow, max-snippet:-1, max-image-preview:large, max-video-preview:-1\" \/>\n<link rel=\"canonical\" href=\"https:\/\/erevanblog.am\/?p=10851\" \/>\n<meta property=\"og:locale\" content=\"en_US\" \/>\n<meta property=\"og:type\" content=\"article\" \/>\n<meta property=\"og:title\" content=\"\u201eODE\u0160LI SPOLU: Co vid\u011bla zdravotn\u00ed sestra, kdy\u017e ve\u0161la do pokoje, kde se sta\u0159ec lou\u010dil se sv\u00fdm psem?\u201c -\" \/>\n<meta property=\"og:description\" content=\"V odlehl\u00e9 \u010d\u00e1sti mal\u00e9 venkovsk\u00e9 nemocnice panovalo \u010dasn\u00e9 rann\u00ed ticho. Pokoj \u010d\u00edslo 27 byl zalit jemn\u00fdm sv\u011btlem vych\u00e1zej\u00edc\u00edho slunce. Na nemocni\u010dn\u00edm l\u016f\u017eku, zabalen\u00fd v p\u0159ikr\u00fdvce, [...]\" \/>\n<meta property=\"og:url\" content=\"https:\/\/erevanblog.am\/?p=10851\" \/>\n<meta property=\"article:published_time\" content=\"2025-07-15T11:26:59+00:00\" \/>\n<meta property=\"article:modified_time\" content=\"2025-07-15T11:27:00+00:00\" \/>\n<meta property=\"og:image\" content=\"http:\/\/erevanblog.am\/wp-content\/uploads\/2025\/07\/0000000000000000000000.jpg\" \/>\n\t<meta property=\"og:image:width\" content=\"716\" \/>\n\t<meta property=\"og:image:height\" content=\"1024\" \/>\n\t<meta property=\"og:image:type\" content=\"image\/jpeg\" \/>\n<meta name=\"author\" content=\"erevanblog_a\" \/>\n<meta name=\"twitter:card\" content=\"summary_large_image\" \/>\n<meta name=\"twitter:label1\" content=\"Written by\" \/>\n\t<meta name=\"twitter:data1\" content=\"erevanblog_a\" \/>\n\t<meta name=\"twitter:label2\" content=\"Est. reading time\" \/>\n\t<meta name=\"twitter:data2\" content=\"2 minutes\" \/>\n<script type=\"application\/ld+json\" class=\"yoast-schema-graph\">{\"@context\":\"https:\\\/\\\/schema.org\",\"@graph\":[{\"@type\":\"Article\",\"@id\":\"https:\\\/\\\/erevanblog.am\\\/?p=10851#article\",\"isPartOf\":{\"@id\":\"https:\\\/\\\/erevanblog.am\\\/?p=10851\"},\"author\":{\"name\":\"erevanblog_a\",\"@id\":\"https:\\\/\\\/erevanblog.am\\\/#\\\/schema\\\/person\\\/204f10311eb7ddb8914a5ab3e5f03928\"},\"headline\":\"\u201eODE\u0160LI SPOLU: Co vid\u011bla zdravotn\u00ed sestra, kdy\u017e ve\u0161la do pokoje, kde se sta\u0159ec lou\u010dil se sv\u00fdm psem?\u201c\",\"datePublished\":\"2025-07-15T11:26:59+00:00\",\"dateModified\":\"2025-07-15T11:27:00+00:00\",\"mainEntityOfPage\":{\"@id\":\"https:\\\/\\\/erevanblog.am\\\/?p=10851\"},\"wordCount\":464,\"commentCount\":0,\"image\":{\"@id\":\"https:\\\/\\\/erevanblog.am\\\/?p=10851#primaryimage\"},\"thumbnailUrl\":\"https:\\\/\\\/erevanblog.am\\\/wp-content\\\/uploads\\\/2025\\\/07\\\/0000000000000000000000.jpg\",\"articleSection\":[\"NEWS\"],\"inLanguage\":\"en-US\",\"potentialAction\":[{\"@type\":\"CommentAction\",\"name\":\"Comment\",\"target\":[\"https:\\\/\\\/erevanblog.am\\\/?p=10851#respond\"]}]},{\"@type\":\"WebPage\",\"@id\":\"https:\\\/\\\/erevanblog.am\\\/?p=10851\",\"url\":\"https:\\\/\\\/erevanblog.am\\\/?p=10851\",\"name\":\"\u201eODE\u0160LI SPOLU: Co vid\u011bla zdravotn\u00ed sestra, kdy\u017e ve\u0161la do pokoje, kde se sta\u0159ec lou\u010dil se sv\u00fdm psem?\u201c -\",\"isPartOf\":{\"@id\":\"https:\\\/\\\/erevanblog.am\\\/#website\"},\"primaryImageOfPage\":{\"@id\":\"https:\\\/\\\/erevanblog.am\\\/?p=10851#primaryimage\"},\"image\":{\"@id\":\"https:\\\/\\\/erevanblog.am\\\/?p=10851#primaryimage\"},\"thumbnailUrl\":\"https:\\\/\\\/erevanblog.am\\\/wp-content\\\/uploads\\\/2025\\\/07\\\/0000000000000000000000.jpg\",\"datePublished\":\"2025-07-15T11:26:59+00:00\",\"dateModified\":\"2025-07-15T11:27:00+00:00\",\"author\":{\"@id\":\"https:\\\/\\\/erevanblog.am\\\/#\\\/schema\\\/person\\\/204f10311eb7ddb8914a5ab3e5f03928\"},\"breadcrumb\":{\"@id\":\"https:\\\/\\\/erevanblog.am\\\/?p=10851#breadcrumb\"},\"inLanguage\":\"en-US\",\"potentialAction\":[{\"@type\":\"ReadAction\",\"target\":[\"https:\\\/\\\/erevanblog.am\\\/?p=10851\"]}]},{\"@type\":\"ImageObject\",\"inLanguage\":\"en-US\",\"@id\":\"https:\\\/\\\/erevanblog.am\\\/?p=10851#primaryimage\",\"url\":\"https:\\\/\\\/erevanblog.am\\\/wp-content\\\/uploads\\\/2025\\\/07\\\/0000000000000000000000.jpg\",\"contentUrl\":\"https:\\\/\\\/erevanblog.am\\\/wp-content\\\/uploads\\\/2025\\\/07\\\/0000000000000000000000.jpg\",\"width\":716,\"height\":1024},{\"@type\":\"BreadcrumbList\",\"@id\":\"https:\\\/\\\/erevanblog.am\\\/?p=10851#breadcrumb\",\"itemListElement\":[{\"@type\":\"ListItem\",\"position\":1,\"name\":\"Home\",\"item\":\"https:\\\/\\\/erevanblog.am\\\/\"},{\"@type\":\"ListItem\",\"position\":2,\"name\":\"\u201eODE\u0160LI SPOLU: Co vid\u011bla zdravotn\u00ed sestra, kdy\u017e ve\u0161la do pokoje, kde se sta\u0159ec lou\u010dil se sv\u00fdm psem?\u201c\"}]},{\"@type\":\"WebSite\",\"@id\":\"https:\\\/\\\/erevanblog.am\\\/#website\",\"url\":\"https:\\\/\\\/erevanblog.am\\\/\",\"name\":\"\",\"description\":\"\",\"potentialAction\":[{\"@type\":\"SearchAction\",\"target\":{\"@type\":\"EntryPoint\",\"urlTemplate\":\"https:\\\/\\\/erevanblog.am\\\/?s={search_term_string}\"},\"query-input\":{\"@type\":\"PropertyValueSpecification\",\"valueRequired\":true,\"valueName\":\"search_term_string\"}}],\"inLanguage\":\"en-US\"},{\"@type\":\"Person\",\"@id\":\"https:\\\/\\\/erevanblog.am\\\/#\\\/schema\\\/person\\\/204f10311eb7ddb8914a5ab3e5f03928\",\"name\":\"erevanblog_a\",\"image\":{\"@type\":\"ImageObject\",\"inLanguage\":\"en-US\",\"@id\":\"https:\\\/\\\/secure.gravatar.com\\\/avatar\\\/a24f4ac3a683f3c87303db525abc00db51ea26ccedee11dfaf1cc0f9a481a5d2?s=96&d=mm&r=g\",\"url\":\"https:\\\/\\\/secure.gravatar.com\\\/avatar\\\/a24f4ac3a683f3c87303db525abc00db51ea26ccedee11dfaf1cc0f9a481a5d2?s=96&d=mm&r=g\",\"contentUrl\":\"https:\\\/\\\/secure.gravatar.com\\\/avatar\\\/a24f4ac3a683f3c87303db525abc00db51ea26ccedee11dfaf1cc0f9a481a5d2?s=96&d=mm&r=g\",\"caption\":\"erevanblog_a\"},\"sameAs\":[\"http:\\\/\\\/erevanblog.am\"],\"url\":\"https:\\\/\\\/erevanblog.am\\\/?author=1\"}]}<\/script>\n<!-- \/ Yoast SEO plugin. -->","yoast_head_json":{"title":"\u201eODE\u0160LI SPOLU: Co vid\u011bla zdravotn\u00ed sestra, kdy\u017e ve\u0161la do pokoje, kde se sta\u0159ec lou\u010dil se sv\u00fdm psem?\u201c -","robots":{"index":"index","follow":"follow","max-snippet":"max-snippet:-1","max-image-preview":"max-image-preview:large","max-video-preview":"max-video-preview:-1"},"canonical":"https:\/\/erevanblog.am\/?p=10851","og_locale":"en_US","og_type":"article","og_title":"\u201eODE\u0160LI SPOLU: Co vid\u011bla zdravotn\u00ed sestra, kdy\u017e ve\u0161la do pokoje, kde se sta\u0159ec lou\u010dil se sv\u00fdm psem?\u201c -","og_description":"V odlehl\u00e9 \u010d\u00e1sti mal\u00e9 venkovsk\u00e9 nemocnice panovalo \u010dasn\u00e9 rann\u00ed ticho. Pokoj \u010d\u00edslo 27 byl zalit jemn\u00fdm sv\u011btlem vych\u00e1zej\u00edc\u00edho slunce. Na nemocni\u010dn\u00edm l\u016f\u017eku, zabalen\u00fd v p\u0159ikr\u00fdvce, [...]","og_url":"https:\/\/erevanblog.am\/?p=10851","article_published_time":"2025-07-15T11:26:59+00:00","article_modified_time":"2025-07-15T11:27:00+00:00","og_image":[{"width":716,"height":1024,"url":"http:\/\/erevanblog.am\/wp-content\/uploads\/2025\/07\/0000000000000000000000.jpg","type":"image\/jpeg"}],"author":"erevanblog_a","twitter_card":"summary_large_image","twitter_misc":{"Written by":"erevanblog_a","Est. reading time":"2 minutes"},"schema":{"@context":"https:\/\/schema.org","@graph":[{"@type":"Article","@id":"https:\/\/erevanblog.am\/?p=10851#article","isPartOf":{"@id":"https:\/\/erevanblog.am\/?p=10851"},"author":{"name":"erevanblog_a","@id":"https:\/\/erevanblog.am\/#\/schema\/person\/204f10311eb7ddb8914a5ab3e5f03928"},"headline":"\u201eODE\u0160LI SPOLU: Co vid\u011bla zdravotn\u00ed sestra, kdy\u017e ve\u0161la do pokoje, kde se sta\u0159ec lou\u010dil se sv\u00fdm psem?\u201c","datePublished":"2025-07-15T11:26:59+00:00","dateModified":"2025-07-15T11:27:00+00:00","mainEntityOfPage":{"@id":"https:\/\/erevanblog.am\/?p=10851"},"wordCount":464,"commentCount":0,"image":{"@id":"https:\/\/erevanblog.am\/?p=10851#primaryimage"},"thumbnailUrl":"https:\/\/erevanblog.am\/wp-content\/uploads\/2025\/07\/0000000000000000000000.jpg","articleSection":["NEWS"],"inLanguage":"en-US","potentialAction":[{"@type":"CommentAction","name":"Comment","target":["https:\/\/erevanblog.am\/?p=10851#respond"]}]},{"@type":"WebPage","@id":"https:\/\/erevanblog.am\/?p=10851","url":"https:\/\/erevanblog.am\/?p=10851","name":"\u201eODE\u0160LI SPOLU: Co vid\u011bla zdravotn\u00ed sestra, kdy\u017e ve\u0161la do pokoje, kde se sta\u0159ec lou\u010dil se sv\u00fdm psem?\u201c -","isPartOf":{"@id":"https:\/\/erevanblog.am\/#website"},"primaryImageOfPage":{"@id":"https:\/\/erevanblog.am\/?p=10851#primaryimage"},"image":{"@id":"https:\/\/erevanblog.am\/?p=10851#primaryimage"},"thumbnailUrl":"https:\/\/erevanblog.am\/wp-content\/uploads\/2025\/07\/0000000000000000000000.jpg","datePublished":"2025-07-15T11:26:59+00:00","dateModified":"2025-07-15T11:27:00+00:00","author":{"@id":"https:\/\/erevanblog.am\/#\/schema\/person\/204f10311eb7ddb8914a5ab3e5f03928"},"breadcrumb":{"@id":"https:\/\/erevanblog.am\/?p=10851#breadcrumb"},"inLanguage":"en-US","potentialAction":[{"@type":"ReadAction","target":["https:\/\/erevanblog.am\/?p=10851"]}]},{"@type":"ImageObject","inLanguage":"en-US","@id":"https:\/\/erevanblog.am\/?p=10851#primaryimage","url":"https:\/\/erevanblog.am\/wp-content\/uploads\/2025\/07\/0000000000000000000000.jpg","contentUrl":"https:\/\/erevanblog.am\/wp-content\/uploads\/2025\/07\/0000000000000000000000.jpg","width":716,"height":1024},{"@type":"BreadcrumbList","@id":"https:\/\/erevanblog.am\/?p=10851#breadcrumb","itemListElement":[{"@type":"ListItem","position":1,"name":"Home","item":"https:\/\/erevanblog.am\/"},{"@type":"ListItem","position":2,"name":"\u201eODE\u0160LI SPOLU: Co vid\u011bla zdravotn\u00ed sestra, kdy\u017e ve\u0161la do pokoje, kde se sta\u0159ec lou\u010dil se sv\u00fdm psem?\u201c"}]},{"@type":"WebSite","@id":"https:\/\/erevanblog.am\/#website","url":"https:\/\/erevanblog.am\/","name":"","description":"","potentialAction":[{"@type":"SearchAction","target":{"@type":"EntryPoint","urlTemplate":"https:\/\/erevanblog.am\/?s={search_term_string}"},"query-input":{"@type":"PropertyValueSpecification","valueRequired":true,"valueName":"search_term_string"}}],"inLanguage":"en-US"},{"@type":"Person","@id":"https:\/\/erevanblog.am\/#\/schema\/person\/204f10311eb7ddb8914a5ab3e5f03928","name":"erevanblog_a","image":{"@type":"ImageObject","inLanguage":"en-US","@id":"https:\/\/secure.gravatar.com\/avatar\/a24f4ac3a683f3c87303db525abc00db51ea26ccedee11dfaf1cc0f9a481a5d2?s=96&d=mm&r=g","url":"https:\/\/secure.gravatar.com\/avatar\/a24f4ac3a683f3c87303db525abc00db51ea26ccedee11dfaf1cc0f9a481a5d2?s=96&d=mm&r=g","contentUrl":"https:\/\/secure.gravatar.com\/avatar\/a24f4ac3a683f3c87303db525abc00db51ea26ccedee11dfaf1cc0f9a481a5d2?s=96&d=mm&r=g","caption":"erevanblog_a"},"sameAs":["http:\/\/erevanblog.am"],"url":"https:\/\/erevanblog.am\/?author=1"}]}},"views":378,"_links":{"self":[{"href":"https:\/\/erevanblog.am\/index.php?rest_route=\/wp\/v2\/posts\/10851","targetHints":{"allow":["GET"]}}],"collection":[{"href":"https:\/\/erevanblog.am\/index.php?rest_route=\/wp\/v2\/posts"}],"about":[{"href":"https:\/\/erevanblog.am\/index.php?rest_route=\/wp\/v2\/types\/post"}],"author":[{"embeddable":true,"href":"https:\/\/erevanblog.am\/index.php?rest_route=\/wp\/v2\/users\/1"}],"replies":[{"embeddable":true,"href":"https:\/\/erevanblog.am\/index.php?rest_route=%2Fwp%2Fv2%2Fcomments&post=10851"}],"version-history":[{"count":1,"href":"https:\/\/erevanblog.am\/index.php?rest_route=\/wp\/v2\/posts\/10851\/revisions"}],"predecessor-version":[{"id":10853,"href":"https:\/\/erevanblog.am\/index.php?rest_route=\/wp\/v2\/posts\/10851\/revisions\/10853"}],"wp:featuredmedia":[{"embeddable":true,"href":"https:\/\/erevanblog.am\/index.php?rest_route=\/wp\/v2\/media\/10852"}],"wp:attachment":[{"href":"https:\/\/erevanblog.am\/index.php?rest_route=%2Fwp%2Fv2%2Fmedia&parent=10851"}],"wp:term":[{"taxonomy":"category","embeddable":true,"href":"https:\/\/erevanblog.am\/index.php?rest_route=%2Fwp%2Fv2%2Fcategories&post=10851"},{"taxonomy":"post_tag","embeddable":true,"href":"https:\/\/erevanblog.am\/index.php?rest_route=%2Fwp%2Fv2%2Ftags&post=10851"}],"curies":[{"name":"wp","href":"https:\/\/api.w.org\/{rel}","templated":true}]}}