{"id":10857,"date":"2025-07-15T18:15:13","date_gmt":"2025-07-15T17:15:13","guid":{"rendered":"https:\/\/erevanblog.am\/?p=10857"},"modified":"2025-07-15T18:15:14","modified_gmt":"2025-07-15T17:15:14","slug":"tajemstvi-pod-starou-vrbou","status":"publish","type":"post","link":"https:\/\/erevanblog.am\/?p=10857","title":{"rendered":"Tajemstv\u00ed pod starou vrbou"},"content":{"rendered":"\n<p>Bylo chladn\u00e9 podzimn\u00ed r\u00e1no. Mlha se l\u00edn\u011b plazila mezi n\u00e1hrobky star\u00e9ho h\u0159bitova na okraji vesnice Mal\u00e1 Dubov\u00e1. Ticho ru\u0161ilo jen \u0161ust\u011bn\u00ed spadan\u00e9ho list\u00ed a ob\u010dasn\u00e9 kr\u00e1k\u00e1n\u00ed vran. Star\u00fd pan Vojt\u011bch, b\u00fdval\u00fd u\u010ditel, tudy \u010dasto proch\u00e1zel se svou h\u016flkou. Ale ten den ho cosi zastavilo.<\/p>\n\n\n\n<figure class=\"wp-block-image size-full\"><img loading=\"lazy\" decoding=\"async\" width=\"1024\" height=\"940\" src=\"https:\/\/erevanblog.am\/wp-content\/uploads\/2025\/07\/2222222222.jpg\" alt=\"\" class=\"wp-image-10859\" srcset=\"https:\/\/erevanblog.am\/wp-content\/uploads\/2025\/07\/2222222222.jpg 1024w, https:\/\/erevanblog.am\/wp-content\/uploads\/2025\/07\/2222222222-300x275.jpg 300w, https:\/\/erevanblog.am\/wp-content\/uploads\/2025\/07\/2222222222-768x705.jpg 768w\" sizes=\"auto, (max-width: 1024px) 100vw, 1024px\" \/><\/figure>\n\n\n\n<p>P\u0159istoupil bl\u00ed\u017e.<\/p>\n\n\n\n<p>\u201eCo se d\u011bje, chlape\u010dku? Pro\u010d jsi tady s\u00e1m?\u201c<\/p>\n\n\n\n<p>Chlapec zvedl hlavu. Byl to V\u00edt, syn Kl\u00e1ry Hrube\u0161ov\u00e9. Jeho matka zem\u0159ela p\u0159ed t\u0159emi m\u011bs\u00edci \u2013 podle ofici\u00e1ln\u00ed verze \u0161lo o ne\u0161\u0165astnou nehodu: uklouzla ve van\u011b a ude\u0159ila se do hlavy. Ale ve vesnici se \u0161eptalo o n\u011b\u010dem jin\u00e9m.<\/p>\n\n\n\n<p>\u201eTo nen\u00ed f\u00e9r,\u201c za\u0161eptal chlapec. \u201eMaminka necht\u011bla um\u0159\u00edt. \u0158\u00edkala mi to. B\u00e1li se j\u00ed. Proto\u2026 proto ji zabili.\u201c<\/p>\n\n\n\n<p>Vojt\u011bch ztuhl. \u201eKdo se j\u00ed b\u00e1l, V\u00ed\u0165o?\u201c<\/p>\n\n\n\n<p>\u201e\u0158\u00edkala, \u017ee v\u00ed o n\u011b\u010dem, co se stalo na statku u lesa. N\u011bco, co nikdo nesm\u00ed v\u011bd\u011bt. Psala to do den\u00edku. Pak\u2026 pak byl ohe\u0148. A druh\u00fd den byla mrtv\u00e1.\u201c<\/p>\n\n\n\n<p>Pan Vojt\u011bch si vzpomn\u011bl. T\u00fdden p\u0159ed Kl\u00e1\u0159inou smrt\u00ed skute\u010dn\u011b ho\u0159elo na statku, kter\u00fd byl l\u00e9ta opu\u0161t\u011bn\u00fd. Po\u017e\u00e1r byl rychle uha\u0161en, ale nikdo ne\u0159ekl pro\u010d a jak vznikl. A Kl\u00e1ra\u2026 byla jedin\u00e1, kdo se tam \u010dasto proch\u00e1zela. Pr\u00fd kv\u016fli bylin\u00e1m.<\/p>\n\n\n\n<p>\u201eA tv\u016fj t\u00e1ta?\u201c zeptal se opatrn\u011b.<\/p>\n\n\n\n<p>\u201eNem\u00e1m t\u00e1tu. Nezn\u00e1m ho. \u017dil jsem jen s maminkou. Te\u010f bydl\u00edm s tetou\u2026 ale ona m\u011b bije, kdy\u017e mluv\u00edm o mamince.\u201c<\/p>\n\n\n\n<p>Vojt\u011bch c\u00edtil, jak se mu t\u0159ese ruka. To, co pr\u00e1v\u011b sly\u0161el, nebyla jen d\u011btsk\u00e1 fantazie. Kl\u00e1ra byla jeho b\u00fdval\u00e1 \u017ea\u010dka. Bystr\u00e1, zv\u00eddav\u00e1 \u2013 mo\u017en\u00e1 a\u017e p\u0159\u00edli\u0161.<\/p>\n\n\n\n<p>\u201eM\u00e1\u0161 je\u0161t\u011b ten den\u00edk?\u201c zeptal se ti\u0161e.<\/p>\n\n\n\n<p>V\u00edt k\u00fdvl. \u201eSchoval jsem ho pod podlahu v na\u0161em star\u00e9m dom\u011b. Maminka mi \u0159ekla, a\u0165 ho nikdy nikomu z vesnice ned\u00e1v\u00e1m.\u201c<\/p>\n\n\n\n<p>Toho ve\u010dera se Vojt\u011bch vpl\u00ed\u017eil do domu Hrube\u0161ov\u00fdch. Pod uvoln\u011bn\u00fdm prknem skute\u010dn\u011b na\u0161el star\u00fd, oho\u0159el\u00fd z\u00e1pisn\u00edk. Listy byly zpola sp\u00e1len\u00e9, ale to, co z\u016fstalo \u010diteln\u00e9, sta\u010dilo: jm\u00e9na, data, d\u016fkazy o n\u011b\u010dem mnohem v\u011bt\u0161\u00edm. O vra\u017ed\u011b. O korupci. O tajemstv\u00edch, kter\u00e1 m\u011bla z\u016fstat nav\u017edy poh\u0159bena.<\/p>\n\n\n\n<p>Ale mal\u00fd chlapec pod starou vrbou zm\u011bnil v\u0161echno.<\/p>\n\n\n\n<p>A vesnice Mal\u00e1 Dubov\u00e1 u\u017e nikdy nebyla stejn\u00e1.<\/p>\n","protected":false},"excerpt":{"rendered":"<div class=\"mh-excerpt\"><p>Bylo chladn\u00e9 podzimn\u00ed r\u00e1no. Mlha se l\u00edn\u011b plazila mezi n\u00e1hrobky star\u00e9ho h\u0159bitova na okraji vesnice Mal\u00e1 Dubov\u00e1. Ticho ru\u0161ilo jen \u0161ust\u011bn\u00ed spadan\u00e9ho list\u00ed a ob\u010dasn\u00e9 <a class=\"mh-excerpt-more\" href=\"https:\/\/erevanblog.am\/?p=10857\" title=\"Tajemstv\u00ed pod starou vrbou\">[&#8230;]<\/a><\/p>\n<\/div>","protected":false},"author":1,"featured_media":10859,"comment_status":"open","ping_status":"open","sticky":false,"template":"","format":"standard","meta":{"footnotes":""},"categories":[1],"tags":[],"class_list":["post-10857","post","type-post","status-publish","format-standard","has-post-thumbnail","hentry","category-uncategorised"],"yoast_head":"<!-- This site is optimized with the Yoast SEO plugin v27.5 - https:\/\/yoast.com\/product\/yoast-seo-wordpress\/ -->\n<title>Tajemstv\u00ed pod starou vrbou -<\/title>\n<meta name=\"robots\" content=\"index, follow, max-snippet:-1, max-image-preview:large, max-video-preview:-1\" \/>\n<link rel=\"canonical\" href=\"https:\/\/erevanblog.am\/?p=10857\" \/>\n<meta property=\"og:locale\" content=\"en_US\" \/>\n<meta property=\"og:type\" content=\"article\" \/>\n<meta property=\"og:title\" content=\"Tajemstv\u00ed pod starou vrbou -\" \/>\n<meta property=\"og:description\" content=\"Bylo chladn\u00e9 podzimn\u00ed r\u00e1no. Mlha se l\u00edn\u011b plazila mezi n\u00e1hrobky star\u00e9ho h\u0159bitova na okraji vesnice Mal\u00e1 Dubov\u00e1. Ticho ru\u0161ilo jen \u0161ust\u011bn\u00ed spadan\u00e9ho list\u00ed a ob\u010dasn\u00e9 [...]\" \/>\n<meta property=\"og:url\" content=\"https:\/\/erevanblog.am\/?p=10857\" \/>\n<meta property=\"article:published_time\" content=\"2025-07-15T17:15:13+00:00\" \/>\n<meta property=\"article:modified_time\" content=\"2025-07-15T17:15:14+00:00\" \/>\n<meta property=\"og:image\" content=\"http:\/\/erevanblog.am\/wp-content\/uploads\/2025\/07\/2222222222.jpg\" \/>\n\t<meta property=\"og:image:width\" content=\"1024\" \/>\n\t<meta property=\"og:image:height\" content=\"940\" \/>\n\t<meta property=\"og:image:type\" content=\"image\/jpeg\" \/>\n<meta name=\"author\" content=\"erevanblog_a\" \/>\n<meta name=\"twitter:card\" content=\"summary_large_image\" \/>\n<meta name=\"twitter:label1\" content=\"Written by\" \/>\n\t<meta name=\"twitter:data1\" content=\"erevanblog_a\" \/>\n\t<meta name=\"twitter:label2\" content=\"Est. reading time\" \/>\n\t<meta name=\"twitter:data2\" content=\"2 minutes\" \/>\n<script type=\"application\/ld+json\" class=\"yoast-schema-graph\">{\"@context\":\"https:\\\/\\\/schema.org\",\"@graph\":[{\"@type\":\"Article\",\"@id\":\"https:\\\/\\\/erevanblog.am\\\/?p=10857#article\",\"isPartOf\":{\"@id\":\"https:\\\/\\\/erevanblog.am\\\/?p=10857\"},\"author\":{\"name\":\"erevanblog_a\",\"@id\":\"https:\\\/\\\/erevanblog.am\\\/#\\\/schema\\\/person\\\/204f10311eb7ddb8914a5ab3e5f03928\"},\"headline\":\"Tajemstv\u00ed pod starou vrbou\",\"datePublished\":\"2025-07-15T17:15:13+00:00\",\"dateModified\":\"2025-07-15T17:15:14+00:00\",\"mainEntityOfPage\":{\"@id\":\"https:\\\/\\\/erevanblog.am\\\/?p=10857\"},\"wordCount\":449,\"commentCount\":0,\"image\":{\"@id\":\"https:\\\/\\\/erevanblog.am\\\/?p=10857#primaryimage\"},\"thumbnailUrl\":\"https:\\\/\\\/erevanblog.am\\\/wp-content\\\/uploads\\\/2025\\\/07\\\/2222222222.jpg\",\"articleSection\":[\"NEWS\"],\"inLanguage\":\"en-US\",\"potentialAction\":[{\"@type\":\"CommentAction\",\"name\":\"Comment\",\"target\":[\"https:\\\/\\\/erevanblog.am\\\/?p=10857#respond\"]}]},{\"@type\":\"WebPage\",\"@id\":\"https:\\\/\\\/erevanblog.am\\\/?p=10857\",\"url\":\"https:\\\/\\\/erevanblog.am\\\/?p=10857\",\"name\":\"Tajemstv\u00ed pod starou vrbou -\",\"isPartOf\":{\"@id\":\"https:\\\/\\\/erevanblog.am\\\/#website\"},\"primaryImageOfPage\":{\"@id\":\"https:\\\/\\\/erevanblog.am\\\/?p=10857#primaryimage\"},\"image\":{\"@id\":\"https:\\\/\\\/erevanblog.am\\\/?p=10857#primaryimage\"},\"thumbnailUrl\":\"https:\\\/\\\/erevanblog.am\\\/wp-content\\\/uploads\\\/2025\\\/07\\\/2222222222.jpg\",\"datePublished\":\"2025-07-15T17:15:13+00:00\",\"dateModified\":\"2025-07-15T17:15:14+00:00\",\"author\":{\"@id\":\"https:\\\/\\\/erevanblog.am\\\/#\\\/schema\\\/person\\\/204f10311eb7ddb8914a5ab3e5f03928\"},\"breadcrumb\":{\"@id\":\"https:\\\/\\\/erevanblog.am\\\/?p=10857#breadcrumb\"},\"inLanguage\":\"en-US\",\"potentialAction\":[{\"@type\":\"ReadAction\",\"target\":[\"https:\\\/\\\/erevanblog.am\\\/?p=10857\"]}]},{\"@type\":\"ImageObject\",\"inLanguage\":\"en-US\",\"@id\":\"https:\\\/\\\/erevanblog.am\\\/?p=10857#primaryimage\",\"url\":\"https:\\\/\\\/erevanblog.am\\\/wp-content\\\/uploads\\\/2025\\\/07\\\/2222222222.jpg\",\"contentUrl\":\"https:\\\/\\\/erevanblog.am\\\/wp-content\\\/uploads\\\/2025\\\/07\\\/2222222222.jpg\",\"width\":1024,\"height\":940},{\"@type\":\"BreadcrumbList\",\"@id\":\"https:\\\/\\\/erevanblog.am\\\/?p=10857#breadcrumb\",\"itemListElement\":[{\"@type\":\"ListItem\",\"position\":1,\"name\":\"Home\",\"item\":\"https:\\\/\\\/erevanblog.am\\\/\"},{\"@type\":\"ListItem\",\"position\":2,\"name\":\"Tajemstv\u00ed pod starou vrbou\"}]},{\"@type\":\"WebSite\",\"@id\":\"https:\\\/\\\/erevanblog.am\\\/#website\",\"url\":\"https:\\\/\\\/erevanblog.am\\\/\",\"name\":\"\",\"description\":\"\",\"potentialAction\":[{\"@type\":\"SearchAction\",\"target\":{\"@type\":\"EntryPoint\",\"urlTemplate\":\"https:\\\/\\\/erevanblog.am\\\/?s={search_term_string}\"},\"query-input\":{\"@type\":\"PropertyValueSpecification\",\"valueRequired\":true,\"valueName\":\"search_term_string\"}}],\"inLanguage\":\"en-US\"},{\"@type\":\"Person\",\"@id\":\"https:\\\/\\\/erevanblog.am\\\/#\\\/schema\\\/person\\\/204f10311eb7ddb8914a5ab3e5f03928\",\"name\":\"erevanblog_a\",\"image\":{\"@type\":\"ImageObject\",\"inLanguage\":\"en-US\",\"@id\":\"https:\\\/\\\/secure.gravatar.com\\\/avatar\\\/a24f4ac3a683f3c87303db525abc00db51ea26ccedee11dfaf1cc0f9a481a5d2?s=96&d=mm&r=g\",\"url\":\"https:\\\/\\\/secure.gravatar.com\\\/avatar\\\/a24f4ac3a683f3c87303db525abc00db51ea26ccedee11dfaf1cc0f9a481a5d2?s=96&d=mm&r=g\",\"contentUrl\":\"https:\\\/\\\/secure.gravatar.com\\\/avatar\\\/a24f4ac3a683f3c87303db525abc00db51ea26ccedee11dfaf1cc0f9a481a5d2?s=96&d=mm&r=g\",\"caption\":\"erevanblog_a\"},\"sameAs\":[\"http:\\\/\\\/erevanblog.am\"],\"url\":\"https:\\\/\\\/erevanblog.am\\\/?author=1\"}]}<\/script>\n<!-- \/ Yoast SEO plugin. -->","yoast_head_json":{"title":"Tajemstv\u00ed pod starou vrbou -","robots":{"index":"index","follow":"follow","max-snippet":"max-snippet:-1","max-image-preview":"max-image-preview:large","max-video-preview":"max-video-preview:-1"},"canonical":"https:\/\/erevanblog.am\/?p=10857","og_locale":"en_US","og_type":"article","og_title":"Tajemstv\u00ed pod starou vrbou -","og_description":"Bylo chladn\u00e9 podzimn\u00ed r\u00e1no. Mlha se l\u00edn\u011b plazila mezi n\u00e1hrobky star\u00e9ho h\u0159bitova na okraji vesnice Mal\u00e1 Dubov\u00e1. Ticho ru\u0161ilo jen \u0161ust\u011bn\u00ed spadan\u00e9ho list\u00ed a ob\u010dasn\u00e9 [...]","og_url":"https:\/\/erevanblog.am\/?p=10857","article_published_time":"2025-07-15T17:15:13+00:00","article_modified_time":"2025-07-15T17:15:14+00:00","og_image":[{"width":1024,"height":940,"url":"http:\/\/erevanblog.am\/wp-content\/uploads\/2025\/07\/2222222222.jpg","type":"image\/jpeg"}],"author":"erevanblog_a","twitter_card":"summary_large_image","twitter_misc":{"Written by":"erevanblog_a","Est. reading time":"2 minutes"},"schema":{"@context":"https:\/\/schema.org","@graph":[{"@type":"Article","@id":"https:\/\/erevanblog.am\/?p=10857#article","isPartOf":{"@id":"https:\/\/erevanblog.am\/?p=10857"},"author":{"name":"erevanblog_a","@id":"https:\/\/erevanblog.am\/#\/schema\/person\/204f10311eb7ddb8914a5ab3e5f03928"},"headline":"Tajemstv\u00ed pod starou vrbou","datePublished":"2025-07-15T17:15:13+00:00","dateModified":"2025-07-15T17:15:14+00:00","mainEntityOfPage":{"@id":"https:\/\/erevanblog.am\/?p=10857"},"wordCount":449,"commentCount":0,"image":{"@id":"https:\/\/erevanblog.am\/?p=10857#primaryimage"},"thumbnailUrl":"https:\/\/erevanblog.am\/wp-content\/uploads\/2025\/07\/2222222222.jpg","articleSection":["NEWS"],"inLanguage":"en-US","potentialAction":[{"@type":"CommentAction","name":"Comment","target":["https:\/\/erevanblog.am\/?p=10857#respond"]}]},{"@type":"WebPage","@id":"https:\/\/erevanblog.am\/?p=10857","url":"https:\/\/erevanblog.am\/?p=10857","name":"Tajemstv\u00ed pod starou vrbou -","isPartOf":{"@id":"https:\/\/erevanblog.am\/#website"},"primaryImageOfPage":{"@id":"https:\/\/erevanblog.am\/?p=10857#primaryimage"},"image":{"@id":"https:\/\/erevanblog.am\/?p=10857#primaryimage"},"thumbnailUrl":"https:\/\/erevanblog.am\/wp-content\/uploads\/2025\/07\/2222222222.jpg","datePublished":"2025-07-15T17:15:13+00:00","dateModified":"2025-07-15T17:15:14+00:00","author":{"@id":"https:\/\/erevanblog.am\/#\/schema\/person\/204f10311eb7ddb8914a5ab3e5f03928"},"breadcrumb":{"@id":"https:\/\/erevanblog.am\/?p=10857#breadcrumb"},"inLanguage":"en-US","potentialAction":[{"@type":"ReadAction","target":["https:\/\/erevanblog.am\/?p=10857"]}]},{"@type":"ImageObject","inLanguage":"en-US","@id":"https:\/\/erevanblog.am\/?p=10857#primaryimage","url":"https:\/\/erevanblog.am\/wp-content\/uploads\/2025\/07\/2222222222.jpg","contentUrl":"https:\/\/erevanblog.am\/wp-content\/uploads\/2025\/07\/2222222222.jpg","width":1024,"height":940},{"@type":"BreadcrumbList","@id":"https:\/\/erevanblog.am\/?p=10857#breadcrumb","itemListElement":[{"@type":"ListItem","position":1,"name":"Home","item":"https:\/\/erevanblog.am\/"},{"@type":"ListItem","position":2,"name":"Tajemstv\u00ed pod starou vrbou"}]},{"@type":"WebSite","@id":"https:\/\/erevanblog.am\/#website","url":"https:\/\/erevanblog.am\/","name":"","description":"","potentialAction":[{"@type":"SearchAction","target":{"@type":"EntryPoint","urlTemplate":"https:\/\/erevanblog.am\/?s={search_term_string}"},"query-input":{"@type":"PropertyValueSpecification","valueRequired":true,"valueName":"search_term_string"}}],"inLanguage":"en-US"},{"@type":"Person","@id":"https:\/\/erevanblog.am\/#\/schema\/person\/204f10311eb7ddb8914a5ab3e5f03928","name":"erevanblog_a","image":{"@type":"ImageObject","inLanguage":"en-US","@id":"https:\/\/secure.gravatar.com\/avatar\/a24f4ac3a683f3c87303db525abc00db51ea26ccedee11dfaf1cc0f9a481a5d2?s=96&d=mm&r=g","url":"https:\/\/secure.gravatar.com\/avatar\/a24f4ac3a683f3c87303db525abc00db51ea26ccedee11dfaf1cc0f9a481a5d2?s=96&d=mm&r=g","contentUrl":"https:\/\/secure.gravatar.com\/avatar\/a24f4ac3a683f3c87303db525abc00db51ea26ccedee11dfaf1cc0f9a481a5d2?s=96&d=mm&r=g","caption":"erevanblog_a"},"sameAs":["http:\/\/erevanblog.am"],"url":"https:\/\/erevanblog.am\/?author=1"}]}},"views":428,"_links":{"self":[{"href":"https:\/\/erevanblog.am\/index.php?rest_route=\/wp\/v2\/posts\/10857","targetHints":{"allow":["GET"]}}],"collection":[{"href":"https:\/\/erevanblog.am\/index.php?rest_route=\/wp\/v2\/posts"}],"about":[{"href":"https:\/\/erevanblog.am\/index.php?rest_route=\/wp\/v2\/types\/post"}],"author":[{"embeddable":true,"href":"https:\/\/erevanblog.am\/index.php?rest_route=\/wp\/v2\/users\/1"}],"replies":[{"embeddable":true,"href":"https:\/\/erevanblog.am\/index.php?rest_route=%2Fwp%2Fv2%2Fcomments&post=10857"}],"version-history":[{"count":1,"href":"https:\/\/erevanblog.am\/index.php?rest_route=\/wp\/v2\/posts\/10857\/revisions"}],"predecessor-version":[{"id":10860,"href":"https:\/\/erevanblog.am\/index.php?rest_route=\/wp\/v2\/posts\/10857\/revisions\/10860"}],"wp:featuredmedia":[{"embeddable":true,"href":"https:\/\/erevanblog.am\/index.php?rest_route=\/wp\/v2\/media\/10859"}],"wp:attachment":[{"href":"https:\/\/erevanblog.am\/index.php?rest_route=%2Fwp%2Fv2%2Fmedia&parent=10857"}],"wp:term":[{"taxonomy":"category","embeddable":true,"href":"https:\/\/erevanblog.am\/index.php?rest_route=%2Fwp%2Fv2%2Fcategories&post=10857"},{"taxonomy":"post_tag","embeddable":true,"href":"https:\/\/erevanblog.am\/index.php?rest_route=%2Fwp%2Fv2%2Ftags&post=10857"}],"curies":[{"name":"wp","href":"https:\/\/api.w.org\/{rel}","templated":true}]}}