{"id":10867,"date":"2025-07-16T09:30:55","date_gmt":"2025-07-16T08:30:55","guid":{"rendered":"https:\/\/erevanblog.am\/?p=10867"},"modified":"2025-07-16T09:30:56","modified_gmt":"2025-07-16T08:30:56","slug":"lena-otehotnela-v-sedmnacti-a-rodice-ji-vyhodili-z-domu-o-patnact-let-pozdeji-ji-prijeli-navstivit-to-co-zjistili-jim-vzalo-dech","status":"publish","type":"post","link":"https:\/\/erevanblog.am\/?p=10867","title":{"rendered":"L\u00e9na ot\u011bhotn\u011bla v sedmn\u00e1cti a rodi\u010de ji vyhodili z domu. O patn\u00e1ct let pozd\u011bji ji p\u0159ijeli nav\u0161t\u00edvit \u2014 to, co zjistili, jim vzalo dech."},"content":{"rendered":"\n<p>Kdy\u017e L\u00e9na v sedmn\u00e1cti letech ozn\u00e1mila rodi\u010d\u016fm, \u017ee \u010dek\u00e1 d\u00edt\u011b, nastalo ticho. Nep\u0159\u00edjemn\u00e9, t\u00ed\u017eiv\u00e9 ticho, na kter\u00e9 nikdy nezapomene. Matka zbledla a mezi zuby procedila:<\/p>\n\n\n\n<figure class=\"wp-block-image size-full\"><img loading=\"lazy\" decoding=\"async\" width=\"500\" height=\"640\" src=\"https:\/\/erevanblog.am\/wp-content\/uploads\/2025\/07\/111111111111111.jpg\" alt=\"\" class=\"wp-image-10868\" srcset=\"https:\/\/erevanblog.am\/wp-content\/uploads\/2025\/07\/111111111111111.jpg 500w, https:\/\/erevanblog.am\/wp-content\/uploads\/2025\/07\/111111111111111-234x300.jpg 234w\" sizes=\"auto, (max-width: 500px) 100vw, 500px\" \/><\/figure>\n\n\n\n<p>\u201eZklamala jsi n\u00e1s. A zni\u010dila sis \u017eivot.\u201c<\/p>\n\n\n\n<p>O dva dny pozd\u011bji st\u00e1la L\u00e9na se sportovn\u00ed ta\u0161kou p\u0159ed domem. Dve\u0159e se za n\u00ed zav\u0159ely \u2013 a u\u017e se nikdy znovu neotev\u0159ely.<\/p>\n\n\n\n<p>Prvn\u00ed t\u00fddny byly peklem. P\u0159esp\u00e1vala u zn\u00e1m\u00fdch, pozd\u011bji na\u0161la m\u00edsto v azylov\u00e9m dom\u011b pro mlad\u00e9 matky. Kdy\u017e se j\u00ed narodil syn Tom\u00e1\u0161, dr\u017eela ho v n\u00e1ru\u010d\u00ed a v tu chv\u00edli v\u011bd\u011bla jedin\u00e9: nikdy ho neopust\u00ed. Ud\u011bl\u00e1 cokoli, aby ho ochr\u00e1nila \u2014 i kdyby cel\u00fd \u017eivot musela bojovat sama.<\/p>\n\n\n\n<p>V noci pracovala v pek\u00e1rn\u011b, p\u0159es den d\u00e1lkov\u011b studovala st\u0159edn\u00ed \u0161kolu. Nikdy si nest\u011b\u017eovala. Nic nedostala zadarmo. Ale pomalu si budovala nov\u00fd \u017eivot. Trp\u011bliv\u011b, den po dni.<\/p>\n\n\n\n<p><strong>O patn\u00e1ct let pozd\u011bji\u2026<\/strong><\/p>\n\n\n\n<p>L\u00e9na sed\u011bla na verand\u011b sv\u00e9ho mal\u00e9ho, ale \u00fatuln\u00e9ho domku. Bylo l\u00e9to a z domu se oz\u00fdvaly jemn\u00e9 t\u00f3ny housl\u00ed \u2014 Tom\u00e1\u0161 cvi\u010dil. M\u011bl obrovsk\u00fd talent. Ned\u00e1vno vyhr\u00e1l region\u00e1ln\u00ed hudebn\u00ed sout\u011b\u017e a dokonce o n\u011bm psali v m\u00edstn\u00edch novin\u00e1ch.<\/p>\n\n\n\n<p>Zamy\u0161len\u00ed p\u0159eru\u0161ilo zazvon\u011bn\u00ed u branky. Ne\u010dekala nikoho. Kdy\u017e otev\u0159ela, z\u016fstala st\u00e1t jako p\u0159imrazen\u00e1.<\/p>\n\n\n\n<p>P\u0159ed n\u00ed st\u00e1li jej\u00ed rodi\u010de.<\/p>\n\n\n\n<p>Matka zest\u00e1rla, ve tv\u00e1\u0159i hlubok\u00e9 vr\u00e1sky. Otec dr\u017eel v rukou pap\u00edrovou ob\u00e1lku a pohled mu t\u011bkal.<\/p>\n\n\n\n<p>\u201eL\u00e9no\u2026 my\u2026,\u201c za\u010dala matka, ale hlas se j\u00ed zlomil.<\/p>\n\n\n\n<p>\u201eP\u0159ijeli jsme, proto\u017ee jsme si uv\u011bdomili, co jsme ztratili,\u201c dodal otec ti\u0161e.<\/p>\n\n\n\n<p>L\u00e9na ml\u010dela. Hlavou j\u00ed v\u00ed\u0159ily vzpom\u00ednky \u2014 jak st\u00e1la v de\u0161ti p\u0159ed zav\u0159en\u00fdmi dve\u0159mi, jak kupovala pleny za posledn\u00ed pen\u00edze, jak dr\u017eela nemocn\u00e9ho Tom\u00e1\u0161e za ruku v nemocnici\u2026 bez pomoci, bez rodiny.<\/p>\n\n\n\n<p>Najednou se ve dve\u0159\u00edch objevil Tom\u00e1\u0161.<\/p>\n\n\n\n<p>\u201eMami, kdo to je?\u201c zeptal se zv\u011bdav\u011b.<\/p>\n\n\n\n<p>\u201eTo jsou\u2026 tvoji prarodi\u010de,\u201c odpov\u011bd\u011bla, ani\u017e by odvr\u00e1tila pohled od rodi\u010d\u016f.<\/p>\n\n\n\n<p>Matka se rozplakala.<\/p>\n\n\n\n<p>\u201eM\u016f\u017eeme\u2026 t\u011b obejmout?\u201c za\u0161eptala.<\/p>\n\n\n\n<p>Tom\u00e1\u0161 se pod\u00edval na L\u00e9niu. Ta jen nepatrn\u011b k\u00fdvla.<\/p>\n\n\n\n<p>Pak ale Tom\u00e1\u0161 \u0159ekl n\u011bco, co v\u0161echny zarazilo:<\/p>\n\n\n\n<p>\u201eA pro\u010d jste tu nebyli, kdy\u017e jsme v\u00e1s pot\u0159ebovali?\u201c<\/p>\n\n\n\n<p>Otec sklopil hlavu. Matka se rozt\u0159\u00e1sla.<\/p>\n\n\n\n<p>\u201eProto\u017ee jsme byli zbab\u011bl\u00ed. A te\u010f n\u00e1s to mrz\u00ed v\u00edc, ne\u017e si dok\u00e1\u017ee\u0161 p\u0159edstavit,\u201c odpov\u011bd\u011bla.<\/p>\n\n\n\n<p>L\u00e9na chv\u00edli ml\u010dela. Pak ustoupila stranou.<\/p>\n\n\n\n<p>\u201ePoj\u010fte d\u00e1l. Ale odpu\u0161t\u011bn\u00ed nep\u0159ich\u00e1z\u00ed p\u0159es noc.\u201c<\/p>\n\n\n\n<p>Ticho. A pak tich\u00e9:<\/p>\n\n\n\n<p>\u201eD\u011bkujeme.\u201c<\/p>\n\n\n\n<p>A tak, v tichu jednoho letn\u00edho odpoledne, se za\u010dalo ps\u00e1t n\u011bco nov\u00e9ho. Mo\u017en\u00e1 ne zcela \u010dist\u00fd za\u010d\u00e1tek \u2014 ale up\u0159\u00edmn\u00fd. A n\u011bkdy je pr\u00e1v\u011b to nejd\u016fle\u017eit\u011bj\u0161\u00ed.<\/p>\n","protected":false},"excerpt":{"rendered":"<div class=\"mh-excerpt\"><p>Kdy\u017e L\u00e9na v sedmn\u00e1cti letech ozn\u00e1mila rodi\u010d\u016fm, \u017ee \u010dek\u00e1 d\u00edt\u011b, nastalo ticho. Nep\u0159\u00edjemn\u00e9, t\u00ed\u017eiv\u00e9 ticho, na kter\u00e9 nikdy nezapomene. Matka zbledla a mezi zuby procedila: <a class=\"mh-excerpt-more\" href=\"https:\/\/erevanblog.am\/?p=10867\" title=\"L\u00e9na ot\u011bhotn\u011bla v sedmn\u00e1cti a rodi\u010de ji vyhodili z domu. O patn\u00e1ct let pozd\u011bji ji p\u0159ijeli nav\u0161t\u00edvit \u2014 to, co zjistili, jim vzalo dech.\">[&#8230;]<\/a><\/p>\n<\/div>","protected":false},"author":1,"featured_media":10868,"comment_status":"open","ping_status":"open","sticky":false,"template":"","format":"standard","meta":{"footnotes":""},"categories":[1],"tags":[],"class_list":["post-10867","post","type-post","status-publish","format-standard","has-post-thumbnail","hentry","category-uncategorised"],"yoast_head":"<!-- This site is optimized with the Yoast SEO plugin v27.5 - https:\/\/yoast.com\/product\/yoast-seo-wordpress\/ -->\n<title>L\u00e9na ot\u011bhotn\u011bla v sedmn\u00e1cti a rodi\u010de ji vyhodili z domu. O patn\u00e1ct let pozd\u011bji ji p\u0159ijeli nav\u0161t\u00edvit \u2014 to, co zjistili, jim vzalo dech. -<\/title>\n<meta name=\"robots\" content=\"index, follow, max-snippet:-1, max-image-preview:large, max-video-preview:-1\" \/>\n<link rel=\"canonical\" href=\"https:\/\/erevanblog.am\/?p=10867\" \/>\n<meta property=\"og:locale\" content=\"en_US\" \/>\n<meta property=\"og:type\" content=\"article\" \/>\n<meta property=\"og:title\" content=\"L\u00e9na ot\u011bhotn\u011bla v sedmn\u00e1cti a rodi\u010de ji vyhodili z domu. O patn\u00e1ct let pozd\u011bji ji p\u0159ijeli nav\u0161t\u00edvit \u2014 to, co zjistili, jim vzalo dech. -\" \/>\n<meta property=\"og:description\" content=\"Kdy\u017e L\u00e9na v sedmn\u00e1cti letech ozn\u00e1mila rodi\u010d\u016fm, \u017ee \u010dek\u00e1 d\u00edt\u011b, nastalo ticho. Nep\u0159\u00edjemn\u00e9, t\u00ed\u017eiv\u00e9 ticho, na kter\u00e9 nikdy nezapomene. Matka zbledla a mezi zuby procedila: [...]\" \/>\n<meta property=\"og:url\" content=\"https:\/\/erevanblog.am\/?p=10867\" \/>\n<meta property=\"article:published_time\" content=\"2025-07-16T08:30:55+00:00\" \/>\n<meta property=\"article:modified_time\" content=\"2025-07-16T08:30:56+00:00\" \/>\n<meta property=\"og:image\" content=\"http:\/\/erevanblog.am\/wp-content\/uploads\/2025\/07\/111111111111111.jpg\" \/>\n\t<meta property=\"og:image:width\" content=\"500\" \/>\n\t<meta property=\"og:image:height\" content=\"640\" \/>\n\t<meta property=\"og:image:type\" content=\"image\/jpeg\" \/>\n<meta name=\"author\" content=\"erevanblog_a\" \/>\n<meta name=\"twitter:card\" content=\"summary_large_image\" \/>\n<meta name=\"twitter:label1\" content=\"Written by\" \/>\n\t<meta name=\"twitter:data1\" content=\"erevanblog_a\" \/>\n\t<meta name=\"twitter:label2\" content=\"Est. reading time\" \/>\n\t<meta name=\"twitter:data2\" content=\"3 minutes\" \/>\n<script type=\"application\/ld+json\" class=\"yoast-schema-graph\">{\"@context\":\"https:\\\/\\\/schema.org\",\"@graph\":[{\"@type\":\"Article\",\"@id\":\"https:\\\/\\\/erevanblog.am\\\/?p=10867#article\",\"isPartOf\":{\"@id\":\"https:\\\/\\\/erevanblog.am\\\/?p=10867\"},\"author\":{\"name\":\"erevanblog_a\",\"@id\":\"https:\\\/\\\/erevanblog.am\\\/#\\\/schema\\\/person\\\/204f10311eb7ddb8914a5ab3e5f03928\"},\"headline\":\"L\u00e9na ot\u011bhotn\u011bla v sedmn\u00e1cti a rodi\u010de ji vyhodili z domu. O patn\u00e1ct let pozd\u011bji ji p\u0159ijeli nav\u0161t\u00edvit \u2014 to, co zjistili, jim vzalo dech.\",\"datePublished\":\"2025-07-16T08:30:55+00:00\",\"dateModified\":\"2025-07-16T08:30:56+00:00\",\"mainEntityOfPage\":{\"@id\":\"https:\\\/\\\/erevanblog.am\\\/?p=10867\"},\"wordCount\":554,\"commentCount\":0,\"image\":{\"@id\":\"https:\\\/\\\/erevanblog.am\\\/?p=10867#primaryimage\"},\"thumbnailUrl\":\"https:\\\/\\\/erevanblog.am\\\/wp-content\\\/uploads\\\/2025\\\/07\\\/111111111111111.jpg\",\"articleSection\":[\"NEWS\"],\"inLanguage\":\"en-US\",\"potentialAction\":[{\"@type\":\"CommentAction\",\"name\":\"Comment\",\"target\":[\"https:\\\/\\\/erevanblog.am\\\/?p=10867#respond\"]}]},{\"@type\":\"WebPage\",\"@id\":\"https:\\\/\\\/erevanblog.am\\\/?p=10867\",\"url\":\"https:\\\/\\\/erevanblog.am\\\/?p=10867\",\"name\":\"L\u00e9na ot\u011bhotn\u011bla v sedmn\u00e1cti a rodi\u010de ji vyhodili z domu. O patn\u00e1ct let pozd\u011bji ji p\u0159ijeli nav\u0161t\u00edvit \u2014 to, co zjistili, jim vzalo dech. -\",\"isPartOf\":{\"@id\":\"https:\\\/\\\/erevanblog.am\\\/#website\"},\"primaryImageOfPage\":{\"@id\":\"https:\\\/\\\/erevanblog.am\\\/?p=10867#primaryimage\"},\"image\":{\"@id\":\"https:\\\/\\\/erevanblog.am\\\/?p=10867#primaryimage\"},\"thumbnailUrl\":\"https:\\\/\\\/erevanblog.am\\\/wp-content\\\/uploads\\\/2025\\\/07\\\/111111111111111.jpg\",\"datePublished\":\"2025-07-16T08:30:55+00:00\",\"dateModified\":\"2025-07-16T08:30:56+00:00\",\"author\":{\"@id\":\"https:\\\/\\\/erevanblog.am\\\/#\\\/schema\\\/person\\\/204f10311eb7ddb8914a5ab3e5f03928\"},\"breadcrumb\":{\"@id\":\"https:\\\/\\\/erevanblog.am\\\/?p=10867#breadcrumb\"},\"inLanguage\":\"en-US\",\"potentialAction\":[{\"@type\":\"ReadAction\",\"target\":[\"https:\\\/\\\/erevanblog.am\\\/?p=10867\"]}]},{\"@type\":\"ImageObject\",\"inLanguage\":\"en-US\",\"@id\":\"https:\\\/\\\/erevanblog.am\\\/?p=10867#primaryimage\",\"url\":\"https:\\\/\\\/erevanblog.am\\\/wp-content\\\/uploads\\\/2025\\\/07\\\/111111111111111.jpg\",\"contentUrl\":\"https:\\\/\\\/erevanblog.am\\\/wp-content\\\/uploads\\\/2025\\\/07\\\/111111111111111.jpg\",\"width\":500,\"height\":640},{\"@type\":\"BreadcrumbList\",\"@id\":\"https:\\\/\\\/erevanblog.am\\\/?p=10867#breadcrumb\",\"itemListElement\":[{\"@type\":\"ListItem\",\"position\":1,\"name\":\"Home\",\"item\":\"https:\\\/\\\/erevanblog.am\\\/\"},{\"@type\":\"ListItem\",\"position\":2,\"name\":\"L\u00e9na ot\u011bhotn\u011bla v sedmn\u00e1cti a rodi\u010de ji vyhodili z domu. O patn\u00e1ct let pozd\u011bji ji p\u0159ijeli nav\u0161t\u00edvit \u2014 to, co zjistili, jim vzalo dech.\"}]},{\"@type\":\"WebSite\",\"@id\":\"https:\\\/\\\/erevanblog.am\\\/#website\",\"url\":\"https:\\\/\\\/erevanblog.am\\\/\",\"name\":\"\",\"description\":\"\",\"potentialAction\":[{\"@type\":\"SearchAction\",\"target\":{\"@type\":\"EntryPoint\",\"urlTemplate\":\"https:\\\/\\\/erevanblog.am\\\/?s={search_term_string}\"},\"query-input\":{\"@type\":\"PropertyValueSpecification\",\"valueRequired\":true,\"valueName\":\"search_term_string\"}}],\"inLanguage\":\"en-US\"},{\"@type\":\"Person\",\"@id\":\"https:\\\/\\\/erevanblog.am\\\/#\\\/schema\\\/person\\\/204f10311eb7ddb8914a5ab3e5f03928\",\"name\":\"erevanblog_a\",\"image\":{\"@type\":\"ImageObject\",\"inLanguage\":\"en-US\",\"@id\":\"https:\\\/\\\/secure.gravatar.com\\\/avatar\\\/a24f4ac3a683f3c87303db525abc00db51ea26ccedee11dfaf1cc0f9a481a5d2?s=96&d=mm&r=g\",\"url\":\"https:\\\/\\\/secure.gravatar.com\\\/avatar\\\/a24f4ac3a683f3c87303db525abc00db51ea26ccedee11dfaf1cc0f9a481a5d2?s=96&d=mm&r=g\",\"contentUrl\":\"https:\\\/\\\/secure.gravatar.com\\\/avatar\\\/a24f4ac3a683f3c87303db525abc00db51ea26ccedee11dfaf1cc0f9a481a5d2?s=96&d=mm&r=g\",\"caption\":\"erevanblog_a\"},\"sameAs\":[\"http:\\\/\\\/erevanblog.am\"],\"url\":\"https:\\\/\\\/erevanblog.am\\\/?author=1\"}]}<\/script>\n<!-- \/ Yoast SEO plugin. -->","yoast_head_json":{"title":"L\u00e9na ot\u011bhotn\u011bla v sedmn\u00e1cti a rodi\u010de ji vyhodili z domu. O patn\u00e1ct let pozd\u011bji ji p\u0159ijeli nav\u0161t\u00edvit \u2014 to, co zjistili, jim vzalo dech. -","robots":{"index":"index","follow":"follow","max-snippet":"max-snippet:-1","max-image-preview":"max-image-preview:large","max-video-preview":"max-video-preview:-1"},"canonical":"https:\/\/erevanblog.am\/?p=10867","og_locale":"en_US","og_type":"article","og_title":"L\u00e9na ot\u011bhotn\u011bla v sedmn\u00e1cti a rodi\u010de ji vyhodili z domu. O patn\u00e1ct let pozd\u011bji ji p\u0159ijeli nav\u0161t\u00edvit \u2014 to, co zjistili, jim vzalo dech. -","og_description":"Kdy\u017e L\u00e9na v sedmn\u00e1cti letech ozn\u00e1mila rodi\u010d\u016fm, \u017ee \u010dek\u00e1 d\u00edt\u011b, nastalo ticho. Nep\u0159\u00edjemn\u00e9, t\u00ed\u017eiv\u00e9 ticho, na kter\u00e9 nikdy nezapomene. Matka zbledla a mezi zuby procedila: [...]","og_url":"https:\/\/erevanblog.am\/?p=10867","article_published_time":"2025-07-16T08:30:55+00:00","article_modified_time":"2025-07-16T08:30:56+00:00","og_image":[{"width":500,"height":640,"url":"http:\/\/erevanblog.am\/wp-content\/uploads\/2025\/07\/111111111111111.jpg","type":"image\/jpeg"}],"author":"erevanblog_a","twitter_card":"summary_large_image","twitter_misc":{"Written by":"erevanblog_a","Est. reading time":"3 minutes"},"schema":{"@context":"https:\/\/schema.org","@graph":[{"@type":"Article","@id":"https:\/\/erevanblog.am\/?p=10867#article","isPartOf":{"@id":"https:\/\/erevanblog.am\/?p=10867"},"author":{"name":"erevanblog_a","@id":"https:\/\/erevanblog.am\/#\/schema\/person\/204f10311eb7ddb8914a5ab3e5f03928"},"headline":"L\u00e9na ot\u011bhotn\u011bla v sedmn\u00e1cti a rodi\u010de ji vyhodili z domu. O patn\u00e1ct let pozd\u011bji ji p\u0159ijeli nav\u0161t\u00edvit \u2014 to, co zjistili, jim vzalo dech.","datePublished":"2025-07-16T08:30:55+00:00","dateModified":"2025-07-16T08:30:56+00:00","mainEntityOfPage":{"@id":"https:\/\/erevanblog.am\/?p=10867"},"wordCount":554,"commentCount":0,"image":{"@id":"https:\/\/erevanblog.am\/?p=10867#primaryimage"},"thumbnailUrl":"https:\/\/erevanblog.am\/wp-content\/uploads\/2025\/07\/111111111111111.jpg","articleSection":["NEWS"],"inLanguage":"en-US","potentialAction":[{"@type":"CommentAction","name":"Comment","target":["https:\/\/erevanblog.am\/?p=10867#respond"]}]},{"@type":"WebPage","@id":"https:\/\/erevanblog.am\/?p=10867","url":"https:\/\/erevanblog.am\/?p=10867","name":"L\u00e9na ot\u011bhotn\u011bla v sedmn\u00e1cti a rodi\u010de ji vyhodili z domu. O patn\u00e1ct let pozd\u011bji ji p\u0159ijeli nav\u0161t\u00edvit \u2014 to, co zjistili, jim vzalo dech. -","isPartOf":{"@id":"https:\/\/erevanblog.am\/#website"},"primaryImageOfPage":{"@id":"https:\/\/erevanblog.am\/?p=10867#primaryimage"},"image":{"@id":"https:\/\/erevanblog.am\/?p=10867#primaryimage"},"thumbnailUrl":"https:\/\/erevanblog.am\/wp-content\/uploads\/2025\/07\/111111111111111.jpg","datePublished":"2025-07-16T08:30:55+00:00","dateModified":"2025-07-16T08:30:56+00:00","author":{"@id":"https:\/\/erevanblog.am\/#\/schema\/person\/204f10311eb7ddb8914a5ab3e5f03928"},"breadcrumb":{"@id":"https:\/\/erevanblog.am\/?p=10867#breadcrumb"},"inLanguage":"en-US","potentialAction":[{"@type":"ReadAction","target":["https:\/\/erevanblog.am\/?p=10867"]}]},{"@type":"ImageObject","inLanguage":"en-US","@id":"https:\/\/erevanblog.am\/?p=10867#primaryimage","url":"https:\/\/erevanblog.am\/wp-content\/uploads\/2025\/07\/111111111111111.jpg","contentUrl":"https:\/\/erevanblog.am\/wp-content\/uploads\/2025\/07\/111111111111111.jpg","width":500,"height":640},{"@type":"BreadcrumbList","@id":"https:\/\/erevanblog.am\/?p=10867#breadcrumb","itemListElement":[{"@type":"ListItem","position":1,"name":"Home","item":"https:\/\/erevanblog.am\/"},{"@type":"ListItem","position":2,"name":"L\u00e9na ot\u011bhotn\u011bla v sedmn\u00e1cti a rodi\u010de ji vyhodili z domu. O patn\u00e1ct let pozd\u011bji ji p\u0159ijeli nav\u0161t\u00edvit \u2014 to, co zjistili, jim vzalo dech."}]},{"@type":"WebSite","@id":"https:\/\/erevanblog.am\/#website","url":"https:\/\/erevanblog.am\/","name":"","description":"","potentialAction":[{"@type":"SearchAction","target":{"@type":"EntryPoint","urlTemplate":"https:\/\/erevanblog.am\/?s={search_term_string}"},"query-input":{"@type":"PropertyValueSpecification","valueRequired":true,"valueName":"search_term_string"}}],"inLanguage":"en-US"},{"@type":"Person","@id":"https:\/\/erevanblog.am\/#\/schema\/person\/204f10311eb7ddb8914a5ab3e5f03928","name":"erevanblog_a","image":{"@type":"ImageObject","inLanguage":"en-US","@id":"https:\/\/secure.gravatar.com\/avatar\/a24f4ac3a683f3c87303db525abc00db51ea26ccedee11dfaf1cc0f9a481a5d2?s=96&d=mm&r=g","url":"https:\/\/secure.gravatar.com\/avatar\/a24f4ac3a683f3c87303db525abc00db51ea26ccedee11dfaf1cc0f9a481a5d2?s=96&d=mm&r=g","contentUrl":"https:\/\/secure.gravatar.com\/avatar\/a24f4ac3a683f3c87303db525abc00db51ea26ccedee11dfaf1cc0f9a481a5d2?s=96&d=mm&r=g","caption":"erevanblog_a"},"sameAs":["http:\/\/erevanblog.am"],"url":"https:\/\/erevanblog.am\/?author=1"}]}},"views":685,"_links":{"self":[{"href":"https:\/\/erevanblog.am\/index.php?rest_route=\/wp\/v2\/posts\/10867","targetHints":{"allow":["GET"]}}],"collection":[{"href":"https:\/\/erevanblog.am\/index.php?rest_route=\/wp\/v2\/posts"}],"about":[{"href":"https:\/\/erevanblog.am\/index.php?rest_route=\/wp\/v2\/types\/post"}],"author":[{"embeddable":true,"href":"https:\/\/erevanblog.am\/index.php?rest_route=\/wp\/v2\/users\/1"}],"replies":[{"embeddable":true,"href":"https:\/\/erevanblog.am\/index.php?rest_route=%2Fwp%2Fv2%2Fcomments&post=10867"}],"version-history":[{"count":1,"href":"https:\/\/erevanblog.am\/index.php?rest_route=\/wp\/v2\/posts\/10867\/revisions"}],"predecessor-version":[{"id":10869,"href":"https:\/\/erevanblog.am\/index.php?rest_route=\/wp\/v2\/posts\/10867\/revisions\/10869"}],"wp:featuredmedia":[{"embeddable":true,"href":"https:\/\/erevanblog.am\/index.php?rest_route=\/wp\/v2\/media\/10868"}],"wp:attachment":[{"href":"https:\/\/erevanblog.am\/index.php?rest_route=%2Fwp%2Fv2%2Fmedia&parent=10867"}],"wp:term":[{"taxonomy":"category","embeddable":true,"href":"https:\/\/erevanblog.am\/index.php?rest_route=%2Fwp%2Fv2%2Fcategories&post=10867"},{"taxonomy":"post_tag","embeddable":true,"href":"https:\/\/erevanblog.am\/index.php?rest_route=%2Fwp%2Fv2%2Ftags&post=10867"}],"curies":[{"name":"wp","href":"https:\/\/api.w.org\/{rel}","templated":true}]}}