{"id":10873,"date":"2025-07-16T15:23:13","date_gmt":"2025-07-16T14:23:13","guid":{"rendered":"https:\/\/erevanblog.am\/?p=10873"},"modified":"2025-07-16T15:23:15","modified_gmt":"2025-07-16T14:23:15","slug":"skandal-v-palaci-napeti-mezi-camillou-a-kate-roste-je-vevodkyne-z-cambridge-duvodem-proc-kralovna-manzelka-saha-po-sklence","status":"publish","type":"post","link":"https:\/\/erevanblog.am\/?p=10873","title":{"rendered":"Skand\u00e1l v pal\u00e1ci: Nap\u011bt\u00ed mezi Camillou a Kate roste \u2013 je v\u00e9vodkyn\u011b z Cambridge d\u016fvodem, pro\u010d kr\u00e1lovna man\u017eelka sah\u00e1 po sklence?"},"content":{"rendered":"\n<p>Za zdmi Buckinghamsk\u00e9ho pal\u00e1ce se odehr\u00e1v\u00e1 drama, kter\u00e9 z\u016fst\u00e1v\u00e1 ve\u0159ejnosti skryto. Zat\u00edmco ofici\u00e1ln\u00ed portr\u00e9ty a ve\u0159ejn\u00e1 vystoupen\u00ed se tv\u00e1\u0159\u00ed harmonicky, z\u00e1kulisn\u00ed informace nazna\u010duj\u00ed, \u017ee vztahy mezi kr\u00e1lovnou man\u017eelkou Camillou a v\u00e9vodkyn\u00ed z Cambridge Kate Middleton jsou napjat\u00e9 jako nikdy p\u0159edt\u00edm.<\/p>\n\n\n\n<figure class=\"wp-block-image size-full\"><img loading=\"lazy\" decoding=\"async\" width=\"526\" height=\"528\" src=\"https:\/\/erevanblog.am\/wp-content\/uploads\/2025\/07\/00000000000000000000.jpg\" alt=\"\" class=\"wp-image-10874\" srcset=\"https:\/\/erevanblog.am\/wp-content\/uploads\/2025\/07\/00000000000000000000.jpg 526w, https:\/\/erevanblog.am\/wp-content\/uploads\/2025\/07\/00000000000000000000-300x300.jpg 300w, https:\/\/erevanblog.am\/wp-content\/uploads\/2025\/07\/00000000000000000000-150x150.jpg 150w\" sizes=\"auto, (max-width: 526px) 100vw, 526px\" \/><\/figure>\n\n\n\n<p>Podle d\u016fv\u011bryhodn\u00fdch zdroj\u016f se mezi ob\u011bma \u017eenami rozho\u0159el konflikt, jeho\u017e d\u016fsledky zasahuj\u00ed i do psychick\u00e9ho rozpolo\u017een\u00ed samotn\u00e9 Camilly. Hlavn\u00edm jablkem sv\u00e1ru maj\u00ed b\u00fdt rozd\u00edln\u00e9 n\u00e1zory na v\u00fdchovu d\u011bt\u00ed, medi\u00e1ln\u00ed strategii a samotn\u00e9 postaven\u00ed v r\u00e1mci kr\u00e1lovsk\u00e9 rodiny. Kate, kter\u00e1 je ve\u0159ejnost\u00ed vn\u00edm\u00e1na jako vzor elegance a d\u016fstojnosti, \u00fadajn\u011b vzbuzuje v Camille pocit ohro\u017een\u00ed \u2013 jej\u00ed rostouc\u00ed popularita toti\u017e zasti\u0148uje nejen Camillu, ale pr\u00fd i kr\u00e1le Karla III.<\/p>\n\n\n\n<p>Situaci nav\u00edc komplikuje dlouhodob\u011b napjat\u00fd vztah Camilly s Williamem a zejm\u00e9na s Harrym \u2013 d\u011btmi princezny Diany. Zat\u00edmco vztahy s Meghan Markle byly v\u017edy chladn\u00e9, nyn\u00ed nap\u011bt\u00ed p\u0159ech\u00e1z\u00ed i na Kate, kter\u00e1 se sna\u017e\u00ed zachovat neutralitu, ale z\u00e1rove\u0148 pevn\u011b stoj\u00ed po boku sv\u00e9 rodiny.<\/p>\n\n\n\n<p>Konflikt podle v\u0161eho za\u0161el tak daleko, \u017ee musel zas\u00e1hnout i princ William. Ten se sna\u017e\u00ed b\u00fdt prost\u0159edn\u00edkem, ale tlak na n\u011bj st\u00e1le s\u00edl\u00ed. Balancov\u00e1n\u00ed mezi dv\u011bma siln\u00fdmi osobnostmi, kter\u00e9 zt\u011bles\u0148uj\u00ed rozd\u00edln\u00e9 hodnoty a p\u0159\u00edstupy, nen\u00ed jednoduch\u00e9.<\/p>\n\n\n\n<p>Co se d\u011bje za zav\u0159en\u00fdmi dve\u0159mi pal\u00e1ce? Jak reaguje kr\u00e1l Karel III.? A jakou roli hraje ve\u0159ejn\u00e9 m\u00edn\u011bn\u00ed? Jedno je jist\u00e9 \u2013 i mal\u00fd konflikt m\u016f\u017ee v monarchii, kde je ka\u017ed\u00fd krok pod drobnohledem, ot\u0159\u00e1st celou strukturou. A pokud Camilla skute\u010dn\u011b hled\u00e1 \u00fat\u011bchu ve sklence v\u00edna, m\u016f\u017ee to b\u00fdt sign\u00e1l, \u017ee krize teprve za\u010d\u00edn\u00e1.<\/p>\n","protected":false},"excerpt":{"rendered":"<div class=\"mh-excerpt\"><p>Za zdmi Buckinghamsk\u00e9ho pal\u00e1ce se odehr\u00e1v\u00e1 drama, kter\u00e9 z\u016fst\u00e1v\u00e1 ve\u0159ejnosti skryto. Zat\u00edmco ofici\u00e1ln\u00ed portr\u00e9ty a ve\u0159ejn\u00e1 vystoupen\u00ed se tv\u00e1\u0159\u00ed harmonicky, z\u00e1kulisn\u00ed informace nazna\u010duj\u00ed, \u017ee vztahy <a class=\"mh-excerpt-more\" href=\"https:\/\/erevanblog.am\/?p=10873\" title=\"Skand\u00e1l v pal\u00e1ci: Nap\u011bt\u00ed mezi Camillou a Kate roste \u2013 je v\u00e9vodkyn\u011b z Cambridge d\u016fvodem, pro\u010d kr\u00e1lovna man\u017eelka sah\u00e1 po sklence?\">[&#8230;]<\/a><\/p>\n<\/div>","protected":false},"author":1,"featured_media":10874,"comment_status":"open","ping_status":"open","sticky":false,"template":"","format":"standard","meta":{"footnotes":""},"categories":[1],"tags":[],"class_list":["post-10873","post","type-post","status-publish","format-standard","has-post-thumbnail","hentry","category-uncategorised"],"yoast_head":"<!-- This site is optimized with the Yoast SEO plugin v27.5 - https:\/\/yoast.com\/product\/yoast-seo-wordpress\/ -->\n<title>Skand\u00e1l v pal\u00e1ci: Nap\u011bt\u00ed mezi Camillou a Kate roste \u2013 je v\u00e9vodkyn\u011b z Cambridge d\u016fvodem, pro\u010d kr\u00e1lovna man\u017eelka sah\u00e1 po sklence? -<\/title>\n<meta name=\"robots\" content=\"index, follow, max-snippet:-1, max-image-preview:large, max-video-preview:-1\" \/>\n<link rel=\"canonical\" href=\"https:\/\/erevanblog.am\/?p=10873\" \/>\n<meta property=\"og:locale\" content=\"en_US\" \/>\n<meta property=\"og:type\" content=\"article\" \/>\n<meta property=\"og:title\" content=\"Skand\u00e1l v pal\u00e1ci: Nap\u011bt\u00ed mezi Camillou a Kate roste \u2013 je v\u00e9vodkyn\u011b z Cambridge d\u016fvodem, pro\u010d kr\u00e1lovna man\u017eelka sah\u00e1 po sklence? -\" \/>\n<meta property=\"og:description\" content=\"Za zdmi Buckinghamsk\u00e9ho pal\u00e1ce se odehr\u00e1v\u00e1 drama, kter\u00e9 z\u016fst\u00e1v\u00e1 ve\u0159ejnosti skryto. Zat\u00edmco ofici\u00e1ln\u00ed portr\u00e9ty a ve\u0159ejn\u00e1 vystoupen\u00ed se tv\u00e1\u0159\u00ed harmonicky, z\u00e1kulisn\u00ed informace nazna\u010duj\u00ed, \u017ee vztahy [...]\" \/>\n<meta property=\"og:url\" content=\"https:\/\/erevanblog.am\/?p=10873\" \/>\n<meta property=\"article:published_time\" content=\"2025-07-16T14:23:13+00:00\" \/>\n<meta property=\"article:modified_time\" content=\"2025-07-16T14:23:15+00:00\" \/>\n<meta property=\"og:image\" content=\"http:\/\/erevanblog.am\/wp-content\/uploads\/2025\/07\/00000000000000000000.jpg\" \/>\n\t<meta property=\"og:image:width\" content=\"526\" \/>\n\t<meta property=\"og:image:height\" content=\"528\" \/>\n\t<meta property=\"og:image:type\" content=\"image\/jpeg\" \/>\n<meta name=\"author\" content=\"erevanblog_a\" \/>\n<meta name=\"twitter:card\" content=\"summary_large_image\" \/>\n<meta name=\"twitter:label1\" content=\"Written by\" \/>\n\t<meta name=\"twitter:data1\" content=\"erevanblog_a\" \/>\n\t<meta name=\"twitter:label2\" content=\"Est. reading time\" \/>\n\t<meta name=\"twitter:data2\" content=\"2 minutes\" \/>\n<script type=\"application\/ld+json\" class=\"yoast-schema-graph\">{\"@context\":\"https:\\\/\\\/schema.org\",\"@graph\":[{\"@type\":\"Article\",\"@id\":\"https:\\\/\\\/erevanblog.am\\\/?p=10873#article\",\"isPartOf\":{\"@id\":\"https:\\\/\\\/erevanblog.am\\\/?p=10873\"},\"author\":{\"name\":\"erevanblog_a\",\"@id\":\"https:\\\/\\\/erevanblog.am\\\/#\\\/schema\\\/person\\\/204f10311eb7ddb8914a5ab3e5f03928\"},\"headline\":\"Skand\u00e1l v pal\u00e1ci: Nap\u011bt\u00ed mezi Camillou a Kate roste \u2013 je v\u00e9vodkyn\u011b z Cambridge d\u016fvodem, pro\u010d kr\u00e1lovna man\u017eelka sah\u00e1 po sklence?\",\"datePublished\":\"2025-07-16T14:23:13+00:00\",\"dateModified\":\"2025-07-16T14:23:15+00:00\",\"mainEntityOfPage\":{\"@id\":\"https:\\\/\\\/erevanblog.am\\\/?p=10873\"},\"wordCount\":351,\"commentCount\":0,\"image\":{\"@id\":\"https:\\\/\\\/erevanblog.am\\\/?p=10873#primaryimage\"},\"thumbnailUrl\":\"https:\\\/\\\/erevanblog.am\\\/wp-content\\\/uploads\\\/2025\\\/07\\\/00000000000000000000.jpg\",\"articleSection\":[\"NEWS\"],\"inLanguage\":\"en-US\",\"potentialAction\":[{\"@type\":\"CommentAction\",\"name\":\"Comment\",\"target\":[\"https:\\\/\\\/erevanblog.am\\\/?p=10873#respond\"]}]},{\"@type\":\"WebPage\",\"@id\":\"https:\\\/\\\/erevanblog.am\\\/?p=10873\",\"url\":\"https:\\\/\\\/erevanblog.am\\\/?p=10873\",\"name\":\"Skand\u00e1l v pal\u00e1ci: Nap\u011bt\u00ed mezi Camillou a Kate roste \u2013 je v\u00e9vodkyn\u011b z Cambridge d\u016fvodem, pro\u010d kr\u00e1lovna man\u017eelka sah\u00e1 po sklence? -\",\"isPartOf\":{\"@id\":\"https:\\\/\\\/erevanblog.am\\\/#website\"},\"primaryImageOfPage\":{\"@id\":\"https:\\\/\\\/erevanblog.am\\\/?p=10873#primaryimage\"},\"image\":{\"@id\":\"https:\\\/\\\/erevanblog.am\\\/?p=10873#primaryimage\"},\"thumbnailUrl\":\"https:\\\/\\\/erevanblog.am\\\/wp-content\\\/uploads\\\/2025\\\/07\\\/00000000000000000000.jpg\",\"datePublished\":\"2025-07-16T14:23:13+00:00\",\"dateModified\":\"2025-07-16T14:23:15+00:00\",\"author\":{\"@id\":\"https:\\\/\\\/erevanblog.am\\\/#\\\/schema\\\/person\\\/204f10311eb7ddb8914a5ab3e5f03928\"},\"breadcrumb\":{\"@id\":\"https:\\\/\\\/erevanblog.am\\\/?p=10873#breadcrumb\"},\"inLanguage\":\"en-US\",\"potentialAction\":[{\"@type\":\"ReadAction\",\"target\":[\"https:\\\/\\\/erevanblog.am\\\/?p=10873\"]}]},{\"@type\":\"ImageObject\",\"inLanguage\":\"en-US\",\"@id\":\"https:\\\/\\\/erevanblog.am\\\/?p=10873#primaryimage\",\"url\":\"https:\\\/\\\/erevanblog.am\\\/wp-content\\\/uploads\\\/2025\\\/07\\\/00000000000000000000.jpg\",\"contentUrl\":\"https:\\\/\\\/erevanblog.am\\\/wp-content\\\/uploads\\\/2025\\\/07\\\/00000000000000000000.jpg\",\"width\":526,\"height\":528},{\"@type\":\"BreadcrumbList\",\"@id\":\"https:\\\/\\\/erevanblog.am\\\/?p=10873#breadcrumb\",\"itemListElement\":[{\"@type\":\"ListItem\",\"position\":1,\"name\":\"Home\",\"item\":\"https:\\\/\\\/erevanblog.am\\\/\"},{\"@type\":\"ListItem\",\"position\":2,\"name\":\"Skand\u00e1l v pal\u00e1ci: Nap\u011bt\u00ed mezi Camillou a Kate roste \u2013 je v\u00e9vodkyn\u011b z Cambridge d\u016fvodem, pro\u010d kr\u00e1lovna man\u017eelka sah\u00e1 po sklence?\"}]},{\"@type\":\"WebSite\",\"@id\":\"https:\\\/\\\/erevanblog.am\\\/#website\",\"url\":\"https:\\\/\\\/erevanblog.am\\\/\",\"name\":\"\",\"description\":\"\",\"potentialAction\":[{\"@type\":\"SearchAction\",\"target\":{\"@type\":\"EntryPoint\",\"urlTemplate\":\"https:\\\/\\\/erevanblog.am\\\/?s={search_term_string}\"},\"query-input\":{\"@type\":\"PropertyValueSpecification\",\"valueRequired\":true,\"valueName\":\"search_term_string\"}}],\"inLanguage\":\"en-US\"},{\"@type\":\"Person\",\"@id\":\"https:\\\/\\\/erevanblog.am\\\/#\\\/schema\\\/person\\\/204f10311eb7ddb8914a5ab3e5f03928\",\"name\":\"erevanblog_a\",\"image\":{\"@type\":\"ImageObject\",\"inLanguage\":\"en-US\",\"@id\":\"https:\\\/\\\/secure.gravatar.com\\\/avatar\\\/a24f4ac3a683f3c87303db525abc00db51ea26ccedee11dfaf1cc0f9a481a5d2?s=96&d=mm&r=g\",\"url\":\"https:\\\/\\\/secure.gravatar.com\\\/avatar\\\/a24f4ac3a683f3c87303db525abc00db51ea26ccedee11dfaf1cc0f9a481a5d2?s=96&d=mm&r=g\",\"contentUrl\":\"https:\\\/\\\/secure.gravatar.com\\\/avatar\\\/a24f4ac3a683f3c87303db525abc00db51ea26ccedee11dfaf1cc0f9a481a5d2?s=96&d=mm&r=g\",\"caption\":\"erevanblog_a\"},\"sameAs\":[\"http:\\\/\\\/erevanblog.am\"],\"url\":\"https:\\\/\\\/erevanblog.am\\\/?author=1\"}]}<\/script>\n<!-- \/ Yoast SEO plugin. -->","yoast_head_json":{"title":"Skand\u00e1l v pal\u00e1ci: Nap\u011bt\u00ed mezi Camillou a Kate roste \u2013 je v\u00e9vodkyn\u011b z Cambridge d\u016fvodem, pro\u010d kr\u00e1lovna man\u017eelka sah\u00e1 po sklence? -","robots":{"index":"index","follow":"follow","max-snippet":"max-snippet:-1","max-image-preview":"max-image-preview:large","max-video-preview":"max-video-preview:-1"},"canonical":"https:\/\/erevanblog.am\/?p=10873","og_locale":"en_US","og_type":"article","og_title":"Skand\u00e1l v pal\u00e1ci: Nap\u011bt\u00ed mezi Camillou a Kate roste \u2013 je v\u00e9vodkyn\u011b z Cambridge d\u016fvodem, pro\u010d kr\u00e1lovna man\u017eelka sah\u00e1 po sklence? -","og_description":"Za zdmi Buckinghamsk\u00e9ho pal\u00e1ce se odehr\u00e1v\u00e1 drama, kter\u00e9 z\u016fst\u00e1v\u00e1 ve\u0159ejnosti skryto. Zat\u00edmco ofici\u00e1ln\u00ed portr\u00e9ty a ve\u0159ejn\u00e1 vystoupen\u00ed se tv\u00e1\u0159\u00ed harmonicky, z\u00e1kulisn\u00ed informace nazna\u010duj\u00ed, \u017ee vztahy [...]","og_url":"https:\/\/erevanblog.am\/?p=10873","article_published_time":"2025-07-16T14:23:13+00:00","article_modified_time":"2025-07-16T14:23:15+00:00","og_image":[{"width":526,"height":528,"url":"http:\/\/erevanblog.am\/wp-content\/uploads\/2025\/07\/00000000000000000000.jpg","type":"image\/jpeg"}],"author":"erevanblog_a","twitter_card":"summary_large_image","twitter_misc":{"Written by":"erevanblog_a","Est. reading time":"2 minutes"},"schema":{"@context":"https:\/\/schema.org","@graph":[{"@type":"Article","@id":"https:\/\/erevanblog.am\/?p=10873#article","isPartOf":{"@id":"https:\/\/erevanblog.am\/?p=10873"},"author":{"name":"erevanblog_a","@id":"https:\/\/erevanblog.am\/#\/schema\/person\/204f10311eb7ddb8914a5ab3e5f03928"},"headline":"Skand\u00e1l v pal\u00e1ci: Nap\u011bt\u00ed mezi Camillou a Kate roste \u2013 je v\u00e9vodkyn\u011b z Cambridge d\u016fvodem, pro\u010d kr\u00e1lovna man\u017eelka sah\u00e1 po sklence?","datePublished":"2025-07-16T14:23:13+00:00","dateModified":"2025-07-16T14:23:15+00:00","mainEntityOfPage":{"@id":"https:\/\/erevanblog.am\/?p=10873"},"wordCount":351,"commentCount":0,"image":{"@id":"https:\/\/erevanblog.am\/?p=10873#primaryimage"},"thumbnailUrl":"https:\/\/erevanblog.am\/wp-content\/uploads\/2025\/07\/00000000000000000000.jpg","articleSection":["NEWS"],"inLanguage":"en-US","potentialAction":[{"@type":"CommentAction","name":"Comment","target":["https:\/\/erevanblog.am\/?p=10873#respond"]}]},{"@type":"WebPage","@id":"https:\/\/erevanblog.am\/?p=10873","url":"https:\/\/erevanblog.am\/?p=10873","name":"Skand\u00e1l v pal\u00e1ci: Nap\u011bt\u00ed mezi Camillou a Kate roste \u2013 je v\u00e9vodkyn\u011b z Cambridge d\u016fvodem, pro\u010d kr\u00e1lovna man\u017eelka sah\u00e1 po sklence? -","isPartOf":{"@id":"https:\/\/erevanblog.am\/#website"},"primaryImageOfPage":{"@id":"https:\/\/erevanblog.am\/?p=10873#primaryimage"},"image":{"@id":"https:\/\/erevanblog.am\/?p=10873#primaryimage"},"thumbnailUrl":"https:\/\/erevanblog.am\/wp-content\/uploads\/2025\/07\/00000000000000000000.jpg","datePublished":"2025-07-16T14:23:13+00:00","dateModified":"2025-07-16T14:23:15+00:00","author":{"@id":"https:\/\/erevanblog.am\/#\/schema\/person\/204f10311eb7ddb8914a5ab3e5f03928"},"breadcrumb":{"@id":"https:\/\/erevanblog.am\/?p=10873#breadcrumb"},"inLanguage":"en-US","potentialAction":[{"@type":"ReadAction","target":["https:\/\/erevanblog.am\/?p=10873"]}]},{"@type":"ImageObject","inLanguage":"en-US","@id":"https:\/\/erevanblog.am\/?p=10873#primaryimage","url":"https:\/\/erevanblog.am\/wp-content\/uploads\/2025\/07\/00000000000000000000.jpg","contentUrl":"https:\/\/erevanblog.am\/wp-content\/uploads\/2025\/07\/00000000000000000000.jpg","width":526,"height":528},{"@type":"BreadcrumbList","@id":"https:\/\/erevanblog.am\/?p=10873#breadcrumb","itemListElement":[{"@type":"ListItem","position":1,"name":"Home","item":"https:\/\/erevanblog.am\/"},{"@type":"ListItem","position":2,"name":"Skand\u00e1l v pal\u00e1ci: Nap\u011bt\u00ed mezi Camillou a Kate roste \u2013 je v\u00e9vodkyn\u011b z Cambridge d\u016fvodem, pro\u010d kr\u00e1lovna man\u017eelka sah\u00e1 po sklence?"}]},{"@type":"WebSite","@id":"https:\/\/erevanblog.am\/#website","url":"https:\/\/erevanblog.am\/","name":"","description":"","potentialAction":[{"@type":"SearchAction","target":{"@type":"EntryPoint","urlTemplate":"https:\/\/erevanblog.am\/?s={search_term_string}"},"query-input":{"@type":"PropertyValueSpecification","valueRequired":true,"valueName":"search_term_string"}}],"inLanguage":"en-US"},{"@type":"Person","@id":"https:\/\/erevanblog.am\/#\/schema\/person\/204f10311eb7ddb8914a5ab3e5f03928","name":"erevanblog_a","image":{"@type":"ImageObject","inLanguage":"en-US","@id":"https:\/\/secure.gravatar.com\/avatar\/a24f4ac3a683f3c87303db525abc00db51ea26ccedee11dfaf1cc0f9a481a5d2?s=96&d=mm&r=g","url":"https:\/\/secure.gravatar.com\/avatar\/a24f4ac3a683f3c87303db525abc00db51ea26ccedee11dfaf1cc0f9a481a5d2?s=96&d=mm&r=g","contentUrl":"https:\/\/secure.gravatar.com\/avatar\/a24f4ac3a683f3c87303db525abc00db51ea26ccedee11dfaf1cc0f9a481a5d2?s=96&d=mm&r=g","caption":"erevanblog_a"},"sameAs":["http:\/\/erevanblog.am"],"url":"https:\/\/erevanblog.am\/?author=1"}]}},"views":345,"_links":{"self":[{"href":"https:\/\/erevanblog.am\/index.php?rest_route=\/wp\/v2\/posts\/10873","targetHints":{"allow":["GET"]}}],"collection":[{"href":"https:\/\/erevanblog.am\/index.php?rest_route=\/wp\/v2\/posts"}],"about":[{"href":"https:\/\/erevanblog.am\/index.php?rest_route=\/wp\/v2\/types\/post"}],"author":[{"embeddable":true,"href":"https:\/\/erevanblog.am\/index.php?rest_route=\/wp\/v2\/users\/1"}],"replies":[{"embeddable":true,"href":"https:\/\/erevanblog.am\/index.php?rest_route=%2Fwp%2Fv2%2Fcomments&post=10873"}],"version-history":[{"count":1,"href":"https:\/\/erevanblog.am\/index.php?rest_route=\/wp\/v2\/posts\/10873\/revisions"}],"predecessor-version":[{"id":10875,"href":"https:\/\/erevanblog.am\/index.php?rest_route=\/wp\/v2\/posts\/10873\/revisions\/10875"}],"wp:featuredmedia":[{"embeddable":true,"href":"https:\/\/erevanblog.am\/index.php?rest_route=\/wp\/v2\/media\/10874"}],"wp:attachment":[{"href":"https:\/\/erevanblog.am\/index.php?rest_route=%2Fwp%2Fv2%2Fmedia&parent=10873"}],"wp:term":[{"taxonomy":"category","embeddable":true,"href":"https:\/\/erevanblog.am\/index.php?rest_route=%2Fwp%2Fv2%2Fcategories&post=10873"},{"taxonomy":"post_tag","embeddable":true,"href":"https:\/\/erevanblog.am\/index.php?rest_route=%2Fwp%2Fv2%2Ftags&post=10873"}],"curies":[{"name":"wp","href":"https:\/\/api.w.org\/{rel}","templated":true}]}}