{"id":10876,"date":"2025-07-16T18:27:09","date_gmt":"2025-07-16T17:27:09","guid":{"rendered":"https:\/\/erevanblog.am\/?p=10876"},"modified":"2025-07-16T18:27:10","modified_gmt":"2025-07-16T17:27:10","slug":"zahada-za-usvitu-policista-otevrel-rakev-uprostred-chodniku-a-zacala-nocni-mura-ktera-prevratila-cele-vysetrovani","status":"publish","type":"post","link":"https:\/\/erevanblog.am\/?p=10876","title":{"rendered":"Z\u00e1hada za \u00fasvitu: Policista otev\u0159el rakev uprost\u0159ed chodn\u00edku \u2014 a za\u010dala no\u010dn\u00ed m\u016fra, kter\u00e1 p\u0159evr\u00e1tila cel\u00e9 vy\u0161et\u0159ov\u00e1n\u00ed"},"content":{"rendered":"\n<p>Byla je\u0161t\u011b tma, ale prvn\u00ed sv\u011btlo sv\u00edt\u00e1n\u00ed u\u017e barvilo obzor do \u0161edooran\u017eova. Ulice m\u011bsta byly tich\u00e9, ospal\u00e9 \u2014 jen ob\u010das projel rann\u00ed autobus. Na rohu ulic Mal\u00e1 \u0160t\u011bp\u00e1nsk\u00e1 a Mysl\u00edkova st\u00e1la star\u00e1 \u017eena. T\u0159\u00e1sla se \u2014 zimou, nebo snad strachem? V ruce sv\u00edrala mobil a do sluch\u00e1tka opakovala rozechv\u011bl\u00fdm hlasem:<\/p>\n\n\n\n<figure class=\"wp-block-image size-full\"><img loading=\"lazy\" decoding=\"async\" width=\"678\" height=\"381\" src=\"https:\/\/erevanblog.am\/wp-content\/uploads\/2025\/07\/6666666666666666666.jpg\" alt=\"\" class=\"wp-image-10877\" srcset=\"https:\/\/erevanblog.am\/wp-content\/uploads\/2025\/07\/6666666666666666666.jpg 678w, https:\/\/erevanblog.am\/wp-content\/uploads\/2025\/07\/6666666666666666666-300x169.jpg 300w\" sizes=\"auto, (max-width: 678px) 100vw, 678px\" \/><\/figure>\n\n\n\n<p>\u2014 Je tam rakev. Uprost\u0159ed chodn\u00edku. Zav\u0159en\u00e1. Nikdo kolem. Prost\u011b\u2026 jen tam le\u017e\u00ed.<\/p>\n\n\n\n<p>Na m\u00edsto byl vysl\u00e1n poru\u010d\u00edk David Kov\u00e1\u0159. Zku\u0161en\u00fd kriminalista, kter\u00fd za dvacet let slu\u017eby vid\u011bl ledacos. Ale i jeho sev\u0159el zvl\u00e1\u0161tn\u00ed pocit v \u017ealudku, kdy\u017e tu rakev spat\u0159il. Osam\u011bl\u00e1, tich\u00e1 \u2014 jako v\u00fd\u010ditka.<\/p>\n\n\n\n<p>\u2014 Zabezpe\u010dte prostor, p\u0159ik\u00e1zal klidn\u011b. A p\u0159ipravte n\u00e1stroje na otev\u0159en\u00ed v\u00edka.<\/p>\n\n\n\n<p>Jeden z mlad\u00fdch policist\u016f p\u0159istoupil s p\u00e1\u010didlem. V\u00edko bylo t\u011b\u017ek\u00e9, neobvykle t\u011b\u017ek\u00e9 \u2014 jako by se samo br\u00e1nilo otev\u0159en\u00ed. Kdy\u017e kone\u010dn\u011b povolilo a v\u00edko se zvedlo, nastal okam\u017eik, kdy se \u010das zastavil.<\/p>\n\n\n\n<p>Uvnit\u0159 nebylo t\u011blo.<\/p>\n\n\n\n<p>Le\u017eela tam\u2026 d\u011btsk\u00e1 kol\u00e9bka. Starod\u00e1vn\u00e1, d\u0159ev\u011bn\u00e1, lehce se houpala. A v n\u00ed panenka. Sklen\u011bn\u00e9 o\u010di, b\u00edl\u00e9 \u0161aty, popraskan\u00e1 tv\u00e1\u0159, jako by p\u0159e\u017eila po\u017e\u00e1r. V kl\u00edn\u011b dr\u017eela dopis.<\/p>\n\n\n\n<p>Kov\u00e1\u0159 si ho opatrn\u011b vzal do rukavic. \u010cern\u00fd inkoust, \u00fahledn\u00e9 p\u00edsmo:<\/p>\n\n\n\n<p><strong>\u201eTohle je prvn\u00ed. Ka\u017ed\u00fd, kdo si mysl\u00ed, \u017ee zn\u00e1 pravdu, ji teprve pozn\u00e1. D\u00edt\u011b sp\u00ed, ale minulost je vzh\u016fru.\u201c<\/strong><\/p>\n\n\n\n<p>V ten moment se v\u0161echno zm\u011bnilo.<\/p>\n\n\n\n<p>O p\u00e1r hodin pozd\u011bji byla nalezena druh\u00e1 rakev \u2014 tentokr\u00e1t p\u0159ed z\u00e1kladn\u00ed \u0161kolou. Uvnit\u0159 fotografie poh\u0159e\u0161ovan\u00e9ho u\u010ditele. Ve\u010der t\u0159et\u00ed \u2014 na opu\u0161t\u011bn\u00e9m n\u00e1dra\u017e\u00ed. A s ka\u017edou dal\u0161\u00ed p\u0159ich\u00e1zelo v\u00edc ot\u00e1zek ne\u017e odpov\u011bd\u00ed.<\/p>\n\n\n\n<p>Vy\u0161et\u0159ov\u00e1n\u00ed se za\u010dalo hroutit. Podez\u0159el\u00fdch p\u0159ib\u00fdvalo, motivy mizely v mlze. M\u00e9dia \u0161\u00edlela, ve\u0159ejnost panika\u0159ila. Ale ten, kdo hru rozehr\u00e1l, z\u016fst\u00e1val neviditeln\u00fd \u2014 a v\u017edy o krok nap\u0159ed.<\/p>\n\n\n\n<p>David Kov\u00e1\u0159 v\u011bd\u011bl jedin\u00e9: ta prvn\u00ed rakev nebyla varov\u00e1n\u00edm.<\/p>\n\n\n\n<p><strong>Byla to pozv\u00e1nka.<\/strong><\/p>\n\n\n\n<p>A no\u010dn\u00ed m\u016fra teprve za\u010d\u00ednala.<\/p>\n","protected":false},"excerpt":{"rendered":"<div class=\"mh-excerpt\"><p>Byla je\u0161t\u011b tma, ale prvn\u00ed sv\u011btlo sv\u00edt\u00e1n\u00ed u\u017e barvilo obzor do \u0161edooran\u017eova. Ulice m\u011bsta byly tich\u00e9, ospal\u00e9 \u2014 jen ob\u010das projel rann\u00ed autobus. Na rohu <a class=\"mh-excerpt-more\" href=\"https:\/\/erevanblog.am\/?p=10876\" title=\"Z\u00e1hada za \u00fasvitu: Policista otev\u0159el rakev uprost\u0159ed chodn\u00edku \u2014 a za\u010dala no\u010dn\u00ed m\u016fra, kter\u00e1 p\u0159evr\u00e1tila cel\u00e9 vy\u0161et\u0159ov\u00e1n\u00ed\">[&#8230;]<\/a><\/p>\n<\/div>","protected":false},"author":1,"featured_media":10877,"comment_status":"open","ping_status":"open","sticky":false,"template":"","format":"standard","meta":{"footnotes":""},"categories":[1],"tags":[],"class_list":["post-10876","post","type-post","status-publish","format-standard","has-post-thumbnail","hentry","category-uncategorised"],"yoast_head":"<!-- This site is optimized with the Yoast SEO plugin v27.5 - https:\/\/yoast.com\/product\/yoast-seo-wordpress\/ -->\n<title>Z\u00e1hada za \u00fasvitu: Policista otev\u0159el rakev uprost\u0159ed chodn\u00edku \u2014 a za\u010dala no\u010dn\u00ed m\u016fra, kter\u00e1 p\u0159evr\u00e1tila cel\u00e9 vy\u0161et\u0159ov\u00e1n\u00ed -<\/title>\n<meta name=\"robots\" content=\"index, follow, max-snippet:-1, max-image-preview:large, max-video-preview:-1\" \/>\n<link rel=\"canonical\" href=\"https:\/\/erevanblog.am\/?p=10876\" \/>\n<meta property=\"og:locale\" content=\"en_US\" \/>\n<meta property=\"og:type\" content=\"article\" \/>\n<meta property=\"og:title\" content=\"Z\u00e1hada za \u00fasvitu: Policista otev\u0159el rakev uprost\u0159ed chodn\u00edku \u2014 a za\u010dala no\u010dn\u00ed m\u016fra, kter\u00e1 p\u0159evr\u00e1tila cel\u00e9 vy\u0161et\u0159ov\u00e1n\u00ed -\" \/>\n<meta property=\"og:description\" content=\"Byla je\u0161t\u011b tma, ale prvn\u00ed sv\u011btlo sv\u00edt\u00e1n\u00ed u\u017e barvilo obzor do \u0161edooran\u017eova. Ulice m\u011bsta byly tich\u00e9, ospal\u00e9 \u2014 jen ob\u010das projel rann\u00ed autobus. Na rohu [...]\" \/>\n<meta property=\"og:url\" content=\"https:\/\/erevanblog.am\/?p=10876\" \/>\n<meta property=\"article:published_time\" content=\"2025-07-16T17:27:09+00:00\" \/>\n<meta property=\"article:modified_time\" content=\"2025-07-16T17:27:10+00:00\" \/>\n<meta property=\"og:image\" content=\"http:\/\/erevanblog.am\/wp-content\/uploads\/2025\/07\/6666666666666666666.jpg\" \/>\n\t<meta property=\"og:image:width\" content=\"678\" \/>\n\t<meta property=\"og:image:height\" content=\"381\" \/>\n\t<meta property=\"og:image:type\" content=\"image\/jpeg\" \/>\n<meta name=\"author\" content=\"erevanblog_a\" \/>\n<meta name=\"twitter:card\" content=\"summary_large_image\" \/>\n<meta name=\"twitter:label1\" content=\"Written by\" \/>\n\t<meta name=\"twitter:data1\" content=\"erevanblog_a\" \/>\n\t<meta name=\"twitter:label2\" content=\"Est. reading time\" \/>\n\t<meta name=\"twitter:data2\" content=\"2 minutes\" \/>\n<script type=\"application\/ld+json\" class=\"yoast-schema-graph\">{\"@context\":\"https:\\\/\\\/schema.org\",\"@graph\":[{\"@type\":\"Article\",\"@id\":\"https:\\\/\\\/erevanblog.am\\\/?p=10876#article\",\"isPartOf\":{\"@id\":\"https:\\\/\\\/erevanblog.am\\\/?p=10876\"},\"author\":{\"name\":\"erevanblog_a\",\"@id\":\"https:\\\/\\\/erevanblog.am\\\/#\\\/schema\\\/person\\\/204f10311eb7ddb8914a5ab3e5f03928\"},\"headline\":\"Z\u00e1hada za \u00fasvitu: Policista otev\u0159el rakev uprost\u0159ed chodn\u00edku \u2014 a za\u010dala no\u010dn\u00ed m\u016fra, kter\u00e1 p\u0159evr\u00e1tila cel\u00e9 vy\u0161et\u0159ov\u00e1n\u00ed\",\"datePublished\":\"2025-07-16T17:27:09+00:00\",\"dateModified\":\"2025-07-16T17:27:10+00:00\",\"mainEntityOfPage\":{\"@id\":\"https:\\\/\\\/erevanblog.am\\\/?p=10876\"},\"wordCount\":414,\"commentCount\":0,\"image\":{\"@id\":\"https:\\\/\\\/erevanblog.am\\\/?p=10876#primaryimage\"},\"thumbnailUrl\":\"https:\\\/\\\/erevanblog.am\\\/wp-content\\\/uploads\\\/2025\\\/07\\\/6666666666666666666.jpg\",\"articleSection\":[\"NEWS\"],\"inLanguage\":\"en-US\",\"potentialAction\":[{\"@type\":\"CommentAction\",\"name\":\"Comment\",\"target\":[\"https:\\\/\\\/erevanblog.am\\\/?p=10876#respond\"]}]},{\"@type\":\"WebPage\",\"@id\":\"https:\\\/\\\/erevanblog.am\\\/?p=10876\",\"url\":\"https:\\\/\\\/erevanblog.am\\\/?p=10876\",\"name\":\"Z\u00e1hada za \u00fasvitu: Policista otev\u0159el rakev uprost\u0159ed chodn\u00edku \u2014 a za\u010dala no\u010dn\u00ed m\u016fra, kter\u00e1 p\u0159evr\u00e1tila cel\u00e9 vy\u0161et\u0159ov\u00e1n\u00ed -\",\"isPartOf\":{\"@id\":\"https:\\\/\\\/erevanblog.am\\\/#website\"},\"primaryImageOfPage\":{\"@id\":\"https:\\\/\\\/erevanblog.am\\\/?p=10876#primaryimage\"},\"image\":{\"@id\":\"https:\\\/\\\/erevanblog.am\\\/?p=10876#primaryimage\"},\"thumbnailUrl\":\"https:\\\/\\\/erevanblog.am\\\/wp-content\\\/uploads\\\/2025\\\/07\\\/6666666666666666666.jpg\",\"datePublished\":\"2025-07-16T17:27:09+00:00\",\"dateModified\":\"2025-07-16T17:27:10+00:00\",\"author\":{\"@id\":\"https:\\\/\\\/erevanblog.am\\\/#\\\/schema\\\/person\\\/204f10311eb7ddb8914a5ab3e5f03928\"},\"breadcrumb\":{\"@id\":\"https:\\\/\\\/erevanblog.am\\\/?p=10876#breadcrumb\"},\"inLanguage\":\"en-US\",\"potentialAction\":[{\"@type\":\"ReadAction\",\"target\":[\"https:\\\/\\\/erevanblog.am\\\/?p=10876\"]}]},{\"@type\":\"ImageObject\",\"inLanguage\":\"en-US\",\"@id\":\"https:\\\/\\\/erevanblog.am\\\/?p=10876#primaryimage\",\"url\":\"https:\\\/\\\/erevanblog.am\\\/wp-content\\\/uploads\\\/2025\\\/07\\\/6666666666666666666.jpg\",\"contentUrl\":\"https:\\\/\\\/erevanblog.am\\\/wp-content\\\/uploads\\\/2025\\\/07\\\/6666666666666666666.jpg\",\"width\":678,\"height\":381},{\"@type\":\"BreadcrumbList\",\"@id\":\"https:\\\/\\\/erevanblog.am\\\/?p=10876#breadcrumb\",\"itemListElement\":[{\"@type\":\"ListItem\",\"position\":1,\"name\":\"Home\",\"item\":\"https:\\\/\\\/erevanblog.am\\\/\"},{\"@type\":\"ListItem\",\"position\":2,\"name\":\"Z\u00e1hada za \u00fasvitu: Policista otev\u0159el rakev uprost\u0159ed chodn\u00edku \u2014 a za\u010dala no\u010dn\u00ed m\u016fra, kter\u00e1 p\u0159evr\u00e1tila cel\u00e9 vy\u0161et\u0159ov\u00e1n\u00ed\"}]},{\"@type\":\"WebSite\",\"@id\":\"https:\\\/\\\/erevanblog.am\\\/#website\",\"url\":\"https:\\\/\\\/erevanblog.am\\\/\",\"name\":\"\",\"description\":\"\",\"potentialAction\":[{\"@type\":\"SearchAction\",\"target\":{\"@type\":\"EntryPoint\",\"urlTemplate\":\"https:\\\/\\\/erevanblog.am\\\/?s={search_term_string}\"},\"query-input\":{\"@type\":\"PropertyValueSpecification\",\"valueRequired\":true,\"valueName\":\"search_term_string\"}}],\"inLanguage\":\"en-US\"},{\"@type\":\"Person\",\"@id\":\"https:\\\/\\\/erevanblog.am\\\/#\\\/schema\\\/person\\\/204f10311eb7ddb8914a5ab3e5f03928\",\"name\":\"erevanblog_a\",\"image\":{\"@type\":\"ImageObject\",\"inLanguage\":\"en-US\",\"@id\":\"https:\\\/\\\/secure.gravatar.com\\\/avatar\\\/a24f4ac3a683f3c87303db525abc00db51ea26ccedee11dfaf1cc0f9a481a5d2?s=96&d=mm&r=g\",\"url\":\"https:\\\/\\\/secure.gravatar.com\\\/avatar\\\/a24f4ac3a683f3c87303db525abc00db51ea26ccedee11dfaf1cc0f9a481a5d2?s=96&d=mm&r=g\",\"contentUrl\":\"https:\\\/\\\/secure.gravatar.com\\\/avatar\\\/a24f4ac3a683f3c87303db525abc00db51ea26ccedee11dfaf1cc0f9a481a5d2?s=96&d=mm&r=g\",\"caption\":\"erevanblog_a\"},\"sameAs\":[\"http:\\\/\\\/erevanblog.am\"],\"url\":\"https:\\\/\\\/erevanblog.am\\\/?author=1\"}]}<\/script>\n<!-- \/ Yoast SEO plugin. -->","yoast_head_json":{"title":"Z\u00e1hada za \u00fasvitu: Policista otev\u0159el rakev uprost\u0159ed chodn\u00edku \u2014 a za\u010dala no\u010dn\u00ed m\u016fra, kter\u00e1 p\u0159evr\u00e1tila cel\u00e9 vy\u0161et\u0159ov\u00e1n\u00ed -","robots":{"index":"index","follow":"follow","max-snippet":"max-snippet:-1","max-image-preview":"max-image-preview:large","max-video-preview":"max-video-preview:-1"},"canonical":"https:\/\/erevanblog.am\/?p=10876","og_locale":"en_US","og_type":"article","og_title":"Z\u00e1hada za \u00fasvitu: Policista otev\u0159el rakev uprost\u0159ed chodn\u00edku \u2014 a za\u010dala no\u010dn\u00ed m\u016fra, kter\u00e1 p\u0159evr\u00e1tila cel\u00e9 vy\u0161et\u0159ov\u00e1n\u00ed -","og_description":"Byla je\u0161t\u011b tma, ale prvn\u00ed sv\u011btlo sv\u00edt\u00e1n\u00ed u\u017e barvilo obzor do \u0161edooran\u017eova. Ulice m\u011bsta byly tich\u00e9, ospal\u00e9 \u2014 jen ob\u010das projel rann\u00ed autobus. Na rohu [...]","og_url":"https:\/\/erevanblog.am\/?p=10876","article_published_time":"2025-07-16T17:27:09+00:00","article_modified_time":"2025-07-16T17:27:10+00:00","og_image":[{"width":678,"height":381,"url":"http:\/\/erevanblog.am\/wp-content\/uploads\/2025\/07\/6666666666666666666.jpg","type":"image\/jpeg"}],"author":"erevanblog_a","twitter_card":"summary_large_image","twitter_misc":{"Written by":"erevanblog_a","Est. reading time":"2 minutes"},"schema":{"@context":"https:\/\/schema.org","@graph":[{"@type":"Article","@id":"https:\/\/erevanblog.am\/?p=10876#article","isPartOf":{"@id":"https:\/\/erevanblog.am\/?p=10876"},"author":{"name":"erevanblog_a","@id":"https:\/\/erevanblog.am\/#\/schema\/person\/204f10311eb7ddb8914a5ab3e5f03928"},"headline":"Z\u00e1hada za \u00fasvitu: Policista otev\u0159el rakev uprost\u0159ed chodn\u00edku \u2014 a za\u010dala no\u010dn\u00ed m\u016fra, kter\u00e1 p\u0159evr\u00e1tila cel\u00e9 vy\u0161et\u0159ov\u00e1n\u00ed","datePublished":"2025-07-16T17:27:09+00:00","dateModified":"2025-07-16T17:27:10+00:00","mainEntityOfPage":{"@id":"https:\/\/erevanblog.am\/?p=10876"},"wordCount":414,"commentCount":0,"image":{"@id":"https:\/\/erevanblog.am\/?p=10876#primaryimage"},"thumbnailUrl":"https:\/\/erevanblog.am\/wp-content\/uploads\/2025\/07\/6666666666666666666.jpg","articleSection":["NEWS"],"inLanguage":"en-US","potentialAction":[{"@type":"CommentAction","name":"Comment","target":["https:\/\/erevanblog.am\/?p=10876#respond"]}]},{"@type":"WebPage","@id":"https:\/\/erevanblog.am\/?p=10876","url":"https:\/\/erevanblog.am\/?p=10876","name":"Z\u00e1hada za \u00fasvitu: Policista otev\u0159el rakev uprost\u0159ed chodn\u00edku \u2014 a za\u010dala no\u010dn\u00ed m\u016fra, kter\u00e1 p\u0159evr\u00e1tila cel\u00e9 vy\u0161et\u0159ov\u00e1n\u00ed -","isPartOf":{"@id":"https:\/\/erevanblog.am\/#website"},"primaryImageOfPage":{"@id":"https:\/\/erevanblog.am\/?p=10876#primaryimage"},"image":{"@id":"https:\/\/erevanblog.am\/?p=10876#primaryimage"},"thumbnailUrl":"https:\/\/erevanblog.am\/wp-content\/uploads\/2025\/07\/6666666666666666666.jpg","datePublished":"2025-07-16T17:27:09+00:00","dateModified":"2025-07-16T17:27:10+00:00","author":{"@id":"https:\/\/erevanblog.am\/#\/schema\/person\/204f10311eb7ddb8914a5ab3e5f03928"},"breadcrumb":{"@id":"https:\/\/erevanblog.am\/?p=10876#breadcrumb"},"inLanguage":"en-US","potentialAction":[{"@type":"ReadAction","target":["https:\/\/erevanblog.am\/?p=10876"]}]},{"@type":"ImageObject","inLanguage":"en-US","@id":"https:\/\/erevanblog.am\/?p=10876#primaryimage","url":"https:\/\/erevanblog.am\/wp-content\/uploads\/2025\/07\/6666666666666666666.jpg","contentUrl":"https:\/\/erevanblog.am\/wp-content\/uploads\/2025\/07\/6666666666666666666.jpg","width":678,"height":381},{"@type":"BreadcrumbList","@id":"https:\/\/erevanblog.am\/?p=10876#breadcrumb","itemListElement":[{"@type":"ListItem","position":1,"name":"Home","item":"https:\/\/erevanblog.am\/"},{"@type":"ListItem","position":2,"name":"Z\u00e1hada za \u00fasvitu: Policista otev\u0159el rakev uprost\u0159ed chodn\u00edku \u2014 a za\u010dala no\u010dn\u00ed m\u016fra, kter\u00e1 p\u0159evr\u00e1tila cel\u00e9 vy\u0161et\u0159ov\u00e1n\u00ed"}]},{"@type":"WebSite","@id":"https:\/\/erevanblog.am\/#website","url":"https:\/\/erevanblog.am\/","name":"","description":"","potentialAction":[{"@type":"SearchAction","target":{"@type":"EntryPoint","urlTemplate":"https:\/\/erevanblog.am\/?s={search_term_string}"},"query-input":{"@type":"PropertyValueSpecification","valueRequired":true,"valueName":"search_term_string"}}],"inLanguage":"en-US"},{"@type":"Person","@id":"https:\/\/erevanblog.am\/#\/schema\/person\/204f10311eb7ddb8914a5ab3e5f03928","name":"erevanblog_a","image":{"@type":"ImageObject","inLanguage":"en-US","@id":"https:\/\/secure.gravatar.com\/avatar\/a24f4ac3a683f3c87303db525abc00db51ea26ccedee11dfaf1cc0f9a481a5d2?s=96&d=mm&r=g","url":"https:\/\/secure.gravatar.com\/avatar\/a24f4ac3a683f3c87303db525abc00db51ea26ccedee11dfaf1cc0f9a481a5d2?s=96&d=mm&r=g","contentUrl":"https:\/\/secure.gravatar.com\/avatar\/a24f4ac3a683f3c87303db525abc00db51ea26ccedee11dfaf1cc0f9a481a5d2?s=96&d=mm&r=g","caption":"erevanblog_a"},"sameAs":["http:\/\/erevanblog.am"],"url":"https:\/\/erevanblog.am\/?author=1"}]}},"views":322,"_links":{"self":[{"href":"https:\/\/erevanblog.am\/index.php?rest_route=\/wp\/v2\/posts\/10876","targetHints":{"allow":["GET"]}}],"collection":[{"href":"https:\/\/erevanblog.am\/index.php?rest_route=\/wp\/v2\/posts"}],"about":[{"href":"https:\/\/erevanblog.am\/index.php?rest_route=\/wp\/v2\/types\/post"}],"author":[{"embeddable":true,"href":"https:\/\/erevanblog.am\/index.php?rest_route=\/wp\/v2\/users\/1"}],"replies":[{"embeddable":true,"href":"https:\/\/erevanblog.am\/index.php?rest_route=%2Fwp%2Fv2%2Fcomments&post=10876"}],"version-history":[{"count":1,"href":"https:\/\/erevanblog.am\/index.php?rest_route=\/wp\/v2\/posts\/10876\/revisions"}],"predecessor-version":[{"id":10878,"href":"https:\/\/erevanblog.am\/index.php?rest_route=\/wp\/v2\/posts\/10876\/revisions\/10878"}],"wp:featuredmedia":[{"embeddable":true,"href":"https:\/\/erevanblog.am\/index.php?rest_route=\/wp\/v2\/media\/10877"}],"wp:attachment":[{"href":"https:\/\/erevanblog.am\/index.php?rest_route=%2Fwp%2Fv2%2Fmedia&parent=10876"}],"wp:term":[{"taxonomy":"category","embeddable":true,"href":"https:\/\/erevanblog.am\/index.php?rest_route=%2Fwp%2Fv2%2Fcategories&post=10876"},{"taxonomy":"post_tag","embeddable":true,"href":"https:\/\/erevanblog.am\/index.php?rest_route=%2Fwp%2Fv2%2Ftags&post=10876"}],"curies":[{"name":"wp","href":"https:\/\/api.w.org\/{rel}","templated":true}]}}