{"id":10882,"date":"2025-07-17T06:24:39","date_gmt":"2025-07-17T05:24:39","guid":{"rendered":"https:\/\/erevanblog.am\/?p=10882"},"modified":"2025-07-17T06:24:41","modified_gmt":"2025-07-17T05:24:41","slug":"clara-se-objevila-na-molu-s-novorozenetem-a-zmenila-tim-modni-svet","status":"publish","type":"post","link":"https:\/\/erevanblog.am\/?p=10882","title":{"rendered":"Clara se objevila na molu s novorozen\u011btem \u2013 a zm\u011bnila t\u00edm m\u00f3dn\u00ed sv\u011bt"},"content":{"rendered":"\n<p>Pa\u0159\u00ed\u017e, Palais de Tokyo.<br>\u010ctvrt\u00fd den pa\u0159\u00ed\u017esk\u00e9ho t\u00fddne m\u00f3dy vrcholil a o\u010dek\u00e1v\u00e1n\u00ed byla vysok\u00e1. V\u0161ichni \u010dekali na hlavn\u00ed p\u0159ehl\u00eddku ve\u010dera \u2013 zna\u010dku Maison Rivi\u00e8re. Mezi div\u00e1ky sed\u011bli ti nejvlivn\u011bj\u0161\u00ed: n\u00e1vrh\u00e1\u0159i, celebrity, influence\u0159i i novin\u00e1\u0159i. Ale to, co se odehr\u00e1lo, p\u0159ekonalo ve\u0161ker\u00e1 o\u010dek\u00e1v\u00e1n\u00ed.<\/p>\n\n\n\n<figure class=\"wp-block-image size-full\"><img loading=\"lazy\" decoding=\"async\" width=\"721\" height=\"1024\" src=\"https:\/\/erevanblog.am\/wp-content\/uploads\/2025\/07\/\u0418\u0437\u043e\u0431\u0440\u0430\u0436\u0435\u043d\u0438\u0435-WhatsApp-2025-07-16-\u0432-21.50.21_7987749e-721x1024-1.jpg\" alt=\"\" class=\"wp-image-10883\" srcset=\"https:\/\/erevanblog.am\/wp-content\/uploads\/2025\/07\/\u0418\u0437\u043e\u0431\u0440\u0430\u0436\u0435\u043d\u0438\u0435-WhatsApp-2025-07-16-\u0432-21.50.21_7987749e-721x1024-1.jpg 721w, https:\/\/erevanblog.am\/wp-content\/uploads\/2025\/07\/\u0418\u0437\u043e\u0431\u0440\u0430\u0436\u0435\u043d\u0438\u0435-WhatsApp-2025-07-16-\u0432-21.50.21_7987749e-721x1024-1-211x300.jpg 211w\" sizes=\"auto, (max-width: 721px) 100vw, 721px\" \/><\/figure>\n\n\n\n<p>Clara vy\u0161la na molo ti\u0161e, ale sebev\u011bdom\u011b. Na sob\u011b m\u011bla dlouh\u00e9 \u0161aty z jemn\u00e9ho slonovinov\u00e9ho hedv\u00e1b\u00ed. V n\u00e1ru\u010d\u00ed dr\u017eela skute\u010dn\u00e9 miminko \u2014 svou pr\u00e1v\u011b narozenou dceru. D\u00edt\u011b bylo zabalen\u00e9 do kr\u00e9mov\u00e9 p\u0159ikr\u00fdvky a v klidu spalo. V tu chv\u00edli v hale zavl\u00e1dlo naprost\u00e9 ticho. Nikdo nemluvil, nikdo nefotil. V\u0161ichni jen sledovali.<\/p>\n\n\n\n<p>Bez jedin\u00e9ho slova pro\u0161la Clara cel\u00fdm molem. Jej\u00ed v\u00fdraz byl klidn\u00fd, t\u00e9m\u011b\u0159 and\u011blsk\u00fd. Div\u00e1ci byli dojati. N\u011bkte\u0159\u00ed plakali, jin\u00ed jen ti\u0161e p\u0159ihl\u00ed\u017eeli.<\/p>\n\n\n\n<p>Na konci mola se zastavila, n\u011b\u017en\u011b p\u0159ivinula d\u00edt\u011b bl\u00ed\u017e k sob\u011b a pomalu ode\u0161la zp\u011bt do z\u00e1kulis\u00ed. A pr\u00e1v\u011b t\u00edmto tich\u00fdm gestem zp\u016fsobila skute\u010dn\u00e9 zem\u011bt\u0159esen\u00ed.<\/p>\n\n\n\n<p>Soci\u00e1ln\u00ed s\u00edt\u011b zaplavily reakce. Hashtagy jako #ClaraEtLune nebo #ModeEtMaternit\u00e9 se staly vir\u00e1ln\u00edmi. M\u00e9dia okam\u017eit\u011b reagovala a cel\u00e9 Francii bylo jasn\u00e9 \u2013 pr\u00e1v\u011b jsme byli sv\u011bdky n\u011b\u010deho v\u00fdjime\u010dn\u00e9ho.<\/p>\n\n\n\n<p>Pozd\u011bji vy\u0161lo najevo, \u017ee miminko je Clary vlastn\u00ed dcera, Lune, narozen\u00e1 jen p\u0159ed p\u00e1r t\u00fddny. Clara sv\u00e9 t\u011bhotenstv\u00ed tajila kv\u016fli tlaku ze strany modelingov\u00fdch agentur i sponzor\u016f.<\/p>\n\n\n\n<p>V rozhovoru pak \u0159ekla:<br>\u201e\u0158\u00edkali mi, \u017ee si mus\u00edm vybrat \u2014 bu\u010f budu matkou, nebo modelkou. Ale j\u00e1 jsem si vybrala oboj\u00ed. Proto\u017ee \u017eena m\u016f\u017ee b\u00fdt v\u0161\u00edm.\u201c<\/p>\n\n\n\n<p>Podpora ve\u0159ejnosti byla obrovsk\u00e1. Clara se stala symbolem odvahy a zm\u011bny. M\u00f3dn\u00ed sv\u011bt, kter\u00fd \u010dasto p\u016fsob\u00ed odtr\u017een\u011b od reality, se musel zamyslet. To, co d\u0159\u00edv bylo nemysliteln\u00e9, se te\u010f stalo novou normou.<\/p>\n\n\n\n<p>A Lune? Ta se stala symbolem nad\u011bje.<\/p>\n\n\n\n<p>Proto\u017ee n\u011bkdy sta\u010d\u00ed jen jedna \u017eena, jedno d\u00edt\u011b\u2026 a odvaha \u0159\u00edct sv\u011btu pravdu.<\/p>\n","protected":false},"excerpt":{"rendered":"<div class=\"mh-excerpt\"><p>Pa\u0159\u00ed\u017e, Palais de Tokyo.\u010ctvrt\u00fd den pa\u0159\u00ed\u017esk\u00e9ho t\u00fddne m\u00f3dy vrcholil a o\u010dek\u00e1v\u00e1n\u00ed byla vysok\u00e1. V\u0161ichni \u010dekali na hlavn\u00ed p\u0159ehl\u00eddku ve\u010dera \u2013 zna\u010dku Maison Rivi\u00e8re. Mezi div\u00e1ky <a class=\"mh-excerpt-more\" href=\"https:\/\/erevanblog.am\/?p=10882\" title=\"Clara se objevila na molu s novorozen\u011btem \u2013 a zm\u011bnila t\u00edm m\u00f3dn\u00ed sv\u011bt\">[&#8230;]<\/a><\/p>\n<\/div>","protected":false},"author":1,"featured_media":10883,"comment_status":"open","ping_status":"open","sticky":false,"template":"","format":"standard","meta":{"footnotes":""},"categories":[1],"tags":[],"class_list":["post-10882","post","type-post","status-publish","format-standard","has-post-thumbnail","hentry","category-uncategorised"],"yoast_head":"<!-- This site is optimized with the Yoast SEO plugin v27.5 - https:\/\/yoast.com\/product\/yoast-seo-wordpress\/ -->\n<title>Clara se objevila na molu s novorozen\u011btem \u2013 a zm\u011bnila t\u00edm m\u00f3dn\u00ed sv\u011bt -<\/title>\n<meta name=\"robots\" content=\"index, follow, max-snippet:-1, max-image-preview:large, max-video-preview:-1\" \/>\n<link rel=\"canonical\" href=\"https:\/\/erevanblog.am\/?p=10882\" \/>\n<meta property=\"og:locale\" content=\"en_US\" \/>\n<meta property=\"og:type\" content=\"article\" \/>\n<meta property=\"og:title\" content=\"Clara se objevila na molu s novorozen\u011btem \u2013 a zm\u011bnila t\u00edm m\u00f3dn\u00ed sv\u011bt -\" \/>\n<meta property=\"og:description\" content=\"Pa\u0159\u00ed\u017e, Palais de Tokyo.\u010ctvrt\u00fd den pa\u0159\u00ed\u017esk\u00e9ho t\u00fddne m\u00f3dy vrcholil a o\u010dek\u00e1v\u00e1n\u00ed byla vysok\u00e1. V\u0161ichni \u010dekali na hlavn\u00ed p\u0159ehl\u00eddku ve\u010dera \u2013 zna\u010dku Maison Rivi\u00e8re. Mezi div\u00e1ky [...]\" \/>\n<meta property=\"og:url\" content=\"https:\/\/erevanblog.am\/?p=10882\" \/>\n<meta property=\"article:published_time\" content=\"2025-07-17T05:24:39+00:00\" \/>\n<meta property=\"article:modified_time\" content=\"2025-07-17T05:24:41+00:00\" \/>\n<meta property=\"og:image\" content=\"http:\/\/erevanblog.am\/wp-content\/uploads\/2025\/07\/\u0418\u0437\u043e\u0431\u0440\u0430\u0436\u0435\u043d\u0438\u0435-WhatsApp-2025-07-16-\u0432-21.50.21_7987749e-721x1024-1.jpg\" \/>\n\t<meta property=\"og:image:width\" content=\"721\" \/>\n\t<meta property=\"og:image:height\" content=\"1024\" \/>\n\t<meta property=\"og:image:type\" content=\"image\/jpeg\" \/>\n<meta name=\"author\" content=\"erevanblog_a\" \/>\n<meta name=\"twitter:card\" content=\"summary_large_image\" \/>\n<meta name=\"twitter:label1\" content=\"Written by\" \/>\n\t<meta name=\"twitter:data1\" content=\"erevanblog_a\" \/>\n\t<meta name=\"twitter:label2\" content=\"Est. reading time\" \/>\n\t<meta name=\"twitter:data2\" content=\"2 minutes\" \/>\n<script type=\"application\/ld+json\" class=\"yoast-schema-graph\">{\"@context\":\"https:\\\/\\\/schema.org\",\"@graph\":[{\"@type\":\"Article\",\"@id\":\"https:\\\/\\\/erevanblog.am\\\/?p=10882#article\",\"isPartOf\":{\"@id\":\"https:\\\/\\\/erevanblog.am\\\/?p=10882\"},\"author\":{\"name\":\"erevanblog_a\",\"@id\":\"https:\\\/\\\/erevanblog.am\\\/#\\\/schema\\\/person\\\/204f10311eb7ddb8914a5ab3e5f03928\"},\"headline\":\"Clara se objevila na molu s novorozen\u011btem \u2013 a zm\u011bnila t\u00edm m\u00f3dn\u00ed sv\u011bt\",\"datePublished\":\"2025-07-17T05:24:39+00:00\",\"dateModified\":\"2025-07-17T05:24:41+00:00\",\"mainEntityOfPage\":{\"@id\":\"https:\\\/\\\/erevanblog.am\\\/?p=10882\"},\"wordCount\":391,\"commentCount\":0,\"image\":{\"@id\":\"https:\\\/\\\/erevanblog.am\\\/?p=10882#primaryimage\"},\"thumbnailUrl\":\"https:\\\/\\\/erevanblog.am\\\/wp-content\\\/uploads\\\/2025\\\/07\\\/\u0418\u0437\u043e\u0431\u0440\u0430\u0436\u0435\u043d\u0438\u0435-WhatsApp-2025-07-16-\u0432-21.50.21_7987749e-721x1024-1.jpg\",\"articleSection\":[\"NEWS\"],\"inLanguage\":\"en-US\",\"potentialAction\":[{\"@type\":\"CommentAction\",\"name\":\"Comment\",\"target\":[\"https:\\\/\\\/erevanblog.am\\\/?p=10882#respond\"]}]},{\"@type\":\"WebPage\",\"@id\":\"https:\\\/\\\/erevanblog.am\\\/?p=10882\",\"url\":\"https:\\\/\\\/erevanblog.am\\\/?p=10882\",\"name\":\"Clara se objevila na molu s novorozen\u011btem \u2013 a zm\u011bnila t\u00edm m\u00f3dn\u00ed sv\u011bt -\",\"isPartOf\":{\"@id\":\"https:\\\/\\\/erevanblog.am\\\/#website\"},\"primaryImageOfPage\":{\"@id\":\"https:\\\/\\\/erevanblog.am\\\/?p=10882#primaryimage\"},\"image\":{\"@id\":\"https:\\\/\\\/erevanblog.am\\\/?p=10882#primaryimage\"},\"thumbnailUrl\":\"https:\\\/\\\/erevanblog.am\\\/wp-content\\\/uploads\\\/2025\\\/07\\\/\u0418\u0437\u043e\u0431\u0440\u0430\u0436\u0435\u043d\u0438\u0435-WhatsApp-2025-07-16-\u0432-21.50.21_7987749e-721x1024-1.jpg\",\"datePublished\":\"2025-07-17T05:24:39+00:00\",\"dateModified\":\"2025-07-17T05:24:41+00:00\",\"author\":{\"@id\":\"https:\\\/\\\/erevanblog.am\\\/#\\\/schema\\\/person\\\/204f10311eb7ddb8914a5ab3e5f03928\"},\"breadcrumb\":{\"@id\":\"https:\\\/\\\/erevanblog.am\\\/?p=10882#breadcrumb\"},\"inLanguage\":\"en-US\",\"potentialAction\":[{\"@type\":\"ReadAction\",\"target\":[\"https:\\\/\\\/erevanblog.am\\\/?p=10882\"]}]},{\"@type\":\"ImageObject\",\"inLanguage\":\"en-US\",\"@id\":\"https:\\\/\\\/erevanblog.am\\\/?p=10882#primaryimage\",\"url\":\"https:\\\/\\\/erevanblog.am\\\/wp-content\\\/uploads\\\/2025\\\/07\\\/\u0418\u0437\u043e\u0431\u0440\u0430\u0436\u0435\u043d\u0438\u0435-WhatsApp-2025-07-16-\u0432-21.50.21_7987749e-721x1024-1.jpg\",\"contentUrl\":\"https:\\\/\\\/erevanblog.am\\\/wp-content\\\/uploads\\\/2025\\\/07\\\/\u0418\u0437\u043e\u0431\u0440\u0430\u0436\u0435\u043d\u0438\u0435-WhatsApp-2025-07-16-\u0432-21.50.21_7987749e-721x1024-1.jpg\",\"width\":721,\"height\":1024},{\"@type\":\"BreadcrumbList\",\"@id\":\"https:\\\/\\\/erevanblog.am\\\/?p=10882#breadcrumb\",\"itemListElement\":[{\"@type\":\"ListItem\",\"position\":1,\"name\":\"Home\",\"item\":\"https:\\\/\\\/erevanblog.am\\\/\"},{\"@type\":\"ListItem\",\"position\":2,\"name\":\"Clara se objevila na molu s novorozen\u011btem \u2013 a zm\u011bnila t\u00edm m\u00f3dn\u00ed sv\u011bt\"}]},{\"@type\":\"WebSite\",\"@id\":\"https:\\\/\\\/erevanblog.am\\\/#website\",\"url\":\"https:\\\/\\\/erevanblog.am\\\/\",\"name\":\"\",\"description\":\"\",\"potentialAction\":[{\"@type\":\"SearchAction\",\"target\":{\"@type\":\"EntryPoint\",\"urlTemplate\":\"https:\\\/\\\/erevanblog.am\\\/?s={search_term_string}\"},\"query-input\":{\"@type\":\"PropertyValueSpecification\",\"valueRequired\":true,\"valueName\":\"search_term_string\"}}],\"inLanguage\":\"en-US\"},{\"@type\":\"Person\",\"@id\":\"https:\\\/\\\/erevanblog.am\\\/#\\\/schema\\\/person\\\/204f10311eb7ddb8914a5ab3e5f03928\",\"name\":\"erevanblog_a\",\"image\":{\"@type\":\"ImageObject\",\"inLanguage\":\"en-US\",\"@id\":\"https:\\\/\\\/secure.gravatar.com\\\/avatar\\\/a24f4ac3a683f3c87303db525abc00db51ea26ccedee11dfaf1cc0f9a481a5d2?s=96&d=mm&r=g\",\"url\":\"https:\\\/\\\/secure.gravatar.com\\\/avatar\\\/a24f4ac3a683f3c87303db525abc00db51ea26ccedee11dfaf1cc0f9a481a5d2?s=96&d=mm&r=g\",\"contentUrl\":\"https:\\\/\\\/secure.gravatar.com\\\/avatar\\\/a24f4ac3a683f3c87303db525abc00db51ea26ccedee11dfaf1cc0f9a481a5d2?s=96&d=mm&r=g\",\"caption\":\"erevanblog_a\"},\"sameAs\":[\"http:\\\/\\\/erevanblog.am\"],\"url\":\"https:\\\/\\\/erevanblog.am\\\/?author=1\"}]}<\/script>\n<!-- \/ Yoast SEO plugin. -->","yoast_head_json":{"title":"Clara se objevila na molu s novorozen\u011btem \u2013 a zm\u011bnila t\u00edm m\u00f3dn\u00ed sv\u011bt -","robots":{"index":"index","follow":"follow","max-snippet":"max-snippet:-1","max-image-preview":"max-image-preview:large","max-video-preview":"max-video-preview:-1"},"canonical":"https:\/\/erevanblog.am\/?p=10882","og_locale":"en_US","og_type":"article","og_title":"Clara se objevila na molu s novorozen\u011btem \u2013 a zm\u011bnila t\u00edm m\u00f3dn\u00ed sv\u011bt -","og_description":"Pa\u0159\u00ed\u017e, Palais de Tokyo.\u010ctvrt\u00fd den pa\u0159\u00ed\u017esk\u00e9ho t\u00fddne m\u00f3dy vrcholil a o\u010dek\u00e1v\u00e1n\u00ed byla vysok\u00e1. V\u0161ichni \u010dekali na hlavn\u00ed p\u0159ehl\u00eddku ve\u010dera \u2013 zna\u010dku Maison Rivi\u00e8re. Mezi div\u00e1ky [...]","og_url":"https:\/\/erevanblog.am\/?p=10882","article_published_time":"2025-07-17T05:24:39+00:00","article_modified_time":"2025-07-17T05:24:41+00:00","og_image":[{"width":721,"height":1024,"url":"http:\/\/erevanblog.am\/wp-content\/uploads\/2025\/07\/\u0418\u0437\u043e\u0431\u0440\u0430\u0436\u0435\u043d\u0438\u0435-WhatsApp-2025-07-16-\u0432-21.50.21_7987749e-721x1024-1.jpg","type":"image\/jpeg"}],"author":"erevanblog_a","twitter_card":"summary_large_image","twitter_misc":{"Written by":"erevanblog_a","Est. reading time":"2 minutes"},"schema":{"@context":"https:\/\/schema.org","@graph":[{"@type":"Article","@id":"https:\/\/erevanblog.am\/?p=10882#article","isPartOf":{"@id":"https:\/\/erevanblog.am\/?p=10882"},"author":{"name":"erevanblog_a","@id":"https:\/\/erevanblog.am\/#\/schema\/person\/204f10311eb7ddb8914a5ab3e5f03928"},"headline":"Clara se objevila na molu s novorozen\u011btem \u2013 a zm\u011bnila t\u00edm m\u00f3dn\u00ed sv\u011bt","datePublished":"2025-07-17T05:24:39+00:00","dateModified":"2025-07-17T05:24:41+00:00","mainEntityOfPage":{"@id":"https:\/\/erevanblog.am\/?p=10882"},"wordCount":391,"commentCount":0,"image":{"@id":"https:\/\/erevanblog.am\/?p=10882#primaryimage"},"thumbnailUrl":"https:\/\/erevanblog.am\/wp-content\/uploads\/2025\/07\/\u0418\u0437\u043e\u0431\u0440\u0430\u0436\u0435\u043d\u0438\u0435-WhatsApp-2025-07-16-\u0432-21.50.21_7987749e-721x1024-1.jpg","articleSection":["NEWS"],"inLanguage":"en-US","potentialAction":[{"@type":"CommentAction","name":"Comment","target":["https:\/\/erevanblog.am\/?p=10882#respond"]}]},{"@type":"WebPage","@id":"https:\/\/erevanblog.am\/?p=10882","url":"https:\/\/erevanblog.am\/?p=10882","name":"Clara se objevila na molu s novorozen\u011btem \u2013 a zm\u011bnila t\u00edm m\u00f3dn\u00ed sv\u011bt -","isPartOf":{"@id":"https:\/\/erevanblog.am\/#website"},"primaryImageOfPage":{"@id":"https:\/\/erevanblog.am\/?p=10882#primaryimage"},"image":{"@id":"https:\/\/erevanblog.am\/?p=10882#primaryimage"},"thumbnailUrl":"https:\/\/erevanblog.am\/wp-content\/uploads\/2025\/07\/\u0418\u0437\u043e\u0431\u0440\u0430\u0436\u0435\u043d\u0438\u0435-WhatsApp-2025-07-16-\u0432-21.50.21_7987749e-721x1024-1.jpg","datePublished":"2025-07-17T05:24:39+00:00","dateModified":"2025-07-17T05:24:41+00:00","author":{"@id":"https:\/\/erevanblog.am\/#\/schema\/person\/204f10311eb7ddb8914a5ab3e5f03928"},"breadcrumb":{"@id":"https:\/\/erevanblog.am\/?p=10882#breadcrumb"},"inLanguage":"en-US","potentialAction":[{"@type":"ReadAction","target":["https:\/\/erevanblog.am\/?p=10882"]}]},{"@type":"ImageObject","inLanguage":"en-US","@id":"https:\/\/erevanblog.am\/?p=10882#primaryimage","url":"https:\/\/erevanblog.am\/wp-content\/uploads\/2025\/07\/\u0418\u0437\u043e\u0431\u0440\u0430\u0436\u0435\u043d\u0438\u0435-WhatsApp-2025-07-16-\u0432-21.50.21_7987749e-721x1024-1.jpg","contentUrl":"https:\/\/erevanblog.am\/wp-content\/uploads\/2025\/07\/\u0418\u0437\u043e\u0431\u0440\u0430\u0436\u0435\u043d\u0438\u0435-WhatsApp-2025-07-16-\u0432-21.50.21_7987749e-721x1024-1.jpg","width":721,"height":1024},{"@type":"BreadcrumbList","@id":"https:\/\/erevanblog.am\/?p=10882#breadcrumb","itemListElement":[{"@type":"ListItem","position":1,"name":"Home","item":"https:\/\/erevanblog.am\/"},{"@type":"ListItem","position":2,"name":"Clara se objevila na molu s novorozen\u011btem \u2013 a zm\u011bnila t\u00edm m\u00f3dn\u00ed sv\u011bt"}]},{"@type":"WebSite","@id":"https:\/\/erevanblog.am\/#website","url":"https:\/\/erevanblog.am\/","name":"","description":"","potentialAction":[{"@type":"SearchAction","target":{"@type":"EntryPoint","urlTemplate":"https:\/\/erevanblog.am\/?s={search_term_string}"},"query-input":{"@type":"PropertyValueSpecification","valueRequired":true,"valueName":"search_term_string"}}],"inLanguage":"en-US"},{"@type":"Person","@id":"https:\/\/erevanblog.am\/#\/schema\/person\/204f10311eb7ddb8914a5ab3e5f03928","name":"erevanblog_a","image":{"@type":"ImageObject","inLanguage":"en-US","@id":"https:\/\/secure.gravatar.com\/avatar\/a24f4ac3a683f3c87303db525abc00db51ea26ccedee11dfaf1cc0f9a481a5d2?s=96&d=mm&r=g","url":"https:\/\/secure.gravatar.com\/avatar\/a24f4ac3a683f3c87303db525abc00db51ea26ccedee11dfaf1cc0f9a481a5d2?s=96&d=mm&r=g","contentUrl":"https:\/\/secure.gravatar.com\/avatar\/a24f4ac3a683f3c87303db525abc00db51ea26ccedee11dfaf1cc0f9a481a5d2?s=96&d=mm&r=g","caption":"erevanblog_a"},"sameAs":["http:\/\/erevanblog.am"],"url":"https:\/\/erevanblog.am\/?author=1"}]}},"views":318,"_links":{"self":[{"href":"https:\/\/erevanblog.am\/index.php?rest_route=\/wp\/v2\/posts\/10882","targetHints":{"allow":["GET"]}}],"collection":[{"href":"https:\/\/erevanblog.am\/index.php?rest_route=\/wp\/v2\/posts"}],"about":[{"href":"https:\/\/erevanblog.am\/index.php?rest_route=\/wp\/v2\/types\/post"}],"author":[{"embeddable":true,"href":"https:\/\/erevanblog.am\/index.php?rest_route=\/wp\/v2\/users\/1"}],"replies":[{"embeddable":true,"href":"https:\/\/erevanblog.am\/index.php?rest_route=%2Fwp%2Fv2%2Fcomments&post=10882"}],"version-history":[{"count":1,"href":"https:\/\/erevanblog.am\/index.php?rest_route=\/wp\/v2\/posts\/10882\/revisions"}],"predecessor-version":[{"id":10884,"href":"https:\/\/erevanblog.am\/index.php?rest_route=\/wp\/v2\/posts\/10882\/revisions\/10884"}],"wp:featuredmedia":[{"embeddable":true,"href":"https:\/\/erevanblog.am\/index.php?rest_route=\/wp\/v2\/media\/10883"}],"wp:attachment":[{"href":"https:\/\/erevanblog.am\/index.php?rest_route=%2Fwp%2Fv2%2Fmedia&parent=10882"}],"wp:term":[{"taxonomy":"category","embeddable":true,"href":"https:\/\/erevanblog.am\/index.php?rest_route=%2Fwp%2Fv2%2Fcategories&post=10882"},{"taxonomy":"post_tag","embeddable":true,"href":"https:\/\/erevanblog.am\/index.php?rest_route=%2Fwp%2Fv2%2Ftags&post=10882"}],"curies":[{"name":"wp","href":"https:\/\/api.w.org\/{rel}","templated":true}]}}