{"id":10885,"date":"2025-07-17T09:27:06","date_gmt":"2025-07-17T08:27:06","guid":{"rendered":"https:\/\/erevanblog.am\/?p=10885"},"modified":"2025-07-17T09:27:08","modified_gmt":"2025-07-17T08:27:08","slug":"vycistila-jsem-zapomenuty-hrob-a-druhy-den-rano-me-naprosto-ochromilo-to-co-jsem-objevila","status":"publish","type":"post","link":"https:\/\/erevanblog.am\/?p=10885","title":{"rendered":"Vy\u010distila jsem zapomenut\u00fd hrob \u2013 a druh\u00fd den r\u00e1no m\u011b naprosto ochromilo to, co jsem objevila"},"content":{"rendered":"\n<p>Nikdy jsem nebyla pov\u011br\u010div\u00e1. Na duchy jsem nev\u011b\u0159ila, horory jsem brala jako z\u00e1bavu a star\u00e9 h\u0159bitovy mi v\u017edy p\u0159ipadaly sp\u00ed\u0161 jako smutn\u00e1, ale klidn\u00e1 m\u00edsta. V\u0161echno se ale zm\u011bnilo jedno podzimn\u00ed odpoledne.<\/p>\n\n\n\n<figure class=\"wp-block-image size-full\"><img loading=\"lazy\" decoding=\"async\" width=\"1024\" height=\"1022\" src=\"https:\/\/erevanblog.am\/wp-content\/uploads\/2025\/07\/0000000000000.png\" alt=\"\" class=\"wp-image-10886\" srcset=\"https:\/\/erevanblog.am\/wp-content\/uploads\/2025\/07\/0000000000000.png 1024w, https:\/\/erevanblog.am\/wp-content\/uploads\/2025\/07\/0000000000000-300x300.png 300w, https:\/\/erevanblog.am\/wp-content\/uploads\/2025\/07\/0000000000000-150x150.png 150w, https:\/\/erevanblog.am\/wp-content\/uploads\/2025\/07\/0000000000000-768x767.png 768w\" sizes=\"auto, (max-width: 1024px) 100vw, 1024px\" \/><\/figure>\n\n\n\n<p>Byla jsem na n\u00e1v\u0161t\u011bv\u011b u rodi\u010d\u016f na vesnici. Po ob\u011bd\u011b jsem se \u0161la proj\u00edt na star\u00fd h\u0159bitov za kostelem \u2014 zarostl\u00fd kout, kam u\u017e t\u00e9m\u011b\u0159 nikdo nechod\u00ed. M\u00e1m r\u00e1da ticho a atmosf\u00e9ru m\u00edst, kde jm\u00e9na na n\u00e1hrobc\u00edch d\u00e1vno zmizela z pam\u011bti lid\u00ed.<\/p>\n\n\n\n<p>Vzadu, pod rozpadaj\u00edc\u00ed se zd\u00ed, jsem si v\u0161imla hrobu, kter\u00fd t\u00e9m\u011b\u0159 spl\u00fdval se zem\u00ed. K\u0159\u00ed\u017e byl naklon\u011bn\u00fd, n\u00e1hrobn\u00ed k\u00e1men porostl\u00fd mechem a list\u00edm. Sotva \u010diteln\u00fd n\u00e1pis hl\u00e1sal:<\/p>\n\n\n\n<p><strong>Marie V. \u2020 1897\u20131918<\/strong><br>Nic v\u00edc. \u017d\u00e1dn\u00e9 \u201eOdpo\u010d\u00edvej v pokoji\u201c, \u017e\u00e1dn\u00e1 sv\u00ed\u010dka, \u017e\u00e1dn\u00e1 kv\u011btina.<\/p>\n\n\n\n<p>Nev\u00edm pro\u010d, ale n\u011bco m\u011b nutilo z\u016fstat. Sedla jsem si vedle hrobu a za\u010dala ho pomalu \u010distit. Ruk\u00e1vem jsem set\u0159ela mech, narovnala k\u00e1men, rukama shrnula list\u00ed. Kdy\u017e jsem odch\u00e1zela, polo\u017eila jsem na k\u00e1men jedin\u00fd v\u0159es, kter\u00fd jsem cestou na\u0161la. A potichu jsem \u0159ekla:<\/p>\n\n\n\n<p><strong>\u201eNejsi zapomenut\u00e1.\u201c<\/strong><\/p>\n\n\n\n<p>Druh\u00fd den r\u00e1no jsem se probudila s podivn\u00fdm tlakem na hrudi. V\u0161echno v m\u00e9m pokoji bylo na sv\u00e9m m\u00edst\u011b \u2014 a\u017e na jednu v\u011bc.<\/p>\n\n\n\n<p>Na parapetu le\u017eela such\u00e1 r\u016f\u017ee.<br>Tmav\u011b \u010derven\u00e1, k\u0159ehk\u00e1, ale nezvadl\u00e1. Nevypadala jako r\u016f\u017ee z kv\u011btin\u00e1\u0159stv\u00ed. Sp\u00ed\u0161 jako ta, kter\u00e1 le\u017eela des\u00edtky let na opu\u0161t\u011bn\u00e9m hrob\u011b. Pod n\u00ed byl slo\u017een\u00fd kousek pap\u00edru. Na n\u011bm bylo rukou naps\u00e1no:<\/p>\n\n\n\n<p><strong>\u201eD\u011bkuji, \u017ee jsi m\u011b na\u0161la.\u201c<\/strong><\/p>\n\n\n\n<p>Z\u016fstala jsem jako p\u0159imra\u017een\u00e1. Nev\u011bd\u011bla jsem, jestli m\u00e1m b\u00fdt dojat\u00e1, vyd\u011b\u0161en\u00e1 \u2014 nebo oboj\u00ed. O tom hrob\u011b nikdo nev\u011bd\u011bl. Nikomu jsem o n\u011bm ne\u0159ekla. A ta r\u016f\u017ee\u2026 ta tam nem\u011bla b\u00fdt.<\/p>\n\n\n\n<p>Cel\u00fd den m\u011b pron\u00e1sledoval zvl\u00e1\u0161tn\u00ed pocit. Jako by ve st\u00ednu n\u011bkdo st\u00e1l. Vzduch v dom\u011b byl jin\u00fd \u2013 t\u011b\u017ek\u00fd, tich\u00fd. A pak, v noci, se mi zd\u00e1l sen.<\/p>\n\n\n\n<p>Vid\u011bla jsem ji.<br>Mlad\u00e1 d\u00edvka, ve star\u00fdch \u0161atech, sed\u011bla na kamenn\u00e9 lavici u sv\u00e9ho hrobu. Dlouh\u00e9 tmav\u00e9 vlasy, bled\u00e1 tv\u00e1\u0159 a o\u010di, kter\u00e9 m\u011b sledovaly s podivnou sm\u011bsic\u00ed vd\u011b\u010dnosti a smutku.<\/p>\n\n\n\n<p><strong>\u201eJsem Marie,\u201c<\/strong> \u0159ekla. <strong>\u201eNechci nic zl\u00e9ho. Jen aby si na m\u011b n\u011bkdo vzpomn\u011bl.\u201c<\/strong><\/p>\n\n\n\n<p>R\u00e1no jsem se probudila \u2013 a na pol\u0161t\u00e1\u0159i le\u017eel v\u0159es. Stejn\u00fd, jak\u00fd jsem den p\u0159edt\u00edm polo\u017eila na jej\u00ed hrob.<\/p>\n\n\n\n<p>Od t\u00e9 doby tam pravideln\u011b nos\u00edm kv\u011btiny. Ob\u010das zap\u00e1l\u00edm sv\u00ed\u010dku. A poka\u017ed\u00e9, kdy\u017e odch\u00e1z\u00edm, m\u00e1m pocit, \u017ee m\u011b n\u011bkdo sleduje. Ale nejsou to zl\u00e9 o\u010di. Jsou to o\u010di n\u011bkoho, kdo u\u017e nen\u00ed s\u00e1m.<\/p>\n\n\n\n<p>A\u0165 si mysl\u00edte cokoliv\u2026<br><strong>n\u011bkter\u00e9 du\u0161e nenajdou klid, dokud je n\u011bkdo znovu nevyslov\u00ed jm\u00e9nem.<\/strong><\/p>\n","protected":false},"excerpt":{"rendered":"<div class=\"mh-excerpt\"><p>Nikdy jsem nebyla pov\u011br\u010div\u00e1. Na duchy jsem nev\u011b\u0159ila, horory jsem brala jako z\u00e1bavu a star\u00e9 h\u0159bitovy mi v\u017edy p\u0159ipadaly sp\u00ed\u0161 jako smutn\u00e1, ale klidn\u00e1 m\u00edsta. <a class=\"mh-excerpt-more\" href=\"https:\/\/erevanblog.am\/?p=10885\" title=\"Vy\u010distila jsem zapomenut\u00fd hrob \u2013 a druh\u00fd den r\u00e1no m\u011b naprosto ochromilo to, co jsem objevila\">[&#8230;]<\/a><\/p>\n<\/div>","protected":false},"author":1,"featured_media":10886,"comment_status":"open","ping_status":"open","sticky":false,"template":"","format":"standard","meta":{"footnotes":""},"categories":[1],"tags":[],"class_list":["post-10885","post","type-post","status-publish","format-standard","has-post-thumbnail","hentry","category-uncategorised"],"yoast_head":"<!-- This site is optimized with the Yoast SEO plugin v27.5 - https:\/\/yoast.com\/product\/yoast-seo-wordpress\/ -->\n<title>Vy\u010distila jsem zapomenut\u00fd hrob \u2013 a druh\u00fd den r\u00e1no m\u011b naprosto ochromilo to, co jsem objevila -<\/title>\n<meta name=\"robots\" content=\"index, follow, max-snippet:-1, max-image-preview:large, max-video-preview:-1\" \/>\n<link rel=\"canonical\" href=\"https:\/\/erevanblog.am\/?p=10885\" \/>\n<meta property=\"og:locale\" content=\"en_US\" \/>\n<meta property=\"og:type\" content=\"article\" \/>\n<meta property=\"og:title\" content=\"Vy\u010distila jsem zapomenut\u00fd hrob \u2013 a druh\u00fd den r\u00e1no m\u011b naprosto ochromilo to, co jsem objevila -\" \/>\n<meta property=\"og:description\" content=\"Nikdy jsem nebyla pov\u011br\u010div\u00e1. Na duchy jsem nev\u011b\u0159ila, horory jsem brala jako z\u00e1bavu a star\u00e9 h\u0159bitovy mi v\u017edy p\u0159ipadaly sp\u00ed\u0161 jako smutn\u00e1, ale klidn\u00e1 m\u00edsta. [...]\" \/>\n<meta property=\"og:url\" content=\"https:\/\/erevanblog.am\/?p=10885\" \/>\n<meta property=\"article:published_time\" content=\"2025-07-17T08:27:06+00:00\" \/>\n<meta property=\"article:modified_time\" content=\"2025-07-17T08:27:08+00:00\" \/>\n<meta property=\"og:image\" content=\"http:\/\/erevanblog.am\/wp-content\/uploads\/2025\/07\/0000000000000.png\" \/>\n\t<meta property=\"og:image:width\" content=\"747\" \/>\n\t<meta property=\"og:image:height\" content=\"746\" \/>\n\t<meta property=\"og:image:type\" content=\"image\/png\" \/>\n<meta name=\"author\" content=\"erevanblog_a\" \/>\n<meta name=\"twitter:card\" content=\"summary_large_image\" \/>\n<meta name=\"twitter:label1\" content=\"Written by\" \/>\n\t<meta name=\"twitter:data1\" content=\"erevanblog_a\" \/>\n\t<meta name=\"twitter:label2\" content=\"Est. reading time\" \/>\n\t<meta name=\"twitter:data2\" content=\"3 minutes\" \/>\n<script type=\"application\/ld+json\" class=\"yoast-schema-graph\">{\"@context\":\"https:\\\/\\\/schema.org\",\"@graph\":[{\"@type\":\"Article\",\"@id\":\"https:\\\/\\\/erevanblog.am\\\/?p=10885#article\",\"isPartOf\":{\"@id\":\"https:\\\/\\\/erevanblog.am\\\/?p=10885\"},\"author\":{\"name\":\"erevanblog_a\",\"@id\":\"https:\\\/\\\/erevanblog.am\\\/#\\\/schema\\\/person\\\/204f10311eb7ddb8914a5ab3e5f03928\"},\"headline\":\"Vy\u010distila jsem zapomenut\u00fd hrob \u2013 a druh\u00fd den r\u00e1no m\u011b naprosto ochromilo to, co jsem objevila\",\"datePublished\":\"2025-07-17T08:27:06+00:00\",\"dateModified\":\"2025-07-17T08:27:08+00:00\",\"mainEntityOfPage\":{\"@id\":\"https:\\\/\\\/erevanblog.am\\\/?p=10885\"},\"wordCount\":541,\"commentCount\":0,\"image\":{\"@id\":\"https:\\\/\\\/erevanblog.am\\\/?p=10885#primaryimage\"},\"thumbnailUrl\":\"https:\\\/\\\/erevanblog.am\\\/wp-content\\\/uploads\\\/2025\\\/07\\\/0000000000000.png\",\"articleSection\":[\"NEWS\"],\"inLanguage\":\"en-US\",\"potentialAction\":[{\"@type\":\"CommentAction\",\"name\":\"Comment\",\"target\":[\"https:\\\/\\\/erevanblog.am\\\/?p=10885#respond\"]}]},{\"@type\":\"WebPage\",\"@id\":\"https:\\\/\\\/erevanblog.am\\\/?p=10885\",\"url\":\"https:\\\/\\\/erevanblog.am\\\/?p=10885\",\"name\":\"Vy\u010distila jsem zapomenut\u00fd hrob \u2013 a druh\u00fd den r\u00e1no m\u011b naprosto ochromilo to, co jsem objevila -\",\"isPartOf\":{\"@id\":\"https:\\\/\\\/erevanblog.am\\\/#website\"},\"primaryImageOfPage\":{\"@id\":\"https:\\\/\\\/erevanblog.am\\\/?p=10885#primaryimage\"},\"image\":{\"@id\":\"https:\\\/\\\/erevanblog.am\\\/?p=10885#primaryimage\"},\"thumbnailUrl\":\"https:\\\/\\\/erevanblog.am\\\/wp-content\\\/uploads\\\/2025\\\/07\\\/0000000000000.png\",\"datePublished\":\"2025-07-17T08:27:06+00:00\",\"dateModified\":\"2025-07-17T08:27:08+00:00\",\"author\":{\"@id\":\"https:\\\/\\\/erevanblog.am\\\/#\\\/schema\\\/person\\\/204f10311eb7ddb8914a5ab3e5f03928\"},\"breadcrumb\":{\"@id\":\"https:\\\/\\\/erevanblog.am\\\/?p=10885#breadcrumb\"},\"inLanguage\":\"en-US\",\"potentialAction\":[{\"@type\":\"ReadAction\",\"target\":[\"https:\\\/\\\/erevanblog.am\\\/?p=10885\"]}]},{\"@type\":\"ImageObject\",\"inLanguage\":\"en-US\",\"@id\":\"https:\\\/\\\/erevanblog.am\\\/?p=10885#primaryimage\",\"url\":\"https:\\\/\\\/erevanblog.am\\\/wp-content\\\/uploads\\\/2025\\\/07\\\/0000000000000.png\",\"contentUrl\":\"https:\\\/\\\/erevanblog.am\\\/wp-content\\\/uploads\\\/2025\\\/07\\\/0000000000000.png\",\"width\":1024,\"height\":1022},{\"@type\":\"BreadcrumbList\",\"@id\":\"https:\\\/\\\/erevanblog.am\\\/?p=10885#breadcrumb\",\"itemListElement\":[{\"@type\":\"ListItem\",\"position\":1,\"name\":\"Home\",\"item\":\"https:\\\/\\\/erevanblog.am\\\/\"},{\"@type\":\"ListItem\",\"position\":2,\"name\":\"Vy\u010distila jsem zapomenut\u00fd hrob \u2013 a druh\u00fd den r\u00e1no m\u011b naprosto ochromilo to, co jsem objevila\"}]},{\"@type\":\"WebSite\",\"@id\":\"https:\\\/\\\/erevanblog.am\\\/#website\",\"url\":\"https:\\\/\\\/erevanblog.am\\\/\",\"name\":\"\",\"description\":\"\",\"potentialAction\":[{\"@type\":\"SearchAction\",\"target\":{\"@type\":\"EntryPoint\",\"urlTemplate\":\"https:\\\/\\\/erevanblog.am\\\/?s={search_term_string}\"},\"query-input\":{\"@type\":\"PropertyValueSpecification\",\"valueRequired\":true,\"valueName\":\"search_term_string\"}}],\"inLanguage\":\"en-US\"},{\"@type\":\"Person\",\"@id\":\"https:\\\/\\\/erevanblog.am\\\/#\\\/schema\\\/person\\\/204f10311eb7ddb8914a5ab3e5f03928\",\"name\":\"erevanblog_a\",\"image\":{\"@type\":\"ImageObject\",\"inLanguage\":\"en-US\",\"@id\":\"https:\\\/\\\/secure.gravatar.com\\\/avatar\\\/a24f4ac3a683f3c87303db525abc00db51ea26ccedee11dfaf1cc0f9a481a5d2?s=96&d=mm&r=g\",\"url\":\"https:\\\/\\\/secure.gravatar.com\\\/avatar\\\/a24f4ac3a683f3c87303db525abc00db51ea26ccedee11dfaf1cc0f9a481a5d2?s=96&d=mm&r=g\",\"contentUrl\":\"https:\\\/\\\/secure.gravatar.com\\\/avatar\\\/a24f4ac3a683f3c87303db525abc00db51ea26ccedee11dfaf1cc0f9a481a5d2?s=96&d=mm&r=g\",\"caption\":\"erevanblog_a\"},\"sameAs\":[\"http:\\\/\\\/erevanblog.am\"],\"url\":\"https:\\\/\\\/erevanblog.am\\\/?author=1\"}]}<\/script>\n<!-- \/ Yoast SEO plugin. -->","yoast_head_json":{"title":"Vy\u010distila jsem zapomenut\u00fd hrob \u2013 a druh\u00fd den r\u00e1no m\u011b naprosto ochromilo to, co jsem objevila -","robots":{"index":"index","follow":"follow","max-snippet":"max-snippet:-1","max-image-preview":"max-image-preview:large","max-video-preview":"max-video-preview:-1"},"canonical":"https:\/\/erevanblog.am\/?p=10885","og_locale":"en_US","og_type":"article","og_title":"Vy\u010distila jsem zapomenut\u00fd hrob \u2013 a druh\u00fd den r\u00e1no m\u011b naprosto ochromilo to, co jsem objevila -","og_description":"Nikdy jsem nebyla pov\u011br\u010div\u00e1. Na duchy jsem nev\u011b\u0159ila, horory jsem brala jako z\u00e1bavu a star\u00e9 h\u0159bitovy mi v\u017edy p\u0159ipadaly sp\u00ed\u0161 jako smutn\u00e1, ale klidn\u00e1 m\u00edsta. [...]","og_url":"https:\/\/erevanblog.am\/?p=10885","article_published_time":"2025-07-17T08:27:06+00:00","article_modified_time":"2025-07-17T08:27:08+00:00","og_image":[{"url":"http:\/\/erevanblog.am\/wp-content\/uploads\/2025\/07\/0000000000000.png","width":747,"height":746,"type":"image\/png"}],"author":"erevanblog_a","twitter_card":"summary_large_image","twitter_misc":{"Written by":"erevanblog_a","Est. reading time":"3 minutes"},"schema":{"@context":"https:\/\/schema.org","@graph":[{"@type":"Article","@id":"https:\/\/erevanblog.am\/?p=10885#article","isPartOf":{"@id":"https:\/\/erevanblog.am\/?p=10885"},"author":{"name":"erevanblog_a","@id":"https:\/\/erevanblog.am\/#\/schema\/person\/204f10311eb7ddb8914a5ab3e5f03928"},"headline":"Vy\u010distila jsem zapomenut\u00fd hrob \u2013 a druh\u00fd den r\u00e1no m\u011b naprosto ochromilo to, co jsem objevila","datePublished":"2025-07-17T08:27:06+00:00","dateModified":"2025-07-17T08:27:08+00:00","mainEntityOfPage":{"@id":"https:\/\/erevanblog.am\/?p=10885"},"wordCount":541,"commentCount":0,"image":{"@id":"https:\/\/erevanblog.am\/?p=10885#primaryimage"},"thumbnailUrl":"https:\/\/erevanblog.am\/wp-content\/uploads\/2025\/07\/0000000000000.png","articleSection":["NEWS"],"inLanguage":"en-US","potentialAction":[{"@type":"CommentAction","name":"Comment","target":["https:\/\/erevanblog.am\/?p=10885#respond"]}]},{"@type":"WebPage","@id":"https:\/\/erevanblog.am\/?p=10885","url":"https:\/\/erevanblog.am\/?p=10885","name":"Vy\u010distila jsem zapomenut\u00fd hrob \u2013 a druh\u00fd den r\u00e1no m\u011b naprosto ochromilo to, co jsem objevila -","isPartOf":{"@id":"https:\/\/erevanblog.am\/#website"},"primaryImageOfPage":{"@id":"https:\/\/erevanblog.am\/?p=10885#primaryimage"},"image":{"@id":"https:\/\/erevanblog.am\/?p=10885#primaryimage"},"thumbnailUrl":"https:\/\/erevanblog.am\/wp-content\/uploads\/2025\/07\/0000000000000.png","datePublished":"2025-07-17T08:27:06+00:00","dateModified":"2025-07-17T08:27:08+00:00","author":{"@id":"https:\/\/erevanblog.am\/#\/schema\/person\/204f10311eb7ddb8914a5ab3e5f03928"},"breadcrumb":{"@id":"https:\/\/erevanblog.am\/?p=10885#breadcrumb"},"inLanguage":"en-US","potentialAction":[{"@type":"ReadAction","target":["https:\/\/erevanblog.am\/?p=10885"]}]},{"@type":"ImageObject","inLanguage":"en-US","@id":"https:\/\/erevanblog.am\/?p=10885#primaryimage","url":"https:\/\/erevanblog.am\/wp-content\/uploads\/2025\/07\/0000000000000.png","contentUrl":"https:\/\/erevanblog.am\/wp-content\/uploads\/2025\/07\/0000000000000.png","width":1024,"height":1022},{"@type":"BreadcrumbList","@id":"https:\/\/erevanblog.am\/?p=10885#breadcrumb","itemListElement":[{"@type":"ListItem","position":1,"name":"Home","item":"https:\/\/erevanblog.am\/"},{"@type":"ListItem","position":2,"name":"Vy\u010distila jsem zapomenut\u00fd hrob \u2013 a druh\u00fd den r\u00e1no m\u011b naprosto ochromilo to, co jsem objevila"}]},{"@type":"WebSite","@id":"https:\/\/erevanblog.am\/#website","url":"https:\/\/erevanblog.am\/","name":"","description":"","potentialAction":[{"@type":"SearchAction","target":{"@type":"EntryPoint","urlTemplate":"https:\/\/erevanblog.am\/?s={search_term_string}"},"query-input":{"@type":"PropertyValueSpecification","valueRequired":true,"valueName":"search_term_string"}}],"inLanguage":"en-US"},{"@type":"Person","@id":"https:\/\/erevanblog.am\/#\/schema\/person\/204f10311eb7ddb8914a5ab3e5f03928","name":"erevanblog_a","image":{"@type":"ImageObject","inLanguage":"en-US","@id":"https:\/\/secure.gravatar.com\/avatar\/a24f4ac3a683f3c87303db525abc00db51ea26ccedee11dfaf1cc0f9a481a5d2?s=96&d=mm&r=g","url":"https:\/\/secure.gravatar.com\/avatar\/a24f4ac3a683f3c87303db525abc00db51ea26ccedee11dfaf1cc0f9a481a5d2?s=96&d=mm&r=g","contentUrl":"https:\/\/secure.gravatar.com\/avatar\/a24f4ac3a683f3c87303db525abc00db51ea26ccedee11dfaf1cc0f9a481a5d2?s=96&d=mm&r=g","caption":"erevanblog_a"},"sameAs":["http:\/\/erevanblog.am"],"url":"https:\/\/erevanblog.am\/?author=1"}]}},"views":528,"_links":{"self":[{"href":"https:\/\/erevanblog.am\/index.php?rest_route=\/wp\/v2\/posts\/10885","targetHints":{"allow":["GET"]}}],"collection":[{"href":"https:\/\/erevanblog.am\/index.php?rest_route=\/wp\/v2\/posts"}],"about":[{"href":"https:\/\/erevanblog.am\/index.php?rest_route=\/wp\/v2\/types\/post"}],"author":[{"embeddable":true,"href":"https:\/\/erevanblog.am\/index.php?rest_route=\/wp\/v2\/users\/1"}],"replies":[{"embeddable":true,"href":"https:\/\/erevanblog.am\/index.php?rest_route=%2Fwp%2Fv2%2Fcomments&post=10885"}],"version-history":[{"count":1,"href":"https:\/\/erevanblog.am\/index.php?rest_route=\/wp\/v2\/posts\/10885\/revisions"}],"predecessor-version":[{"id":10887,"href":"https:\/\/erevanblog.am\/index.php?rest_route=\/wp\/v2\/posts\/10885\/revisions\/10887"}],"wp:featuredmedia":[{"embeddable":true,"href":"https:\/\/erevanblog.am\/index.php?rest_route=\/wp\/v2\/media\/10886"}],"wp:attachment":[{"href":"https:\/\/erevanblog.am\/index.php?rest_route=%2Fwp%2Fv2%2Fmedia&parent=10885"}],"wp:term":[{"taxonomy":"category","embeddable":true,"href":"https:\/\/erevanblog.am\/index.php?rest_route=%2Fwp%2Fv2%2Fcategories&post=10885"},{"taxonomy":"post_tag","embeddable":true,"href":"https:\/\/erevanblog.am\/index.php?rest_route=%2Fwp%2Fv2%2Ftags&post=10885"}],"curies":[{"name":"wp","href":"https:\/\/api.w.org\/{rel}","templated":true}]}}