{"id":10903,"date":"2025-07-18T09:25:09","date_gmt":"2025-07-18T08:25:09","guid":{"rendered":"https:\/\/erevanblog.am\/?p=10903"},"modified":"2025-07-18T09:25:09","modified_gmt":"2025-07-18T08:25:09","slug":"auto-se-ritilo-primo-na-me-na-dalnici-a-co-jsem-udelal-ve-zlomku-vteriny-mi-zachranilo-zivot","status":"publish","type":"post","link":"https:\/\/erevanblog.am\/?p=10903","title":{"rendered":"Auto se \u0159\u00edtilo p\u0159\u00edmo na m\u011b na d\u00e1lnici \u2013 a co jsem ud\u011blal ve zlomku vte\u0159iny, mi zachr\u00e1nilo \u017eivot"},"content":{"rendered":"\n<p>Byl to \u00fapln\u011b oby\u010dejn\u00fd podve\u010der. D\u00e1lnice D1 byla pln\u00e1, ale provoz plynul \u2013 klasick\u00e1 \u0161pi\u010dka mezi Brnem a Prahou. Sed\u011bl jsem za volantem sv\u00e9ho star\u00e9ho komb\u00edku, poslouchal r\u00e1dio a v duchu si pl\u00e1noval, co m\u011b \u010dek\u00e1 doma. Venku se pomalu stm\u00edvalo a obloha m\u011bla ten zvl\u00e1\u0161tn\u00ed, \u0161edooran\u017eov\u00fd odst\u00edn, kter\u00fd p\u0159edch\u00e1z\u00ed skute\u010dn\u00e9 tm\u011b.<\/p>\n\n\n\n<figure class=\"wp-block-image size-full\"><img loading=\"lazy\" decoding=\"async\" width=\"823\" height=\"1024\" src=\"https:\/\/erevanblog.am\/wp-content\/uploads\/2025\/07\/222222.png\" alt=\"\" class=\"wp-image-10904\" srcset=\"https:\/\/erevanblog.am\/wp-content\/uploads\/2025\/07\/222222.png 823w, https:\/\/erevanblog.am\/wp-content\/uploads\/2025\/07\/222222-241x300.png 241w, https:\/\/erevanblog.am\/wp-content\/uploads\/2025\/07\/222222-768x956.png 768w\" sizes=\"auto, (max-width: 823px) 100vw, 823px\" \/><\/figure>\n\n\n\n<p>V\u0161echno se seb\u011bhlo tak rychle, \u017ee si tu chv\u00edli dodnes p\u0159ehr\u00e1v\u00e1m zpomalen\u011b.<\/p>\n\n\n\n<p>Jel jsem v lev\u00e9m pruhu, kdy\u017e jsem si v d\u00e1lce v\u0161iml sv\u011btel, kter\u00e1 mi ned\u00e1vala smysl. Blikala, pohybovala se podivn\u011b \u2013 a pak mi to do\u0161lo.<\/p>\n\n\n\n<p>Auto jelo p\u0159\u00edmo proti mn\u011b.<\/p>\n\n\n\n<p>V protism\u011bru. V lev\u00e9m pruhu. Na d\u00e1lnici.<\/p>\n\n\n\n<p>Mozek to odm\u00edtal p\u0159ijmout. \u201eTo p\u0159ece nen\u00ed mo\u017en\u00e9,\u201c \u0159\u00edkal jsem si. \u201eTo je n\u011bjak\u00fd omyl. To se nem\u016f\u017ee st\u00e1t.\u201c Ale d\u011blo se to. \u0158idi\u010d v protism\u011bru let\u011bl nejm\u00e9n\u011b stovkou. M\u00ed\u0159il p\u0159\u00edmo na m\u011b.<\/p>\n\n\n\n<p>V tu chv\u00edli se v\u0161echno zpomalilo.<\/p>\n\n\n\n<p>M\u011bl jsem dv\u011b mo\u017enosti \u2013 strhnout volant doprava, nebo nouzov\u011b brzdit a doufat v z\u00e1zrak.<\/p>\n\n\n\n<p>Instinkt ale rozhodl za m\u011b.<\/p>\n\n\n\n<p>Strhl jsem volant m\u00edrn\u011b doleva \u2013 sm\u011brem ke st\u0159edov\u00fdm svodidl\u016fm \u2013 s v\u011bdom\u00edm, \u017ee se o n\u011b z\u0159ejm\u011b op\u0159u bokem. V\u011bd\u011bl jsem ale, \u017ee pokud to neud\u011bl\u00e1m, \u010deln\u00ed sr\u00e1\u017eka bude fat\u00e1ln\u00ed. Ne pro n\u011bj. Pro m\u011b.<\/p>\n\n\n\n<p>Ozval se hroziv\u00fd zvuk t\u0159en\u00ed kovu o kov.<br>Auto kolem m\u011b prosvi\u0161t\u011blo o p\u00e1r centimetr\u016f.<br>V hrudi jsem c\u00edtil tlak. A hned po n\u011bm \u0161ok.<\/p>\n\n\n\n<p>Zastavil jsem na krajnici. Ruce se mi t\u0159\u00e1sly. V hlav\u011b mi blikaly sv\u011btlomety, \u00fatr\u017eky vte\u0159in. N\u011bkdo za mnou troubil, jin\u00ed zpomalovali, panika, chaos.<br>Ale j\u00e1 jsem \u017eil.<\/p>\n\n\n\n<p>Pozd\u011bji jsem se dozv\u011bd\u011bl, \u017ee \u0161lo o seniora, kter\u00fd omylem vjel do protism\u011bru \u2013 poprv\u00e9 v \u017eivot\u011b na d\u00e1lnici. O p\u00e1r kilometr\u016f d\u00e1l do\u0161lo k nehod\u011b. Jin\u00fd \u0159idi\u010d u\u017e takov\u00e9 \u0161t\u011bst\u00ed nem\u011bl.<\/p>\n\n\n\n<p>Od t\u00e9 doby se m\u011b lid\u00e9 ptaj\u00ed, jak jsem v\u011bd\u011bl, co ud\u011blat.<br>Nev\u011bd\u011bl jsem to.<br>Ale n\u011bkdy za v\u00e1s rozhodne instinkt. Nebo n\u011bco hlub\u0161\u00edho.<\/p>\n\n\n\n<p>A poka\u017ed\u00e9, kdy\u017e proj\u00ed\u017ed\u00edm t\u00edm \u00fasekem d\u00e1lnice, automaticky se pod\u00edv\u00e1m do protism\u011bru.<br>Ne ze strachu. Ale z respektu.<\/p>\n\n\n\n<p>Proto\u017ee jedna vte\u0159ina m\u016f\u017ee odd\u011blit \u017eivot od smrti.<\/p>\n","protected":false},"excerpt":{"rendered":"<div class=\"mh-excerpt\"><p>Byl to \u00fapln\u011b oby\u010dejn\u00fd podve\u010der. D\u00e1lnice D1 byla pln\u00e1, ale provoz plynul \u2013 klasick\u00e1 \u0161pi\u010dka mezi Brnem a Prahou. Sed\u011bl jsem za volantem sv\u00e9ho star\u00e9ho <a class=\"mh-excerpt-more\" href=\"https:\/\/erevanblog.am\/?p=10903\" title=\"Auto se \u0159\u00edtilo p\u0159\u00edmo na m\u011b na d\u00e1lnici \u2013 a co jsem ud\u011blal ve zlomku vte\u0159iny, mi zachr\u00e1nilo \u017eivot\">[&#8230;]<\/a><\/p>\n<\/div>","protected":false},"author":1,"featured_media":10904,"comment_status":"open","ping_status":"open","sticky":false,"template":"","format":"standard","meta":{"footnotes":""},"categories":[1],"tags":[],"class_list":["post-10903","post","type-post","status-publish","format-standard","has-post-thumbnail","hentry","category-uncategorised"],"yoast_head":"<!-- This site is optimized with the Yoast SEO plugin v27.5 - https:\/\/yoast.com\/product\/yoast-seo-wordpress\/ -->\n<title>Auto se \u0159\u00edtilo p\u0159\u00edmo na m\u011b na d\u00e1lnici \u2013 a co jsem ud\u011blal ve zlomku vte\u0159iny, mi zachr\u00e1nilo \u017eivot -<\/title>\n<meta name=\"robots\" content=\"index, follow, max-snippet:-1, max-image-preview:large, max-video-preview:-1\" \/>\n<link rel=\"canonical\" href=\"https:\/\/erevanblog.am\/?p=10903\" \/>\n<meta property=\"og:locale\" content=\"en_US\" \/>\n<meta property=\"og:type\" content=\"article\" \/>\n<meta property=\"og:title\" content=\"Auto se \u0159\u00edtilo p\u0159\u00edmo na m\u011b na d\u00e1lnici \u2013 a co jsem ud\u011blal ve zlomku vte\u0159iny, mi zachr\u00e1nilo \u017eivot -\" \/>\n<meta property=\"og:description\" content=\"Byl to \u00fapln\u011b oby\u010dejn\u00fd podve\u010der. D\u00e1lnice D1 byla pln\u00e1, ale provoz plynul \u2013 klasick\u00e1 \u0161pi\u010dka mezi Brnem a Prahou. Sed\u011bl jsem za volantem sv\u00e9ho star\u00e9ho [...]\" \/>\n<meta property=\"og:url\" content=\"https:\/\/erevanblog.am\/?p=10903\" \/>\n<meta property=\"article:published_time\" content=\"2025-07-18T08:25:09+00:00\" \/>\n<meta property=\"og:image\" content=\"http:\/\/erevanblog.am\/wp-content\/uploads\/2025\/07\/222222.png\" \/>\n\t<meta property=\"og:image:width\" content=\"823\" \/>\n\t<meta property=\"og:image:height\" content=\"1024\" \/>\n\t<meta property=\"og:image:type\" content=\"image\/png\" \/>\n<meta name=\"author\" content=\"erevanblog_a\" \/>\n<meta name=\"twitter:card\" content=\"summary_large_image\" \/>\n<meta name=\"twitter:label1\" content=\"Written by\" \/>\n\t<meta name=\"twitter:data1\" content=\"erevanblog_a\" \/>\n\t<meta name=\"twitter:label2\" content=\"Est. reading time\" \/>\n\t<meta name=\"twitter:data2\" content=\"2 minutes\" \/>\n<script type=\"application\/ld+json\" class=\"yoast-schema-graph\">{\"@context\":\"https:\\\/\\\/schema.org\",\"@graph\":[{\"@type\":\"Article\",\"@id\":\"https:\\\/\\\/erevanblog.am\\\/?p=10903#article\",\"isPartOf\":{\"@id\":\"https:\\\/\\\/erevanblog.am\\\/?p=10903\"},\"author\":{\"name\":\"erevanblog_a\",\"@id\":\"https:\\\/\\\/erevanblog.am\\\/#\\\/schema\\\/person\\\/204f10311eb7ddb8914a5ab3e5f03928\"},\"headline\":\"Auto se \u0159\u00edtilo p\u0159\u00edmo na m\u011b na d\u00e1lnici \u2013 a co jsem ud\u011blal ve zlomku vte\u0159iny, mi zachr\u00e1nilo \u017eivot\",\"datePublished\":\"2025-07-18T08:25:09+00:00\",\"mainEntityOfPage\":{\"@id\":\"https:\\\/\\\/erevanblog.am\\\/?p=10903\"},\"wordCount\":458,\"commentCount\":0,\"image\":{\"@id\":\"https:\\\/\\\/erevanblog.am\\\/?p=10903#primaryimage\"},\"thumbnailUrl\":\"https:\\\/\\\/erevanblog.am\\\/wp-content\\\/uploads\\\/2025\\\/07\\\/222222.png\",\"articleSection\":[\"NEWS\"],\"inLanguage\":\"en-US\",\"potentialAction\":[{\"@type\":\"CommentAction\",\"name\":\"Comment\",\"target\":[\"https:\\\/\\\/erevanblog.am\\\/?p=10903#respond\"]}]},{\"@type\":\"WebPage\",\"@id\":\"https:\\\/\\\/erevanblog.am\\\/?p=10903\",\"url\":\"https:\\\/\\\/erevanblog.am\\\/?p=10903\",\"name\":\"Auto se \u0159\u00edtilo p\u0159\u00edmo na m\u011b na d\u00e1lnici \u2013 a co jsem ud\u011blal ve zlomku vte\u0159iny, mi zachr\u00e1nilo \u017eivot -\",\"isPartOf\":{\"@id\":\"https:\\\/\\\/erevanblog.am\\\/#website\"},\"primaryImageOfPage\":{\"@id\":\"https:\\\/\\\/erevanblog.am\\\/?p=10903#primaryimage\"},\"image\":{\"@id\":\"https:\\\/\\\/erevanblog.am\\\/?p=10903#primaryimage\"},\"thumbnailUrl\":\"https:\\\/\\\/erevanblog.am\\\/wp-content\\\/uploads\\\/2025\\\/07\\\/222222.png\",\"datePublished\":\"2025-07-18T08:25:09+00:00\",\"author\":{\"@id\":\"https:\\\/\\\/erevanblog.am\\\/#\\\/schema\\\/person\\\/204f10311eb7ddb8914a5ab3e5f03928\"},\"breadcrumb\":{\"@id\":\"https:\\\/\\\/erevanblog.am\\\/?p=10903#breadcrumb\"},\"inLanguage\":\"en-US\",\"potentialAction\":[{\"@type\":\"ReadAction\",\"target\":[\"https:\\\/\\\/erevanblog.am\\\/?p=10903\"]}]},{\"@type\":\"ImageObject\",\"inLanguage\":\"en-US\",\"@id\":\"https:\\\/\\\/erevanblog.am\\\/?p=10903#primaryimage\",\"url\":\"https:\\\/\\\/erevanblog.am\\\/wp-content\\\/uploads\\\/2025\\\/07\\\/222222.png\",\"contentUrl\":\"https:\\\/\\\/erevanblog.am\\\/wp-content\\\/uploads\\\/2025\\\/07\\\/222222.png\",\"width\":823,\"height\":1024},{\"@type\":\"BreadcrumbList\",\"@id\":\"https:\\\/\\\/erevanblog.am\\\/?p=10903#breadcrumb\",\"itemListElement\":[{\"@type\":\"ListItem\",\"position\":1,\"name\":\"Home\",\"item\":\"https:\\\/\\\/erevanblog.am\\\/\"},{\"@type\":\"ListItem\",\"position\":2,\"name\":\"Auto se \u0159\u00edtilo p\u0159\u00edmo na m\u011b na d\u00e1lnici \u2013 a co jsem ud\u011blal ve zlomku vte\u0159iny, mi zachr\u00e1nilo \u017eivot\"}]},{\"@type\":\"WebSite\",\"@id\":\"https:\\\/\\\/erevanblog.am\\\/#website\",\"url\":\"https:\\\/\\\/erevanblog.am\\\/\",\"name\":\"\",\"description\":\"\",\"potentialAction\":[{\"@type\":\"SearchAction\",\"target\":{\"@type\":\"EntryPoint\",\"urlTemplate\":\"https:\\\/\\\/erevanblog.am\\\/?s={search_term_string}\"},\"query-input\":{\"@type\":\"PropertyValueSpecification\",\"valueRequired\":true,\"valueName\":\"search_term_string\"}}],\"inLanguage\":\"en-US\"},{\"@type\":\"Person\",\"@id\":\"https:\\\/\\\/erevanblog.am\\\/#\\\/schema\\\/person\\\/204f10311eb7ddb8914a5ab3e5f03928\",\"name\":\"erevanblog_a\",\"image\":{\"@type\":\"ImageObject\",\"inLanguage\":\"en-US\",\"@id\":\"https:\\\/\\\/secure.gravatar.com\\\/avatar\\\/a24f4ac3a683f3c87303db525abc00db51ea26ccedee11dfaf1cc0f9a481a5d2?s=96&d=mm&r=g\",\"url\":\"https:\\\/\\\/secure.gravatar.com\\\/avatar\\\/a24f4ac3a683f3c87303db525abc00db51ea26ccedee11dfaf1cc0f9a481a5d2?s=96&d=mm&r=g\",\"contentUrl\":\"https:\\\/\\\/secure.gravatar.com\\\/avatar\\\/a24f4ac3a683f3c87303db525abc00db51ea26ccedee11dfaf1cc0f9a481a5d2?s=96&d=mm&r=g\",\"caption\":\"erevanblog_a\"},\"sameAs\":[\"http:\\\/\\\/erevanblog.am\"],\"url\":\"https:\\\/\\\/erevanblog.am\\\/?author=1\"}]}<\/script>\n<!-- \/ Yoast SEO plugin. -->","yoast_head_json":{"title":"Auto se \u0159\u00edtilo p\u0159\u00edmo na m\u011b na d\u00e1lnici \u2013 a co jsem ud\u011blal ve zlomku vte\u0159iny, mi zachr\u00e1nilo \u017eivot -","robots":{"index":"index","follow":"follow","max-snippet":"max-snippet:-1","max-image-preview":"max-image-preview:large","max-video-preview":"max-video-preview:-1"},"canonical":"https:\/\/erevanblog.am\/?p=10903","og_locale":"en_US","og_type":"article","og_title":"Auto se \u0159\u00edtilo p\u0159\u00edmo na m\u011b na d\u00e1lnici \u2013 a co jsem ud\u011blal ve zlomku vte\u0159iny, mi zachr\u00e1nilo \u017eivot -","og_description":"Byl to \u00fapln\u011b oby\u010dejn\u00fd podve\u010der. D\u00e1lnice D1 byla pln\u00e1, ale provoz plynul \u2013 klasick\u00e1 \u0161pi\u010dka mezi Brnem a Prahou. Sed\u011bl jsem za volantem sv\u00e9ho star\u00e9ho [...]","og_url":"https:\/\/erevanblog.am\/?p=10903","article_published_time":"2025-07-18T08:25:09+00:00","og_image":[{"width":823,"height":1024,"url":"http:\/\/erevanblog.am\/wp-content\/uploads\/2025\/07\/222222.png","type":"image\/png"}],"author":"erevanblog_a","twitter_card":"summary_large_image","twitter_misc":{"Written by":"erevanblog_a","Est. reading time":"2 minutes"},"schema":{"@context":"https:\/\/schema.org","@graph":[{"@type":"Article","@id":"https:\/\/erevanblog.am\/?p=10903#article","isPartOf":{"@id":"https:\/\/erevanblog.am\/?p=10903"},"author":{"name":"erevanblog_a","@id":"https:\/\/erevanblog.am\/#\/schema\/person\/204f10311eb7ddb8914a5ab3e5f03928"},"headline":"Auto se \u0159\u00edtilo p\u0159\u00edmo na m\u011b na d\u00e1lnici \u2013 a co jsem ud\u011blal ve zlomku vte\u0159iny, mi zachr\u00e1nilo \u017eivot","datePublished":"2025-07-18T08:25:09+00:00","mainEntityOfPage":{"@id":"https:\/\/erevanblog.am\/?p=10903"},"wordCount":458,"commentCount":0,"image":{"@id":"https:\/\/erevanblog.am\/?p=10903#primaryimage"},"thumbnailUrl":"https:\/\/erevanblog.am\/wp-content\/uploads\/2025\/07\/222222.png","articleSection":["NEWS"],"inLanguage":"en-US","potentialAction":[{"@type":"CommentAction","name":"Comment","target":["https:\/\/erevanblog.am\/?p=10903#respond"]}]},{"@type":"WebPage","@id":"https:\/\/erevanblog.am\/?p=10903","url":"https:\/\/erevanblog.am\/?p=10903","name":"Auto se \u0159\u00edtilo p\u0159\u00edmo na m\u011b na d\u00e1lnici \u2013 a co jsem ud\u011blal ve zlomku vte\u0159iny, mi zachr\u00e1nilo \u017eivot -","isPartOf":{"@id":"https:\/\/erevanblog.am\/#website"},"primaryImageOfPage":{"@id":"https:\/\/erevanblog.am\/?p=10903#primaryimage"},"image":{"@id":"https:\/\/erevanblog.am\/?p=10903#primaryimage"},"thumbnailUrl":"https:\/\/erevanblog.am\/wp-content\/uploads\/2025\/07\/222222.png","datePublished":"2025-07-18T08:25:09+00:00","author":{"@id":"https:\/\/erevanblog.am\/#\/schema\/person\/204f10311eb7ddb8914a5ab3e5f03928"},"breadcrumb":{"@id":"https:\/\/erevanblog.am\/?p=10903#breadcrumb"},"inLanguage":"en-US","potentialAction":[{"@type":"ReadAction","target":["https:\/\/erevanblog.am\/?p=10903"]}]},{"@type":"ImageObject","inLanguage":"en-US","@id":"https:\/\/erevanblog.am\/?p=10903#primaryimage","url":"https:\/\/erevanblog.am\/wp-content\/uploads\/2025\/07\/222222.png","contentUrl":"https:\/\/erevanblog.am\/wp-content\/uploads\/2025\/07\/222222.png","width":823,"height":1024},{"@type":"BreadcrumbList","@id":"https:\/\/erevanblog.am\/?p=10903#breadcrumb","itemListElement":[{"@type":"ListItem","position":1,"name":"Home","item":"https:\/\/erevanblog.am\/"},{"@type":"ListItem","position":2,"name":"Auto se \u0159\u00edtilo p\u0159\u00edmo na m\u011b na d\u00e1lnici \u2013 a co jsem ud\u011blal ve zlomku vte\u0159iny, mi zachr\u00e1nilo \u017eivot"}]},{"@type":"WebSite","@id":"https:\/\/erevanblog.am\/#website","url":"https:\/\/erevanblog.am\/","name":"","description":"","potentialAction":[{"@type":"SearchAction","target":{"@type":"EntryPoint","urlTemplate":"https:\/\/erevanblog.am\/?s={search_term_string}"},"query-input":{"@type":"PropertyValueSpecification","valueRequired":true,"valueName":"search_term_string"}}],"inLanguage":"en-US"},{"@type":"Person","@id":"https:\/\/erevanblog.am\/#\/schema\/person\/204f10311eb7ddb8914a5ab3e5f03928","name":"erevanblog_a","image":{"@type":"ImageObject","inLanguage":"en-US","@id":"https:\/\/secure.gravatar.com\/avatar\/a24f4ac3a683f3c87303db525abc00db51ea26ccedee11dfaf1cc0f9a481a5d2?s=96&d=mm&r=g","url":"https:\/\/secure.gravatar.com\/avatar\/a24f4ac3a683f3c87303db525abc00db51ea26ccedee11dfaf1cc0f9a481a5d2?s=96&d=mm&r=g","contentUrl":"https:\/\/secure.gravatar.com\/avatar\/a24f4ac3a683f3c87303db525abc00db51ea26ccedee11dfaf1cc0f9a481a5d2?s=96&d=mm&r=g","caption":"erevanblog_a"},"sameAs":["http:\/\/erevanblog.am"],"url":"https:\/\/erevanblog.am\/?author=1"}]}},"views":275,"_links":{"self":[{"href":"https:\/\/erevanblog.am\/index.php?rest_route=\/wp\/v2\/posts\/10903","targetHints":{"allow":["GET"]}}],"collection":[{"href":"https:\/\/erevanblog.am\/index.php?rest_route=\/wp\/v2\/posts"}],"about":[{"href":"https:\/\/erevanblog.am\/index.php?rest_route=\/wp\/v2\/types\/post"}],"author":[{"embeddable":true,"href":"https:\/\/erevanblog.am\/index.php?rest_route=\/wp\/v2\/users\/1"}],"replies":[{"embeddable":true,"href":"https:\/\/erevanblog.am\/index.php?rest_route=%2Fwp%2Fv2%2Fcomments&post=10903"}],"version-history":[{"count":1,"href":"https:\/\/erevanblog.am\/index.php?rest_route=\/wp\/v2\/posts\/10903\/revisions"}],"predecessor-version":[{"id":10905,"href":"https:\/\/erevanblog.am\/index.php?rest_route=\/wp\/v2\/posts\/10903\/revisions\/10905"}],"wp:featuredmedia":[{"embeddable":true,"href":"https:\/\/erevanblog.am\/index.php?rest_route=\/wp\/v2\/media\/10904"}],"wp:attachment":[{"href":"https:\/\/erevanblog.am\/index.php?rest_route=%2Fwp%2Fv2%2Fmedia&parent=10903"}],"wp:term":[{"taxonomy":"category","embeddable":true,"href":"https:\/\/erevanblog.am\/index.php?rest_route=%2Fwp%2Fv2%2Fcategories&post=10903"},{"taxonomy":"post_tag","embeddable":true,"href":"https:\/\/erevanblog.am\/index.php?rest_route=%2Fwp%2Fv2%2Ftags&post=10903"}],"curies":[{"name":"wp","href":"https:\/\/api.w.org\/{rel}","templated":true}]}}