{"id":10909,"date":"2025-07-18T15:28:11","date_gmt":"2025-07-18T14:28:11","guid":{"rendered":"https:\/\/erevanblog.am\/?p=10909"},"modified":"2025-07-18T15:28:12","modified_gmt":"2025-07-18T14:28:12","slug":"skandal-v-palaci-napeti-mezi-camillou-a-kate-roste-je-vevodkyne-z-cambridge-duvodem-proc-kralovna-manzelka-saha-po-sklence-2","status":"publish","type":"post","link":"https:\/\/erevanblog.am\/?p=10909","title":{"rendered":"Skand\u00e1l v pal\u00e1ci: Nap\u011bt\u00ed mezi Camillou a Kate roste \u2013 je v\u00e9vodkyn\u011b z Cambridge d\u016fvodem, pro\u010d kr\u00e1lovna man\u017eelka sah\u00e1 po sklence?"},"content":{"rendered":"\n<p>Za zdmi kr\u00e1lovsk\u00e9ho pal\u00e1ce se odehr\u00e1v\u00e1 drama, kter\u00e9 z\u016fst\u00e1v\u00e1 o\u010d\u00edm ve\u0159ejnosti skryto. Ofici\u00e1ln\u00ed portr\u00e9ty, ve\u0159ejn\u00e9 \u00fasm\u011bvy a uhlazen\u00e9 projevy nedok\u00e1\u017eou zakr\u00fdt rostouc\u00ed nap\u011bt\u00ed v Buckinghamsk\u00e9m pal\u00e1ci. Podle d\u016fv\u011bryhodn\u00fdch zdroj\u016f se vztahy mezi kr\u00e1lovnou man\u017eelkou Camillou a v\u00e9vodkyn\u00ed z Cambridge, Kate Middleton, v\u00fdrazn\u011b zhor\u0161ily \u2013 a situace pr\u00fd za\u010d\u00edn\u00e1 negativn\u011b ovliv\u0148ovat i psychiku samotn\u00e9 Camilly.<\/p>\n\n\n\n<figure class=\"wp-block-image size-full\"><img loading=\"lazy\" decoding=\"async\" width=\"1020\" height=\"1024\" src=\"https:\/\/erevanblog.am\/wp-content\/uploads\/2025\/07\/55555555.png\" alt=\"\" class=\"wp-image-10910\" srcset=\"https:\/\/erevanblog.am\/wp-content\/uploads\/2025\/07\/55555555.png 1020w, https:\/\/erevanblog.am\/wp-content\/uploads\/2025\/07\/55555555-300x300.png 300w, https:\/\/erevanblog.am\/wp-content\/uploads\/2025\/07\/55555555-150x150.png 150w, https:\/\/erevanblog.am\/wp-content\/uploads\/2025\/07\/55555555-768x771.png 768w\" sizes=\"auto, (max-width: 1020px) 100vw, 1020px\" \/><\/figure>\n\n\n\n<p>Co stoj\u00ed za t\u00edmto nap\u011bt\u00edm? V\u0161e \u00fadajn\u011b za\u010dalo s\u00e9ri\u00ed ostr\u00fdch v\u00fdm\u011bn n\u00e1zor\u016f, ve kter\u00fdch si Camilla a Kate vym\u011bnily n\u00e1zory na v\u00fdchovu d\u011bt\u00ed, p\u0159\u00edstup k m\u00e9di\u00edm a sv\u00e9 postaven\u00ed v r\u00e1mci monarchie. Kate, kter\u00e1 je ve\u0159ejnost\u00ed vn\u00edm\u00e1na jako elegantn\u00ed a d\u016fstojn\u00e1 postava, si z\u00edskala mimo\u0159\u00e1dnou oblibu \u2013 a pr\u00e1v\u011b to m\u00e1 b\u00fdt d\u016fvodem Camillina znepokojen\u00ed. Podle n\u011bkter\u00fdch n\u00e1znak\u016f se Camilla c\u00edt\u00ed ohro\u017een\u00e1 t\u00edm, \u017ee ji popularita Kate za\u010d\u00edn\u00e1 zast\u00ednit \u2013 a dokonce mo\u017en\u00e1 i samotn\u00e9ho kr\u00e1le Karla III.<\/p>\n\n\n\n<p>Situaci komplikuje i Camillin dlouhodob\u011b napjat\u00fd vztah s d\u011btmi princezny Diany \u2013 princem Williamem a zejm\u00e9na princem Harrym. Jej\u00ed vztah s Meghan Markle byl v\u017edy k\u0159ehk\u00fd, ale nyn\u00ed se zd\u00e1, \u017ee nap\u011bt\u00ed se p\u0159en\u00e1\u0161\u00ed i na Kate, kter\u00e1 se sice sna\u017e\u00ed z\u016fst\u00e1vat neutr\u00e1ln\u00ed, ale z\u00e1rove\u0148 chr\u00e1n\u00ed svou rodinu.<\/p>\n\n\n\n<p>Nap\u011bt\u00ed \u00fadajn\u011b narostlo natolik, \u017ee musel zas\u00e1hnout i princ William. Sna\u017e\u00ed se zachovat klid, p\u0159edev\u0161\u00edm kv\u016fli d\u011btem, ale tlak na n\u011bj st\u00e1le roste. B\u00fdt mostem mezi dv\u011bma \u017eenami, kter\u00e9 reprezentuj\u00ed odli\u0161n\u00e9 sv\u011bty a hodnoty, nen\u00ed v\u016fbec jednoduch\u00e9.<\/p>\n\n\n\n<p>Co se skute\u010dn\u011b d\u011bje za zav\u0159en\u00fdmi dve\u0159mi pal\u00e1ce? Jak na to reaguje kr\u00e1l Karel? A jakou roli v cel\u00e9 z\u00e1le\u017eitosti hraje ve\u0159ejn\u00e9 m\u00edn\u011bn\u00ed?<\/p>\n\n\n\n<p>Jedno je jist\u00e9 \u2013 v monarchii, kde ka\u017ed\u00fd \u00fasm\u011bv m\u00e1 diplomatickou v\u00e1hu, m\u016f\u017ee jedin\u00fd konflikt ot\u0159\u00e1st celou strukturou. A pokud je pravda, \u017ee Camilla hled\u00e1 \u00falevu na dn\u011b sklenky, m\u016f\u017ee j\u00edt jen o za\u010d\u00e1tek mnohem hlub\u0161\u00ed krize.<\/p>\n","protected":false},"excerpt":{"rendered":"<div class=\"mh-excerpt\"><p>Za zdmi kr\u00e1lovsk\u00e9ho pal\u00e1ce se odehr\u00e1v\u00e1 drama, kter\u00e9 z\u016fst\u00e1v\u00e1 o\u010d\u00edm ve\u0159ejnosti skryto. Ofici\u00e1ln\u00ed portr\u00e9ty, ve\u0159ejn\u00e9 \u00fasm\u011bvy a uhlazen\u00e9 projevy nedok\u00e1\u017eou zakr\u00fdt rostouc\u00ed nap\u011bt\u00ed v Buckinghamsk\u00e9m <a class=\"mh-excerpt-more\" href=\"https:\/\/erevanblog.am\/?p=10909\" title=\"Skand\u00e1l v pal\u00e1ci: Nap\u011bt\u00ed mezi Camillou a Kate roste \u2013 je v\u00e9vodkyn\u011b z Cambridge d\u016fvodem, pro\u010d kr\u00e1lovna man\u017eelka sah\u00e1 po sklence?\">[&#8230;]<\/a><\/p>\n<\/div>","protected":false},"author":1,"featured_media":10910,"comment_status":"open","ping_status":"open","sticky":false,"template":"","format":"standard","meta":{"footnotes":""},"categories":[1],"tags":[],"class_list":["post-10909","post","type-post","status-publish","format-standard","has-post-thumbnail","hentry","category-uncategorised"],"yoast_head":"<!-- This site is optimized with the Yoast SEO plugin v27.5 - https:\/\/yoast.com\/product\/yoast-seo-wordpress\/ -->\n<title>Skand\u00e1l v pal\u00e1ci: Nap\u011bt\u00ed mezi Camillou a Kate roste \u2013 je v\u00e9vodkyn\u011b z Cambridge d\u016fvodem, pro\u010d kr\u00e1lovna man\u017eelka sah\u00e1 po sklence? -<\/title>\n<meta name=\"robots\" content=\"index, follow, max-snippet:-1, max-image-preview:large, max-video-preview:-1\" \/>\n<link rel=\"canonical\" href=\"https:\/\/erevanblog.am\/?p=10909\" \/>\n<meta property=\"og:locale\" content=\"en_US\" \/>\n<meta property=\"og:type\" content=\"article\" \/>\n<meta property=\"og:title\" content=\"Skand\u00e1l v pal\u00e1ci: Nap\u011bt\u00ed mezi Camillou a Kate roste \u2013 je v\u00e9vodkyn\u011b z Cambridge d\u016fvodem, pro\u010d kr\u00e1lovna man\u017eelka sah\u00e1 po sklence? -\" \/>\n<meta property=\"og:description\" content=\"Za zdmi kr\u00e1lovsk\u00e9ho pal\u00e1ce se odehr\u00e1v\u00e1 drama, kter\u00e9 z\u016fst\u00e1v\u00e1 o\u010d\u00edm ve\u0159ejnosti skryto. Ofici\u00e1ln\u00ed portr\u00e9ty, ve\u0159ejn\u00e9 \u00fasm\u011bvy a uhlazen\u00e9 projevy nedok\u00e1\u017eou zakr\u00fdt rostouc\u00ed nap\u011bt\u00ed v Buckinghamsk\u00e9m [...]\" \/>\n<meta property=\"og:url\" content=\"https:\/\/erevanblog.am\/?p=10909\" \/>\n<meta property=\"article:published_time\" content=\"2025-07-18T14:28:11+00:00\" \/>\n<meta property=\"article:modified_time\" content=\"2025-07-18T14:28:12+00:00\" \/>\n<meta property=\"og:image\" content=\"http:\/\/erevanblog.am\/wp-content\/uploads\/2025\/07\/55555555.png\" \/>\n\t<meta property=\"og:image:width\" content=\"1020\" \/>\n\t<meta property=\"og:image:height\" content=\"1024\" \/>\n\t<meta property=\"og:image:type\" content=\"image\/png\" \/>\n<meta name=\"author\" content=\"erevanblog_a\" \/>\n<meta name=\"twitter:card\" content=\"summary_large_image\" \/>\n<meta name=\"twitter:label1\" content=\"Written by\" \/>\n\t<meta name=\"twitter:data1\" content=\"erevanblog_a\" \/>\n\t<meta name=\"twitter:label2\" content=\"Est. reading time\" \/>\n\t<meta name=\"twitter:data2\" content=\"2 minutes\" \/>\n<script type=\"application\/ld+json\" class=\"yoast-schema-graph\">{\"@context\":\"https:\\\/\\\/schema.org\",\"@graph\":[{\"@type\":\"Article\",\"@id\":\"https:\\\/\\\/erevanblog.am\\\/?p=10909#article\",\"isPartOf\":{\"@id\":\"https:\\\/\\\/erevanblog.am\\\/?p=10909\"},\"author\":{\"name\":\"erevanblog_a\",\"@id\":\"https:\\\/\\\/erevanblog.am\\\/#\\\/schema\\\/person\\\/204f10311eb7ddb8914a5ab3e5f03928\"},\"headline\":\"Skand\u00e1l v pal\u00e1ci: Nap\u011bt\u00ed mezi Camillou a Kate roste \u2013 je v\u00e9vodkyn\u011b z Cambridge d\u016fvodem, pro\u010d kr\u00e1lovna man\u017eelka sah\u00e1 po sklence?\",\"datePublished\":\"2025-07-18T14:28:11+00:00\",\"dateModified\":\"2025-07-18T14:28:12+00:00\",\"mainEntityOfPage\":{\"@id\":\"https:\\\/\\\/erevanblog.am\\\/?p=10909\"},\"wordCount\":409,\"commentCount\":0,\"image\":{\"@id\":\"https:\\\/\\\/erevanblog.am\\\/?p=10909#primaryimage\"},\"thumbnailUrl\":\"https:\\\/\\\/erevanblog.am\\\/wp-content\\\/uploads\\\/2025\\\/07\\\/55555555.png\",\"articleSection\":[\"NEWS\"],\"inLanguage\":\"en-US\",\"potentialAction\":[{\"@type\":\"CommentAction\",\"name\":\"Comment\",\"target\":[\"https:\\\/\\\/erevanblog.am\\\/?p=10909#respond\"]}]},{\"@type\":\"WebPage\",\"@id\":\"https:\\\/\\\/erevanblog.am\\\/?p=10909\",\"url\":\"https:\\\/\\\/erevanblog.am\\\/?p=10909\",\"name\":\"Skand\u00e1l v pal\u00e1ci: Nap\u011bt\u00ed mezi Camillou a Kate roste \u2013 je v\u00e9vodkyn\u011b z Cambridge d\u016fvodem, pro\u010d kr\u00e1lovna man\u017eelka sah\u00e1 po sklence? -\",\"isPartOf\":{\"@id\":\"https:\\\/\\\/erevanblog.am\\\/#website\"},\"primaryImageOfPage\":{\"@id\":\"https:\\\/\\\/erevanblog.am\\\/?p=10909#primaryimage\"},\"image\":{\"@id\":\"https:\\\/\\\/erevanblog.am\\\/?p=10909#primaryimage\"},\"thumbnailUrl\":\"https:\\\/\\\/erevanblog.am\\\/wp-content\\\/uploads\\\/2025\\\/07\\\/55555555.png\",\"datePublished\":\"2025-07-18T14:28:11+00:00\",\"dateModified\":\"2025-07-18T14:28:12+00:00\",\"author\":{\"@id\":\"https:\\\/\\\/erevanblog.am\\\/#\\\/schema\\\/person\\\/204f10311eb7ddb8914a5ab3e5f03928\"},\"breadcrumb\":{\"@id\":\"https:\\\/\\\/erevanblog.am\\\/?p=10909#breadcrumb\"},\"inLanguage\":\"en-US\",\"potentialAction\":[{\"@type\":\"ReadAction\",\"target\":[\"https:\\\/\\\/erevanblog.am\\\/?p=10909\"]}]},{\"@type\":\"ImageObject\",\"inLanguage\":\"en-US\",\"@id\":\"https:\\\/\\\/erevanblog.am\\\/?p=10909#primaryimage\",\"url\":\"https:\\\/\\\/erevanblog.am\\\/wp-content\\\/uploads\\\/2025\\\/07\\\/55555555.png\",\"contentUrl\":\"https:\\\/\\\/erevanblog.am\\\/wp-content\\\/uploads\\\/2025\\\/07\\\/55555555.png\",\"width\":1020,\"height\":1024},{\"@type\":\"BreadcrumbList\",\"@id\":\"https:\\\/\\\/erevanblog.am\\\/?p=10909#breadcrumb\",\"itemListElement\":[{\"@type\":\"ListItem\",\"position\":1,\"name\":\"Home\",\"item\":\"https:\\\/\\\/erevanblog.am\\\/\"},{\"@type\":\"ListItem\",\"position\":2,\"name\":\"Skand\u00e1l v pal\u00e1ci: Nap\u011bt\u00ed mezi Camillou a Kate roste \u2013 je v\u00e9vodkyn\u011b z Cambridge d\u016fvodem, pro\u010d kr\u00e1lovna man\u017eelka sah\u00e1 po sklence?\"}]},{\"@type\":\"WebSite\",\"@id\":\"https:\\\/\\\/erevanblog.am\\\/#website\",\"url\":\"https:\\\/\\\/erevanblog.am\\\/\",\"name\":\"\",\"description\":\"\",\"potentialAction\":[{\"@type\":\"SearchAction\",\"target\":{\"@type\":\"EntryPoint\",\"urlTemplate\":\"https:\\\/\\\/erevanblog.am\\\/?s={search_term_string}\"},\"query-input\":{\"@type\":\"PropertyValueSpecification\",\"valueRequired\":true,\"valueName\":\"search_term_string\"}}],\"inLanguage\":\"en-US\"},{\"@type\":\"Person\",\"@id\":\"https:\\\/\\\/erevanblog.am\\\/#\\\/schema\\\/person\\\/204f10311eb7ddb8914a5ab3e5f03928\",\"name\":\"erevanblog_a\",\"image\":{\"@type\":\"ImageObject\",\"inLanguage\":\"en-US\",\"@id\":\"https:\\\/\\\/secure.gravatar.com\\\/avatar\\\/a24f4ac3a683f3c87303db525abc00db51ea26ccedee11dfaf1cc0f9a481a5d2?s=96&d=mm&r=g\",\"url\":\"https:\\\/\\\/secure.gravatar.com\\\/avatar\\\/a24f4ac3a683f3c87303db525abc00db51ea26ccedee11dfaf1cc0f9a481a5d2?s=96&d=mm&r=g\",\"contentUrl\":\"https:\\\/\\\/secure.gravatar.com\\\/avatar\\\/a24f4ac3a683f3c87303db525abc00db51ea26ccedee11dfaf1cc0f9a481a5d2?s=96&d=mm&r=g\",\"caption\":\"erevanblog_a\"},\"sameAs\":[\"http:\\\/\\\/erevanblog.am\"],\"url\":\"https:\\\/\\\/erevanblog.am\\\/?author=1\"}]}<\/script>\n<!-- \/ Yoast SEO plugin. -->","yoast_head_json":{"title":"Skand\u00e1l v pal\u00e1ci: Nap\u011bt\u00ed mezi Camillou a Kate roste \u2013 je v\u00e9vodkyn\u011b z Cambridge d\u016fvodem, pro\u010d kr\u00e1lovna man\u017eelka sah\u00e1 po sklence? -","robots":{"index":"index","follow":"follow","max-snippet":"max-snippet:-1","max-image-preview":"max-image-preview:large","max-video-preview":"max-video-preview:-1"},"canonical":"https:\/\/erevanblog.am\/?p=10909","og_locale":"en_US","og_type":"article","og_title":"Skand\u00e1l v pal\u00e1ci: Nap\u011bt\u00ed mezi Camillou a Kate roste \u2013 je v\u00e9vodkyn\u011b z Cambridge d\u016fvodem, pro\u010d kr\u00e1lovna man\u017eelka sah\u00e1 po sklence? -","og_description":"Za zdmi kr\u00e1lovsk\u00e9ho pal\u00e1ce se odehr\u00e1v\u00e1 drama, kter\u00e9 z\u016fst\u00e1v\u00e1 o\u010d\u00edm ve\u0159ejnosti skryto. Ofici\u00e1ln\u00ed portr\u00e9ty, ve\u0159ejn\u00e9 \u00fasm\u011bvy a uhlazen\u00e9 projevy nedok\u00e1\u017eou zakr\u00fdt rostouc\u00ed nap\u011bt\u00ed v Buckinghamsk\u00e9m [...]","og_url":"https:\/\/erevanblog.am\/?p=10909","article_published_time":"2025-07-18T14:28:11+00:00","article_modified_time":"2025-07-18T14:28:12+00:00","og_image":[{"width":1020,"height":1024,"url":"http:\/\/erevanblog.am\/wp-content\/uploads\/2025\/07\/55555555.png","type":"image\/png"}],"author":"erevanblog_a","twitter_card":"summary_large_image","twitter_misc":{"Written by":"erevanblog_a","Est. reading time":"2 minutes"},"schema":{"@context":"https:\/\/schema.org","@graph":[{"@type":"Article","@id":"https:\/\/erevanblog.am\/?p=10909#article","isPartOf":{"@id":"https:\/\/erevanblog.am\/?p=10909"},"author":{"name":"erevanblog_a","@id":"https:\/\/erevanblog.am\/#\/schema\/person\/204f10311eb7ddb8914a5ab3e5f03928"},"headline":"Skand\u00e1l v pal\u00e1ci: Nap\u011bt\u00ed mezi Camillou a Kate roste \u2013 je v\u00e9vodkyn\u011b z Cambridge d\u016fvodem, pro\u010d kr\u00e1lovna man\u017eelka sah\u00e1 po sklence?","datePublished":"2025-07-18T14:28:11+00:00","dateModified":"2025-07-18T14:28:12+00:00","mainEntityOfPage":{"@id":"https:\/\/erevanblog.am\/?p=10909"},"wordCount":409,"commentCount":0,"image":{"@id":"https:\/\/erevanblog.am\/?p=10909#primaryimage"},"thumbnailUrl":"https:\/\/erevanblog.am\/wp-content\/uploads\/2025\/07\/55555555.png","articleSection":["NEWS"],"inLanguage":"en-US","potentialAction":[{"@type":"CommentAction","name":"Comment","target":["https:\/\/erevanblog.am\/?p=10909#respond"]}]},{"@type":"WebPage","@id":"https:\/\/erevanblog.am\/?p=10909","url":"https:\/\/erevanblog.am\/?p=10909","name":"Skand\u00e1l v pal\u00e1ci: Nap\u011bt\u00ed mezi Camillou a Kate roste \u2013 je v\u00e9vodkyn\u011b z Cambridge d\u016fvodem, pro\u010d kr\u00e1lovna man\u017eelka sah\u00e1 po sklence? -","isPartOf":{"@id":"https:\/\/erevanblog.am\/#website"},"primaryImageOfPage":{"@id":"https:\/\/erevanblog.am\/?p=10909#primaryimage"},"image":{"@id":"https:\/\/erevanblog.am\/?p=10909#primaryimage"},"thumbnailUrl":"https:\/\/erevanblog.am\/wp-content\/uploads\/2025\/07\/55555555.png","datePublished":"2025-07-18T14:28:11+00:00","dateModified":"2025-07-18T14:28:12+00:00","author":{"@id":"https:\/\/erevanblog.am\/#\/schema\/person\/204f10311eb7ddb8914a5ab3e5f03928"},"breadcrumb":{"@id":"https:\/\/erevanblog.am\/?p=10909#breadcrumb"},"inLanguage":"en-US","potentialAction":[{"@type":"ReadAction","target":["https:\/\/erevanblog.am\/?p=10909"]}]},{"@type":"ImageObject","inLanguage":"en-US","@id":"https:\/\/erevanblog.am\/?p=10909#primaryimage","url":"https:\/\/erevanblog.am\/wp-content\/uploads\/2025\/07\/55555555.png","contentUrl":"https:\/\/erevanblog.am\/wp-content\/uploads\/2025\/07\/55555555.png","width":1020,"height":1024},{"@type":"BreadcrumbList","@id":"https:\/\/erevanblog.am\/?p=10909#breadcrumb","itemListElement":[{"@type":"ListItem","position":1,"name":"Home","item":"https:\/\/erevanblog.am\/"},{"@type":"ListItem","position":2,"name":"Skand\u00e1l v pal\u00e1ci: Nap\u011bt\u00ed mezi Camillou a Kate roste \u2013 je v\u00e9vodkyn\u011b z Cambridge d\u016fvodem, pro\u010d kr\u00e1lovna man\u017eelka sah\u00e1 po sklence?"}]},{"@type":"WebSite","@id":"https:\/\/erevanblog.am\/#website","url":"https:\/\/erevanblog.am\/","name":"","description":"","potentialAction":[{"@type":"SearchAction","target":{"@type":"EntryPoint","urlTemplate":"https:\/\/erevanblog.am\/?s={search_term_string}"},"query-input":{"@type":"PropertyValueSpecification","valueRequired":true,"valueName":"search_term_string"}}],"inLanguage":"en-US"},{"@type":"Person","@id":"https:\/\/erevanblog.am\/#\/schema\/person\/204f10311eb7ddb8914a5ab3e5f03928","name":"erevanblog_a","image":{"@type":"ImageObject","inLanguage":"en-US","@id":"https:\/\/secure.gravatar.com\/avatar\/a24f4ac3a683f3c87303db525abc00db51ea26ccedee11dfaf1cc0f9a481a5d2?s=96&d=mm&r=g","url":"https:\/\/secure.gravatar.com\/avatar\/a24f4ac3a683f3c87303db525abc00db51ea26ccedee11dfaf1cc0f9a481a5d2?s=96&d=mm&r=g","contentUrl":"https:\/\/secure.gravatar.com\/avatar\/a24f4ac3a683f3c87303db525abc00db51ea26ccedee11dfaf1cc0f9a481a5d2?s=96&d=mm&r=g","caption":"erevanblog_a"},"sameAs":["http:\/\/erevanblog.am"],"url":"https:\/\/erevanblog.am\/?author=1"}]}},"views":265,"_links":{"self":[{"href":"https:\/\/erevanblog.am\/index.php?rest_route=\/wp\/v2\/posts\/10909","targetHints":{"allow":["GET"]}}],"collection":[{"href":"https:\/\/erevanblog.am\/index.php?rest_route=\/wp\/v2\/posts"}],"about":[{"href":"https:\/\/erevanblog.am\/index.php?rest_route=\/wp\/v2\/types\/post"}],"author":[{"embeddable":true,"href":"https:\/\/erevanblog.am\/index.php?rest_route=\/wp\/v2\/users\/1"}],"replies":[{"embeddable":true,"href":"https:\/\/erevanblog.am\/index.php?rest_route=%2Fwp%2Fv2%2Fcomments&post=10909"}],"version-history":[{"count":1,"href":"https:\/\/erevanblog.am\/index.php?rest_route=\/wp\/v2\/posts\/10909\/revisions"}],"predecessor-version":[{"id":10911,"href":"https:\/\/erevanblog.am\/index.php?rest_route=\/wp\/v2\/posts\/10909\/revisions\/10911"}],"wp:featuredmedia":[{"embeddable":true,"href":"https:\/\/erevanblog.am\/index.php?rest_route=\/wp\/v2\/media\/10910"}],"wp:attachment":[{"href":"https:\/\/erevanblog.am\/index.php?rest_route=%2Fwp%2Fv2%2Fmedia&parent=10909"}],"wp:term":[{"taxonomy":"category","embeddable":true,"href":"https:\/\/erevanblog.am\/index.php?rest_route=%2Fwp%2Fv2%2Fcategories&post=10909"},{"taxonomy":"post_tag","embeddable":true,"href":"https:\/\/erevanblog.am\/index.php?rest_route=%2Fwp%2Fv2%2Ftags&post=10909"}],"curies":[{"name":"wp","href":"https:\/\/api.w.org\/{rel}","templated":true}]}}