{"id":10922,"date":"2025-07-19T12:28:21","date_gmt":"2025-07-19T11:28:21","guid":{"rendered":"https:\/\/erevanblog.am\/?p=10922"},"modified":"2025-07-19T12:28:23","modified_gmt":"2025-07-19T11:28:23","slug":"%f0%9f%91%81-vratil-se-z-temnoty-zrcadlo-v-detskem-pokoji-ukryvalo-vic-nez-jen-odraz","status":"publish","type":"post","link":"https:\/\/erevanblog.am\/?p=10922","title":{"rendered":"\ud83d\udc41 Vr\u00e1til se z temnoty: Zrcadlo v d\u011btsk\u00e9m pokoji ukr\u00fdvalo v\u00edc ne\u017e jen odraz"},"content":{"rendered":"\n<p>Kdy\u017e jsme se p\u0159est\u011bhovali do star\u00e9ho venkovsk\u00e9ho domu, vypadalo to jako za\u010d\u00e1tek nov\u00e9 kapitoly. Klid, p\u0159\u00edroda, m\u00edsto, kde n\u00e1\u0161 p\u011btilet\u00fd Mat\u011bj m\u016f\u017ee vyr\u016fstat bez starost\u00ed.<br>Jedin\u00e9, co n\u00e1m p\u0159ipadalo trochu zvl\u00e1\u0161tn\u00ed, bylo star\u00e9 zrcadlo v jeho pokoji. T\u011b\u017ek\u00fd r\u00e1m z tmav\u00e9ho d\u0159eva, pevn\u011b p\u0159id\u011blan\u00fd ke zdi. Nev\u011bnovali jsme mu pozornost \u2014 a\u017e do dne, kdy Mat\u011bj \u0159ekl:<\/p>\n\n\n\n<figure class=\"wp-block-image size-full\"><img loading=\"lazy\" decoding=\"async\" width=\"994\" height=\"1024\" src=\"https:\/\/erevanblog.am\/wp-content\/uploads\/2025\/07\/555555.png\" alt=\"\" class=\"wp-image-10923\" srcset=\"https:\/\/erevanblog.am\/wp-content\/uploads\/2025\/07\/555555.png 994w, https:\/\/erevanblog.am\/wp-content\/uploads\/2025\/07\/555555-291x300.png 291w, https:\/\/erevanblog.am\/wp-content\/uploads\/2025\/07\/555555-768x791.png 768w\" sizes=\"auto, (max-width: 994px) 100vw, 994px\" \/><\/figure>\n\n\n\n<p>\u2014 \u201eMami, za zrcadlem n\u011bkdo je. D\u00edv\u00e1 se na m\u011b, kdy\u017e sp\u00edm.\u201c<\/p>\n\n\n\n<h3 class=\"wp-block-heading\">\ud83d\udecc Noci pln\u00e9 strachu<\/h3>\n\n\n\n<p>Pova\u017eovali jsme to za d\u011btsk\u00e9 fantazie. Ale ka\u017edou noc se probouzel ve stejn\u00fd \u010das \u2014 3:12. V\u017edy s k\u0159ikem, ukazuj\u00edc na zrcadlo.<br>Pak jsme si v\u0161imli drobn\u00fdch otisk\u016f prst\u016f na skle. A Mat\u011bj p\u0159\u00edsahal, \u017ee se zrcadla nedot\u00fdk\u00e1. B\u00e1l se ho.<\/p>\n\n\n\n<h3 class=\"wp-block-heading\">\ud83e\uddf1 Skryt\u00e1 komnata<\/h3>\n\n\n\n<p>Jedn\u00e9 noci jsme zrcadlo odstranili. Pod n\u00edm se objevily kontury tajn\u00fdch dv\u00ed\u0159ek. Opatrn\u011b jsme je otev\u0159eli \u2014 za nimi se skr\u00fdval \u00fazk\u00fd prostor.<br>Uvnit\u0159 byla star\u00e1 krabice s den\u00edkem, hra\u010dkami a fotografi\u00ed chlapce, kter\u00fd vypadal \u00fapln\u011b jako Mat\u011bj.<br>Na zadn\u00ed stran\u011b st\u00e1lo: <em>\u201eDavid, 1987.\u201c<\/em><\/p>\n\n\n\n<h3 class=\"wp-block-heading\">\ud83d\udd6f Nezv\u011bstn\u00e9 d\u00edt\u011b<\/h3>\n\n\n\n<p>Zjistili jsme, \u017ee z tohoto domu skute\u010dn\u011b zmizel p\u011btilet\u00fd chlapec jm\u00e9nem David. Psal se rok 1987. Nikdy ho nena\u0161li.<br>Po na\u0161em objevu se za\u010daly d\u00edt d\u011bsiv\u00e9 v\u011bci. Mat\u011bj mluvil jin\u00fdm hlasem. Tvrdil, \u017ee \u201eDavid se vrac\u00ed\u201c. N\u011bkdo s n\u00edm pr\u00fd mluv\u00ed skrz zrcadlo.<\/p>\n\n\n\n<p>Jednou jsme ho zastihli, jak \u0161ept\u00e1 do skla:<br>\u2014 \u201eNeboj, otev\u0159u ti. U\u017e nebude\u0161 s\u00e1m.\u201c<\/p>\n\n\n\n<h3 class=\"wp-block-heading\">\ud83d\udc80 Ticho u\u017e nikdy nebude<\/h3>\n\n\n\n<p>Zrcadlo jsme zni\u010dili. Dutinu zazdili. Ale bylo pozd\u011b.<br>Mat\u011bj p\u0159estal sp\u00e1t. A my tak\u00e9 ne.<br>D\u011btsk\u00e1 ch\u016fvi\u010dka p\u0159en\u00e1\u0161\u00ed hlasy. N\u011bkdy dva najednou.<br>R\u00e1no se na zdi objevuj\u00ed jm\u00e9na. Nikdy ta na\u0161e.<\/p>\n\n\n\n<h3 class=\"wp-block-heading\">\ud83e\ude9e U\u017e se vr\u00e1til<\/h3>\n\n\n\n<p>P\u0159ed dv\u011bma t\u00fddny Mat\u011bj p\u0159estal mluvit. Jen ti\u0161e ukazuje na m\u00edsto, kde kdysi viselo zrcadlo. A \u0161ept\u00e1:<br>\u2014 \u201eDavid u\u017e nen\u00ed s\u00e1m. \u010cek\u00e1 tam n\u011bkdo dal\u0161\u00ed\u2026\u201c<\/p>\n\n\n\n<p>A my v\u00edme, \u017ee se to znovu bl\u00ed\u017e\u00ed. Tentokr\u00e1t mo\u017en\u00e1 ne pro Mat\u011bje. Ale pro n\u00e1s.<\/p>\n","protected":false},"excerpt":{"rendered":"<div class=\"mh-excerpt\"><p>Kdy\u017e jsme se p\u0159est\u011bhovali do star\u00e9ho venkovsk\u00e9ho domu, vypadalo to jako za\u010d\u00e1tek nov\u00e9 kapitoly. Klid, p\u0159\u00edroda, m\u00edsto, kde n\u00e1\u0161 p\u011btilet\u00fd Mat\u011bj m\u016f\u017ee vyr\u016fstat bez starost\u00ed.Jedin\u00e9, <a class=\"mh-excerpt-more\" href=\"https:\/\/erevanblog.am\/?p=10922\" title=\"\ud83d\udc41 Vr\u00e1til se z temnoty: Zrcadlo v d\u011btsk\u00e9m pokoji ukr\u00fdvalo v\u00edc ne\u017e jen odraz\">[&#8230;]<\/a><\/p>\n<\/div>","protected":false},"author":1,"featured_media":10923,"comment_status":"open","ping_status":"open","sticky":false,"template":"","format":"standard","meta":{"footnotes":""},"categories":[1],"tags":[],"class_list":["post-10922","post","type-post","status-publish","format-standard","has-post-thumbnail","hentry","category-uncategorised"],"yoast_head":"<!-- This site is optimized with the Yoast SEO plugin v27.5 - https:\/\/yoast.com\/product\/yoast-seo-wordpress\/ -->\n<title>\ud83d\udc41 Vr\u00e1til se z temnoty: Zrcadlo v d\u011btsk\u00e9m pokoji ukr\u00fdvalo v\u00edc ne\u017e jen odraz -<\/title>\n<meta name=\"robots\" content=\"index, follow, max-snippet:-1, max-image-preview:large, max-video-preview:-1\" \/>\n<link rel=\"canonical\" href=\"https:\/\/erevanblog.am\/?p=10922\" \/>\n<meta property=\"og:locale\" content=\"en_US\" \/>\n<meta property=\"og:type\" content=\"article\" \/>\n<meta property=\"og:title\" content=\"\ud83d\udc41 Vr\u00e1til se z temnoty: Zrcadlo v d\u011btsk\u00e9m pokoji ukr\u00fdvalo v\u00edc ne\u017e jen odraz -\" \/>\n<meta property=\"og:description\" content=\"Kdy\u017e jsme se p\u0159est\u011bhovali do star\u00e9ho venkovsk\u00e9ho domu, vypadalo to jako za\u010d\u00e1tek nov\u00e9 kapitoly. Klid, p\u0159\u00edroda, m\u00edsto, kde n\u00e1\u0161 p\u011btilet\u00fd Mat\u011bj m\u016f\u017ee vyr\u016fstat bez starost\u00ed.Jedin\u00e9, [...]\" \/>\n<meta property=\"og:url\" content=\"https:\/\/erevanblog.am\/?p=10922\" \/>\n<meta property=\"article:published_time\" content=\"2025-07-19T11:28:21+00:00\" \/>\n<meta property=\"article:modified_time\" content=\"2025-07-19T11:28:23+00:00\" \/>\n<meta property=\"og:image\" content=\"http:\/\/erevanblog.am\/wp-content\/uploads\/2025\/07\/555555.png\" \/>\n\t<meta property=\"og:image:width\" content=\"994\" \/>\n\t<meta property=\"og:image:height\" content=\"1024\" \/>\n\t<meta property=\"og:image:type\" content=\"image\/png\" \/>\n<meta name=\"author\" content=\"erevanblog_a\" \/>\n<meta name=\"twitter:card\" content=\"summary_large_image\" \/>\n<meta name=\"twitter:label1\" content=\"Written by\" \/>\n\t<meta name=\"twitter:data1\" content=\"erevanblog_a\" \/>\n\t<meta name=\"twitter:label2\" content=\"Est. reading time\" \/>\n\t<meta name=\"twitter:data2\" content=\"2 minutes\" \/>\n<script type=\"application\/ld+json\" class=\"yoast-schema-graph\">{\"@context\":\"https:\\\/\\\/schema.org\",\"@graph\":[{\"@type\":\"Article\",\"@id\":\"https:\\\/\\\/erevanblog.am\\\/?p=10922#article\",\"isPartOf\":{\"@id\":\"https:\\\/\\\/erevanblog.am\\\/?p=10922\"},\"author\":{\"name\":\"erevanblog_a\",\"@id\":\"https:\\\/\\\/erevanblog.am\\\/#\\\/schema\\\/person\\\/204f10311eb7ddb8914a5ab3e5f03928\"},\"headline\":\"\ud83d\udc41 Vr\u00e1til se z temnoty: Zrcadlo v d\u011btsk\u00e9m pokoji ukr\u00fdvalo v\u00edc ne\u017e jen odraz\",\"datePublished\":\"2025-07-19T11:28:21+00:00\",\"dateModified\":\"2025-07-19T11:28:23+00:00\",\"mainEntityOfPage\":{\"@id\":\"https:\\\/\\\/erevanblog.am\\\/?p=10922\"},\"wordCount\":398,\"commentCount\":0,\"image\":{\"@id\":\"https:\\\/\\\/erevanblog.am\\\/?p=10922#primaryimage\"},\"thumbnailUrl\":\"https:\\\/\\\/erevanblog.am\\\/wp-content\\\/uploads\\\/2025\\\/07\\\/555555.png\",\"articleSection\":[\"NEWS\"],\"inLanguage\":\"en-US\",\"potentialAction\":[{\"@type\":\"CommentAction\",\"name\":\"Comment\",\"target\":[\"https:\\\/\\\/erevanblog.am\\\/?p=10922#respond\"]}]},{\"@type\":\"WebPage\",\"@id\":\"https:\\\/\\\/erevanblog.am\\\/?p=10922\",\"url\":\"https:\\\/\\\/erevanblog.am\\\/?p=10922\",\"name\":\"\ud83d\udc41 Vr\u00e1til se z temnoty: Zrcadlo v d\u011btsk\u00e9m pokoji ukr\u00fdvalo v\u00edc ne\u017e jen odraz -\",\"isPartOf\":{\"@id\":\"https:\\\/\\\/erevanblog.am\\\/#website\"},\"primaryImageOfPage\":{\"@id\":\"https:\\\/\\\/erevanblog.am\\\/?p=10922#primaryimage\"},\"image\":{\"@id\":\"https:\\\/\\\/erevanblog.am\\\/?p=10922#primaryimage\"},\"thumbnailUrl\":\"https:\\\/\\\/erevanblog.am\\\/wp-content\\\/uploads\\\/2025\\\/07\\\/555555.png\",\"datePublished\":\"2025-07-19T11:28:21+00:00\",\"dateModified\":\"2025-07-19T11:28:23+00:00\",\"author\":{\"@id\":\"https:\\\/\\\/erevanblog.am\\\/#\\\/schema\\\/person\\\/204f10311eb7ddb8914a5ab3e5f03928\"},\"breadcrumb\":{\"@id\":\"https:\\\/\\\/erevanblog.am\\\/?p=10922#breadcrumb\"},\"inLanguage\":\"en-US\",\"potentialAction\":[{\"@type\":\"ReadAction\",\"target\":[\"https:\\\/\\\/erevanblog.am\\\/?p=10922\"]}]},{\"@type\":\"ImageObject\",\"inLanguage\":\"en-US\",\"@id\":\"https:\\\/\\\/erevanblog.am\\\/?p=10922#primaryimage\",\"url\":\"https:\\\/\\\/erevanblog.am\\\/wp-content\\\/uploads\\\/2025\\\/07\\\/555555.png\",\"contentUrl\":\"https:\\\/\\\/erevanblog.am\\\/wp-content\\\/uploads\\\/2025\\\/07\\\/555555.png\",\"width\":994,\"height\":1024},{\"@type\":\"BreadcrumbList\",\"@id\":\"https:\\\/\\\/erevanblog.am\\\/?p=10922#breadcrumb\",\"itemListElement\":[{\"@type\":\"ListItem\",\"position\":1,\"name\":\"Home\",\"item\":\"https:\\\/\\\/erevanblog.am\\\/\"},{\"@type\":\"ListItem\",\"position\":2,\"name\":\"\ud83d\udc41 Vr\u00e1til se z temnoty: Zrcadlo v d\u011btsk\u00e9m pokoji ukr\u00fdvalo v\u00edc ne\u017e jen odraz\"}]},{\"@type\":\"WebSite\",\"@id\":\"https:\\\/\\\/erevanblog.am\\\/#website\",\"url\":\"https:\\\/\\\/erevanblog.am\\\/\",\"name\":\"\",\"description\":\"\",\"potentialAction\":[{\"@type\":\"SearchAction\",\"target\":{\"@type\":\"EntryPoint\",\"urlTemplate\":\"https:\\\/\\\/erevanblog.am\\\/?s={search_term_string}\"},\"query-input\":{\"@type\":\"PropertyValueSpecification\",\"valueRequired\":true,\"valueName\":\"search_term_string\"}}],\"inLanguage\":\"en-US\"},{\"@type\":\"Person\",\"@id\":\"https:\\\/\\\/erevanblog.am\\\/#\\\/schema\\\/person\\\/204f10311eb7ddb8914a5ab3e5f03928\",\"name\":\"erevanblog_a\",\"image\":{\"@type\":\"ImageObject\",\"inLanguage\":\"en-US\",\"@id\":\"https:\\\/\\\/secure.gravatar.com\\\/avatar\\\/a24f4ac3a683f3c87303db525abc00db51ea26ccedee11dfaf1cc0f9a481a5d2?s=96&d=mm&r=g\",\"url\":\"https:\\\/\\\/secure.gravatar.com\\\/avatar\\\/a24f4ac3a683f3c87303db525abc00db51ea26ccedee11dfaf1cc0f9a481a5d2?s=96&d=mm&r=g\",\"contentUrl\":\"https:\\\/\\\/secure.gravatar.com\\\/avatar\\\/a24f4ac3a683f3c87303db525abc00db51ea26ccedee11dfaf1cc0f9a481a5d2?s=96&d=mm&r=g\",\"caption\":\"erevanblog_a\"},\"sameAs\":[\"http:\\\/\\\/erevanblog.am\"],\"url\":\"https:\\\/\\\/erevanblog.am\\\/?author=1\"}]}<\/script>\n<!-- \/ Yoast SEO plugin. -->","yoast_head_json":{"title":"\ud83d\udc41 Vr\u00e1til se z temnoty: Zrcadlo v d\u011btsk\u00e9m pokoji ukr\u00fdvalo v\u00edc ne\u017e jen odraz -","robots":{"index":"index","follow":"follow","max-snippet":"max-snippet:-1","max-image-preview":"max-image-preview:large","max-video-preview":"max-video-preview:-1"},"canonical":"https:\/\/erevanblog.am\/?p=10922","og_locale":"en_US","og_type":"article","og_title":"\ud83d\udc41 Vr\u00e1til se z temnoty: Zrcadlo v d\u011btsk\u00e9m pokoji ukr\u00fdvalo v\u00edc ne\u017e jen odraz -","og_description":"Kdy\u017e jsme se p\u0159est\u011bhovali do star\u00e9ho venkovsk\u00e9ho domu, vypadalo to jako za\u010d\u00e1tek nov\u00e9 kapitoly. Klid, p\u0159\u00edroda, m\u00edsto, kde n\u00e1\u0161 p\u011btilet\u00fd Mat\u011bj m\u016f\u017ee vyr\u016fstat bez starost\u00ed.Jedin\u00e9, [...]","og_url":"https:\/\/erevanblog.am\/?p=10922","article_published_time":"2025-07-19T11:28:21+00:00","article_modified_time":"2025-07-19T11:28:23+00:00","og_image":[{"width":994,"height":1024,"url":"http:\/\/erevanblog.am\/wp-content\/uploads\/2025\/07\/555555.png","type":"image\/png"}],"author":"erevanblog_a","twitter_card":"summary_large_image","twitter_misc":{"Written by":"erevanblog_a","Est. reading time":"2 minutes"},"schema":{"@context":"https:\/\/schema.org","@graph":[{"@type":"Article","@id":"https:\/\/erevanblog.am\/?p=10922#article","isPartOf":{"@id":"https:\/\/erevanblog.am\/?p=10922"},"author":{"name":"erevanblog_a","@id":"https:\/\/erevanblog.am\/#\/schema\/person\/204f10311eb7ddb8914a5ab3e5f03928"},"headline":"\ud83d\udc41 Vr\u00e1til se z temnoty: Zrcadlo v d\u011btsk\u00e9m pokoji ukr\u00fdvalo v\u00edc ne\u017e jen odraz","datePublished":"2025-07-19T11:28:21+00:00","dateModified":"2025-07-19T11:28:23+00:00","mainEntityOfPage":{"@id":"https:\/\/erevanblog.am\/?p=10922"},"wordCount":398,"commentCount":0,"image":{"@id":"https:\/\/erevanblog.am\/?p=10922#primaryimage"},"thumbnailUrl":"https:\/\/erevanblog.am\/wp-content\/uploads\/2025\/07\/555555.png","articleSection":["NEWS"],"inLanguage":"en-US","potentialAction":[{"@type":"CommentAction","name":"Comment","target":["https:\/\/erevanblog.am\/?p=10922#respond"]}]},{"@type":"WebPage","@id":"https:\/\/erevanblog.am\/?p=10922","url":"https:\/\/erevanblog.am\/?p=10922","name":"\ud83d\udc41 Vr\u00e1til se z temnoty: Zrcadlo v d\u011btsk\u00e9m pokoji ukr\u00fdvalo v\u00edc ne\u017e jen odraz -","isPartOf":{"@id":"https:\/\/erevanblog.am\/#website"},"primaryImageOfPage":{"@id":"https:\/\/erevanblog.am\/?p=10922#primaryimage"},"image":{"@id":"https:\/\/erevanblog.am\/?p=10922#primaryimage"},"thumbnailUrl":"https:\/\/erevanblog.am\/wp-content\/uploads\/2025\/07\/555555.png","datePublished":"2025-07-19T11:28:21+00:00","dateModified":"2025-07-19T11:28:23+00:00","author":{"@id":"https:\/\/erevanblog.am\/#\/schema\/person\/204f10311eb7ddb8914a5ab3e5f03928"},"breadcrumb":{"@id":"https:\/\/erevanblog.am\/?p=10922#breadcrumb"},"inLanguage":"en-US","potentialAction":[{"@type":"ReadAction","target":["https:\/\/erevanblog.am\/?p=10922"]}]},{"@type":"ImageObject","inLanguage":"en-US","@id":"https:\/\/erevanblog.am\/?p=10922#primaryimage","url":"https:\/\/erevanblog.am\/wp-content\/uploads\/2025\/07\/555555.png","contentUrl":"https:\/\/erevanblog.am\/wp-content\/uploads\/2025\/07\/555555.png","width":994,"height":1024},{"@type":"BreadcrumbList","@id":"https:\/\/erevanblog.am\/?p=10922#breadcrumb","itemListElement":[{"@type":"ListItem","position":1,"name":"Home","item":"https:\/\/erevanblog.am\/"},{"@type":"ListItem","position":2,"name":"\ud83d\udc41 Vr\u00e1til se z temnoty: Zrcadlo v d\u011btsk\u00e9m pokoji ukr\u00fdvalo v\u00edc ne\u017e jen odraz"}]},{"@type":"WebSite","@id":"https:\/\/erevanblog.am\/#website","url":"https:\/\/erevanblog.am\/","name":"","description":"","potentialAction":[{"@type":"SearchAction","target":{"@type":"EntryPoint","urlTemplate":"https:\/\/erevanblog.am\/?s={search_term_string}"},"query-input":{"@type":"PropertyValueSpecification","valueRequired":true,"valueName":"search_term_string"}}],"inLanguage":"en-US"},{"@type":"Person","@id":"https:\/\/erevanblog.am\/#\/schema\/person\/204f10311eb7ddb8914a5ab3e5f03928","name":"erevanblog_a","image":{"@type":"ImageObject","inLanguage":"en-US","@id":"https:\/\/secure.gravatar.com\/avatar\/a24f4ac3a683f3c87303db525abc00db51ea26ccedee11dfaf1cc0f9a481a5d2?s=96&d=mm&r=g","url":"https:\/\/secure.gravatar.com\/avatar\/a24f4ac3a683f3c87303db525abc00db51ea26ccedee11dfaf1cc0f9a481a5d2?s=96&d=mm&r=g","contentUrl":"https:\/\/secure.gravatar.com\/avatar\/a24f4ac3a683f3c87303db525abc00db51ea26ccedee11dfaf1cc0f9a481a5d2?s=96&d=mm&r=g","caption":"erevanblog_a"},"sameAs":["http:\/\/erevanblog.am"],"url":"https:\/\/erevanblog.am\/?author=1"}]}},"views":399,"_links":{"self":[{"href":"https:\/\/erevanblog.am\/index.php?rest_route=\/wp\/v2\/posts\/10922","targetHints":{"allow":["GET"]}}],"collection":[{"href":"https:\/\/erevanblog.am\/index.php?rest_route=\/wp\/v2\/posts"}],"about":[{"href":"https:\/\/erevanblog.am\/index.php?rest_route=\/wp\/v2\/types\/post"}],"author":[{"embeddable":true,"href":"https:\/\/erevanblog.am\/index.php?rest_route=\/wp\/v2\/users\/1"}],"replies":[{"embeddable":true,"href":"https:\/\/erevanblog.am\/index.php?rest_route=%2Fwp%2Fv2%2Fcomments&post=10922"}],"version-history":[{"count":1,"href":"https:\/\/erevanblog.am\/index.php?rest_route=\/wp\/v2\/posts\/10922\/revisions"}],"predecessor-version":[{"id":10924,"href":"https:\/\/erevanblog.am\/index.php?rest_route=\/wp\/v2\/posts\/10922\/revisions\/10924"}],"wp:featuredmedia":[{"embeddable":true,"href":"https:\/\/erevanblog.am\/index.php?rest_route=\/wp\/v2\/media\/10923"}],"wp:attachment":[{"href":"https:\/\/erevanblog.am\/index.php?rest_route=%2Fwp%2Fv2%2Fmedia&parent=10922"}],"wp:term":[{"taxonomy":"category","embeddable":true,"href":"https:\/\/erevanblog.am\/index.php?rest_route=%2Fwp%2Fv2%2Fcategories&post=10922"},{"taxonomy":"post_tag","embeddable":true,"href":"https:\/\/erevanblog.am\/index.php?rest_route=%2Fwp%2Fv2%2Ftags&post=10922"}],"curies":[{"name":"wp","href":"https:\/\/api.w.org\/{rel}","templated":true}]}}