{"id":10931,"date":"2025-07-19T21:28:12","date_gmt":"2025-07-19T20:28:12","guid":{"rendered":"https:\/\/erevanblog.am\/?p=10931"},"modified":"2025-07-19T21:28:13","modified_gmt":"2025-07-19T20:28:13","slug":"novy-gauc-tiche-varovani-co-jsem-nasel-uvnitr-zmenilo-vsechno","status":"publish","type":"post","link":"https:\/\/erevanblog.am\/?p=10931","title":{"rendered":"Nov\u00fd gau\u010d, tich\u00e9 varov\u00e1n\u00ed: Co jsem na\u0161el uvnit\u0159, zm\u011bnilo v\u0161echno"},"content":{"rendered":"\n<p>Byla to jen n\u00e1hoda.<br>Hledal jsem nov\u00fd gau\u010d do ob\u00fdv\u00e1ku, proto\u017ee ten star\u00fd u\u017e m\u011bl sv\u00e1 nejlep\u0161\u00ed l\u00e9ta d\u00e1vno za sebou. Necht\u011bl jsem utr\u00e1cet p\u0159\u00edli\u0161, a tak jsem proch\u00e1zel inzer\u00e1ty na bazarov\u00fdch str\u00e1nk\u00e1ch.<\/p>\n\n\n\n<figure class=\"wp-block-image size-full\"><img loading=\"lazy\" decoding=\"async\" width=\"723\" height=\"1024\" src=\"https:\/\/erevanblog.am\/wp-content\/uploads\/2025\/07\/7777777777.png\" alt=\"\" class=\"wp-image-10932\" srcset=\"https:\/\/erevanblog.am\/wp-content\/uploads\/2025\/07\/7777777777.png 723w, https:\/\/erevanblog.am\/wp-content\/uploads\/2025\/07\/7777777777-212x300.png 212w\" sizes=\"auto, (max-width: 723px) 100vw, 723px\" \/><\/figure>\n\n\n\n<p>Fotky vypadaly dob\u0159e \u2014 tmav\u011b \u0161ed\u00fd rohov\u00fd gau\u010d z l\u00e1tky, na prvn\u00ed pohled kvalitn\u00ed konstrukce. Nev\u00e1hal jsem dlouho, zavolal jsem a domluvil si odvoz.<\/p>\n\n\n\n<p>Kdy\u017e jsem pro gau\u010d p\u0159ijel, postar\u0161\u00ed mu\u017e mi pomohl s jeho nalo\u017een\u00edm do dod\u00e1vky. P\u016fsobil nerv\u00f3zn\u011b, ale ne\u0159ekl t\u00e9m\u011b\u0159 nic. Jen ti\u0161e poznamenal:<br>\u201eHlavn\u011b\u2026 a\u0165 u\u017e je pry\u010d.\u201c<\/p>\n\n\n\n<hr class=\"wp-block-separator has-alpha-channel-opacity\"\/>\n\n\n\n<p>\ud83d\udce6 <strong>Ne\u010dekan\u00e9 detaily<\/strong><br>Gau\u010d byl t\u011b\u017e\u0161\u00ed, ne\u017e jsem \u010dekal. T\u011b\u017eko se dalo uv\u011b\u0159it, \u017ee je pr\u00e1zdn\u00fd.<br>Doma jsem ho postavil do rohu ob\u00fdv\u00e1ku. Ale od prvn\u00ed chv\u00edle jsem m\u011bl pocit, \u017ee s n\u00edm p\u0159i\u0161lo i n\u011bco jin\u00e9ho. Ticho v m\u00edstnosti najednou zhoustlo. St\u00edny se prohloubily.<\/p>\n\n\n\n<p>Po n\u011bkolika dnech jsem si v\u0161iml n\u011b\u010deho zvl\u00e1\u0161tn\u00edho. Kdy\u017e jsem si lehl na jednu stranu, ozvalo se slab\u00e9 cvaknut\u00ed.<br>Kdy\u017e jsem opatrn\u011b nadzvedl spodn\u00ed \u010d\u00e1st potahu, objevil jsem zip, kter\u00fd tam o\u010dividn\u011b nem\u011bl b\u00fdt.<\/p>\n\n\n\n<hr class=\"wp-block-separator has-alpha-channel-opacity\"\/>\n\n\n\n<p>\ud83c\udf92 <strong>Co bylo uvnit\u0159<\/strong><br>Zip vedl do dut\u00e9ho prostoru, kde jsem nahmatal zapr\u00e1\u0161enou plechovou krabi\u010dku. Uvnit\u0159 byly t\u0159i v\u011bci:<\/p>\n\n\n\n<ul class=\"wp-block-list\">\n<li>star\u00fd, zreziv\u011bl\u00fd kl\u00ed\u010d<\/li>\n\n\n\n<li>ru\u010dn\u011b psan\u00fd den\u00edk<\/li>\n\n\n\n<li>fotografie \u017eeny v nemocni\u010dn\u00edm oble\u010den\u00ed, dr\u017e\u00edc\u00ed novorozen\u011b \u2013 jej\u00ed o\u010di byly p\u0159e\u0161krtnut\u00e9 perem<\/li>\n<\/ul>\n\n\n\n<hr class=\"wp-block-separator has-alpha-channel-opacity\"\/>\n\n\n\n<p>\ud83d\udcd6 <strong>Den\u00edk<\/strong><br>Otev\u0159el jsem den\u00edk. Na prvn\u00ed str\u00e1nce st\u00e1lo:<\/p>\n\n\n\n<p><em>\u201eJestli tohle \u010dte\u0161, znamen\u00e1 to, \u017ee m\u011b ten gau\u010d nenechal na pokoji.<br>Pros\u00edm, nespal na n\u011bm. A hlavn\u011b \u2013 neber si ho dom\u016f, pokud jsi s\u00e1m.\u201c<\/em><\/p>\n\n\n\n<p>Dal\u0161\u00ed z\u00e1pisy byly zmaten\u00e9. Psala je \u017eena, kter\u00e1 m\u011bla pocit, \u017ee uvnit\u0159 n\u00e1bytku n\u011bco \u017eije. Popsala, \u017ee sly\u0161\u00ed d\u00fdch\u00e1n\u00ed, \u017ee se j\u00ed zdaj\u00ed sny, kter\u00e9 nejsou jej\u00ed, a \u017ee den za dnem c\u00edt\u00ed, jak n\u011bco \u201ep\u0159eb\u00edr\u00e1 kontrolu\u201c.<\/p>\n\n\n\n<p>Posledn\u00ed z\u00e1pis zn\u011bl:<br><em>\u201eDnes jsem kl\u00ed\u010dem odemkla sklep. Te\u010f u\u017e v\u00edm, co v tom gau\u010di bylo. A nen\u00ed to mrtv\u00e9.\u201c<\/em><\/p>\n\n\n\n<hr class=\"wp-block-separator has-alpha-channel-opacity\"\/>\n\n\n\n<p>\ud83d\udd6f\ufe0f <strong>A co j\u00e1?<\/strong><br>Den\u00edk jsem zav\u0159el. Znovu jsem se pod\u00edval na fotku. V ten moment se sv\u011btlo v m\u00edstnosti m\u00edrn\u011b zat\u0159\u00e1slo.<\/p>\n\n\n\n<p>Od t\u00e9 doby se ka\u017ed\u00fd ve\u010der n\u011bco d\u011bje.<br>Sly\u0161\u00edm \u0161kr\u00e1b\u00e1n\u00ed.<br>Gau\u010d se ob\u010das nepatrn\u011b pohne.<br>Jedno r\u00e1no jsem ho na\u0161el oto\u010den\u00fd sm\u011brem ke dve\u0159\u00edm, p\u0159esto\u017ee ve\u010der st\u00e1l jinak.<\/p>\n\n\n\n<p>Pokusil jsem se ho vyhodit. Odvezl jsem ho na sb\u011brn\u00fd dv\u016fr.<br>Ale dal\u0161\u00ed den r\u00e1no st\u00e1l znovu v m\u00e9m ob\u00fdv\u00e1ku \u2014 s rozepnut\u00fdm zipem a den\u00edkem polo\u017een\u00fdm na op\u011bradle.<\/p>\n","protected":false},"excerpt":{"rendered":"<div class=\"mh-excerpt\"><p>Byla to jen n\u00e1hoda.Hledal jsem nov\u00fd gau\u010d do ob\u00fdv\u00e1ku, proto\u017ee ten star\u00fd u\u017e m\u011bl sv\u00e1 nejlep\u0161\u00ed l\u00e9ta d\u00e1vno za sebou. Necht\u011bl jsem utr\u00e1cet p\u0159\u00edli\u0161, a <a class=\"mh-excerpt-more\" href=\"https:\/\/erevanblog.am\/?p=10931\" title=\"Nov\u00fd gau\u010d, tich\u00e9 varov\u00e1n\u00ed: Co jsem na\u0161el uvnit\u0159, zm\u011bnilo v\u0161echno\">[&#8230;]<\/a><\/p>\n<\/div>","protected":false},"author":1,"featured_media":10932,"comment_status":"open","ping_status":"open","sticky":false,"template":"","format":"standard","meta":{"footnotes":""},"categories":[1],"tags":[],"class_list":["post-10931","post","type-post","status-publish","format-standard","has-post-thumbnail","hentry","category-uncategorised"],"yoast_head":"<!-- This site is optimized with the Yoast SEO plugin v27.5 - https:\/\/yoast.com\/product\/yoast-seo-wordpress\/ -->\n<title>Nov\u00fd gau\u010d, tich\u00e9 varov\u00e1n\u00ed: Co jsem na\u0161el uvnit\u0159, zm\u011bnilo v\u0161echno -<\/title>\n<meta name=\"robots\" content=\"index, follow, max-snippet:-1, max-image-preview:large, max-video-preview:-1\" \/>\n<link rel=\"canonical\" href=\"https:\/\/erevanblog.am\/?p=10931\" \/>\n<meta property=\"og:locale\" content=\"en_US\" \/>\n<meta property=\"og:type\" content=\"article\" \/>\n<meta property=\"og:title\" content=\"Nov\u00fd gau\u010d, tich\u00e9 varov\u00e1n\u00ed: Co jsem na\u0161el uvnit\u0159, zm\u011bnilo v\u0161echno -\" \/>\n<meta property=\"og:description\" content=\"Byla to jen n\u00e1hoda.Hledal jsem nov\u00fd gau\u010d do ob\u00fdv\u00e1ku, proto\u017ee ten star\u00fd u\u017e m\u011bl sv\u00e1 nejlep\u0161\u00ed l\u00e9ta d\u00e1vno za sebou. Necht\u011bl jsem utr\u00e1cet p\u0159\u00edli\u0161, a [...]\" \/>\n<meta property=\"og:url\" content=\"https:\/\/erevanblog.am\/?p=10931\" \/>\n<meta property=\"article:published_time\" content=\"2025-07-19T20:28:12+00:00\" \/>\n<meta property=\"article:modified_time\" content=\"2025-07-19T20:28:13+00:00\" \/>\n<meta property=\"og:image\" content=\"http:\/\/erevanblog.am\/wp-content\/uploads\/2025\/07\/7777777777.png\" \/>\n\t<meta property=\"og:image:width\" content=\"723\" \/>\n\t<meta property=\"og:image:height\" content=\"1024\" \/>\n\t<meta property=\"og:image:type\" content=\"image\/png\" \/>\n<meta name=\"author\" content=\"erevanblog_a\" \/>\n<meta name=\"twitter:card\" content=\"summary_large_image\" \/>\n<meta name=\"twitter:label1\" content=\"Written by\" \/>\n\t<meta name=\"twitter:data1\" content=\"erevanblog_a\" \/>\n\t<meta name=\"twitter:label2\" content=\"Est. reading time\" \/>\n\t<meta name=\"twitter:data2\" content=\"3 minutes\" \/>\n<script type=\"application\/ld+json\" class=\"yoast-schema-graph\">{\"@context\":\"https:\\\/\\\/schema.org\",\"@graph\":[{\"@type\":\"Article\",\"@id\":\"https:\\\/\\\/erevanblog.am\\\/?p=10931#article\",\"isPartOf\":{\"@id\":\"https:\\\/\\\/erevanblog.am\\\/?p=10931\"},\"author\":{\"name\":\"erevanblog_a\",\"@id\":\"https:\\\/\\\/erevanblog.am\\\/#\\\/schema\\\/person\\\/204f10311eb7ddb8914a5ab3e5f03928\"},\"headline\":\"Nov\u00fd gau\u010d, tich\u00e9 varov\u00e1n\u00ed: Co jsem na\u0161el uvnit\u0159, zm\u011bnilo v\u0161echno\",\"datePublished\":\"2025-07-19T20:28:12+00:00\",\"dateModified\":\"2025-07-19T20:28:13+00:00\",\"mainEntityOfPage\":{\"@id\":\"https:\\\/\\\/erevanblog.am\\\/?p=10931\"},\"wordCount\":503,\"commentCount\":0,\"image\":{\"@id\":\"https:\\\/\\\/erevanblog.am\\\/?p=10931#primaryimage\"},\"thumbnailUrl\":\"https:\\\/\\\/erevanblog.am\\\/wp-content\\\/uploads\\\/2025\\\/07\\\/7777777777.png\",\"articleSection\":[\"NEWS\"],\"inLanguage\":\"en-US\",\"potentialAction\":[{\"@type\":\"CommentAction\",\"name\":\"Comment\",\"target\":[\"https:\\\/\\\/erevanblog.am\\\/?p=10931#respond\"]}]},{\"@type\":\"WebPage\",\"@id\":\"https:\\\/\\\/erevanblog.am\\\/?p=10931\",\"url\":\"https:\\\/\\\/erevanblog.am\\\/?p=10931\",\"name\":\"Nov\u00fd gau\u010d, tich\u00e9 varov\u00e1n\u00ed: Co jsem na\u0161el uvnit\u0159, zm\u011bnilo v\u0161echno -\",\"isPartOf\":{\"@id\":\"https:\\\/\\\/erevanblog.am\\\/#website\"},\"primaryImageOfPage\":{\"@id\":\"https:\\\/\\\/erevanblog.am\\\/?p=10931#primaryimage\"},\"image\":{\"@id\":\"https:\\\/\\\/erevanblog.am\\\/?p=10931#primaryimage\"},\"thumbnailUrl\":\"https:\\\/\\\/erevanblog.am\\\/wp-content\\\/uploads\\\/2025\\\/07\\\/7777777777.png\",\"datePublished\":\"2025-07-19T20:28:12+00:00\",\"dateModified\":\"2025-07-19T20:28:13+00:00\",\"author\":{\"@id\":\"https:\\\/\\\/erevanblog.am\\\/#\\\/schema\\\/person\\\/204f10311eb7ddb8914a5ab3e5f03928\"},\"breadcrumb\":{\"@id\":\"https:\\\/\\\/erevanblog.am\\\/?p=10931#breadcrumb\"},\"inLanguage\":\"en-US\",\"potentialAction\":[{\"@type\":\"ReadAction\",\"target\":[\"https:\\\/\\\/erevanblog.am\\\/?p=10931\"]}]},{\"@type\":\"ImageObject\",\"inLanguage\":\"en-US\",\"@id\":\"https:\\\/\\\/erevanblog.am\\\/?p=10931#primaryimage\",\"url\":\"https:\\\/\\\/erevanblog.am\\\/wp-content\\\/uploads\\\/2025\\\/07\\\/7777777777.png\",\"contentUrl\":\"https:\\\/\\\/erevanblog.am\\\/wp-content\\\/uploads\\\/2025\\\/07\\\/7777777777.png\",\"width\":723,\"height\":1024},{\"@type\":\"BreadcrumbList\",\"@id\":\"https:\\\/\\\/erevanblog.am\\\/?p=10931#breadcrumb\",\"itemListElement\":[{\"@type\":\"ListItem\",\"position\":1,\"name\":\"Home\",\"item\":\"https:\\\/\\\/erevanblog.am\\\/\"},{\"@type\":\"ListItem\",\"position\":2,\"name\":\"Nov\u00fd gau\u010d, tich\u00e9 varov\u00e1n\u00ed: Co jsem na\u0161el uvnit\u0159, zm\u011bnilo v\u0161echno\"}]},{\"@type\":\"WebSite\",\"@id\":\"https:\\\/\\\/erevanblog.am\\\/#website\",\"url\":\"https:\\\/\\\/erevanblog.am\\\/\",\"name\":\"\",\"description\":\"\",\"potentialAction\":[{\"@type\":\"SearchAction\",\"target\":{\"@type\":\"EntryPoint\",\"urlTemplate\":\"https:\\\/\\\/erevanblog.am\\\/?s={search_term_string}\"},\"query-input\":{\"@type\":\"PropertyValueSpecification\",\"valueRequired\":true,\"valueName\":\"search_term_string\"}}],\"inLanguage\":\"en-US\"},{\"@type\":\"Person\",\"@id\":\"https:\\\/\\\/erevanblog.am\\\/#\\\/schema\\\/person\\\/204f10311eb7ddb8914a5ab3e5f03928\",\"name\":\"erevanblog_a\",\"image\":{\"@type\":\"ImageObject\",\"inLanguage\":\"en-US\",\"@id\":\"https:\\\/\\\/secure.gravatar.com\\\/avatar\\\/a24f4ac3a683f3c87303db525abc00db51ea26ccedee11dfaf1cc0f9a481a5d2?s=96&d=mm&r=g\",\"url\":\"https:\\\/\\\/secure.gravatar.com\\\/avatar\\\/a24f4ac3a683f3c87303db525abc00db51ea26ccedee11dfaf1cc0f9a481a5d2?s=96&d=mm&r=g\",\"contentUrl\":\"https:\\\/\\\/secure.gravatar.com\\\/avatar\\\/a24f4ac3a683f3c87303db525abc00db51ea26ccedee11dfaf1cc0f9a481a5d2?s=96&d=mm&r=g\",\"caption\":\"erevanblog_a\"},\"sameAs\":[\"http:\\\/\\\/erevanblog.am\"],\"url\":\"https:\\\/\\\/erevanblog.am\\\/?author=1\"}]}<\/script>\n<!-- \/ Yoast SEO plugin. -->","yoast_head_json":{"title":"Nov\u00fd gau\u010d, tich\u00e9 varov\u00e1n\u00ed: Co jsem na\u0161el uvnit\u0159, zm\u011bnilo v\u0161echno -","robots":{"index":"index","follow":"follow","max-snippet":"max-snippet:-1","max-image-preview":"max-image-preview:large","max-video-preview":"max-video-preview:-1"},"canonical":"https:\/\/erevanblog.am\/?p=10931","og_locale":"en_US","og_type":"article","og_title":"Nov\u00fd gau\u010d, tich\u00e9 varov\u00e1n\u00ed: Co jsem na\u0161el uvnit\u0159, zm\u011bnilo v\u0161echno -","og_description":"Byla to jen n\u00e1hoda.Hledal jsem nov\u00fd gau\u010d do ob\u00fdv\u00e1ku, proto\u017ee ten star\u00fd u\u017e m\u011bl sv\u00e1 nejlep\u0161\u00ed l\u00e9ta d\u00e1vno za sebou. Necht\u011bl jsem utr\u00e1cet p\u0159\u00edli\u0161, a [...]","og_url":"https:\/\/erevanblog.am\/?p=10931","article_published_time":"2025-07-19T20:28:12+00:00","article_modified_time":"2025-07-19T20:28:13+00:00","og_image":[{"width":723,"height":1024,"url":"http:\/\/erevanblog.am\/wp-content\/uploads\/2025\/07\/7777777777.png","type":"image\/png"}],"author":"erevanblog_a","twitter_card":"summary_large_image","twitter_misc":{"Written by":"erevanblog_a","Est. reading time":"3 minutes"},"schema":{"@context":"https:\/\/schema.org","@graph":[{"@type":"Article","@id":"https:\/\/erevanblog.am\/?p=10931#article","isPartOf":{"@id":"https:\/\/erevanblog.am\/?p=10931"},"author":{"name":"erevanblog_a","@id":"https:\/\/erevanblog.am\/#\/schema\/person\/204f10311eb7ddb8914a5ab3e5f03928"},"headline":"Nov\u00fd gau\u010d, tich\u00e9 varov\u00e1n\u00ed: Co jsem na\u0161el uvnit\u0159, zm\u011bnilo v\u0161echno","datePublished":"2025-07-19T20:28:12+00:00","dateModified":"2025-07-19T20:28:13+00:00","mainEntityOfPage":{"@id":"https:\/\/erevanblog.am\/?p=10931"},"wordCount":503,"commentCount":0,"image":{"@id":"https:\/\/erevanblog.am\/?p=10931#primaryimage"},"thumbnailUrl":"https:\/\/erevanblog.am\/wp-content\/uploads\/2025\/07\/7777777777.png","articleSection":["NEWS"],"inLanguage":"en-US","potentialAction":[{"@type":"CommentAction","name":"Comment","target":["https:\/\/erevanblog.am\/?p=10931#respond"]}]},{"@type":"WebPage","@id":"https:\/\/erevanblog.am\/?p=10931","url":"https:\/\/erevanblog.am\/?p=10931","name":"Nov\u00fd gau\u010d, tich\u00e9 varov\u00e1n\u00ed: Co jsem na\u0161el uvnit\u0159, zm\u011bnilo v\u0161echno -","isPartOf":{"@id":"https:\/\/erevanblog.am\/#website"},"primaryImageOfPage":{"@id":"https:\/\/erevanblog.am\/?p=10931#primaryimage"},"image":{"@id":"https:\/\/erevanblog.am\/?p=10931#primaryimage"},"thumbnailUrl":"https:\/\/erevanblog.am\/wp-content\/uploads\/2025\/07\/7777777777.png","datePublished":"2025-07-19T20:28:12+00:00","dateModified":"2025-07-19T20:28:13+00:00","author":{"@id":"https:\/\/erevanblog.am\/#\/schema\/person\/204f10311eb7ddb8914a5ab3e5f03928"},"breadcrumb":{"@id":"https:\/\/erevanblog.am\/?p=10931#breadcrumb"},"inLanguage":"en-US","potentialAction":[{"@type":"ReadAction","target":["https:\/\/erevanblog.am\/?p=10931"]}]},{"@type":"ImageObject","inLanguage":"en-US","@id":"https:\/\/erevanblog.am\/?p=10931#primaryimage","url":"https:\/\/erevanblog.am\/wp-content\/uploads\/2025\/07\/7777777777.png","contentUrl":"https:\/\/erevanblog.am\/wp-content\/uploads\/2025\/07\/7777777777.png","width":723,"height":1024},{"@type":"BreadcrumbList","@id":"https:\/\/erevanblog.am\/?p=10931#breadcrumb","itemListElement":[{"@type":"ListItem","position":1,"name":"Home","item":"https:\/\/erevanblog.am\/"},{"@type":"ListItem","position":2,"name":"Nov\u00fd gau\u010d, tich\u00e9 varov\u00e1n\u00ed: Co jsem na\u0161el uvnit\u0159, zm\u011bnilo v\u0161echno"}]},{"@type":"WebSite","@id":"https:\/\/erevanblog.am\/#website","url":"https:\/\/erevanblog.am\/","name":"","description":"","potentialAction":[{"@type":"SearchAction","target":{"@type":"EntryPoint","urlTemplate":"https:\/\/erevanblog.am\/?s={search_term_string}"},"query-input":{"@type":"PropertyValueSpecification","valueRequired":true,"valueName":"search_term_string"}}],"inLanguage":"en-US"},{"@type":"Person","@id":"https:\/\/erevanblog.am\/#\/schema\/person\/204f10311eb7ddb8914a5ab3e5f03928","name":"erevanblog_a","image":{"@type":"ImageObject","inLanguage":"en-US","@id":"https:\/\/secure.gravatar.com\/avatar\/a24f4ac3a683f3c87303db525abc00db51ea26ccedee11dfaf1cc0f9a481a5d2?s=96&d=mm&r=g","url":"https:\/\/secure.gravatar.com\/avatar\/a24f4ac3a683f3c87303db525abc00db51ea26ccedee11dfaf1cc0f9a481a5d2?s=96&d=mm&r=g","contentUrl":"https:\/\/secure.gravatar.com\/avatar\/a24f4ac3a683f3c87303db525abc00db51ea26ccedee11dfaf1cc0f9a481a5d2?s=96&d=mm&r=g","caption":"erevanblog_a"},"sameAs":["http:\/\/erevanblog.am"],"url":"https:\/\/erevanblog.am\/?author=1"}]}},"views":293,"_links":{"self":[{"href":"https:\/\/erevanblog.am\/index.php?rest_route=\/wp\/v2\/posts\/10931","targetHints":{"allow":["GET"]}}],"collection":[{"href":"https:\/\/erevanblog.am\/index.php?rest_route=\/wp\/v2\/posts"}],"about":[{"href":"https:\/\/erevanblog.am\/index.php?rest_route=\/wp\/v2\/types\/post"}],"author":[{"embeddable":true,"href":"https:\/\/erevanblog.am\/index.php?rest_route=\/wp\/v2\/users\/1"}],"replies":[{"embeddable":true,"href":"https:\/\/erevanblog.am\/index.php?rest_route=%2Fwp%2Fv2%2Fcomments&post=10931"}],"version-history":[{"count":1,"href":"https:\/\/erevanblog.am\/index.php?rest_route=\/wp\/v2\/posts\/10931\/revisions"}],"predecessor-version":[{"id":10933,"href":"https:\/\/erevanblog.am\/index.php?rest_route=\/wp\/v2\/posts\/10931\/revisions\/10933"}],"wp:featuredmedia":[{"embeddable":true,"href":"https:\/\/erevanblog.am\/index.php?rest_route=\/wp\/v2\/media\/10932"}],"wp:attachment":[{"href":"https:\/\/erevanblog.am\/index.php?rest_route=%2Fwp%2Fv2%2Fmedia&parent=10931"}],"wp:term":[{"taxonomy":"category","embeddable":true,"href":"https:\/\/erevanblog.am\/index.php?rest_route=%2Fwp%2Fv2%2Fcategories&post=10931"},{"taxonomy":"post_tag","embeddable":true,"href":"https:\/\/erevanblog.am\/index.php?rest_route=%2Fwp%2Fv2%2Ftags&post=10931"}],"curies":[{"name":"wp","href":"https:\/\/api.w.org\/{rel}","templated":true}]}}