{"id":10934,"date":"2025-07-20T06:26:28","date_gmt":"2025-07-20T05:26:28","guid":{"rendered":"https:\/\/erevanblog.am\/?p=10934"},"modified":"2025-07-20T06:26:29","modified_gmt":"2025-07-20T05:26:29","slug":"%f0%9f%9b%8f%ef%b8%8f-des-pod-posteli-sokujici-objev-v-pokojicku-osmilete-sary","status":"publish","type":"post","link":"https:\/\/erevanblog.am\/?p=10934","title":{"rendered":"\ud83d\udecf\ufe0f D\u011bs pod postel\u00ed: \u0160okuj\u00edc\u00ed objev v pokoj\u00ed\u010dku osmilet\u00e9 S\u00e1ry"},"content":{"rendered":"\n<p>Co za\u010dalo jako oby\u010dejn\u00fd ve\u010der, se b\u011bhem n\u011bkolika hodin prom\u011bnilo v no\u010dn\u00ed m\u016fru, na kterou \u017e\u00e1dn\u00fd z \u00fa\u010dastn\u00edk\u016f nikdy nezapomene.<\/p>\n\n\n\n<figure class=\"wp-block-image size-full\"><img loading=\"lazy\" decoding=\"async\" width=\"941\" height=\"1024\" src=\"https:\/\/erevanblog.am\/wp-content\/uploads\/2025\/07\/22222222.png\" alt=\"\" class=\"wp-image-10935\" srcset=\"https:\/\/erevanblog.am\/wp-content\/uploads\/2025\/07\/22222222.png 941w, https:\/\/erevanblog.am\/wp-content\/uploads\/2025\/07\/22222222-276x300.png 276w, https:\/\/erevanblog.am\/wp-content\/uploads\/2025\/07\/22222222-768x836.png 768w\" sizes=\"auto, (max-width: 941px) 100vw, 941px\" \/><\/figure>\n\n\n\n<p>V poklidn\u00e9 \u010d\u00e1sti m\u011bsta si Jana, svobodn\u00e1 matka osmilet\u00e9 S\u00e1ry, vychutn\u00e1vala sobotn\u00ed ve\u010der. Po p\u0159e\u010dten\u00ed poh\u00e1dky na dobrou noc a objet\u00ed se dcera ulo\u017eila do postele. Bylo po des\u00e1t\u00e9 hodin\u011b. Ticho noci ale netrvalo dlouho.<\/p>\n\n\n\n<p>Kr\u00e1tce po jedn\u00e9 hodin\u011b r\u00e1no Janu probudil zoufal\u00fd k\u0159ik. Vyb\u011bhla z lo\u017enice a na\u0161la S\u00e1rku u dve\u0159\u00ed jej\u00edho pokoje \u2013 bledou, rozklepanou a s o\u010dima pln\u00fdma slz.<\/p>\n\n\n\n<p>\u201eN\u011bkdo je pod postel\u00ed. D\u00edv\u00e1 se na m\u011b. D\u00fdch\u00e1&#8230;,\u201c \u0161eptala opakovan\u011b.<\/p>\n\n\n\n<p>Jana se sna\u017eila dceru uklidnit \u2013 p\u0159esv\u011bd\u010dovala ji, \u017ee \u0161lo o zl\u00fd sen. Pe\u010dliv\u011b prohl\u00e9dla cel\u00fd pokoj, nahl\u00e9dla i pod postel. Nic neobjevila. Ale S\u00e1ra odm\u00edtala zp\u00e1tky do pokoje vkro\u010dit.<\/p>\n\n\n\n<p>Druh\u00fd den se situace opakovala. A pak znovu. Tentokr\u00e1t si v\u0161ak Jana v\u0161imla drobn\u00fdch \u0161kr\u00e1banc\u016f na podlaze, kter\u00e9 tam p\u0159edt\u00edm ur\u010dit\u011b nebyly.<\/p>\n\n\n\n<hr class=\"wp-block-separator has-alpha-channel-opacity\"\/>\n\n\n\n<h2 class=\"wp-block-heading\">\ud83d\udc6e\u200d\u2642\ufe0f Z\u00e1sah ve t\u0159i r\u00e1no<\/h2>\n\n\n\n<p>T\u0159et\u00ed noc se rozhodla ne\u010dekat a zavolala na t\u00eds\u0148ovou linku.<\/p>\n\n\n\n<p>\u201eMo\u017en\u00e1 jsem jen vyd\u011b\u0161en\u00e1 matka\u2026 ale n\u011bco tady nesed\u00ed,\u201c \u0159ekla oper\u00e1torovi.<\/p>\n\n\n\n<p>Dvojice policist\u016f dorazila kr\u00e1tce po jedn\u00e9 hodin\u011b rann\u00ed. Prohledali cel\u00fd byt \u2013 na prvn\u00ed pohled nic podez\u0159el\u00e9ho. A\u017e jeden z nich si v\u0161iml, \u017ee d\u011btsk\u00e1 postel p\u016fsob\u00ed nezvykle t\u011b\u017ece.<\/p>\n\n\n\n<p>Kdy\u017e nadzvedli matraci a konstrukci ro\u0161tu, narazili na n\u011bco, co nikdo z nich ne\u010dekal.<\/p>\n\n\n\n<hr class=\"wp-block-separator has-alpha-channel-opacity\"\/>\n\n\n\n<h2 class=\"wp-block-heading\">\ud83d\ude31 Dutina pod postel\u00ed<\/h2>\n\n\n\n<p>Pod prkny se nach\u00e1zel mal\u00fd, skryt\u00fd prostor. D\u0159ev\u011bn\u00fd poklop zakr\u00fdvala p\u0159ekli\u017eka dokonale slad\u011bn\u00e1 s r\u00e1mem postele.<\/p>\n\n\n\n<p>A v tom \u00fakrytu\u2026 kle\u010del mu\u017e. Vychrtl\u00fd, zanedban\u00fd, s ply\u0161ov\u00fdm medv\u00eddkem v n\u00e1ru\u010d\u00ed. Ne\u0159ekl ani slovo. Jen se d\u00edval.<\/p>\n\n\n\n<p>Jeho pohled byl pr\u00e1zdn\u00fd, bez emoc\u00ed. Neprojevil \u017e\u00e1dn\u00fd odpor, \u017e\u00e1dn\u00fd strach. Jen ticho.<\/p>\n\n\n\n<hr class=\"wp-block-separator has-alpha-channel-opacity\"\/>\n\n\n\n<h2 class=\"wp-block-heading\">\ud83d\udcc2 Kdo to byl?<\/h2>\n\n\n\n<p>Policie pozd\u011bji potvrdila, \u017ee se jednalo o mu\u017ee, kter\u00fd utekl z psychiatrick\u00e9ho za\u0159\u00edzen\u00ed vzd\u00e1len\u00e9ho asi 50 kilometr\u016f. Zmizel p\u0159ed n\u011bkolika t\u00fddny \u2013 od t\u00e9 doby byl poh\u0159e\u0161ov\u00e1n.<\/p>\n\n\n\n<p>Z dostupn\u00fdch informac\u00ed vypl\u00fdv\u00e1, \u017ee se do bytu dostal je\u0161t\u011b p\u0159ed t\u00edm, ne\u017e se Jana se S\u00e1rou nast\u011bhovaly. V \u00fakrytu pod postel\u00ed p\u0159e\u017e\u00edval bez pov\u0161imnut\u00ed cel\u00e9 t\u0159i t\u00fddny.<\/p>\n\n\n\n<p>V jeho batohu na\u0161li policist\u00e9 den\u00edk s d\u011btsk\u00fdmi kresbami. N\u011bkter\u00e9 zachycovaly S\u00e1\u0159inu tv\u00e1\u0159 \u2013 pod nimi byly ru\u010dn\u011b psan\u00e9 pozn\u00e1mky:<\/p>\n\n\n\n<p>\u201eDnes m\u011b vid\u011bla. Sm\u00e1la se. Mluvila na m\u011b.\u201c<\/p>\n\n\n\n<hr class=\"wp-block-separator has-alpha-channel-opacity\"\/>\n\n\n\n<h2 class=\"wp-block-heading\">\ud83d\udd6f\ufe0f A potom?<\/h2>\n\n\n\n<p>Po dramatick\u00e9m z\u00e1sahu se Jana i s dcerou odst\u011bhovala k p\u0159\u00edbuzn\u00fdm. Pokoj z\u016fstal pr\u00e1zdn\u00fd, postel byla odstran\u011bna.<\/p>\n\n\n\n<p>Na \u017e\u00e1dost rodiny p\u0159\u00edpad nebyl medializov\u00e1n. Ale lid\u00e9, kte\u0159\u00ed byli p\u0159i z\u00e1sahu p\u0159\u00edtomni, pr\u00fd dodnes nezapomenou na ten okam\u017eik, kdy se deska pod postel\u00ed odklopila \u2014 a zpoza n\u00ed se objevily o\u010di.<\/p>\n","protected":false},"excerpt":{"rendered":"<div class=\"mh-excerpt\"><p>Co za\u010dalo jako oby\u010dejn\u00fd ve\u010der, se b\u011bhem n\u011bkolika hodin prom\u011bnilo v no\u010dn\u00ed m\u016fru, na kterou \u017e\u00e1dn\u00fd z \u00fa\u010dastn\u00edk\u016f nikdy nezapomene. V poklidn\u00e9 \u010d\u00e1sti m\u011bsta si <a class=\"mh-excerpt-more\" href=\"https:\/\/erevanblog.am\/?p=10934\" title=\"\ud83d\udecf\ufe0f D\u011bs pod postel\u00ed: \u0160okuj\u00edc\u00ed objev v pokoj\u00ed\u010dku osmilet\u00e9 S\u00e1ry\">[&#8230;]<\/a><\/p>\n<\/div>","protected":false},"author":1,"featured_media":10935,"comment_status":"open","ping_status":"open","sticky":false,"template":"","format":"standard","meta":{"footnotes":""},"categories":[1],"tags":[],"class_list":["post-10934","post","type-post","status-publish","format-standard","has-post-thumbnail","hentry","category-uncategorised"],"yoast_head":"<!-- This site is optimized with the Yoast SEO plugin v27.5 - https:\/\/yoast.com\/product\/yoast-seo-wordpress\/ -->\n<title>\ud83d\udecf\ufe0f D\u011bs pod postel\u00ed: \u0160okuj\u00edc\u00ed objev v pokoj\u00ed\u010dku osmilet\u00e9 S\u00e1ry -<\/title>\n<meta name=\"robots\" content=\"index, follow, max-snippet:-1, max-image-preview:large, max-video-preview:-1\" \/>\n<link rel=\"canonical\" href=\"https:\/\/erevanblog.am\/?p=10934\" \/>\n<meta property=\"og:locale\" content=\"en_US\" \/>\n<meta property=\"og:type\" content=\"article\" \/>\n<meta property=\"og:title\" content=\"\ud83d\udecf\ufe0f D\u011bs pod postel\u00ed: \u0160okuj\u00edc\u00ed objev v pokoj\u00ed\u010dku osmilet\u00e9 S\u00e1ry -\" \/>\n<meta property=\"og:description\" content=\"Co za\u010dalo jako oby\u010dejn\u00fd ve\u010der, se b\u011bhem n\u011bkolika hodin prom\u011bnilo v no\u010dn\u00ed m\u016fru, na kterou \u017e\u00e1dn\u00fd z \u00fa\u010dastn\u00edk\u016f nikdy nezapomene. V poklidn\u00e9 \u010d\u00e1sti m\u011bsta si [...]\" \/>\n<meta property=\"og:url\" content=\"https:\/\/erevanblog.am\/?p=10934\" \/>\n<meta property=\"article:published_time\" content=\"2025-07-20T05:26:28+00:00\" \/>\n<meta property=\"article:modified_time\" content=\"2025-07-20T05:26:29+00:00\" \/>\n<meta property=\"og:image\" content=\"http:\/\/erevanblog.am\/wp-content\/uploads\/2025\/07\/22222222.png\" \/>\n\t<meta property=\"og:image:width\" content=\"941\" \/>\n\t<meta property=\"og:image:height\" content=\"1024\" \/>\n\t<meta property=\"og:image:type\" content=\"image\/png\" \/>\n<meta name=\"author\" content=\"erevanblog_a\" \/>\n<meta name=\"twitter:card\" content=\"summary_large_image\" \/>\n<meta name=\"twitter:label1\" content=\"Written by\" \/>\n\t<meta name=\"twitter:data1\" content=\"erevanblog_a\" \/>\n\t<meta name=\"twitter:label2\" content=\"Est. reading time\" \/>\n\t<meta name=\"twitter:data2\" content=\"3 minutes\" \/>\n<script type=\"application\/ld+json\" class=\"yoast-schema-graph\">{\"@context\":\"https:\\\/\\\/schema.org\",\"@graph\":[{\"@type\":\"Article\",\"@id\":\"https:\\\/\\\/erevanblog.am\\\/?p=10934#article\",\"isPartOf\":{\"@id\":\"https:\\\/\\\/erevanblog.am\\\/?p=10934\"},\"author\":{\"name\":\"erevanblog_a\",\"@id\":\"https:\\\/\\\/erevanblog.am\\\/#\\\/schema\\\/person\\\/204f10311eb7ddb8914a5ab3e5f03928\"},\"headline\":\"\ud83d\udecf\ufe0f D\u011bs pod postel\u00ed: \u0160okuj\u00edc\u00ed objev v pokoj\u00ed\u010dku osmilet\u00e9 S\u00e1ry\",\"datePublished\":\"2025-07-20T05:26:28+00:00\",\"dateModified\":\"2025-07-20T05:26:29+00:00\",\"mainEntityOfPage\":{\"@id\":\"https:\\\/\\\/erevanblog.am\\\/?p=10934\"},\"wordCount\":543,\"commentCount\":0,\"image\":{\"@id\":\"https:\\\/\\\/erevanblog.am\\\/?p=10934#primaryimage\"},\"thumbnailUrl\":\"https:\\\/\\\/erevanblog.am\\\/wp-content\\\/uploads\\\/2025\\\/07\\\/22222222.png\",\"articleSection\":[\"NEWS\"],\"inLanguage\":\"en-US\",\"potentialAction\":[{\"@type\":\"CommentAction\",\"name\":\"Comment\",\"target\":[\"https:\\\/\\\/erevanblog.am\\\/?p=10934#respond\"]}]},{\"@type\":\"WebPage\",\"@id\":\"https:\\\/\\\/erevanblog.am\\\/?p=10934\",\"url\":\"https:\\\/\\\/erevanblog.am\\\/?p=10934\",\"name\":\"\ud83d\udecf\ufe0f D\u011bs pod postel\u00ed: \u0160okuj\u00edc\u00ed objev v pokoj\u00ed\u010dku osmilet\u00e9 S\u00e1ry -\",\"isPartOf\":{\"@id\":\"https:\\\/\\\/erevanblog.am\\\/#website\"},\"primaryImageOfPage\":{\"@id\":\"https:\\\/\\\/erevanblog.am\\\/?p=10934#primaryimage\"},\"image\":{\"@id\":\"https:\\\/\\\/erevanblog.am\\\/?p=10934#primaryimage\"},\"thumbnailUrl\":\"https:\\\/\\\/erevanblog.am\\\/wp-content\\\/uploads\\\/2025\\\/07\\\/22222222.png\",\"datePublished\":\"2025-07-20T05:26:28+00:00\",\"dateModified\":\"2025-07-20T05:26:29+00:00\",\"author\":{\"@id\":\"https:\\\/\\\/erevanblog.am\\\/#\\\/schema\\\/person\\\/204f10311eb7ddb8914a5ab3e5f03928\"},\"breadcrumb\":{\"@id\":\"https:\\\/\\\/erevanblog.am\\\/?p=10934#breadcrumb\"},\"inLanguage\":\"en-US\",\"potentialAction\":[{\"@type\":\"ReadAction\",\"target\":[\"https:\\\/\\\/erevanblog.am\\\/?p=10934\"]}]},{\"@type\":\"ImageObject\",\"inLanguage\":\"en-US\",\"@id\":\"https:\\\/\\\/erevanblog.am\\\/?p=10934#primaryimage\",\"url\":\"https:\\\/\\\/erevanblog.am\\\/wp-content\\\/uploads\\\/2025\\\/07\\\/22222222.png\",\"contentUrl\":\"https:\\\/\\\/erevanblog.am\\\/wp-content\\\/uploads\\\/2025\\\/07\\\/22222222.png\",\"width\":941,\"height\":1024},{\"@type\":\"BreadcrumbList\",\"@id\":\"https:\\\/\\\/erevanblog.am\\\/?p=10934#breadcrumb\",\"itemListElement\":[{\"@type\":\"ListItem\",\"position\":1,\"name\":\"Home\",\"item\":\"https:\\\/\\\/erevanblog.am\\\/\"},{\"@type\":\"ListItem\",\"position\":2,\"name\":\"\ud83d\udecf\ufe0f D\u011bs pod postel\u00ed: \u0160okuj\u00edc\u00ed objev v pokoj\u00ed\u010dku osmilet\u00e9 S\u00e1ry\"}]},{\"@type\":\"WebSite\",\"@id\":\"https:\\\/\\\/erevanblog.am\\\/#website\",\"url\":\"https:\\\/\\\/erevanblog.am\\\/\",\"name\":\"\",\"description\":\"\",\"potentialAction\":[{\"@type\":\"SearchAction\",\"target\":{\"@type\":\"EntryPoint\",\"urlTemplate\":\"https:\\\/\\\/erevanblog.am\\\/?s={search_term_string}\"},\"query-input\":{\"@type\":\"PropertyValueSpecification\",\"valueRequired\":true,\"valueName\":\"search_term_string\"}}],\"inLanguage\":\"en-US\"},{\"@type\":\"Person\",\"@id\":\"https:\\\/\\\/erevanblog.am\\\/#\\\/schema\\\/person\\\/204f10311eb7ddb8914a5ab3e5f03928\",\"name\":\"erevanblog_a\",\"image\":{\"@type\":\"ImageObject\",\"inLanguage\":\"en-US\",\"@id\":\"https:\\\/\\\/secure.gravatar.com\\\/avatar\\\/a24f4ac3a683f3c87303db525abc00db51ea26ccedee11dfaf1cc0f9a481a5d2?s=96&d=mm&r=g\",\"url\":\"https:\\\/\\\/secure.gravatar.com\\\/avatar\\\/a24f4ac3a683f3c87303db525abc00db51ea26ccedee11dfaf1cc0f9a481a5d2?s=96&d=mm&r=g\",\"contentUrl\":\"https:\\\/\\\/secure.gravatar.com\\\/avatar\\\/a24f4ac3a683f3c87303db525abc00db51ea26ccedee11dfaf1cc0f9a481a5d2?s=96&d=mm&r=g\",\"caption\":\"erevanblog_a\"},\"sameAs\":[\"http:\\\/\\\/erevanblog.am\"],\"url\":\"https:\\\/\\\/erevanblog.am\\\/?author=1\"}]}<\/script>\n<!-- \/ Yoast SEO plugin. -->","yoast_head_json":{"title":"\ud83d\udecf\ufe0f D\u011bs pod postel\u00ed: \u0160okuj\u00edc\u00ed objev v pokoj\u00ed\u010dku osmilet\u00e9 S\u00e1ry -","robots":{"index":"index","follow":"follow","max-snippet":"max-snippet:-1","max-image-preview":"max-image-preview:large","max-video-preview":"max-video-preview:-1"},"canonical":"https:\/\/erevanblog.am\/?p=10934","og_locale":"en_US","og_type":"article","og_title":"\ud83d\udecf\ufe0f D\u011bs pod postel\u00ed: \u0160okuj\u00edc\u00ed objev v pokoj\u00ed\u010dku osmilet\u00e9 S\u00e1ry -","og_description":"Co za\u010dalo jako oby\u010dejn\u00fd ve\u010der, se b\u011bhem n\u011bkolika hodin prom\u011bnilo v no\u010dn\u00ed m\u016fru, na kterou \u017e\u00e1dn\u00fd z \u00fa\u010dastn\u00edk\u016f nikdy nezapomene. V poklidn\u00e9 \u010d\u00e1sti m\u011bsta si [...]","og_url":"https:\/\/erevanblog.am\/?p=10934","article_published_time":"2025-07-20T05:26:28+00:00","article_modified_time":"2025-07-20T05:26:29+00:00","og_image":[{"width":941,"height":1024,"url":"http:\/\/erevanblog.am\/wp-content\/uploads\/2025\/07\/22222222.png","type":"image\/png"}],"author":"erevanblog_a","twitter_card":"summary_large_image","twitter_misc":{"Written by":"erevanblog_a","Est. reading time":"3 minutes"},"schema":{"@context":"https:\/\/schema.org","@graph":[{"@type":"Article","@id":"https:\/\/erevanblog.am\/?p=10934#article","isPartOf":{"@id":"https:\/\/erevanblog.am\/?p=10934"},"author":{"name":"erevanblog_a","@id":"https:\/\/erevanblog.am\/#\/schema\/person\/204f10311eb7ddb8914a5ab3e5f03928"},"headline":"\ud83d\udecf\ufe0f D\u011bs pod postel\u00ed: \u0160okuj\u00edc\u00ed objev v pokoj\u00ed\u010dku osmilet\u00e9 S\u00e1ry","datePublished":"2025-07-20T05:26:28+00:00","dateModified":"2025-07-20T05:26:29+00:00","mainEntityOfPage":{"@id":"https:\/\/erevanblog.am\/?p=10934"},"wordCount":543,"commentCount":0,"image":{"@id":"https:\/\/erevanblog.am\/?p=10934#primaryimage"},"thumbnailUrl":"https:\/\/erevanblog.am\/wp-content\/uploads\/2025\/07\/22222222.png","articleSection":["NEWS"],"inLanguage":"en-US","potentialAction":[{"@type":"CommentAction","name":"Comment","target":["https:\/\/erevanblog.am\/?p=10934#respond"]}]},{"@type":"WebPage","@id":"https:\/\/erevanblog.am\/?p=10934","url":"https:\/\/erevanblog.am\/?p=10934","name":"\ud83d\udecf\ufe0f D\u011bs pod postel\u00ed: \u0160okuj\u00edc\u00ed objev v pokoj\u00ed\u010dku osmilet\u00e9 S\u00e1ry -","isPartOf":{"@id":"https:\/\/erevanblog.am\/#website"},"primaryImageOfPage":{"@id":"https:\/\/erevanblog.am\/?p=10934#primaryimage"},"image":{"@id":"https:\/\/erevanblog.am\/?p=10934#primaryimage"},"thumbnailUrl":"https:\/\/erevanblog.am\/wp-content\/uploads\/2025\/07\/22222222.png","datePublished":"2025-07-20T05:26:28+00:00","dateModified":"2025-07-20T05:26:29+00:00","author":{"@id":"https:\/\/erevanblog.am\/#\/schema\/person\/204f10311eb7ddb8914a5ab3e5f03928"},"breadcrumb":{"@id":"https:\/\/erevanblog.am\/?p=10934#breadcrumb"},"inLanguage":"en-US","potentialAction":[{"@type":"ReadAction","target":["https:\/\/erevanblog.am\/?p=10934"]}]},{"@type":"ImageObject","inLanguage":"en-US","@id":"https:\/\/erevanblog.am\/?p=10934#primaryimage","url":"https:\/\/erevanblog.am\/wp-content\/uploads\/2025\/07\/22222222.png","contentUrl":"https:\/\/erevanblog.am\/wp-content\/uploads\/2025\/07\/22222222.png","width":941,"height":1024},{"@type":"BreadcrumbList","@id":"https:\/\/erevanblog.am\/?p=10934#breadcrumb","itemListElement":[{"@type":"ListItem","position":1,"name":"Home","item":"https:\/\/erevanblog.am\/"},{"@type":"ListItem","position":2,"name":"\ud83d\udecf\ufe0f D\u011bs pod postel\u00ed: \u0160okuj\u00edc\u00ed objev v pokoj\u00ed\u010dku osmilet\u00e9 S\u00e1ry"}]},{"@type":"WebSite","@id":"https:\/\/erevanblog.am\/#website","url":"https:\/\/erevanblog.am\/","name":"","description":"","potentialAction":[{"@type":"SearchAction","target":{"@type":"EntryPoint","urlTemplate":"https:\/\/erevanblog.am\/?s={search_term_string}"},"query-input":{"@type":"PropertyValueSpecification","valueRequired":true,"valueName":"search_term_string"}}],"inLanguage":"en-US"},{"@type":"Person","@id":"https:\/\/erevanblog.am\/#\/schema\/person\/204f10311eb7ddb8914a5ab3e5f03928","name":"erevanblog_a","image":{"@type":"ImageObject","inLanguage":"en-US","@id":"https:\/\/secure.gravatar.com\/avatar\/a24f4ac3a683f3c87303db525abc00db51ea26ccedee11dfaf1cc0f9a481a5d2?s=96&d=mm&r=g","url":"https:\/\/secure.gravatar.com\/avatar\/a24f4ac3a683f3c87303db525abc00db51ea26ccedee11dfaf1cc0f9a481a5d2?s=96&d=mm&r=g","contentUrl":"https:\/\/secure.gravatar.com\/avatar\/a24f4ac3a683f3c87303db525abc00db51ea26ccedee11dfaf1cc0f9a481a5d2?s=96&d=mm&r=g","caption":"erevanblog_a"},"sameAs":["http:\/\/erevanblog.am"],"url":"https:\/\/erevanblog.am\/?author=1"}]}},"views":474,"_links":{"self":[{"href":"https:\/\/erevanblog.am\/index.php?rest_route=\/wp\/v2\/posts\/10934","targetHints":{"allow":["GET"]}}],"collection":[{"href":"https:\/\/erevanblog.am\/index.php?rest_route=\/wp\/v2\/posts"}],"about":[{"href":"https:\/\/erevanblog.am\/index.php?rest_route=\/wp\/v2\/types\/post"}],"author":[{"embeddable":true,"href":"https:\/\/erevanblog.am\/index.php?rest_route=\/wp\/v2\/users\/1"}],"replies":[{"embeddable":true,"href":"https:\/\/erevanblog.am\/index.php?rest_route=%2Fwp%2Fv2%2Fcomments&post=10934"}],"version-history":[{"count":1,"href":"https:\/\/erevanblog.am\/index.php?rest_route=\/wp\/v2\/posts\/10934\/revisions"}],"predecessor-version":[{"id":10936,"href":"https:\/\/erevanblog.am\/index.php?rest_route=\/wp\/v2\/posts\/10934\/revisions\/10936"}],"wp:featuredmedia":[{"embeddable":true,"href":"https:\/\/erevanblog.am\/index.php?rest_route=\/wp\/v2\/media\/10935"}],"wp:attachment":[{"href":"https:\/\/erevanblog.am\/index.php?rest_route=%2Fwp%2Fv2%2Fmedia&parent=10934"}],"wp:term":[{"taxonomy":"category","embeddable":true,"href":"https:\/\/erevanblog.am\/index.php?rest_route=%2Fwp%2Fv2%2Fcategories&post=10934"},{"taxonomy":"post_tag","embeddable":true,"href":"https:\/\/erevanblog.am\/index.php?rest_route=%2Fwp%2Fv2%2Ftags&post=10934"}],"curies":[{"name":"wp","href":"https:\/\/api.w.org\/{rel}","templated":true}]}}