{"id":10944,"date":"2025-07-20T18:20:28","date_gmt":"2025-07-20T17:20:28","guid":{"rendered":"https:\/\/erevanblog.am\/?p=10944"},"modified":"2025-07-20T18:20:29","modified_gmt":"2025-07-20T17:20:29","slug":"autobusak-si-vsiml-placici-divky-to-co-nasel-pod-jejim-sedadlem-mu-vyrazilo-dech","status":"publish","type":"post","link":"https:\/\/erevanblog.am\/?p=10944","title":{"rendered":"Autobus\u00e1k si v\u0161iml pla\u010d\u00edc\u00ed d\u00edvky. To, co na\u0161el pod jej\u00edm sedadlem, mu vyrazilo dech"},"content":{"rendered":"\n<p>Byl to den jako ka\u017ed\u00fd jin\u00fd na m\u011bstsk\u00e9 lince \u010d\u00edslo 34. \u0158idi\u010d Petr znal svou trasu nazpam\u011b\u0165. \u0160koln\u00ed zast\u00e1vky, d\u016fchodci s ta\u0161kami, znud\u011bn\u00ed studenti. Nic ho nep\u0159ekvapovalo.<\/p>\n\n\n\n<figure class=\"wp-block-image size-full\"><img loading=\"lazy\" decoding=\"async\" width=\"1024\" height=\"942\" src=\"https:\/\/erevanblog.am\/wp-content\/uploads\/2025\/07\/3333333.png\" alt=\"\" class=\"wp-image-10945\" srcset=\"https:\/\/erevanblog.am\/wp-content\/uploads\/2025\/07\/3333333.png 1024w, https:\/\/erevanblog.am\/wp-content\/uploads\/2025\/07\/3333333-300x276.png 300w, https:\/\/erevanblog.am\/wp-content\/uploads\/2025\/07\/3333333-768x707.png 768w\" sizes=\"auto, (max-width: 1024px) 100vw, 1024px\" \/><\/figure>\n\n\n\n<p>A\u017e na ni.<\/p>\n\n\n\n<p>Ka\u017ed\u00fd den sed\u011bla na stejn\u00e9m m\u00edst\u011b. Ml\u010dky, se sklopen\u00fdma o\u010dima. A plakala. Ne hlasit\u011b, jen tak ti\u0161e, \u017ee by si toho m\u00e1lokdo v\u0161iml. Ale Petr si v\u0161iml.<\/p>\n\n\n\n<p>N\u011bkolikr\u00e1t se ji cht\u011bl zeptat, jestli je v po\u0159\u00e1dku. Ale necht\u011bl ji vypla\u0161it. Mo\u017en\u00e1 to byl jen \u0161patn\u00fd den? Jen\u017ee ty \u201e\u0161patn\u00e9 dny\u201c se opakovaly. A pak jednoho ve\u010dera p\u0159i\u0161el okam\u017eik, kter\u00fd v\u0161echno zm\u011bnil.<\/p>\n\n\n\n<hr class=\"wp-block-separator has-alpha-channel-opacity\"\/>\n\n\n\n<h3 class=\"wp-block-heading\">Zapomenut\u00fd batoh a vzkaz, kter\u00fd mraz\u00ed<\/h3>\n\n\n\n<p>Bylo u\u017e po sm\u011bn\u011b, kdy\u017e Petr zjistil, \u017ee d\u00edvka nechala na sedadle \u0161koln\u00ed batoh. Vstal, aby ho ulo\u017eil mezi ztr\u00e1ty a n\u00e1lezy. Ale kdy\u017e se sklonil, zahl\u00e9dl pod sedadlem slo\u017een\u00fd pap\u00edr. Vy\u010dn\u00edval jen kousek.<\/p>\n\n\n\n<p>Zv\u011bdavost ho p\u0159emohla. Vyt\u00e1hl ho a opatrn\u011b rozlo\u017eil.<\/p>\n\n\n\n<p>Byla to kr\u00e1tk\u00e1, ru\u010dn\u011b psan\u00e1 zpr\u00e1va:<\/p>\n\n\n\n<p><strong>\u201eNikdo m\u011b neposlouch\u00e1. Nikdo m\u011b nevid\u00ed. Nechci tady b\u00fdt. Kdyby to n\u011bkdo na\u0161el, pros\u00edm, pomozte mi.\u201c<\/strong><\/p>\n\n\n\n<p>Petr z\u016fstal st\u00e1t jako p\u0159imra\u017een\u00fd. To nebyla d\u011btsk\u00e1 hra. To byl zoufal\u00fd v\u00fdk\u0159ik o pomoc.<\/p>\n\n\n\n<hr class=\"wp-block-separator has-alpha-channel-opacity\"\/>\n\n\n\n<h3 class=\"wp-block-heading\">Rozhodnut\u00ed, kter\u00e9 zachr\u00e1nilo \u017eivot<\/h3>\n\n\n\n<p>Nev\u00e1hal. Okam\u017eit\u011b kontaktoval dispe\u010dink, zavolal do \u0161koly a odevzdal batoh i vzkaz. Netu\u0161il, jestli d\u011bl\u00e1 spr\u00e1vnou v\u011bc. Ale v\u011bd\u011bl, \u017ee nem\u016f\u017ee nic neud\u011blat.<\/p>\n\n\n\n<p>Dal\u0161\u00ed den d\u00edvka do autobusu nenastoupila. Ani ten n\u00e1sleduj\u00edc\u00ed. Ticho bylo najednou hlasit\u011bj\u0161\u00ed ne\u017e kdy jindy.<\/p>\n\n\n\n<p>A\u017e za t\u00fdden p\u0159i\u0161la do autobusu nezn\u00e1m\u00e1 \u017eena. Soci\u00e1ln\u00ed pracovnice.<\/p>\n\n\n\n<p>Podala Petrovi ob\u00e1lku. Uvnit\u0159 byla mal\u00e1 pohlednice a na n\u00ed rozt\u0159esen\u00fdm d\u011btsk\u00fdm p\u00edsmem st\u00e1lo:<\/p>\n\n\n\n<p><strong>\u201eD\u011bkuju, \u017ee jste si m\u011b v\u0161iml. Zachr\u00e1nil jste mi \u017eivot. \u2014 L.\u201c<\/strong><\/p>\n\n\n\n<hr class=\"wp-block-separator has-alpha-channel-opacity\"\/>\n\n\n\n<h3 class=\"wp-block-heading\">I tich\u00e9 slzy mohou k\u0159i\u010det<\/h3>\n\n\n\n<p>Petr z\u016fstal sed\u011bt za volantem, s ob\u00e1lkou v ruce. Ten den pochopil, \u017ee n\u011bkdy sta\u010d\u00ed jeden jedin\u00fd pohled, jedno v\u0161imnut\u00ed si\u2026 A m\u016f\u017ee to zm\u011bnit v\u0161echno.<\/p>\n\n\n\n<p>Proto\u017ee i ta nejti\u0161\u0161\u00ed slza m\u016f\u017ee b\u00fdt zoufal\u00fdm vol\u00e1n\u00edm o pomoc. A v\u0161\u00edmavost? Ta n\u011bkdy zachra\u0148uje \u017eivoty.<\/p>\n","protected":false},"excerpt":{"rendered":"<div class=\"mh-excerpt\"><p>Byl to den jako ka\u017ed\u00fd jin\u00fd na m\u011bstsk\u00e9 lince \u010d\u00edslo 34. \u0158idi\u010d Petr znal svou trasu nazpam\u011b\u0165. \u0160koln\u00ed zast\u00e1vky, d\u016fchodci s ta\u0161kami, znud\u011bn\u00ed studenti. Nic <a class=\"mh-excerpt-more\" href=\"https:\/\/erevanblog.am\/?p=10944\" title=\"Autobus\u00e1k si v\u0161iml pla\u010d\u00edc\u00ed d\u00edvky. To, co na\u0161el pod jej\u00edm sedadlem, mu vyrazilo dech\">[&#8230;]<\/a><\/p>\n<\/div>","protected":false},"author":1,"featured_media":10945,"comment_status":"open","ping_status":"open","sticky":false,"template":"","format":"standard","meta":{"footnotes":""},"categories":[1],"tags":[],"class_list":["post-10944","post","type-post","status-publish","format-standard","has-post-thumbnail","hentry","category-uncategorised"],"yoast_head":"<!-- This site is optimized with the Yoast SEO plugin v27.5 - https:\/\/yoast.com\/product\/yoast-seo-wordpress\/ -->\n<title>Autobus\u00e1k si v\u0161iml pla\u010d\u00edc\u00ed d\u00edvky. To, co na\u0161el pod jej\u00edm sedadlem, mu vyrazilo dech -<\/title>\n<meta name=\"robots\" content=\"index, follow, max-snippet:-1, max-image-preview:large, max-video-preview:-1\" \/>\n<link rel=\"canonical\" href=\"https:\/\/erevanblog.am\/?p=10944\" \/>\n<meta property=\"og:locale\" content=\"en_US\" \/>\n<meta property=\"og:type\" content=\"article\" \/>\n<meta property=\"og:title\" content=\"Autobus\u00e1k si v\u0161iml pla\u010d\u00edc\u00ed d\u00edvky. To, co na\u0161el pod jej\u00edm sedadlem, mu vyrazilo dech -\" \/>\n<meta property=\"og:description\" content=\"Byl to den jako ka\u017ed\u00fd jin\u00fd na m\u011bstsk\u00e9 lince \u010d\u00edslo 34. \u0158idi\u010d Petr znal svou trasu nazpam\u011b\u0165. \u0160koln\u00ed zast\u00e1vky, d\u016fchodci s ta\u0161kami, znud\u011bn\u00ed studenti. Nic [...]\" \/>\n<meta property=\"og:url\" content=\"https:\/\/erevanblog.am\/?p=10944\" \/>\n<meta property=\"article:published_time\" content=\"2025-07-20T17:20:28+00:00\" \/>\n<meta property=\"article:modified_time\" content=\"2025-07-20T17:20:29+00:00\" \/>\n<meta property=\"og:image\" content=\"http:\/\/erevanblog.am\/wp-content\/uploads\/2025\/07\/3333333.png\" \/>\n\t<meta property=\"og:image:width\" content=\"1024\" \/>\n\t<meta property=\"og:image:height\" content=\"942\" \/>\n\t<meta property=\"og:image:type\" content=\"image\/png\" \/>\n<meta name=\"author\" content=\"erevanblog_a\" \/>\n<meta name=\"twitter:card\" content=\"summary_large_image\" \/>\n<meta name=\"twitter:label1\" content=\"Written by\" \/>\n\t<meta name=\"twitter:data1\" content=\"erevanblog_a\" \/>\n\t<meta name=\"twitter:label2\" content=\"Est. reading time\" \/>\n\t<meta name=\"twitter:data2\" content=\"2 minutes\" \/>\n<script type=\"application\/ld+json\" class=\"yoast-schema-graph\">{\"@context\":\"https:\\\/\\\/schema.org\",\"@graph\":[{\"@type\":\"Article\",\"@id\":\"https:\\\/\\\/erevanblog.am\\\/?p=10944#article\",\"isPartOf\":{\"@id\":\"https:\\\/\\\/erevanblog.am\\\/?p=10944\"},\"author\":{\"name\":\"erevanblog_a\",\"@id\":\"https:\\\/\\\/erevanblog.am\\\/#\\\/schema\\\/person\\\/204f10311eb7ddb8914a5ab3e5f03928\"},\"headline\":\"Autobus\u00e1k si v\u0161iml pla\u010d\u00edc\u00ed d\u00edvky. To, co na\u0161el pod jej\u00edm sedadlem, mu vyrazilo dech\",\"datePublished\":\"2025-07-20T17:20:28+00:00\",\"dateModified\":\"2025-07-20T17:20:29+00:00\",\"mainEntityOfPage\":{\"@id\":\"https:\\\/\\\/erevanblog.am\\\/?p=10944\"},\"wordCount\":431,\"commentCount\":0,\"image\":{\"@id\":\"https:\\\/\\\/erevanblog.am\\\/?p=10944#primaryimage\"},\"thumbnailUrl\":\"https:\\\/\\\/erevanblog.am\\\/wp-content\\\/uploads\\\/2025\\\/07\\\/3333333.png\",\"articleSection\":[\"NEWS\"],\"inLanguage\":\"en-US\",\"potentialAction\":[{\"@type\":\"CommentAction\",\"name\":\"Comment\",\"target\":[\"https:\\\/\\\/erevanblog.am\\\/?p=10944#respond\"]}]},{\"@type\":\"WebPage\",\"@id\":\"https:\\\/\\\/erevanblog.am\\\/?p=10944\",\"url\":\"https:\\\/\\\/erevanblog.am\\\/?p=10944\",\"name\":\"Autobus\u00e1k si v\u0161iml pla\u010d\u00edc\u00ed d\u00edvky. To, co na\u0161el pod jej\u00edm sedadlem, mu vyrazilo dech -\",\"isPartOf\":{\"@id\":\"https:\\\/\\\/erevanblog.am\\\/#website\"},\"primaryImageOfPage\":{\"@id\":\"https:\\\/\\\/erevanblog.am\\\/?p=10944#primaryimage\"},\"image\":{\"@id\":\"https:\\\/\\\/erevanblog.am\\\/?p=10944#primaryimage\"},\"thumbnailUrl\":\"https:\\\/\\\/erevanblog.am\\\/wp-content\\\/uploads\\\/2025\\\/07\\\/3333333.png\",\"datePublished\":\"2025-07-20T17:20:28+00:00\",\"dateModified\":\"2025-07-20T17:20:29+00:00\",\"author\":{\"@id\":\"https:\\\/\\\/erevanblog.am\\\/#\\\/schema\\\/person\\\/204f10311eb7ddb8914a5ab3e5f03928\"},\"breadcrumb\":{\"@id\":\"https:\\\/\\\/erevanblog.am\\\/?p=10944#breadcrumb\"},\"inLanguage\":\"en-US\",\"potentialAction\":[{\"@type\":\"ReadAction\",\"target\":[\"https:\\\/\\\/erevanblog.am\\\/?p=10944\"]}]},{\"@type\":\"ImageObject\",\"inLanguage\":\"en-US\",\"@id\":\"https:\\\/\\\/erevanblog.am\\\/?p=10944#primaryimage\",\"url\":\"https:\\\/\\\/erevanblog.am\\\/wp-content\\\/uploads\\\/2025\\\/07\\\/3333333.png\",\"contentUrl\":\"https:\\\/\\\/erevanblog.am\\\/wp-content\\\/uploads\\\/2025\\\/07\\\/3333333.png\",\"width\":1024,\"height\":942},{\"@type\":\"BreadcrumbList\",\"@id\":\"https:\\\/\\\/erevanblog.am\\\/?p=10944#breadcrumb\",\"itemListElement\":[{\"@type\":\"ListItem\",\"position\":1,\"name\":\"Home\",\"item\":\"https:\\\/\\\/erevanblog.am\\\/\"},{\"@type\":\"ListItem\",\"position\":2,\"name\":\"Autobus\u00e1k si v\u0161iml pla\u010d\u00edc\u00ed d\u00edvky. To, co na\u0161el pod jej\u00edm sedadlem, mu vyrazilo dech\"}]},{\"@type\":\"WebSite\",\"@id\":\"https:\\\/\\\/erevanblog.am\\\/#website\",\"url\":\"https:\\\/\\\/erevanblog.am\\\/\",\"name\":\"\",\"description\":\"\",\"potentialAction\":[{\"@type\":\"SearchAction\",\"target\":{\"@type\":\"EntryPoint\",\"urlTemplate\":\"https:\\\/\\\/erevanblog.am\\\/?s={search_term_string}\"},\"query-input\":{\"@type\":\"PropertyValueSpecification\",\"valueRequired\":true,\"valueName\":\"search_term_string\"}}],\"inLanguage\":\"en-US\"},{\"@type\":\"Person\",\"@id\":\"https:\\\/\\\/erevanblog.am\\\/#\\\/schema\\\/person\\\/204f10311eb7ddb8914a5ab3e5f03928\",\"name\":\"erevanblog_a\",\"image\":{\"@type\":\"ImageObject\",\"inLanguage\":\"en-US\",\"@id\":\"https:\\\/\\\/secure.gravatar.com\\\/avatar\\\/a24f4ac3a683f3c87303db525abc00db51ea26ccedee11dfaf1cc0f9a481a5d2?s=96&d=mm&r=g\",\"url\":\"https:\\\/\\\/secure.gravatar.com\\\/avatar\\\/a24f4ac3a683f3c87303db525abc00db51ea26ccedee11dfaf1cc0f9a481a5d2?s=96&d=mm&r=g\",\"contentUrl\":\"https:\\\/\\\/secure.gravatar.com\\\/avatar\\\/a24f4ac3a683f3c87303db525abc00db51ea26ccedee11dfaf1cc0f9a481a5d2?s=96&d=mm&r=g\",\"caption\":\"erevanblog_a\"},\"sameAs\":[\"http:\\\/\\\/erevanblog.am\"],\"url\":\"https:\\\/\\\/erevanblog.am\\\/?author=1\"}]}<\/script>\n<!-- \/ Yoast SEO plugin. -->","yoast_head_json":{"title":"Autobus\u00e1k si v\u0161iml pla\u010d\u00edc\u00ed d\u00edvky. To, co na\u0161el pod jej\u00edm sedadlem, mu vyrazilo dech -","robots":{"index":"index","follow":"follow","max-snippet":"max-snippet:-1","max-image-preview":"max-image-preview:large","max-video-preview":"max-video-preview:-1"},"canonical":"https:\/\/erevanblog.am\/?p=10944","og_locale":"en_US","og_type":"article","og_title":"Autobus\u00e1k si v\u0161iml pla\u010d\u00edc\u00ed d\u00edvky. To, co na\u0161el pod jej\u00edm sedadlem, mu vyrazilo dech -","og_description":"Byl to den jako ka\u017ed\u00fd jin\u00fd na m\u011bstsk\u00e9 lince \u010d\u00edslo 34. \u0158idi\u010d Petr znal svou trasu nazpam\u011b\u0165. \u0160koln\u00ed zast\u00e1vky, d\u016fchodci s ta\u0161kami, znud\u011bn\u00ed studenti. Nic [...]","og_url":"https:\/\/erevanblog.am\/?p=10944","article_published_time":"2025-07-20T17:20:28+00:00","article_modified_time":"2025-07-20T17:20:29+00:00","og_image":[{"width":1024,"height":942,"url":"http:\/\/erevanblog.am\/wp-content\/uploads\/2025\/07\/3333333.png","type":"image\/png"}],"author":"erevanblog_a","twitter_card":"summary_large_image","twitter_misc":{"Written by":"erevanblog_a","Est. reading time":"2 minutes"},"schema":{"@context":"https:\/\/schema.org","@graph":[{"@type":"Article","@id":"https:\/\/erevanblog.am\/?p=10944#article","isPartOf":{"@id":"https:\/\/erevanblog.am\/?p=10944"},"author":{"name":"erevanblog_a","@id":"https:\/\/erevanblog.am\/#\/schema\/person\/204f10311eb7ddb8914a5ab3e5f03928"},"headline":"Autobus\u00e1k si v\u0161iml pla\u010d\u00edc\u00ed d\u00edvky. To, co na\u0161el pod jej\u00edm sedadlem, mu vyrazilo dech","datePublished":"2025-07-20T17:20:28+00:00","dateModified":"2025-07-20T17:20:29+00:00","mainEntityOfPage":{"@id":"https:\/\/erevanblog.am\/?p=10944"},"wordCount":431,"commentCount":0,"image":{"@id":"https:\/\/erevanblog.am\/?p=10944#primaryimage"},"thumbnailUrl":"https:\/\/erevanblog.am\/wp-content\/uploads\/2025\/07\/3333333.png","articleSection":["NEWS"],"inLanguage":"en-US","potentialAction":[{"@type":"CommentAction","name":"Comment","target":["https:\/\/erevanblog.am\/?p=10944#respond"]}]},{"@type":"WebPage","@id":"https:\/\/erevanblog.am\/?p=10944","url":"https:\/\/erevanblog.am\/?p=10944","name":"Autobus\u00e1k si v\u0161iml pla\u010d\u00edc\u00ed d\u00edvky. To, co na\u0161el pod jej\u00edm sedadlem, mu vyrazilo dech -","isPartOf":{"@id":"https:\/\/erevanblog.am\/#website"},"primaryImageOfPage":{"@id":"https:\/\/erevanblog.am\/?p=10944#primaryimage"},"image":{"@id":"https:\/\/erevanblog.am\/?p=10944#primaryimage"},"thumbnailUrl":"https:\/\/erevanblog.am\/wp-content\/uploads\/2025\/07\/3333333.png","datePublished":"2025-07-20T17:20:28+00:00","dateModified":"2025-07-20T17:20:29+00:00","author":{"@id":"https:\/\/erevanblog.am\/#\/schema\/person\/204f10311eb7ddb8914a5ab3e5f03928"},"breadcrumb":{"@id":"https:\/\/erevanblog.am\/?p=10944#breadcrumb"},"inLanguage":"en-US","potentialAction":[{"@type":"ReadAction","target":["https:\/\/erevanblog.am\/?p=10944"]}]},{"@type":"ImageObject","inLanguage":"en-US","@id":"https:\/\/erevanblog.am\/?p=10944#primaryimage","url":"https:\/\/erevanblog.am\/wp-content\/uploads\/2025\/07\/3333333.png","contentUrl":"https:\/\/erevanblog.am\/wp-content\/uploads\/2025\/07\/3333333.png","width":1024,"height":942},{"@type":"BreadcrumbList","@id":"https:\/\/erevanblog.am\/?p=10944#breadcrumb","itemListElement":[{"@type":"ListItem","position":1,"name":"Home","item":"https:\/\/erevanblog.am\/"},{"@type":"ListItem","position":2,"name":"Autobus\u00e1k si v\u0161iml pla\u010d\u00edc\u00ed d\u00edvky. To, co na\u0161el pod jej\u00edm sedadlem, mu vyrazilo dech"}]},{"@type":"WebSite","@id":"https:\/\/erevanblog.am\/#website","url":"https:\/\/erevanblog.am\/","name":"","description":"","potentialAction":[{"@type":"SearchAction","target":{"@type":"EntryPoint","urlTemplate":"https:\/\/erevanblog.am\/?s={search_term_string}"},"query-input":{"@type":"PropertyValueSpecification","valueRequired":true,"valueName":"search_term_string"}}],"inLanguage":"en-US"},{"@type":"Person","@id":"https:\/\/erevanblog.am\/#\/schema\/person\/204f10311eb7ddb8914a5ab3e5f03928","name":"erevanblog_a","image":{"@type":"ImageObject","inLanguage":"en-US","@id":"https:\/\/secure.gravatar.com\/avatar\/a24f4ac3a683f3c87303db525abc00db51ea26ccedee11dfaf1cc0f9a481a5d2?s=96&d=mm&r=g","url":"https:\/\/secure.gravatar.com\/avatar\/a24f4ac3a683f3c87303db525abc00db51ea26ccedee11dfaf1cc0f9a481a5d2?s=96&d=mm&r=g","contentUrl":"https:\/\/secure.gravatar.com\/avatar\/a24f4ac3a683f3c87303db525abc00db51ea26ccedee11dfaf1cc0f9a481a5d2?s=96&d=mm&r=g","caption":"erevanblog_a"},"sameAs":["http:\/\/erevanblog.am"],"url":"https:\/\/erevanblog.am\/?author=1"}]}},"views":340,"_links":{"self":[{"href":"https:\/\/erevanblog.am\/index.php?rest_route=\/wp\/v2\/posts\/10944","targetHints":{"allow":["GET"]}}],"collection":[{"href":"https:\/\/erevanblog.am\/index.php?rest_route=\/wp\/v2\/posts"}],"about":[{"href":"https:\/\/erevanblog.am\/index.php?rest_route=\/wp\/v2\/types\/post"}],"author":[{"embeddable":true,"href":"https:\/\/erevanblog.am\/index.php?rest_route=\/wp\/v2\/users\/1"}],"replies":[{"embeddable":true,"href":"https:\/\/erevanblog.am\/index.php?rest_route=%2Fwp%2Fv2%2Fcomments&post=10944"}],"version-history":[{"count":1,"href":"https:\/\/erevanblog.am\/index.php?rest_route=\/wp\/v2\/posts\/10944\/revisions"}],"predecessor-version":[{"id":10946,"href":"https:\/\/erevanblog.am\/index.php?rest_route=\/wp\/v2\/posts\/10944\/revisions\/10946"}],"wp:featuredmedia":[{"embeddable":true,"href":"https:\/\/erevanblog.am\/index.php?rest_route=\/wp\/v2\/media\/10945"}],"wp:attachment":[{"href":"https:\/\/erevanblog.am\/index.php?rest_route=%2Fwp%2Fv2%2Fmedia&parent=10944"}],"wp:term":[{"taxonomy":"category","embeddable":true,"href":"https:\/\/erevanblog.am\/index.php?rest_route=%2Fwp%2Fv2%2Fcategories&post=10944"},{"taxonomy":"post_tag","embeddable":true,"href":"https:\/\/erevanblog.am\/index.php?rest_route=%2Fwp%2Fv2%2Ftags&post=10944"}],"curies":[{"name":"wp","href":"https:\/\/api.w.org\/{rel}","templated":true}]}}