{"id":10947,"date":"2025-07-20T21:08:04","date_gmt":"2025-07-20T20:08:04","guid":{"rendered":"https:\/\/erevanblog.am\/?p=10947"},"modified":"2025-07-20T21:08:05","modified_gmt":"2025-07-20T20:08:05","slug":"skutecna-tvar-evy-maresove-jak-jedna-obycejna-fotka-zmenila-vse","status":"publish","type":"post","link":"https:\/\/erevanblog.am\/?p=10947","title":{"rendered":"Skute\u010dn\u00e1 tv\u00e1\u0159 Evy Mare\u0161ov\u00e9: Jak jedna oby\u010dejn\u00e1 fotka zm\u011bnila v\u0161e"},"content":{"rendered":"\n<p>Bez make-upu. Bez retu\u0161\u00ed. Bez p\u00f3z. Eva Mare\u0161ov\u00e1, 55let\u00e1 \u017eena, kter\u00e1 cel\u00fd \u017eivot st\u00e1la za kr\u00e1sou hollywoodsk\u00fdch hv\u011bzd, se jednoho dne rozhodla ud\u011blat krok, kter\u00fd p\u0159ekvapil cel\u00fd sv\u011bt.<\/p>\n\n\n\n<figure class=\"wp-block-image size-full\"><img loading=\"lazy\" decoding=\"async\" width=\"1024\" height=\"979\" src=\"https:\/\/erevanblog.am\/wp-content\/uploads\/2025\/07\/55555555-2.png\" alt=\"\" class=\"wp-image-10948\" srcset=\"https:\/\/erevanblog.am\/wp-content\/uploads\/2025\/07\/55555555-2.png 1024w, https:\/\/erevanblog.am\/wp-content\/uploads\/2025\/07\/55555555-2-300x287.png 300w, https:\/\/erevanblog.am\/wp-content\/uploads\/2025\/07\/55555555-2-768x734.png 768w\" sizes=\"auto, (max-width: 1024px) 100vw, 1024px\" \/><\/figure>\n\n\n\n<p>Znali ji ti nejv\u011bt\u0161\u00ed \u2013 here\u010dky, re\u017eis\u00e9\u0159i, stylist\u00e9. Ale ve\u0159ejnost? Ta nem\u011bla tu\u0161en\u00ed, kdo je. Eva byla tou tichou silou v z\u00e1kulis\u00ed, osobn\u00ed asistentkou, viz\u00e1\u017eistkou, poradkyn\u00ed, kter\u00e1 zdokonalovala ostatn\u00ed.<\/p>\n\n\n\n<p>A pak jednoho dne, ve sv\u00e9m mal\u00e9m byt\u011b na kraji Los Angeles, si nastavila telefon, posadila se ke sv\u011btlu z okna a stiskla spou\u0161\u0165. Bez l\u00ed\u010didel, bez sv\u011btel, jen ona sama. Realita, jak\u00e1 je.<\/p>\n\n\n\n<p>K fotografii napsala jedinou v\u011btu:<\/p>\n\n\n\n<p><strong>\u201e35 let jsem pom\u00e1hala ostatn\u00edm skr\u00fdvat realitu. Te\u010f ji ukazuji j\u00e1.\u201c<\/strong><\/p>\n\n\n\n<p>Za p\u00e1r hodin se jej\u00ed tv\u00e1\u0159 objevila na milionech obrazovek. Lid\u00e9 sd\u00edleli, komentovali, plakali. Nejv\u00edce ale reagovaly \u017eeny \u2013 ty, kter\u00e9 v Ev\u011b poznaly samy sebe. Bez dokonalosti, ale se silou.<\/p>\n\n\n\n<hr class=\"wp-block-separator has-alpha-channel-opacity\"\/>\n\n\n\n<p><strong>Odvaha \u0159\u00edct pravdu<\/strong><\/p>\n\n\n\n<p>M\u00e9dia ji za\u010dala zv\u00e1t do rozhovor\u016f, ptala se na d\u016fvody. Jej\u00ed odpov\u011b\u010f byla klidn\u00e1 a prost\u00e1:<\/p>\n\n\n\n<p><strong>\u201eNechci u\u017e b\u00fdt sou\u010d\u00e1st\u00ed iluze. Skute\u010dnost je svobodn\u00e1.\u201c<\/strong><\/p>\n\n\n\n<p>Eva se stala symbolem autenticity. Objevila se v dokumentu, sed\u011bla na pohovce slavn\u00e9ho talkshow a zdobila ob\u00e1lku magaz\u00ednu \u2013 bez jedin\u00e9 grafick\u00e9 \u00fapravy.<\/p>\n\n\n\n<hr class=\"wp-block-separator has-alpha-channel-opacity\"\/>\n\n\n\n<p><strong>Ne kr\u00e1sa, ale pravda<\/strong><\/p>\n\n\n\n<p>Dnes Eva \u0159\u00edk\u00e1, \u017ee nen\u00ed hrdinkou. Jen \u017eenou, kter\u00e1 se rozhodla b\u00fdt sama sebou. A to je mo\u017en\u00e1 to nejodv\u00e1\u017en\u011bj\u0161\u00ed, co \u010dlov\u011bk m\u016f\u017ee ud\u011blat.<\/p>\n\n\n\n<p>Na ulic\u00edch ji lid\u00e9 zastavuj\u00ed. Ne proto, \u017ee je slavn\u00e1. Ale proto\u017ee jim p\u0159ipom\u00edn\u00e1, \u017ee nen\u00ed t\u0159eba skr\u00fdvat, co je skute\u010dn\u00e9.<\/p>\n\n\n\n<p>Proto\u017ee n\u011bkdy sta\u010d\u00ed jen jeden up\u0159\u00edmn\u00fd pohled\u2026 aby zm\u011bnil sv\u011bt.<\/p>\n","protected":false},"excerpt":{"rendered":"<div class=\"mh-excerpt\"><p>Bez make-upu. Bez retu\u0161\u00ed. Bez p\u00f3z. Eva Mare\u0161ov\u00e1, 55let\u00e1 \u017eena, kter\u00e1 cel\u00fd \u017eivot st\u00e1la za kr\u00e1sou hollywoodsk\u00fdch hv\u011bzd, se jednoho dne rozhodla ud\u011blat krok, kter\u00fd <a class=\"mh-excerpt-more\" href=\"https:\/\/erevanblog.am\/?p=10947\" title=\"Skute\u010dn\u00e1 tv\u00e1\u0159 Evy Mare\u0161ov\u00e9: Jak jedna oby\u010dejn\u00e1 fotka zm\u011bnila v\u0161e\">[&#8230;]<\/a><\/p>\n<\/div>","protected":false},"author":1,"featured_media":10948,"comment_status":"open","ping_status":"open","sticky":false,"template":"","format":"standard","meta":{"footnotes":""},"categories":[1],"tags":[],"class_list":["post-10947","post","type-post","status-publish","format-standard","has-post-thumbnail","hentry","category-uncategorised"],"yoast_head":"<!-- This site is optimized with the Yoast SEO plugin v27.5 - https:\/\/yoast.com\/product\/yoast-seo-wordpress\/ -->\n<title>Skute\u010dn\u00e1 tv\u00e1\u0159 Evy Mare\u0161ov\u00e9: Jak jedna oby\u010dejn\u00e1 fotka zm\u011bnila v\u0161e -<\/title>\n<meta name=\"robots\" content=\"index, follow, max-snippet:-1, max-image-preview:large, max-video-preview:-1\" \/>\n<link rel=\"canonical\" href=\"https:\/\/erevanblog.am\/?p=10947\" \/>\n<meta property=\"og:locale\" content=\"en_US\" \/>\n<meta property=\"og:type\" content=\"article\" \/>\n<meta property=\"og:title\" content=\"Skute\u010dn\u00e1 tv\u00e1\u0159 Evy Mare\u0161ov\u00e9: Jak jedna oby\u010dejn\u00e1 fotka zm\u011bnila v\u0161e -\" \/>\n<meta property=\"og:description\" content=\"Bez make-upu. Bez retu\u0161\u00ed. Bez p\u00f3z. Eva Mare\u0161ov\u00e1, 55let\u00e1 \u017eena, kter\u00e1 cel\u00fd \u017eivot st\u00e1la za kr\u00e1sou hollywoodsk\u00fdch hv\u011bzd, se jednoho dne rozhodla ud\u011blat krok, kter\u00fd [...]\" \/>\n<meta property=\"og:url\" content=\"https:\/\/erevanblog.am\/?p=10947\" \/>\n<meta property=\"article:published_time\" content=\"2025-07-20T20:08:04+00:00\" \/>\n<meta property=\"article:modified_time\" content=\"2025-07-20T20:08:05+00:00\" \/>\n<meta property=\"og:image\" content=\"http:\/\/erevanblog.am\/wp-content\/uploads\/2025\/07\/55555555-2.png\" \/>\n\t<meta property=\"og:image:width\" content=\"1024\" \/>\n\t<meta property=\"og:image:height\" content=\"979\" \/>\n\t<meta property=\"og:image:type\" content=\"image\/png\" \/>\n<meta name=\"author\" content=\"erevanblog_a\" \/>\n<meta name=\"twitter:card\" content=\"summary_large_image\" \/>\n<meta name=\"twitter:label1\" content=\"Written by\" \/>\n\t<meta name=\"twitter:data1\" content=\"erevanblog_a\" \/>\n\t<meta name=\"twitter:label2\" content=\"Est. reading time\" \/>\n\t<meta name=\"twitter:data2\" content=\"2 minutes\" \/>\n<script type=\"application\/ld+json\" class=\"yoast-schema-graph\">{\"@context\":\"https:\\\/\\\/schema.org\",\"@graph\":[{\"@type\":\"Article\",\"@id\":\"https:\\\/\\\/erevanblog.am\\\/?p=10947#article\",\"isPartOf\":{\"@id\":\"https:\\\/\\\/erevanblog.am\\\/?p=10947\"},\"author\":{\"name\":\"erevanblog_a\",\"@id\":\"https:\\\/\\\/erevanblog.am\\\/#\\\/schema\\\/person\\\/204f10311eb7ddb8914a5ab3e5f03928\"},\"headline\":\"Skute\u010dn\u00e1 tv\u00e1\u0159 Evy Mare\u0161ov\u00e9: Jak jedna oby\u010dejn\u00e1 fotka zm\u011bnila v\u0161e\",\"datePublished\":\"2025-07-20T20:08:04+00:00\",\"dateModified\":\"2025-07-20T20:08:05+00:00\",\"mainEntityOfPage\":{\"@id\":\"https:\\\/\\\/erevanblog.am\\\/?p=10947\"},\"wordCount\":319,\"commentCount\":0,\"image\":{\"@id\":\"https:\\\/\\\/erevanblog.am\\\/?p=10947#primaryimage\"},\"thumbnailUrl\":\"https:\\\/\\\/erevanblog.am\\\/wp-content\\\/uploads\\\/2025\\\/07\\\/55555555-2.png\",\"articleSection\":[\"NEWS\"],\"inLanguage\":\"en-US\",\"potentialAction\":[{\"@type\":\"CommentAction\",\"name\":\"Comment\",\"target\":[\"https:\\\/\\\/erevanblog.am\\\/?p=10947#respond\"]}]},{\"@type\":\"WebPage\",\"@id\":\"https:\\\/\\\/erevanblog.am\\\/?p=10947\",\"url\":\"https:\\\/\\\/erevanblog.am\\\/?p=10947\",\"name\":\"Skute\u010dn\u00e1 tv\u00e1\u0159 Evy Mare\u0161ov\u00e9: Jak jedna oby\u010dejn\u00e1 fotka zm\u011bnila v\u0161e -\",\"isPartOf\":{\"@id\":\"https:\\\/\\\/erevanblog.am\\\/#website\"},\"primaryImageOfPage\":{\"@id\":\"https:\\\/\\\/erevanblog.am\\\/?p=10947#primaryimage\"},\"image\":{\"@id\":\"https:\\\/\\\/erevanblog.am\\\/?p=10947#primaryimage\"},\"thumbnailUrl\":\"https:\\\/\\\/erevanblog.am\\\/wp-content\\\/uploads\\\/2025\\\/07\\\/55555555-2.png\",\"datePublished\":\"2025-07-20T20:08:04+00:00\",\"dateModified\":\"2025-07-20T20:08:05+00:00\",\"author\":{\"@id\":\"https:\\\/\\\/erevanblog.am\\\/#\\\/schema\\\/person\\\/204f10311eb7ddb8914a5ab3e5f03928\"},\"breadcrumb\":{\"@id\":\"https:\\\/\\\/erevanblog.am\\\/?p=10947#breadcrumb\"},\"inLanguage\":\"en-US\",\"potentialAction\":[{\"@type\":\"ReadAction\",\"target\":[\"https:\\\/\\\/erevanblog.am\\\/?p=10947\"]}]},{\"@type\":\"ImageObject\",\"inLanguage\":\"en-US\",\"@id\":\"https:\\\/\\\/erevanblog.am\\\/?p=10947#primaryimage\",\"url\":\"https:\\\/\\\/erevanblog.am\\\/wp-content\\\/uploads\\\/2025\\\/07\\\/55555555-2.png\",\"contentUrl\":\"https:\\\/\\\/erevanblog.am\\\/wp-content\\\/uploads\\\/2025\\\/07\\\/55555555-2.png\",\"width\":1024,\"height\":979},{\"@type\":\"BreadcrumbList\",\"@id\":\"https:\\\/\\\/erevanblog.am\\\/?p=10947#breadcrumb\",\"itemListElement\":[{\"@type\":\"ListItem\",\"position\":1,\"name\":\"Home\",\"item\":\"https:\\\/\\\/erevanblog.am\\\/\"},{\"@type\":\"ListItem\",\"position\":2,\"name\":\"Skute\u010dn\u00e1 tv\u00e1\u0159 Evy Mare\u0161ov\u00e9: Jak jedna oby\u010dejn\u00e1 fotka zm\u011bnila v\u0161e\"}]},{\"@type\":\"WebSite\",\"@id\":\"https:\\\/\\\/erevanblog.am\\\/#website\",\"url\":\"https:\\\/\\\/erevanblog.am\\\/\",\"name\":\"\",\"description\":\"\",\"potentialAction\":[{\"@type\":\"SearchAction\",\"target\":{\"@type\":\"EntryPoint\",\"urlTemplate\":\"https:\\\/\\\/erevanblog.am\\\/?s={search_term_string}\"},\"query-input\":{\"@type\":\"PropertyValueSpecification\",\"valueRequired\":true,\"valueName\":\"search_term_string\"}}],\"inLanguage\":\"en-US\"},{\"@type\":\"Person\",\"@id\":\"https:\\\/\\\/erevanblog.am\\\/#\\\/schema\\\/person\\\/204f10311eb7ddb8914a5ab3e5f03928\",\"name\":\"erevanblog_a\",\"image\":{\"@type\":\"ImageObject\",\"inLanguage\":\"en-US\",\"@id\":\"https:\\\/\\\/secure.gravatar.com\\\/avatar\\\/a24f4ac3a683f3c87303db525abc00db51ea26ccedee11dfaf1cc0f9a481a5d2?s=96&d=mm&r=g\",\"url\":\"https:\\\/\\\/secure.gravatar.com\\\/avatar\\\/a24f4ac3a683f3c87303db525abc00db51ea26ccedee11dfaf1cc0f9a481a5d2?s=96&d=mm&r=g\",\"contentUrl\":\"https:\\\/\\\/secure.gravatar.com\\\/avatar\\\/a24f4ac3a683f3c87303db525abc00db51ea26ccedee11dfaf1cc0f9a481a5d2?s=96&d=mm&r=g\",\"caption\":\"erevanblog_a\"},\"sameAs\":[\"http:\\\/\\\/erevanblog.am\"],\"url\":\"https:\\\/\\\/erevanblog.am\\\/?author=1\"}]}<\/script>\n<!-- \/ Yoast SEO plugin. -->","yoast_head_json":{"title":"Skute\u010dn\u00e1 tv\u00e1\u0159 Evy Mare\u0161ov\u00e9: Jak jedna oby\u010dejn\u00e1 fotka zm\u011bnila v\u0161e -","robots":{"index":"index","follow":"follow","max-snippet":"max-snippet:-1","max-image-preview":"max-image-preview:large","max-video-preview":"max-video-preview:-1"},"canonical":"https:\/\/erevanblog.am\/?p=10947","og_locale":"en_US","og_type":"article","og_title":"Skute\u010dn\u00e1 tv\u00e1\u0159 Evy Mare\u0161ov\u00e9: Jak jedna oby\u010dejn\u00e1 fotka zm\u011bnila v\u0161e -","og_description":"Bez make-upu. Bez retu\u0161\u00ed. Bez p\u00f3z. Eva Mare\u0161ov\u00e1, 55let\u00e1 \u017eena, kter\u00e1 cel\u00fd \u017eivot st\u00e1la za kr\u00e1sou hollywoodsk\u00fdch hv\u011bzd, se jednoho dne rozhodla ud\u011blat krok, kter\u00fd [...]","og_url":"https:\/\/erevanblog.am\/?p=10947","article_published_time":"2025-07-20T20:08:04+00:00","article_modified_time":"2025-07-20T20:08:05+00:00","og_image":[{"width":1024,"height":979,"url":"http:\/\/erevanblog.am\/wp-content\/uploads\/2025\/07\/55555555-2.png","type":"image\/png"}],"author":"erevanblog_a","twitter_card":"summary_large_image","twitter_misc":{"Written by":"erevanblog_a","Est. reading time":"2 minutes"},"schema":{"@context":"https:\/\/schema.org","@graph":[{"@type":"Article","@id":"https:\/\/erevanblog.am\/?p=10947#article","isPartOf":{"@id":"https:\/\/erevanblog.am\/?p=10947"},"author":{"name":"erevanblog_a","@id":"https:\/\/erevanblog.am\/#\/schema\/person\/204f10311eb7ddb8914a5ab3e5f03928"},"headline":"Skute\u010dn\u00e1 tv\u00e1\u0159 Evy Mare\u0161ov\u00e9: Jak jedna oby\u010dejn\u00e1 fotka zm\u011bnila v\u0161e","datePublished":"2025-07-20T20:08:04+00:00","dateModified":"2025-07-20T20:08:05+00:00","mainEntityOfPage":{"@id":"https:\/\/erevanblog.am\/?p=10947"},"wordCount":319,"commentCount":0,"image":{"@id":"https:\/\/erevanblog.am\/?p=10947#primaryimage"},"thumbnailUrl":"https:\/\/erevanblog.am\/wp-content\/uploads\/2025\/07\/55555555-2.png","articleSection":["NEWS"],"inLanguage":"en-US","potentialAction":[{"@type":"CommentAction","name":"Comment","target":["https:\/\/erevanblog.am\/?p=10947#respond"]}]},{"@type":"WebPage","@id":"https:\/\/erevanblog.am\/?p=10947","url":"https:\/\/erevanblog.am\/?p=10947","name":"Skute\u010dn\u00e1 tv\u00e1\u0159 Evy Mare\u0161ov\u00e9: Jak jedna oby\u010dejn\u00e1 fotka zm\u011bnila v\u0161e -","isPartOf":{"@id":"https:\/\/erevanblog.am\/#website"},"primaryImageOfPage":{"@id":"https:\/\/erevanblog.am\/?p=10947#primaryimage"},"image":{"@id":"https:\/\/erevanblog.am\/?p=10947#primaryimage"},"thumbnailUrl":"https:\/\/erevanblog.am\/wp-content\/uploads\/2025\/07\/55555555-2.png","datePublished":"2025-07-20T20:08:04+00:00","dateModified":"2025-07-20T20:08:05+00:00","author":{"@id":"https:\/\/erevanblog.am\/#\/schema\/person\/204f10311eb7ddb8914a5ab3e5f03928"},"breadcrumb":{"@id":"https:\/\/erevanblog.am\/?p=10947#breadcrumb"},"inLanguage":"en-US","potentialAction":[{"@type":"ReadAction","target":["https:\/\/erevanblog.am\/?p=10947"]}]},{"@type":"ImageObject","inLanguage":"en-US","@id":"https:\/\/erevanblog.am\/?p=10947#primaryimage","url":"https:\/\/erevanblog.am\/wp-content\/uploads\/2025\/07\/55555555-2.png","contentUrl":"https:\/\/erevanblog.am\/wp-content\/uploads\/2025\/07\/55555555-2.png","width":1024,"height":979},{"@type":"BreadcrumbList","@id":"https:\/\/erevanblog.am\/?p=10947#breadcrumb","itemListElement":[{"@type":"ListItem","position":1,"name":"Home","item":"https:\/\/erevanblog.am\/"},{"@type":"ListItem","position":2,"name":"Skute\u010dn\u00e1 tv\u00e1\u0159 Evy Mare\u0161ov\u00e9: Jak jedna oby\u010dejn\u00e1 fotka zm\u011bnila v\u0161e"}]},{"@type":"WebSite","@id":"https:\/\/erevanblog.am\/#website","url":"https:\/\/erevanblog.am\/","name":"","description":"","potentialAction":[{"@type":"SearchAction","target":{"@type":"EntryPoint","urlTemplate":"https:\/\/erevanblog.am\/?s={search_term_string}"},"query-input":{"@type":"PropertyValueSpecification","valueRequired":true,"valueName":"search_term_string"}}],"inLanguage":"en-US"},{"@type":"Person","@id":"https:\/\/erevanblog.am\/#\/schema\/person\/204f10311eb7ddb8914a5ab3e5f03928","name":"erevanblog_a","image":{"@type":"ImageObject","inLanguage":"en-US","@id":"https:\/\/secure.gravatar.com\/avatar\/a24f4ac3a683f3c87303db525abc00db51ea26ccedee11dfaf1cc0f9a481a5d2?s=96&d=mm&r=g","url":"https:\/\/secure.gravatar.com\/avatar\/a24f4ac3a683f3c87303db525abc00db51ea26ccedee11dfaf1cc0f9a481a5d2?s=96&d=mm&r=g","contentUrl":"https:\/\/secure.gravatar.com\/avatar\/a24f4ac3a683f3c87303db525abc00db51ea26ccedee11dfaf1cc0f9a481a5d2?s=96&d=mm&r=g","caption":"erevanblog_a"},"sameAs":["http:\/\/erevanblog.am"],"url":"https:\/\/erevanblog.am\/?author=1"}]}},"views":280,"_links":{"self":[{"href":"https:\/\/erevanblog.am\/index.php?rest_route=\/wp\/v2\/posts\/10947","targetHints":{"allow":["GET"]}}],"collection":[{"href":"https:\/\/erevanblog.am\/index.php?rest_route=\/wp\/v2\/posts"}],"about":[{"href":"https:\/\/erevanblog.am\/index.php?rest_route=\/wp\/v2\/types\/post"}],"author":[{"embeddable":true,"href":"https:\/\/erevanblog.am\/index.php?rest_route=\/wp\/v2\/users\/1"}],"replies":[{"embeddable":true,"href":"https:\/\/erevanblog.am\/index.php?rest_route=%2Fwp%2Fv2%2Fcomments&post=10947"}],"version-history":[{"count":1,"href":"https:\/\/erevanblog.am\/index.php?rest_route=\/wp\/v2\/posts\/10947\/revisions"}],"predecessor-version":[{"id":10949,"href":"https:\/\/erevanblog.am\/index.php?rest_route=\/wp\/v2\/posts\/10947\/revisions\/10949"}],"wp:featuredmedia":[{"embeddable":true,"href":"https:\/\/erevanblog.am\/index.php?rest_route=\/wp\/v2\/media\/10948"}],"wp:attachment":[{"href":"https:\/\/erevanblog.am\/index.php?rest_route=%2Fwp%2Fv2%2Fmedia&parent=10947"}],"wp:term":[{"taxonomy":"category","embeddable":true,"href":"https:\/\/erevanblog.am\/index.php?rest_route=%2Fwp%2Fv2%2Fcategories&post=10947"},{"taxonomy":"post_tag","embeddable":true,"href":"https:\/\/erevanblog.am\/index.php?rest_route=%2Fwp%2Fv2%2Ftags&post=10947"}],"curies":[{"name":"wp","href":"https:\/\/api.w.org\/{rel}","templated":true}]}}