{"id":10950,"date":"2025-07-21T06:46:30","date_gmt":"2025-07-21T05:46:30","guid":{"rendered":"https:\/\/erevanblog.am\/?p=10950"},"modified":"2025-07-21T06:46:32","modified_gmt":"2025-07-21T05:46:32","slug":"ponizil-svou-manzelku-na-voziku-kvuli-tehotne-milence-jeji-odpoved-sokovala-uplne-vsechny","status":"publish","type":"post","link":"https:\/\/erevanblog.am\/?p=10950","title":{"rendered":"Pon\u00ed\u017eil svou man\u017eelku na voz\u00edku kv\u016fli t\u011bhotn\u00e9 milence. Jej\u00ed odpov\u011b\u010f \u0161okovala \u00fapln\u011b v\u0161echny"},"content":{"rendered":"\n<p>Petra a Tom\u00e1\u0161 byli man\u017eel\u00e9 t\u00e9m\u011b\u0159 deset let. V\u0161echno se zm\u011bnilo jednoho de\u0161tiv\u00e9ho ve\u010dera, kdy Petra po v\u00e1\u017en\u00e9 autonehod\u011b skon\u010dila na invalidn\u00edm voz\u00edku. P\u0159i\u0161la o mo\u017enost chodit, ale nikdy neztratila nad\u011bji, laskavost ani l\u00e1sku k \u017eivotu \u2013 a k Tom\u00e1\u0161ovi.<\/p>\n\n\n\n<figure class=\"wp-block-image size-full\"><img loading=\"lazy\" decoding=\"async\" width=\"752\" height=\"440\" src=\"https:\/\/erevanblog.am\/wp-content\/uploads\/2025\/07\/image-25.png\" alt=\"\" class=\"wp-image-10951\" srcset=\"https:\/\/erevanblog.am\/wp-content\/uploads\/2025\/07\/image-25.png 752w, https:\/\/erevanblog.am\/wp-content\/uploads\/2025\/07\/image-25-300x176.png 300w\" sizes=\"auto, (max-width: 752px) 100vw, 752px\" \/><\/figure>\n\n\n\n<p>Zpo\u010d\u00e1tku v\u011b\u0159ila, \u017ee jeho odta\u017eitost je jen d\u016fsledkem stresu. Ale pak to p\u0159i\u0161lo. Jednoho dne se p\u0159iznal: m\u00e1 milenku. Mladou kolegyni z pr\u00e1ce. A \u010dekaj\u00ed spolu d\u00edt\u011b.<\/p>\n\n\n\n<p>\u201eChci d\u00edt\u011b, Petro. Norm\u00e1ln\u00ed \u017eivot. Ne tohle\u2026,\u201c \u0159ekl bez emoc\u00ed.<\/p>\n\n\n\n<p>Pet\u0159e se v tu chv\u00edli zhroutil cel\u00fd sv\u011bt. Ale neprosila. Neplakala. Jen se pod\u00edvala na mu\u017ee, kter\u00e9ho kdysi milovala, a klidn\u011b \u0159ekla:<br>\u201eDob\u0159e. Odejdi. Ale pamatuj si, \u017ee jsi pr\u00e1v\u011b ztratil \u017eenu, kterou u\u017e ti \u017e\u00e1dn\u00e1 jin\u00e1 nenahrad\u00ed.\u201c<\/p>\n\n\n\n<p>A m\u00edsto aby se zlomila, povstala.<\/p>\n\n\n\n<p>Za\u010dala ps\u00e1t blog. Sd\u00edlela sv\u016fj p\u0159\u00edb\u011bh \u2013 o bolesti, ale i o s\u00edle. O \u017eivot\u011b s posti\u017een\u00edm, o zrad\u011b, o cest\u011b zp\u011bt k sob\u011b sam\u00e9. Jej\u00ed p\u0159\u00edb\u011bhy se staly vir\u00e1ln\u00ed. Lid\u00e9 j\u00ed psali, m\u00e9dia ji zvala na rozhovory. Stala se inspirac\u00ed pro tis\u00edce \u017een.<\/p>\n\n\n\n<p>Tom\u00e1\u0161 mezit\u00edm poznal tvrdou realitu. Nov\u00fd \u017eivot nebyl tak r\u016f\u017eov\u00fd, jak si p\u0159edstavoval. Neust\u00e1l\u00e9 h\u00e1dky, pr\u00e1zdno, nespokojenost. A pak uvid\u011bl Petru na tituln\u00ed stran\u011b \u010dasopisu \u2013 z\u00e1\u0159\u00edc\u00ed, silnou, nep\u0159ehl\u00e9dnutelnou.<\/p>\n\n\n\n<p>Napsal j\u00ed zpr\u00e1vu:<br>\u201eMrz\u00ed m\u011b to. Byl jsem blbec. Chyb\u00ed\u0161 mi.\u201c<\/p>\n\n\n\n<p>Odpov\u011b\u010f p\u0159i\u0161la stru\u010dn\u011b, jasn\u011b a nekompromisn\u011b:<br>\u201eNe, Tom\u00e1\u0161i. Nechyb\u00edm ti j\u00e1. Chyb\u00ed ti ta \u017eena, kterou jsi zni\u010dil. Ale ta u\u017e neexistuje. A tahle nov\u00e1 \u2013 ta t\u011b u\u017e d\u00e1vno nepot\u0159ebuje.\u201c<\/p>\n","protected":false},"excerpt":{"rendered":"<div class=\"mh-excerpt\"><p>Petra a Tom\u00e1\u0161 byli man\u017eel\u00e9 t\u00e9m\u011b\u0159 deset let. V\u0161echno se zm\u011bnilo jednoho de\u0161tiv\u00e9ho ve\u010dera, kdy Petra po v\u00e1\u017en\u00e9 autonehod\u011b skon\u010dila na invalidn\u00edm voz\u00edku. P\u0159i\u0161la o <a class=\"mh-excerpt-more\" href=\"https:\/\/erevanblog.am\/?p=10950\" title=\"Pon\u00ed\u017eil svou man\u017eelku na voz\u00edku kv\u016fli t\u011bhotn\u00e9 milence. Jej\u00ed odpov\u011b\u010f \u0161okovala \u00fapln\u011b v\u0161echny\">[&#8230;]<\/a><\/p>\n<\/div>","protected":false},"author":1,"featured_media":10951,"comment_status":"open","ping_status":"open","sticky":false,"template":"","format":"standard","meta":{"footnotes":""},"categories":[1],"tags":[],"class_list":["post-10950","post","type-post","status-publish","format-standard","has-post-thumbnail","hentry","category-uncategorised"],"yoast_head":"<!-- This site is optimized with the Yoast SEO plugin v27.5 - https:\/\/yoast.com\/product\/yoast-seo-wordpress\/ -->\n<title>Pon\u00ed\u017eil svou man\u017eelku na voz\u00edku kv\u016fli t\u011bhotn\u00e9 milence. Jej\u00ed odpov\u011b\u010f \u0161okovala \u00fapln\u011b v\u0161echny -<\/title>\n<meta name=\"robots\" content=\"index, follow, max-snippet:-1, max-image-preview:large, max-video-preview:-1\" \/>\n<link rel=\"canonical\" href=\"https:\/\/erevanblog.am\/?p=10950\" \/>\n<meta property=\"og:locale\" content=\"en_US\" \/>\n<meta property=\"og:type\" content=\"article\" \/>\n<meta property=\"og:title\" content=\"Pon\u00ed\u017eil svou man\u017eelku na voz\u00edku kv\u016fli t\u011bhotn\u00e9 milence. Jej\u00ed odpov\u011b\u010f \u0161okovala \u00fapln\u011b v\u0161echny -\" \/>\n<meta property=\"og:description\" content=\"Petra a Tom\u00e1\u0161 byli man\u017eel\u00e9 t\u00e9m\u011b\u0159 deset let. V\u0161echno se zm\u011bnilo jednoho de\u0161tiv\u00e9ho ve\u010dera, kdy Petra po v\u00e1\u017en\u00e9 autonehod\u011b skon\u010dila na invalidn\u00edm voz\u00edku. P\u0159i\u0161la o [...]\" \/>\n<meta property=\"og:url\" content=\"https:\/\/erevanblog.am\/?p=10950\" \/>\n<meta property=\"article:published_time\" content=\"2025-07-21T05:46:30+00:00\" \/>\n<meta property=\"article:modified_time\" content=\"2025-07-21T05:46:32+00:00\" \/>\n<meta property=\"og:image\" content=\"http:\/\/erevanblog.am\/wp-content\/uploads\/2025\/07\/image-25.png\" \/>\n\t<meta property=\"og:image:width\" content=\"752\" \/>\n\t<meta property=\"og:image:height\" content=\"440\" \/>\n\t<meta property=\"og:image:type\" content=\"image\/png\" \/>\n<meta name=\"author\" content=\"erevanblog_a\" \/>\n<meta name=\"twitter:card\" content=\"summary_large_image\" \/>\n<meta name=\"twitter:label1\" content=\"Written by\" \/>\n\t<meta name=\"twitter:data1\" content=\"erevanblog_a\" \/>\n\t<meta name=\"twitter:label2\" content=\"Est. reading time\" \/>\n\t<meta name=\"twitter:data2\" content=\"2 minutes\" \/>\n<script type=\"application\/ld+json\" class=\"yoast-schema-graph\">{\"@context\":\"https:\\\/\\\/schema.org\",\"@graph\":[{\"@type\":\"Article\",\"@id\":\"https:\\\/\\\/erevanblog.am\\\/?p=10950#article\",\"isPartOf\":{\"@id\":\"https:\\\/\\\/erevanblog.am\\\/?p=10950\"},\"author\":{\"name\":\"erevanblog_a\",\"@id\":\"https:\\\/\\\/erevanblog.am\\\/#\\\/schema\\\/person\\\/204f10311eb7ddb8914a5ab3e5f03928\"},\"headline\":\"Pon\u00ed\u017eil svou man\u017eelku na voz\u00edku kv\u016fli t\u011bhotn\u00e9 milence. Jej\u00ed odpov\u011b\u010f \u0161okovala \u00fapln\u011b v\u0161echny\",\"datePublished\":\"2025-07-21T05:46:30+00:00\",\"dateModified\":\"2025-07-21T05:46:32+00:00\",\"mainEntityOfPage\":{\"@id\":\"https:\\\/\\\/erevanblog.am\\\/?p=10950\"},\"wordCount\":322,\"commentCount\":0,\"image\":{\"@id\":\"https:\\\/\\\/erevanblog.am\\\/?p=10950#primaryimage\"},\"thumbnailUrl\":\"https:\\\/\\\/erevanblog.am\\\/wp-content\\\/uploads\\\/2025\\\/07\\\/image-25.png\",\"articleSection\":[\"NEWS\"],\"inLanguage\":\"en-US\",\"potentialAction\":[{\"@type\":\"CommentAction\",\"name\":\"Comment\",\"target\":[\"https:\\\/\\\/erevanblog.am\\\/?p=10950#respond\"]}]},{\"@type\":\"WebPage\",\"@id\":\"https:\\\/\\\/erevanblog.am\\\/?p=10950\",\"url\":\"https:\\\/\\\/erevanblog.am\\\/?p=10950\",\"name\":\"Pon\u00ed\u017eil svou man\u017eelku na voz\u00edku kv\u016fli t\u011bhotn\u00e9 milence. Jej\u00ed odpov\u011b\u010f \u0161okovala \u00fapln\u011b v\u0161echny -\",\"isPartOf\":{\"@id\":\"https:\\\/\\\/erevanblog.am\\\/#website\"},\"primaryImageOfPage\":{\"@id\":\"https:\\\/\\\/erevanblog.am\\\/?p=10950#primaryimage\"},\"image\":{\"@id\":\"https:\\\/\\\/erevanblog.am\\\/?p=10950#primaryimage\"},\"thumbnailUrl\":\"https:\\\/\\\/erevanblog.am\\\/wp-content\\\/uploads\\\/2025\\\/07\\\/image-25.png\",\"datePublished\":\"2025-07-21T05:46:30+00:00\",\"dateModified\":\"2025-07-21T05:46:32+00:00\",\"author\":{\"@id\":\"https:\\\/\\\/erevanblog.am\\\/#\\\/schema\\\/person\\\/204f10311eb7ddb8914a5ab3e5f03928\"},\"breadcrumb\":{\"@id\":\"https:\\\/\\\/erevanblog.am\\\/?p=10950#breadcrumb\"},\"inLanguage\":\"en-US\",\"potentialAction\":[{\"@type\":\"ReadAction\",\"target\":[\"https:\\\/\\\/erevanblog.am\\\/?p=10950\"]}]},{\"@type\":\"ImageObject\",\"inLanguage\":\"en-US\",\"@id\":\"https:\\\/\\\/erevanblog.am\\\/?p=10950#primaryimage\",\"url\":\"https:\\\/\\\/erevanblog.am\\\/wp-content\\\/uploads\\\/2025\\\/07\\\/image-25.png\",\"contentUrl\":\"https:\\\/\\\/erevanblog.am\\\/wp-content\\\/uploads\\\/2025\\\/07\\\/image-25.png\",\"width\":752,\"height\":440},{\"@type\":\"BreadcrumbList\",\"@id\":\"https:\\\/\\\/erevanblog.am\\\/?p=10950#breadcrumb\",\"itemListElement\":[{\"@type\":\"ListItem\",\"position\":1,\"name\":\"Home\",\"item\":\"https:\\\/\\\/erevanblog.am\\\/\"},{\"@type\":\"ListItem\",\"position\":2,\"name\":\"Pon\u00ed\u017eil svou man\u017eelku na voz\u00edku kv\u016fli t\u011bhotn\u00e9 milence. Jej\u00ed odpov\u011b\u010f \u0161okovala \u00fapln\u011b v\u0161echny\"}]},{\"@type\":\"WebSite\",\"@id\":\"https:\\\/\\\/erevanblog.am\\\/#website\",\"url\":\"https:\\\/\\\/erevanblog.am\\\/\",\"name\":\"\",\"description\":\"\",\"potentialAction\":[{\"@type\":\"SearchAction\",\"target\":{\"@type\":\"EntryPoint\",\"urlTemplate\":\"https:\\\/\\\/erevanblog.am\\\/?s={search_term_string}\"},\"query-input\":{\"@type\":\"PropertyValueSpecification\",\"valueRequired\":true,\"valueName\":\"search_term_string\"}}],\"inLanguage\":\"en-US\"},{\"@type\":\"Person\",\"@id\":\"https:\\\/\\\/erevanblog.am\\\/#\\\/schema\\\/person\\\/204f10311eb7ddb8914a5ab3e5f03928\",\"name\":\"erevanblog_a\",\"image\":{\"@type\":\"ImageObject\",\"inLanguage\":\"en-US\",\"@id\":\"https:\\\/\\\/secure.gravatar.com\\\/avatar\\\/a24f4ac3a683f3c87303db525abc00db51ea26ccedee11dfaf1cc0f9a481a5d2?s=96&d=mm&r=g\",\"url\":\"https:\\\/\\\/secure.gravatar.com\\\/avatar\\\/a24f4ac3a683f3c87303db525abc00db51ea26ccedee11dfaf1cc0f9a481a5d2?s=96&d=mm&r=g\",\"contentUrl\":\"https:\\\/\\\/secure.gravatar.com\\\/avatar\\\/a24f4ac3a683f3c87303db525abc00db51ea26ccedee11dfaf1cc0f9a481a5d2?s=96&d=mm&r=g\",\"caption\":\"erevanblog_a\"},\"sameAs\":[\"http:\\\/\\\/erevanblog.am\"],\"url\":\"https:\\\/\\\/erevanblog.am\\\/?author=1\"}]}<\/script>\n<!-- \/ Yoast SEO plugin. -->","yoast_head_json":{"title":"Pon\u00ed\u017eil svou man\u017eelku na voz\u00edku kv\u016fli t\u011bhotn\u00e9 milence. Jej\u00ed odpov\u011b\u010f \u0161okovala \u00fapln\u011b v\u0161echny -","robots":{"index":"index","follow":"follow","max-snippet":"max-snippet:-1","max-image-preview":"max-image-preview:large","max-video-preview":"max-video-preview:-1"},"canonical":"https:\/\/erevanblog.am\/?p=10950","og_locale":"en_US","og_type":"article","og_title":"Pon\u00ed\u017eil svou man\u017eelku na voz\u00edku kv\u016fli t\u011bhotn\u00e9 milence. Jej\u00ed odpov\u011b\u010f \u0161okovala \u00fapln\u011b v\u0161echny -","og_description":"Petra a Tom\u00e1\u0161 byli man\u017eel\u00e9 t\u00e9m\u011b\u0159 deset let. V\u0161echno se zm\u011bnilo jednoho de\u0161tiv\u00e9ho ve\u010dera, kdy Petra po v\u00e1\u017en\u00e9 autonehod\u011b skon\u010dila na invalidn\u00edm voz\u00edku. P\u0159i\u0161la o [...]","og_url":"https:\/\/erevanblog.am\/?p=10950","article_published_time":"2025-07-21T05:46:30+00:00","article_modified_time":"2025-07-21T05:46:32+00:00","og_image":[{"width":752,"height":440,"url":"http:\/\/erevanblog.am\/wp-content\/uploads\/2025\/07\/image-25.png","type":"image\/png"}],"author":"erevanblog_a","twitter_card":"summary_large_image","twitter_misc":{"Written by":"erevanblog_a","Est. reading time":"2 minutes"},"schema":{"@context":"https:\/\/schema.org","@graph":[{"@type":"Article","@id":"https:\/\/erevanblog.am\/?p=10950#article","isPartOf":{"@id":"https:\/\/erevanblog.am\/?p=10950"},"author":{"name":"erevanblog_a","@id":"https:\/\/erevanblog.am\/#\/schema\/person\/204f10311eb7ddb8914a5ab3e5f03928"},"headline":"Pon\u00ed\u017eil svou man\u017eelku na voz\u00edku kv\u016fli t\u011bhotn\u00e9 milence. Jej\u00ed odpov\u011b\u010f \u0161okovala \u00fapln\u011b v\u0161echny","datePublished":"2025-07-21T05:46:30+00:00","dateModified":"2025-07-21T05:46:32+00:00","mainEntityOfPage":{"@id":"https:\/\/erevanblog.am\/?p=10950"},"wordCount":322,"commentCount":0,"image":{"@id":"https:\/\/erevanblog.am\/?p=10950#primaryimage"},"thumbnailUrl":"https:\/\/erevanblog.am\/wp-content\/uploads\/2025\/07\/image-25.png","articleSection":["NEWS"],"inLanguage":"en-US","potentialAction":[{"@type":"CommentAction","name":"Comment","target":["https:\/\/erevanblog.am\/?p=10950#respond"]}]},{"@type":"WebPage","@id":"https:\/\/erevanblog.am\/?p=10950","url":"https:\/\/erevanblog.am\/?p=10950","name":"Pon\u00ed\u017eil svou man\u017eelku na voz\u00edku kv\u016fli t\u011bhotn\u00e9 milence. Jej\u00ed odpov\u011b\u010f \u0161okovala \u00fapln\u011b v\u0161echny -","isPartOf":{"@id":"https:\/\/erevanblog.am\/#website"},"primaryImageOfPage":{"@id":"https:\/\/erevanblog.am\/?p=10950#primaryimage"},"image":{"@id":"https:\/\/erevanblog.am\/?p=10950#primaryimage"},"thumbnailUrl":"https:\/\/erevanblog.am\/wp-content\/uploads\/2025\/07\/image-25.png","datePublished":"2025-07-21T05:46:30+00:00","dateModified":"2025-07-21T05:46:32+00:00","author":{"@id":"https:\/\/erevanblog.am\/#\/schema\/person\/204f10311eb7ddb8914a5ab3e5f03928"},"breadcrumb":{"@id":"https:\/\/erevanblog.am\/?p=10950#breadcrumb"},"inLanguage":"en-US","potentialAction":[{"@type":"ReadAction","target":["https:\/\/erevanblog.am\/?p=10950"]}]},{"@type":"ImageObject","inLanguage":"en-US","@id":"https:\/\/erevanblog.am\/?p=10950#primaryimage","url":"https:\/\/erevanblog.am\/wp-content\/uploads\/2025\/07\/image-25.png","contentUrl":"https:\/\/erevanblog.am\/wp-content\/uploads\/2025\/07\/image-25.png","width":752,"height":440},{"@type":"BreadcrumbList","@id":"https:\/\/erevanblog.am\/?p=10950#breadcrumb","itemListElement":[{"@type":"ListItem","position":1,"name":"Home","item":"https:\/\/erevanblog.am\/"},{"@type":"ListItem","position":2,"name":"Pon\u00ed\u017eil svou man\u017eelku na voz\u00edku kv\u016fli t\u011bhotn\u00e9 milence. Jej\u00ed odpov\u011b\u010f \u0161okovala \u00fapln\u011b v\u0161echny"}]},{"@type":"WebSite","@id":"https:\/\/erevanblog.am\/#website","url":"https:\/\/erevanblog.am\/","name":"","description":"","potentialAction":[{"@type":"SearchAction","target":{"@type":"EntryPoint","urlTemplate":"https:\/\/erevanblog.am\/?s={search_term_string}"},"query-input":{"@type":"PropertyValueSpecification","valueRequired":true,"valueName":"search_term_string"}}],"inLanguage":"en-US"},{"@type":"Person","@id":"https:\/\/erevanblog.am\/#\/schema\/person\/204f10311eb7ddb8914a5ab3e5f03928","name":"erevanblog_a","image":{"@type":"ImageObject","inLanguage":"en-US","@id":"https:\/\/secure.gravatar.com\/avatar\/a24f4ac3a683f3c87303db525abc00db51ea26ccedee11dfaf1cc0f9a481a5d2?s=96&d=mm&r=g","url":"https:\/\/secure.gravatar.com\/avatar\/a24f4ac3a683f3c87303db525abc00db51ea26ccedee11dfaf1cc0f9a481a5d2?s=96&d=mm&r=g","contentUrl":"https:\/\/secure.gravatar.com\/avatar\/a24f4ac3a683f3c87303db525abc00db51ea26ccedee11dfaf1cc0f9a481a5d2?s=96&d=mm&r=g","caption":"erevanblog_a"},"sameAs":["http:\/\/erevanblog.am"],"url":"https:\/\/erevanblog.am\/?author=1"}]}},"views":450,"_links":{"self":[{"href":"https:\/\/erevanblog.am\/index.php?rest_route=\/wp\/v2\/posts\/10950","targetHints":{"allow":["GET"]}}],"collection":[{"href":"https:\/\/erevanblog.am\/index.php?rest_route=\/wp\/v2\/posts"}],"about":[{"href":"https:\/\/erevanblog.am\/index.php?rest_route=\/wp\/v2\/types\/post"}],"author":[{"embeddable":true,"href":"https:\/\/erevanblog.am\/index.php?rest_route=\/wp\/v2\/users\/1"}],"replies":[{"embeddable":true,"href":"https:\/\/erevanblog.am\/index.php?rest_route=%2Fwp%2Fv2%2Fcomments&post=10950"}],"version-history":[{"count":1,"href":"https:\/\/erevanblog.am\/index.php?rest_route=\/wp\/v2\/posts\/10950\/revisions"}],"predecessor-version":[{"id":10952,"href":"https:\/\/erevanblog.am\/index.php?rest_route=\/wp\/v2\/posts\/10950\/revisions\/10952"}],"wp:featuredmedia":[{"embeddable":true,"href":"https:\/\/erevanblog.am\/index.php?rest_route=\/wp\/v2\/media\/10951"}],"wp:attachment":[{"href":"https:\/\/erevanblog.am\/index.php?rest_route=%2Fwp%2Fv2%2Fmedia&parent=10950"}],"wp:term":[{"taxonomy":"category","embeddable":true,"href":"https:\/\/erevanblog.am\/index.php?rest_route=%2Fwp%2Fv2%2Fcategories&post=10950"},{"taxonomy":"post_tag","embeddable":true,"href":"https:\/\/erevanblog.am\/index.php?rest_route=%2Fwp%2Fv2%2Ftags&post=10950"}],"curies":[{"name":"wp","href":"https:\/\/api.w.org\/{rel}","templated":true}]}}