{"id":10959,"date":"2025-07-21T18:22:56","date_gmt":"2025-07-21T17:22:56","guid":{"rendered":"https:\/\/erevanblog.am\/?p=10959"},"modified":"2025-07-21T18:22:58","modified_gmt":"2025-07-21T17:22:58","slug":"tajemstvi-v-oblacich-dymu-co-se-skutecne-odehralo-pri-padu-vojenskeho-vrtulniku-na-poklidnem-plzenskem-sidlisti","status":"publish","type":"post","link":"https:\/\/erevanblog.am\/?p=10959","title":{"rendered":"Tajemstv\u00ed v oblac\u00edch d\u00fdmu: Co se skute\u010dn\u011b odehr\u00e1lo p\u0159i p\u00e1du vojensk\u00e9ho vrtuln\u00edku na poklidn\u00e9m plze\u0148sk\u00e9m s\u00eddli\u0161ti?"},"content":{"rendered":"\n<p>Kr\u00e1tce po dev\u00e1t\u00e9 hodin\u011b rann\u00ed naru\u0161il klid jedn\u00e9 z okrajov\u00fdch \u010d\u00e1st\u00ed Plzn\u011b ne\u010dekan\u00fd hluk \u2013 kovov\u00fd sk\u0159\u00edpot, ot\u0159es zem\u011b a pak sloup hust\u00e9ho kou\u0159e, kter\u00fd se vznesl mezi panelov\u00fdmi domy.<\/p>\n\n\n\n<figure class=\"wp-block-image size-full\"><img loading=\"lazy\" decoding=\"async\" width=\"1024\" height=\"991\" src=\"https:\/\/erevanblog.am\/wp-content\/uploads\/2025\/07\/6666666666666.png\" alt=\"\" class=\"wp-image-10960\" srcset=\"https:\/\/erevanblog.am\/wp-content\/uploads\/2025\/07\/6666666666666.png 1024w, https:\/\/erevanblog.am\/wp-content\/uploads\/2025\/07\/6666666666666-300x290.png 300w, https:\/\/erevanblog.am\/wp-content\/uploads\/2025\/07\/6666666666666-768x743.png 768w\" sizes=\"auto, (max-width: 1024px) 100vw, 1024px\" \/><\/figure>\n\n\n\n<p>Vojensk\u00fd vrtuln\u00edk se z\u0159\u00edtil p\u0159\u00edmo mezi obytn\u00e9 budovy, jen p\u00e1r des\u00edtek metr\u016f od m\u00edstn\u00edch obyvatel.<br>\u201eNejd\u0159\u00edv jsme mysleli, \u017ee explodoval plynovod,\u201c popisuje situaci pan Nov\u00e1k, kter\u00fd bydl\u00ed pobl\u00ed\u017e m\u00edsta dopadu. \u201eAle hned nato jsme zahl\u00e9dli voj\u00e1ky. P\u0159ijeli d\u0159\u00edv ne\u017e hasi\u010di. Rychle v\u0161echno zakryli plachtami a nikoho nepou\u0161t\u011bli bl\u00ed\u017e.\u201c<\/p>\n\n\n\n<p>Ministerstvo obrany vydalo stru\u010dn\u00e9 prohl\u00e1\u0161en\u00ed: \u0161lo \u00fadajn\u011b o \u201erutinn\u00ed cvi\u010dn\u00fd let\u201c, kter\u00fd skon\u010dil kv\u016fli \u201etechnick\u00e9 poru\u0161e\u201c.<\/p>\n\n\n\n<p>O\u010dit\u00ed sv\u011bdci ale p\u0159ich\u00e1zej\u00ed s jinou verz\u00ed. Vid\u011bli neozna\u010den\u00e9 kontejnery vyta\u017een\u00e9 z trosek, mluvili o p\u0159\u00edsn\u011b st\u0159e\u017een\u00fdch dokumentech a o tom, \u017ee cel\u00e1 oblast byla b\u011bhem hodiny hermeticky uzav\u0159ena.<\/p>\n\n\n\n<p>Ot\u00e1zky z\u016fst\u00e1vaj\u00ed: Pro\u010d vrtuln\u00edk let\u011bl tak n\u00edzko nad obytnou z\u00f3nou? Co skute\u010dn\u011b p\u0159ev\u00e1\u017eel? A pro\u010d tak rychl\u00e1 a p\u0159\u00edsn\u00e1 reakce arm\u00e1dy?<\/p>\n\n\n\n<p>Novin\u00e1\u0159\u016fm se nepoda\u0159ilo z\u00edskat ofici\u00e1ln\u00ed vyj\u00e1d\u0159en\u00ed \u2013 ve\u0161ker\u00e9 dotazy z\u016fstaly bez odpov\u011bdi. Na m\u00edst\u011b z\u016fstala jen oho\u0159el\u00e1 tr\u00e1va, kusy trosek a rostouc\u00ed nejistota.<\/p>\n\n\n\n<p>Zat\u00edmco se obyvatel\u00e9 sna\u017e\u00ed vr\u00e1tit k b\u011b\u017en\u00e9mu \u017eivotu, p\u00e1d vrtuln\u00edku z\u016fst\u00e1v\u00e1 zahalen tajemstv\u00edm, kter\u00e9 jen tak nezmiz\u00ed.<\/p>\n","protected":false},"excerpt":{"rendered":"<div class=\"mh-excerpt\"><p>Kr\u00e1tce po dev\u00e1t\u00e9 hodin\u011b rann\u00ed naru\u0161il klid jedn\u00e9 z okrajov\u00fdch \u010d\u00e1st\u00ed Plzn\u011b ne\u010dekan\u00fd hluk \u2013 kovov\u00fd sk\u0159\u00edpot, ot\u0159es zem\u011b a pak sloup hust\u00e9ho kou\u0159e, kter\u00fd <a class=\"mh-excerpt-more\" href=\"https:\/\/erevanblog.am\/?p=10959\" title=\"Tajemstv\u00ed v oblac\u00edch d\u00fdmu: Co se skute\u010dn\u011b odehr\u00e1lo p\u0159i p\u00e1du vojensk\u00e9ho vrtuln\u00edku na poklidn\u00e9m plze\u0148sk\u00e9m s\u00eddli\u0161ti?\">[&#8230;]<\/a><\/p>\n<\/div>","protected":false},"author":1,"featured_media":10960,"comment_status":"open","ping_status":"open","sticky":false,"template":"","format":"standard","meta":{"footnotes":""},"categories":[1],"tags":[],"class_list":["post-10959","post","type-post","status-publish","format-standard","has-post-thumbnail","hentry","category-uncategorised"],"yoast_head":"<!-- This site is optimized with the Yoast SEO plugin v27.5 - https:\/\/yoast.com\/product\/yoast-seo-wordpress\/ -->\n<title>Tajemstv\u00ed v oblac\u00edch d\u00fdmu: Co se skute\u010dn\u011b odehr\u00e1lo p\u0159i p\u00e1du vojensk\u00e9ho vrtuln\u00edku na poklidn\u00e9m plze\u0148sk\u00e9m s\u00eddli\u0161ti? -<\/title>\n<meta name=\"robots\" content=\"index, follow, max-snippet:-1, max-image-preview:large, max-video-preview:-1\" \/>\n<link rel=\"canonical\" href=\"https:\/\/erevanblog.am\/?p=10959\" \/>\n<meta property=\"og:locale\" content=\"en_US\" \/>\n<meta property=\"og:type\" content=\"article\" \/>\n<meta property=\"og:title\" content=\"Tajemstv\u00ed v oblac\u00edch d\u00fdmu: Co se skute\u010dn\u011b odehr\u00e1lo p\u0159i p\u00e1du vojensk\u00e9ho vrtuln\u00edku na poklidn\u00e9m plze\u0148sk\u00e9m s\u00eddli\u0161ti? -\" \/>\n<meta property=\"og:description\" content=\"Kr\u00e1tce po dev\u00e1t\u00e9 hodin\u011b rann\u00ed naru\u0161il klid jedn\u00e9 z okrajov\u00fdch \u010d\u00e1st\u00ed Plzn\u011b ne\u010dekan\u00fd hluk \u2013 kovov\u00fd sk\u0159\u00edpot, ot\u0159es zem\u011b a pak sloup hust\u00e9ho kou\u0159e, kter\u00fd [...]\" \/>\n<meta property=\"og:url\" content=\"https:\/\/erevanblog.am\/?p=10959\" \/>\n<meta property=\"article:published_time\" content=\"2025-07-21T17:22:56+00:00\" \/>\n<meta property=\"article:modified_time\" content=\"2025-07-21T17:22:58+00:00\" \/>\n<meta property=\"og:image\" content=\"http:\/\/erevanblog.am\/wp-content\/uploads\/2025\/07\/6666666666666.png\" \/>\n\t<meta property=\"og:image:width\" content=\"1024\" \/>\n\t<meta property=\"og:image:height\" content=\"991\" \/>\n\t<meta property=\"og:image:type\" content=\"image\/png\" \/>\n<meta name=\"author\" content=\"erevanblog_a\" \/>\n<meta name=\"twitter:card\" content=\"summary_large_image\" \/>\n<meta name=\"twitter:label1\" content=\"Written by\" \/>\n\t<meta name=\"twitter:data1\" content=\"erevanblog_a\" \/>\n\t<meta name=\"twitter:label2\" content=\"Est. reading time\" \/>\n\t<meta name=\"twitter:data2\" content=\"2 minutes\" \/>\n<script type=\"application\/ld+json\" class=\"yoast-schema-graph\">{\"@context\":\"https:\\\/\\\/schema.org\",\"@graph\":[{\"@type\":\"Article\",\"@id\":\"https:\\\/\\\/erevanblog.am\\\/?p=10959#article\",\"isPartOf\":{\"@id\":\"https:\\\/\\\/erevanblog.am\\\/?p=10959\"},\"author\":{\"name\":\"erevanblog_a\",\"@id\":\"https:\\\/\\\/erevanblog.am\\\/#\\\/schema\\\/person\\\/204f10311eb7ddb8914a5ab3e5f03928\"},\"headline\":\"Tajemstv\u00ed v oblac\u00edch d\u00fdmu: Co se skute\u010dn\u011b odehr\u00e1lo p\u0159i p\u00e1du vojensk\u00e9ho vrtuln\u00edku na poklidn\u00e9m plze\u0148sk\u00e9m s\u00eddli\u0161ti?\",\"datePublished\":\"2025-07-21T17:22:56+00:00\",\"dateModified\":\"2025-07-21T17:22:58+00:00\",\"mainEntityOfPage\":{\"@id\":\"https:\\\/\\\/erevanblog.am\\\/?p=10959\"},\"wordCount\":292,\"commentCount\":0,\"image\":{\"@id\":\"https:\\\/\\\/erevanblog.am\\\/?p=10959#primaryimage\"},\"thumbnailUrl\":\"https:\\\/\\\/erevanblog.am\\\/wp-content\\\/uploads\\\/2025\\\/07\\\/6666666666666.png\",\"articleSection\":[\"NEWS\"],\"inLanguage\":\"en-US\",\"potentialAction\":[{\"@type\":\"CommentAction\",\"name\":\"Comment\",\"target\":[\"https:\\\/\\\/erevanblog.am\\\/?p=10959#respond\"]}]},{\"@type\":\"WebPage\",\"@id\":\"https:\\\/\\\/erevanblog.am\\\/?p=10959\",\"url\":\"https:\\\/\\\/erevanblog.am\\\/?p=10959\",\"name\":\"Tajemstv\u00ed v oblac\u00edch d\u00fdmu: Co se skute\u010dn\u011b odehr\u00e1lo p\u0159i p\u00e1du vojensk\u00e9ho vrtuln\u00edku na poklidn\u00e9m plze\u0148sk\u00e9m s\u00eddli\u0161ti? -\",\"isPartOf\":{\"@id\":\"https:\\\/\\\/erevanblog.am\\\/#website\"},\"primaryImageOfPage\":{\"@id\":\"https:\\\/\\\/erevanblog.am\\\/?p=10959#primaryimage\"},\"image\":{\"@id\":\"https:\\\/\\\/erevanblog.am\\\/?p=10959#primaryimage\"},\"thumbnailUrl\":\"https:\\\/\\\/erevanblog.am\\\/wp-content\\\/uploads\\\/2025\\\/07\\\/6666666666666.png\",\"datePublished\":\"2025-07-21T17:22:56+00:00\",\"dateModified\":\"2025-07-21T17:22:58+00:00\",\"author\":{\"@id\":\"https:\\\/\\\/erevanblog.am\\\/#\\\/schema\\\/person\\\/204f10311eb7ddb8914a5ab3e5f03928\"},\"breadcrumb\":{\"@id\":\"https:\\\/\\\/erevanblog.am\\\/?p=10959#breadcrumb\"},\"inLanguage\":\"en-US\",\"potentialAction\":[{\"@type\":\"ReadAction\",\"target\":[\"https:\\\/\\\/erevanblog.am\\\/?p=10959\"]}]},{\"@type\":\"ImageObject\",\"inLanguage\":\"en-US\",\"@id\":\"https:\\\/\\\/erevanblog.am\\\/?p=10959#primaryimage\",\"url\":\"https:\\\/\\\/erevanblog.am\\\/wp-content\\\/uploads\\\/2025\\\/07\\\/6666666666666.png\",\"contentUrl\":\"https:\\\/\\\/erevanblog.am\\\/wp-content\\\/uploads\\\/2025\\\/07\\\/6666666666666.png\",\"width\":1024,\"height\":991},{\"@type\":\"BreadcrumbList\",\"@id\":\"https:\\\/\\\/erevanblog.am\\\/?p=10959#breadcrumb\",\"itemListElement\":[{\"@type\":\"ListItem\",\"position\":1,\"name\":\"Home\",\"item\":\"https:\\\/\\\/erevanblog.am\\\/\"},{\"@type\":\"ListItem\",\"position\":2,\"name\":\"Tajemstv\u00ed v oblac\u00edch d\u00fdmu: Co se skute\u010dn\u011b odehr\u00e1lo p\u0159i p\u00e1du vojensk\u00e9ho vrtuln\u00edku na poklidn\u00e9m plze\u0148sk\u00e9m s\u00eddli\u0161ti?\"}]},{\"@type\":\"WebSite\",\"@id\":\"https:\\\/\\\/erevanblog.am\\\/#website\",\"url\":\"https:\\\/\\\/erevanblog.am\\\/\",\"name\":\"\",\"description\":\"\",\"potentialAction\":[{\"@type\":\"SearchAction\",\"target\":{\"@type\":\"EntryPoint\",\"urlTemplate\":\"https:\\\/\\\/erevanblog.am\\\/?s={search_term_string}\"},\"query-input\":{\"@type\":\"PropertyValueSpecification\",\"valueRequired\":true,\"valueName\":\"search_term_string\"}}],\"inLanguage\":\"en-US\"},{\"@type\":\"Person\",\"@id\":\"https:\\\/\\\/erevanblog.am\\\/#\\\/schema\\\/person\\\/204f10311eb7ddb8914a5ab3e5f03928\",\"name\":\"erevanblog_a\",\"image\":{\"@type\":\"ImageObject\",\"inLanguage\":\"en-US\",\"@id\":\"https:\\\/\\\/secure.gravatar.com\\\/avatar\\\/a24f4ac3a683f3c87303db525abc00db51ea26ccedee11dfaf1cc0f9a481a5d2?s=96&d=mm&r=g\",\"url\":\"https:\\\/\\\/secure.gravatar.com\\\/avatar\\\/a24f4ac3a683f3c87303db525abc00db51ea26ccedee11dfaf1cc0f9a481a5d2?s=96&d=mm&r=g\",\"contentUrl\":\"https:\\\/\\\/secure.gravatar.com\\\/avatar\\\/a24f4ac3a683f3c87303db525abc00db51ea26ccedee11dfaf1cc0f9a481a5d2?s=96&d=mm&r=g\",\"caption\":\"erevanblog_a\"},\"sameAs\":[\"http:\\\/\\\/erevanblog.am\"],\"url\":\"https:\\\/\\\/erevanblog.am\\\/?author=1\"}]}<\/script>\n<!-- \/ Yoast SEO plugin. -->","yoast_head_json":{"title":"Tajemstv\u00ed v oblac\u00edch d\u00fdmu: Co se skute\u010dn\u011b odehr\u00e1lo p\u0159i p\u00e1du vojensk\u00e9ho vrtuln\u00edku na poklidn\u00e9m plze\u0148sk\u00e9m s\u00eddli\u0161ti? -","robots":{"index":"index","follow":"follow","max-snippet":"max-snippet:-1","max-image-preview":"max-image-preview:large","max-video-preview":"max-video-preview:-1"},"canonical":"https:\/\/erevanblog.am\/?p=10959","og_locale":"en_US","og_type":"article","og_title":"Tajemstv\u00ed v oblac\u00edch d\u00fdmu: Co se skute\u010dn\u011b odehr\u00e1lo p\u0159i p\u00e1du vojensk\u00e9ho vrtuln\u00edku na poklidn\u00e9m plze\u0148sk\u00e9m s\u00eddli\u0161ti? -","og_description":"Kr\u00e1tce po dev\u00e1t\u00e9 hodin\u011b rann\u00ed naru\u0161il klid jedn\u00e9 z okrajov\u00fdch \u010d\u00e1st\u00ed Plzn\u011b ne\u010dekan\u00fd hluk \u2013 kovov\u00fd sk\u0159\u00edpot, ot\u0159es zem\u011b a pak sloup hust\u00e9ho kou\u0159e, kter\u00fd [...]","og_url":"https:\/\/erevanblog.am\/?p=10959","article_published_time":"2025-07-21T17:22:56+00:00","article_modified_time":"2025-07-21T17:22:58+00:00","og_image":[{"width":1024,"height":991,"url":"http:\/\/erevanblog.am\/wp-content\/uploads\/2025\/07\/6666666666666.png","type":"image\/png"}],"author":"erevanblog_a","twitter_card":"summary_large_image","twitter_misc":{"Written by":"erevanblog_a","Est. reading time":"2 minutes"},"schema":{"@context":"https:\/\/schema.org","@graph":[{"@type":"Article","@id":"https:\/\/erevanblog.am\/?p=10959#article","isPartOf":{"@id":"https:\/\/erevanblog.am\/?p=10959"},"author":{"name":"erevanblog_a","@id":"https:\/\/erevanblog.am\/#\/schema\/person\/204f10311eb7ddb8914a5ab3e5f03928"},"headline":"Tajemstv\u00ed v oblac\u00edch d\u00fdmu: Co se skute\u010dn\u011b odehr\u00e1lo p\u0159i p\u00e1du vojensk\u00e9ho vrtuln\u00edku na poklidn\u00e9m plze\u0148sk\u00e9m s\u00eddli\u0161ti?","datePublished":"2025-07-21T17:22:56+00:00","dateModified":"2025-07-21T17:22:58+00:00","mainEntityOfPage":{"@id":"https:\/\/erevanblog.am\/?p=10959"},"wordCount":292,"commentCount":0,"image":{"@id":"https:\/\/erevanblog.am\/?p=10959#primaryimage"},"thumbnailUrl":"https:\/\/erevanblog.am\/wp-content\/uploads\/2025\/07\/6666666666666.png","articleSection":["NEWS"],"inLanguage":"en-US","potentialAction":[{"@type":"CommentAction","name":"Comment","target":["https:\/\/erevanblog.am\/?p=10959#respond"]}]},{"@type":"WebPage","@id":"https:\/\/erevanblog.am\/?p=10959","url":"https:\/\/erevanblog.am\/?p=10959","name":"Tajemstv\u00ed v oblac\u00edch d\u00fdmu: Co se skute\u010dn\u011b odehr\u00e1lo p\u0159i p\u00e1du vojensk\u00e9ho vrtuln\u00edku na poklidn\u00e9m plze\u0148sk\u00e9m s\u00eddli\u0161ti? -","isPartOf":{"@id":"https:\/\/erevanblog.am\/#website"},"primaryImageOfPage":{"@id":"https:\/\/erevanblog.am\/?p=10959#primaryimage"},"image":{"@id":"https:\/\/erevanblog.am\/?p=10959#primaryimage"},"thumbnailUrl":"https:\/\/erevanblog.am\/wp-content\/uploads\/2025\/07\/6666666666666.png","datePublished":"2025-07-21T17:22:56+00:00","dateModified":"2025-07-21T17:22:58+00:00","author":{"@id":"https:\/\/erevanblog.am\/#\/schema\/person\/204f10311eb7ddb8914a5ab3e5f03928"},"breadcrumb":{"@id":"https:\/\/erevanblog.am\/?p=10959#breadcrumb"},"inLanguage":"en-US","potentialAction":[{"@type":"ReadAction","target":["https:\/\/erevanblog.am\/?p=10959"]}]},{"@type":"ImageObject","inLanguage":"en-US","@id":"https:\/\/erevanblog.am\/?p=10959#primaryimage","url":"https:\/\/erevanblog.am\/wp-content\/uploads\/2025\/07\/6666666666666.png","contentUrl":"https:\/\/erevanblog.am\/wp-content\/uploads\/2025\/07\/6666666666666.png","width":1024,"height":991},{"@type":"BreadcrumbList","@id":"https:\/\/erevanblog.am\/?p=10959#breadcrumb","itemListElement":[{"@type":"ListItem","position":1,"name":"Home","item":"https:\/\/erevanblog.am\/"},{"@type":"ListItem","position":2,"name":"Tajemstv\u00ed v oblac\u00edch d\u00fdmu: Co se skute\u010dn\u011b odehr\u00e1lo p\u0159i p\u00e1du vojensk\u00e9ho vrtuln\u00edku na poklidn\u00e9m plze\u0148sk\u00e9m s\u00eddli\u0161ti?"}]},{"@type":"WebSite","@id":"https:\/\/erevanblog.am\/#website","url":"https:\/\/erevanblog.am\/","name":"","description":"","potentialAction":[{"@type":"SearchAction","target":{"@type":"EntryPoint","urlTemplate":"https:\/\/erevanblog.am\/?s={search_term_string}"},"query-input":{"@type":"PropertyValueSpecification","valueRequired":true,"valueName":"search_term_string"}}],"inLanguage":"en-US"},{"@type":"Person","@id":"https:\/\/erevanblog.am\/#\/schema\/person\/204f10311eb7ddb8914a5ab3e5f03928","name":"erevanblog_a","image":{"@type":"ImageObject","inLanguage":"en-US","@id":"https:\/\/secure.gravatar.com\/avatar\/a24f4ac3a683f3c87303db525abc00db51ea26ccedee11dfaf1cc0f9a481a5d2?s=96&d=mm&r=g","url":"https:\/\/secure.gravatar.com\/avatar\/a24f4ac3a683f3c87303db525abc00db51ea26ccedee11dfaf1cc0f9a481a5d2?s=96&d=mm&r=g","contentUrl":"https:\/\/secure.gravatar.com\/avatar\/a24f4ac3a683f3c87303db525abc00db51ea26ccedee11dfaf1cc0f9a481a5d2?s=96&d=mm&r=g","caption":"erevanblog_a"},"sameAs":["http:\/\/erevanblog.am"],"url":"https:\/\/erevanblog.am\/?author=1"}]}},"views":344,"_links":{"self":[{"href":"https:\/\/erevanblog.am\/index.php?rest_route=\/wp\/v2\/posts\/10959","targetHints":{"allow":["GET"]}}],"collection":[{"href":"https:\/\/erevanblog.am\/index.php?rest_route=\/wp\/v2\/posts"}],"about":[{"href":"https:\/\/erevanblog.am\/index.php?rest_route=\/wp\/v2\/types\/post"}],"author":[{"embeddable":true,"href":"https:\/\/erevanblog.am\/index.php?rest_route=\/wp\/v2\/users\/1"}],"replies":[{"embeddable":true,"href":"https:\/\/erevanblog.am\/index.php?rest_route=%2Fwp%2Fv2%2Fcomments&post=10959"}],"version-history":[{"count":1,"href":"https:\/\/erevanblog.am\/index.php?rest_route=\/wp\/v2\/posts\/10959\/revisions"}],"predecessor-version":[{"id":10961,"href":"https:\/\/erevanblog.am\/index.php?rest_route=\/wp\/v2\/posts\/10959\/revisions\/10961"}],"wp:featuredmedia":[{"embeddable":true,"href":"https:\/\/erevanblog.am\/index.php?rest_route=\/wp\/v2\/media\/10960"}],"wp:attachment":[{"href":"https:\/\/erevanblog.am\/index.php?rest_route=%2Fwp%2Fv2%2Fmedia&parent=10959"}],"wp:term":[{"taxonomy":"category","embeddable":true,"href":"https:\/\/erevanblog.am\/index.php?rest_route=%2Fwp%2Fv2%2Fcategories&post=10959"},{"taxonomy":"post_tag","embeddable":true,"href":"https:\/\/erevanblog.am\/index.php?rest_route=%2Fwp%2Fv2%2Ftags&post=10959"}],"curies":[{"name":"wp","href":"https:\/\/api.w.org\/{rel}","templated":true}]}}