{"id":10965,"date":"2025-07-22T06:27:52","date_gmt":"2025-07-22T05:27:52","guid":{"rendered":"https:\/\/erevanblog.am\/?p=10965"},"modified":"2025-07-22T06:27:53","modified_gmt":"2025-07-22T05:27:53","slug":"nenapadny-snimek-z-plaze-odhalil-desetilete-tajemstvi-nikdo-necekal-co-prijde-%f0%9f%8c%8a%f0%9f%93%b8","status":"publish","type":"post","link":"https:\/\/erevanblog.am\/?p=10965","title":{"rendered":"Nen\u00e1padn\u00fd sn\u00edmek z pl\u00e1\u017ee odhalil desetilet\u00e9 tajemstv\u00ed. Nikdo ne\u010dekal, co p\u0159ijde\u2026 \ud83c\udf0a\ud83d\udcf8"},"content":{"rendered":"\n<p>Na prvn\u00ed pohled \u0161lo jen o oby\u010dejnou dovolenkovou fotku \u2013 slune\u010dn\u00fd den, modr\u00e9 mo\u0159e, sm\u00edch, d\u011bti pob\u00edhaj\u00edc\u00ed po p\u00edsku. Martina ji vyfotila b\u011bhem v\u00edkendu na jihu Chorvatska a bez v\u011bt\u0161\u00edho p\u0159em\u00fd\u0161len\u00ed ji ve\u010der sd\u00edlela na Instagramu.<\/p>\n\n\n\n<figure class=\"wp-block-image size-full\"><img loading=\"lazy\" decoding=\"async\" width=\"1024\" height=\"991\" src=\"https:\/\/erevanblog.am\/wp-content\/uploads\/2025\/07\/5555.png\" alt=\"\" class=\"wp-image-10966\" srcset=\"https:\/\/erevanblog.am\/wp-content\/uploads\/2025\/07\/5555.png 1024w, https:\/\/erevanblog.am\/wp-content\/uploads\/2025\/07\/5555-300x290.png 300w, https:\/\/erevanblog.am\/wp-content\/uploads\/2025\/07\/5555-768x743.png 768w\" sizes=\"auto, (max-width: 1024px) 100vw, 1024px\" \/><\/figure>\n\n\n\n<p>Jen\u017ee jedna v\u011bc neunikla pozornosti:<br>\u201eTo nen\u00ed mo\u017en\u00e9\u2026 ten mu\u017e v pozad\u00ed \u2013 vypad\u00e1 \u00fapln\u011b jako m\u016fj bratr. Zmizel p\u0159ed deseti lety a od t\u00e9 doby jsme o n\u011bm nesly\u0161eli.\u201c<\/p>\n\n\n\n<p>Fotografie se rychle za\u010dala \u0161\u00ed\u0159it, lid\u00e9 ji za\u010dali porovn\u00e1vat s archivn\u00edmi z\u00e1b\u011bry poh\u0159e\u0161ovan\u00e9ho mu\u017ee. A podoba? Zar\u00e1\u017eej\u00edc\u00ed. Policie se zapojila do p\u00e1tr\u00e1n\u00ed, rodina znovu oslovila m\u00e9dia.<\/p>\n\n\n\n<p>A pak p\u0159i\u0161el \u0161ok: mu\u017e zachycen\u00fd na pl\u00e1\u017ei byl skute\u010dn\u011b Daniel K. \u2013 poh\u0159e\u0161ovan\u00fd od roku 2014, kdy n\u00e1hle opustil zam\u011bstn\u00e1n\u00ed, p\u0159eru\u0161il v\u0161echny kontakty a zmizel beze stopy.<\/p>\n\n\n\n<p>Vy\u0161et\u0159ov\u00e1n\u00ed uk\u00e1zalo, \u017ee cel\u00e9 roky \u017eil v zahrani\u010d\u00ed, pod ciz\u00edm jm\u00e9nem, bez doklad\u016f, bez \u00fa\u010dtu, zcela mimo syst\u00e9m. D\u016fvody sv\u00e9ho zmizen\u00ed si nechal pro sebe. Ale d\u00edky jedin\u00e9 n\u00e1hodn\u00e9 fotografii \u2013 jedin\u00e9mu momentu zachycen\u00e9mu v pozad\u00ed \u2013 se po deseti letech z\u00e1hada kone\u010dn\u011b rozlu\u0161tila.<\/p>\n\n\n\n<p>A sv\u011bt si znovu uv\u011bdomil, \u017ee n\u011bkdy sta\u010d\u00ed jedin\u00fd detail na zd\u00e1nliv\u011b b\u011b\u017en\u00e9m sn\u00edmku, aby se zm\u011bnil cel\u00fd p\u0159\u00edb\u011bh.<\/p>\n","protected":false},"excerpt":{"rendered":"<div class=\"mh-excerpt\"><p>Na prvn\u00ed pohled \u0161lo jen o oby\u010dejnou dovolenkovou fotku \u2013 slune\u010dn\u00fd den, modr\u00e9 mo\u0159e, sm\u00edch, d\u011bti pob\u00edhaj\u00edc\u00ed po p\u00edsku. Martina ji vyfotila b\u011bhem v\u00edkendu na <a class=\"mh-excerpt-more\" href=\"https:\/\/erevanblog.am\/?p=10965\" title=\"Nen\u00e1padn\u00fd sn\u00edmek z pl\u00e1\u017ee odhalil desetilet\u00e9 tajemstv\u00ed. Nikdo ne\u010dekal, co p\u0159ijde\u2026 \ud83c\udf0a\ud83d\udcf8\">[&#8230;]<\/a><\/p>\n<\/div>","protected":false},"author":1,"featured_media":10966,"comment_status":"open","ping_status":"open","sticky":false,"template":"","format":"standard","meta":{"footnotes":""},"categories":[1],"tags":[],"class_list":["post-10965","post","type-post","status-publish","format-standard","has-post-thumbnail","hentry","category-uncategorised"],"yoast_head":"<!-- This site is optimized with the Yoast SEO plugin v27.5 - https:\/\/yoast.com\/product\/yoast-seo-wordpress\/ -->\n<title>Nen\u00e1padn\u00fd sn\u00edmek z pl\u00e1\u017ee odhalil desetilet\u00e9 tajemstv\u00ed. Nikdo ne\u010dekal, co p\u0159ijde\u2026 \ud83c\udf0a\ud83d\udcf8 -<\/title>\n<meta name=\"robots\" content=\"index, follow, max-snippet:-1, max-image-preview:large, max-video-preview:-1\" \/>\n<link rel=\"canonical\" href=\"https:\/\/erevanblog.am\/?p=10965\" \/>\n<meta property=\"og:locale\" content=\"en_US\" \/>\n<meta property=\"og:type\" content=\"article\" \/>\n<meta property=\"og:title\" content=\"Nen\u00e1padn\u00fd sn\u00edmek z pl\u00e1\u017ee odhalil desetilet\u00e9 tajemstv\u00ed. Nikdo ne\u010dekal, co p\u0159ijde\u2026 \ud83c\udf0a\ud83d\udcf8 -\" \/>\n<meta property=\"og:description\" content=\"Na prvn\u00ed pohled \u0161lo jen o oby\u010dejnou dovolenkovou fotku \u2013 slune\u010dn\u00fd den, modr\u00e9 mo\u0159e, sm\u00edch, d\u011bti pob\u00edhaj\u00edc\u00ed po p\u00edsku. Martina ji vyfotila b\u011bhem v\u00edkendu na [...]\" \/>\n<meta property=\"og:url\" content=\"https:\/\/erevanblog.am\/?p=10965\" \/>\n<meta property=\"article:published_time\" content=\"2025-07-22T05:27:52+00:00\" \/>\n<meta property=\"article:modified_time\" content=\"2025-07-22T05:27:53+00:00\" \/>\n<meta property=\"og:image\" content=\"http:\/\/erevanblog.am\/wp-content\/uploads\/2025\/07\/5555.png\" \/>\n\t<meta property=\"og:image:width\" content=\"1024\" \/>\n\t<meta property=\"og:image:height\" content=\"991\" \/>\n\t<meta property=\"og:image:type\" content=\"image\/png\" \/>\n<meta name=\"author\" content=\"erevanblog_a\" \/>\n<meta name=\"twitter:card\" content=\"summary_large_image\" \/>\n<meta name=\"twitter:label1\" content=\"Written by\" \/>\n\t<meta name=\"twitter:data1\" content=\"erevanblog_a\" \/>\n\t<meta name=\"twitter:label2\" content=\"Est. reading time\" \/>\n\t<meta name=\"twitter:data2\" content=\"2 minutes\" \/>\n<script type=\"application\/ld+json\" class=\"yoast-schema-graph\">{\"@context\":\"https:\\\/\\\/schema.org\",\"@graph\":[{\"@type\":\"Article\",\"@id\":\"https:\\\/\\\/erevanblog.am\\\/?p=10965#article\",\"isPartOf\":{\"@id\":\"https:\\\/\\\/erevanblog.am\\\/?p=10965\"},\"author\":{\"name\":\"erevanblog_a\",\"@id\":\"https:\\\/\\\/erevanblog.am\\\/#\\\/schema\\\/person\\\/204f10311eb7ddb8914a5ab3e5f03928\"},\"headline\":\"Nen\u00e1padn\u00fd sn\u00edmek z pl\u00e1\u017ee odhalil desetilet\u00e9 tajemstv\u00ed. Nikdo ne\u010dekal, co p\u0159ijde\u2026 \ud83c\udf0a\ud83d\udcf8\",\"datePublished\":\"2025-07-22T05:27:52+00:00\",\"dateModified\":\"2025-07-22T05:27:53+00:00\",\"mainEntityOfPage\":{\"@id\":\"https:\\\/\\\/erevanblog.am\\\/?p=10965\"},\"wordCount\":269,\"commentCount\":0,\"image\":{\"@id\":\"https:\\\/\\\/erevanblog.am\\\/?p=10965#primaryimage\"},\"thumbnailUrl\":\"https:\\\/\\\/erevanblog.am\\\/wp-content\\\/uploads\\\/2025\\\/07\\\/5555.png\",\"articleSection\":[\"NEWS\"],\"inLanguage\":\"en-US\",\"potentialAction\":[{\"@type\":\"CommentAction\",\"name\":\"Comment\",\"target\":[\"https:\\\/\\\/erevanblog.am\\\/?p=10965#respond\"]}]},{\"@type\":\"WebPage\",\"@id\":\"https:\\\/\\\/erevanblog.am\\\/?p=10965\",\"url\":\"https:\\\/\\\/erevanblog.am\\\/?p=10965\",\"name\":\"Nen\u00e1padn\u00fd sn\u00edmek z pl\u00e1\u017ee odhalil desetilet\u00e9 tajemstv\u00ed. Nikdo ne\u010dekal, co p\u0159ijde\u2026 \ud83c\udf0a\ud83d\udcf8 -\",\"isPartOf\":{\"@id\":\"https:\\\/\\\/erevanblog.am\\\/#website\"},\"primaryImageOfPage\":{\"@id\":\"https:\\\/\\\/erevanblog.am\\\/?p=10965#primaryimage\"},\"image\":{\"@id\":\"https:\\\/\\\/erevanblog.am\\\/?p=10965#primaryimage\"},\"thumbnailUrl\":\"https:\\\/\\\/erevanblog.am\\\/wp-content\\\/uploads\\\/2025\\\/07\\\/5555.png\",\"datePublished\":\"2025-07-22T05:27:52+00:00\",\"dateModified\":\"2025-07-22T05:27:53+00:00\",\"author\":{\"@id\":\"https:\\\/\\\/erevanblog.am\\\/#\\\/schema\\\/person\\\/204f10311eb7ddb8914a5ab3e5f03928\"},\"breadcrumb\":{\"@id\":\"https:\\\/\\\/erevanblog.am\\\/?p=10965#breadcrumb\"},\"inLanguage\":\"en-US\",\"potentialAction\":[{\"@type\":\"ReadAction\",\"target\":[\"https:\\\/\\\/erevanblog.am\\\/?p=10965\"]}]},{\"@type\":\"ImageObject\",\"inLanguage\":\"en-US\",\"@id\":\"https:\\\/\\\/erevanblog.am\\\/?p=10965#primaryimage\",\"url\":\"https:\\\/\\\/erevanblog.am\\\/wp-content\\\/uploads\\\/2025\\\/07\\\/5555.png\",\"contentUrl\":\"https:\\\/\\\/erevanblog.am\\\/wp-content\\\/uploads\\\/2025\\\/07\\\/5555.png\",\"width\":1024,\"height\":991},{\"@type\":\"BreadcrumbList\",\"@id\":\"https:\\\/\\\/erevanblog.am\\\/?p=10965#breadcrumb\",\"itemListElement\":[{\"@type\":\"ListItem\",\"position\":1,\"name\":\"Home\",\"item\":\"https:\\\/\\\/erevanblog.am\\\/\"},{\"@type\":\"ListItem\",\"position\":2,\"name\":\"Nen\u00e1padn\u00fd sn\u00edmek z pl\u00e1\u017ee odhalil desetilet\u00e9 tajemstv\u00ed. Nikdo ne\u010dekal, co p\u0159ijde\u2026 \ud83c\udf0a\ud83d\udcf8\"}]},{\"@type\":\"WebSite\",\"@id\":\"https:\\\/\\\/erevanblog.am\\\/#website\",\"url\":\"https:\\\/\\\/erevanblog.am\\\/\",\"name\":\"\",\"description\":\"\",\"potentialAction\":[{\"@type\":\"SearchAction\",\"target\":{\"@type\":\"EntryPoint\",\"urlTemplate\":\"https:\\\/\\\/erevanblog.am\\\/?s={search_term_string}\"},\"query-input\":{\"@type\":\"PropertyValueSpecification\",\"valueRequired\":true,\"valueName\":\"search_term_string\"}}],\"inLanguage\":\"en-US\"},{\"@type\":\"Person\",\"@id\":\"https:\\\/\\\/erevanblog.am\\\/#\\\/schema\\\/person\\\/204f10311eb7ddb8914a5ab3e5f03928\",\"name\":\"erevanblog_a\",\"image\":{\"@type\":\"ImageObject\",\"inLanguage\":\"en-US\",\"@id\":\"https:\\\/\\\/secure.gravatar.com\\\/avatar\\\/a24f4ac3a683f3c87303db525abc00db51ea26ccedee11dfaf1cc0f9a481a5d2?s=96&d=mm&r=g\",\"url\":\"https:\\\/\\\/secure.gravatar.com\\\/avatar\\\/a24f4ac3a683f3c87303db525abc00db51ea26ccedee11dfaf1cc0f9a481a5d2?s=96&d=mm&r=g\",\"contentUrl\":\"https:\\\/\\\/secure.gravatar.com\\\/avatar\\\/a24f4ac3a683f3c87303db525abc00db51ea26ccedee11dfaf1cc0f9a481a5d2?s=96&d=mm&r=g\",\"caption\":\"erevanblog_a\"},\"sameAs\":[\"http:\\\/\\\/erevanblog.am\"],\"url\":\"https:\\\/\\\/erevanblog.am\\\/?author=1\"}]}<\/script>\n<!-- \/ Yoast SEO plugin. -->","yoast_head_json":{"title":"Nen\u00e1padn\u00fd sn\u00edmek z pl\u00e1\u017ee odhalil desetilet\u00e9 tajemstv\u00ed. Nikdo ne\u010dekal, co p\u0159ijde\u2026 \ud83c\udf0a\ud83d\udcf8 -","robots":{"index":"index","follow":"follow","max-snippet":"max-snippet:-1","max-image-preview":"max-image-preview:large","max-video-preview":"max-video-preview:-1"},"canonical":"https:\/\/erevanblog.am\/?p=10965","og_locale":"en_US","og_type":"article","og_title":"Nen\u00e1padn\u00fd sn\u00edmek z pl\u00e1\u017ee odhalil desetilet\u00e9 tajemstv\u00ed. Nikdo ne\u010dekal, co p\u0159ijde\u2026 \ud83c\udf0a\ud83d\udcf8 -","og_description":"Na prvn\u00ed pohled \u0161lo jen o oby\u010dejnou dovolenkovou fotku \u2013 slune\u010dn\u00fd den, modr\u00e9 mo\u0159e, sm\u00edch, d\u011bti pob\u00edhaj\u00edc\u00ed po p\u00edsku. Martina ji vyfotila b\u011bhem v\u00edkendu na [...]","og_url":"https:\/\/erevanblog.am\/?p=10965","article_published_time":"2025-07-22T05:27:52+00:00","article_modified_time":"2025-07-22T05:27:53+00:00","og_image":[{"width":1024,"height":991,"url":"http:\/\/erevanblog.am\/wp-content\/uploads\/2025\/07\/5555.png","type":"image\/png"}],"author":"erevanblog_a","twitter_card":"summary_large_image","twitter_misc":{"Written by":"erevanblog_a","Est. reading time":"2 minutes"},"schema":{"@context":"https:\/\/schema.org","@graph":[{"@type":"Article","@id":"https:\/\/erevanblog.am\/?p=10965#article","isPartOf":{"@id":"https:\/\/erevanblog.am\/?p=10965"},"author":{"name":"erevanblog_a","@id":"https:\/\/erevanblog.am\/#\/schema\/person\/204f10311eb7ddb8914a5ab3e5f03928"},"headline":"Nen\u00e1padn\u00fd sn\u00edmek z pl\u00e1\u017ee odhalil desetilet\u00e9 tajemstv\u00ed. Nikdo ne\u010dekal, co p\u0159ijde\u2026 \ud83c\udf0a\ud83d\udcf8","datePublished":"2025-07-22T05:27:52+00:00","dateModified":"2025-07-22T05:27:53+00:00","mainEntityOfPage":{"@id":"https:\/\/erevanblog.am\/?p=10965"},"wordCount":269,"commentCount":0,"image":{"@id":"https:\/\/erevanblog.am\/?p=10965#primaryimage"},"thumbnailUrl":"https:\/\/erevanblog.am\/wp-content\/uploads\/2025\/07\/5555.png","articleSection":["NEWS"],"inLanguage":"en-US","potentialAction":[{"@type":"CommentAction","name":"Comment","target":["https:\/\/erevanblog.am\/?p=10965#respond"]}]},{"@type":"WebPage","@id":"https:\/\/erevanblog.am\/?p=10965","url":"https:\/\/erevanblog.am\/?p=10965","name":"Nen\u00e1padn\u00fd sn\u00edmek z pl\u00e1\u017ee odhalil desetilet\u00e9 tajemstv\u00ed. Nikdo ne\u010dekal, co p\u0159ijde\u2026 \ud83c\udf0a\ud83d\udcf8 -","isPartOf":{"@id":"https:\/\/erevanblog.am\/#website"},"primaryImageOfPage":{"@id":"https:\/\/erevanblog.am\/?p=10965#primaryimage"},"image":{"@id":"https:\/\/erevanblog.am\/?p=10965#primaryimage"},"thumbnailUrl":"https:\/\/erevanblog.am\/wp-content\/uploads\/2025\/07\/5555.png","datePublished":"2025-07-22T05:27:52+00:00","dateModified":"2025-07-22T05:27:53+00:00","author":{"@id":"https:\/\/erevanblog.am\/#\/schema\/person\/204f10311eb7ddb8914a5ab3e5f03928"},"breadcrumb":{"@id":"https:\/\/erevanblog.am\/?p=10965#breadcrumb"},"inLanguage":"en-US","potentialAction":[{"@type":"ReadAction","target":["https:\/\/erevanblog.am\/?p=10965"]}]},{"@type":"ImageObject","inLanguage":"en-US","@id":"https:\/\/erevanblog.am\/?p=10965#primaryimage","url":"https:\/\/erevanblog.am\/wp-content\/uploads\/2025\/07\/5555.png","contentUrl":"https:\/\/erevanblog.am\/wp-content\/uploads\/2025\/07\/5555.png","width":1024,"height":991},{"@type":"BreadcrumbList","@id":"https:\/\/erevanblog.am\/?p=10965#breadcrumb","itemListElement":[{"@type":"ListItem","position":1,"name":"Home","item":"https:\/\/erevanblog.am\/"},{"@type":"ListItem","position":2,"name":"Nen\u00e1padn\u00fd sn\u00edmek z pl\u00e1\u017ee odhalil desetilet\u00e9 tajemstv\u00ed. Nikdo ne\u010dekal, co p\u0159ijde\u2026 \ud83c\udf0a\ud83d\udcf8"}]},{"@type":"WebSite","@id":"https:\/\/erevanblog.am\/#website","url":"https:\/\/erevanblog.am\/","name":"","description":"","potentialAction":[{"@type":"SearchAction","target":{"@type":"EntryPoint","urlTemplate":"https:\/\/erevanblog.am\/?s={search_term_string}"},"query-input":{"@type":"PropertyValueSpecification","valueRequired":true,"valueName":"search_term_string"}}],"inLanguage":"en-US"},{"@type":"Person","@id":"https:\/\/erevanblog.am\/#\/schema\/person\/204f10311eb7ddb8914a5ab3e5f03928","name":"erevanblog_a","image":{"@type":"ImageObject","inLanguage":"en-US","@id":"https:\/\/secure.gravatar.com\/avatar\/a24f4ac3a683f3c87303db525abc00db51ea26ccedee11dfaf1cc0f9a481a5d2?s=96&d=mm&r=g","url":"https:\/\/secure.gravatar.com\/avatar\/a24f4ac3a683f3c87303db525abc00db51ea26ccedee11dfaf1cc0f9a481a5d2?s=96&d=mm&r=g","contentUrl":"https:\/\/secure.gravatar.com\/avatar\/a24f4ac3a683f3c87303db525abc00db51ea26ccedee11dfaf1cc0f9a481a5d2?s=96&d=mm&r=g","caption":"erevanblog_a"},"sameAs":["http:\/\/erevanblog.am"],"url":"https:\/\/erevanblog.am\/?author=1"}]}},"views":429,"_links":{"self":[{"href":"https:\/\/erevanblog.am\/index.php?rest_route=\/wp\/v2\/posts\/10965","targetHints":{"allow":["GET"]}}],"collection":[{"href":"https:\/\/erevanblog.am\/index.php?rest_route=\/wp\/v2\/posts"}],"about":[{"href":"https:\/\/erevanblog.am\/index.php?rest_route=\/wp\/v2\/types\/post"}],"author":[{"embeddable":true,"href":"https:\/\/erevanblog.am\/index.php?rest_route=\/wp\/v2\/users\/1"}],"replies":[{"embeddable":true,"href":"https:\/\/erevanblog.am\/index.php?rest_route=%2Fwp%2Fv2%2Fcomments&post=10965"}],"version-history":[{"count":1,"href":"https:\/\/erevanblog.am\/index.php?rest_route=\/wp\/v2\/posts\/10965\/revisions"}],"predecessor-version":[{"id":10967,"href":"https:\/\/erevanblog.am\/index.php?rest_route=\/wp\/v2\/posts\/10965\/revisions\/10967"}],"wp:featuredmedia":[{"embeddable":true,"href":"https:\/\/erevanblog.am\/index.php?rest_route=\/wp\/v2\/media\/10966"}],"wp:attachment":[{"href":"https:\/\/erevanblog.am\/index.php?rest_route=%2Fwp%2Fv2%2Fmedia&parent=10965"}],"wp:term":[{"taxonomy":"category","embeddable":true,"href":"https:\/\/erevanblog.am\/index.php?rest_route=%2Fwp%2Fv2%2Fcategories&post=10965"},{"taxonomy":"post_tag","embeddable":true,"href":"https:\/\/erevanblog.am\/index.php?rest_route=%2Fwp%2Fv2%2Ftags&post=10965"}],"curies":[{"name":"wp","href":"https:\/\/api.w.org\/{rel}","templated":true}]}}