{"id":10978,"date":"2025-07-22T21:12:58","date_gmt":"2025-07-22T20:12:58","guid":{"rendered":"https:\/\/erevanblog.am\/?p=10978"},"modified":"2025-07-22T21:12:58","modified_gmt":"2025-07-22T20:12:58","slug":"zcela-vyjimecny-par-bez-centimetru-laska-ktera-nezna-zadne-miry-david-a-klara-o-kterych-mluvi-cele-cesko-%f0%9f%91%a9%e2%9d%a4%ef%b8%8f%f0%9f%91%a8%f0%9f%93%8f","status":"publish","type":"post","link":"https:\/\/erevanblog.am\/?p=10978","title":{"rendered":"Zcela v\u00fdjime\u010dn\u00fd p\u00e1r \u2013 bez centimetr\u016f.L\u00e1ska, kter\u00e1 nezn\u00e1 \u017e\u00e1dn\u00e9 m\u00edry: David a Kl\u00e1ra, o kter\u00fdch mluv\u00ed cel\u00e9 \u010cesko \ud83d\udc69\u200d\u2764\ufe0f\u200d\ud83d\udc68\ud83d\udccf"},"content":{"rendered":"\n<p>Kdy\u017e se objevili na ve\u0159ejnosti poprv\u00e9, lid\u00e9 se ot\u00e1\u010deli.<br>Ne kv\u016fli sl\u00e1v\u011b. Ne kv\u016fli skand\u00e1l\u016fm.<br>Ale proto\u017ee na nich bylo n\u011bco neobvykl\u00e9ho.<\/p>\n\n\n\n<figure class=\"wp-block-image size-full\"><img loading=\"lazy\" decoding=\"async\" width=\"823\" height=\"1024\" src=\"https:\/\/erevanblog.am\/wp-content\/uploads\/2025\/07\/555.png\" alt=\"\" class=\"wp-image-10979\" srcset=\"https:\/\/erevanblog.am\/wp-content\/uploads\/2025\/07\/555.png 823w, https:\/\/erevanblog.am\/wp-content\/uploads\/2025\/07\/555-241x300.png 241w, https:\/\/erevanblog.am\/wp-content\/uploads\/2025\/07\/555-768x956.png 768w\" sizes=\"auto, (max-width: 823px) 100vw, 823px\" \/><\/figure>\n\n\n\n<p>On m\u011b\u0159\u00ed 142 cm. Ona 189 cm.<br>A p\u0159esto\u017ee to nikomu neubli\u017eovalo, pro mnoho lid\u00ed to bylo \u201ea\u017e p\u0159\u00edli\u0161 zvl\u00e1\u0161tn\u00ed, aby to bylo skute\u010dn\u00e9\u201c.<\/p>\n\n\n\n<p>David a Kl\u00e1ra se ale nikdy neptali, jestli se k sob\u011b hod\u00ed.<br>Oni prost\u011b v\u011bd\u011bli, \u017ee k sob\u011b pat\u0159\u00ed.<\/p>\n\n\n\n<p>Jejich l\u00e1ska nem\u011bla pravidla, m\u00edry ani omezen\u00ed. Jen \u00fasm\u011bvy, trp\u011blivost\u2026 a humor, za kter\u00fd by se nemusela styd\u011bt ani ta \u201enejdokonalej\u0161\u00ed\u201c dvojice.<\/p>\n\n\n\n<p>To, co ale opravdu \u0161okovalo ve\u0159ejnost, nep\u0159i\u0161lo s jejich vztahem \u2013 ale s jejich d\u011btmi.<\/p>\n\n\n\n<p>Po narozen\u00ed jejich prvn\u00edho d\u00edt\u011bte se na n\u011b snesla vlna ot\u00e1zek (a bohu\u017eel i p\u0159edsudk\u016f):<br>\u2013 Jak bude vypadat?<br>\u2013 Bude m\u00edt zdravotn\u00ed probl\u00e9my?<br>\u2013 Povede norm\u00e1ln\u00ed \u017eivot?<\/p>\n\n\n\n<p>Odpov\u011b\u010f je jednoduch\u00e1:<br>Mal\u00fd Tom\u00e1\u0161ek je naprosto zdrav\u00fd, vesel\u00fd a zv\u00eddav\u00fd kluk.<br>Nen\u00ed ani extr\u00e9mn\u011b mal\u00fd, ani v\u00fdjime\u010dn\u011b vysok\u00fd.<br>Prost\u011b d\u00edt\u011b, kter\u00e9 m\u00e1 to nejd\u016fle\u017eit\u011bj\u0161\u00ed \u2013 <strong>miluj\u00edc\u00ed rodi\u010de<\/strong>.<\/p>\n\n\n\n<p>Dnes David a Kl\u00e1ra sd\u00edl\u00ed sv\u016fj p\u0159\u00edb\u011bh nejen proto, aby inspirovali ostatn\u00ed, ale hlavn\u011b proto, aby uk\u00e1zali:<br>\ud83d\udc49 L\u00e1ska se nem\u011b\u0159\u00ed v centimetrech.<br>\ud83d\udc49 \u0160t\u011bst\u00ed nen\u00ed o symetrii.<br>\ud83d\udc49 A \u201enorm\u00e1ln\u00ed\u201c je jen slovo, kter\u00e9 si ka\u017ed\u00fd definuje s\u00e1m.<\/p>\n","protected":false},"excerpt":{"rendered":"<div class=\"mh-excerpt\"><p>Kdy\u017e se objevili na ve\u0159ejnosti poprv\u00e9, lid\u00e9 se ot\u00e1\u010deli.Ne kv\u016fli sl\u00e1v\u011b. Ne kv\u016fli skand\u00e1l\u016fm.Ale proto\u017ee na nich bylo n\u011bco neobvykl\u00e9ho. On m\u011b\u0159\u00ed 142 cm. Ona <a class=\"mh-excerpt-more\" href=\"https:\/\/erevanblog.am\/?p=10978\" title=\"Zcela v\u00fdjime\u010dn\u00fd p\u00e1r \u2013 bez centimetr\u016f.L\u00e1ska, kter\u00e1 nezn\u00e1 \u017e\u00e1dn\u00e9 m\u00edry: David a Kl\u00e1ra, o kter\u00fdch mluv\u00ed cel\u00e9 \u010cesko \ud83d\udc69\u200d\u2764\ufe0f\u200d\ud83d\udc68\ud83d\udccf\">[&#8230;]<\/a><\/p>\n<\/div>","protected":false},"author":1,"featured_media":10979,"comment_status":"open","ping_status":"open","sticky":false,"template":"","format":"standard","meta":{"footnotes":""},"categories":[1],"tags":[],"class_list":["post-10978","post","type-post","status-publish","format-standard","has-post-thumbnail","hentry","category-uncategorised"],"yoast_head":"<!-- This site is optimized with the Yoast SEO plugin v27.5 - https:\/\/yoast.com\/product\/yoast-seo-wordpress\/ -->\n<title>Zcela v\u00fdjime\u010dn\u00fd p\u00e1r \u2013 bez centimetr\u016f.L\u00e1ska, kter\u00e1 nezn\u00e1 \u017e\u00e1dn\u00e9 m\u00edry: David a Kl\u00e1ra, o kter\u00fdch mluv\u00ed cel\u00e9 \u010cesko \ud83d\udc69\u200d\u2764\ufe0f\u200d\ud83d\udc68\ud83d\udccf -<\/title>\n<meta name=\"robots\" content=\"index, follow, max-snippet:-1, max-image-preview:large, max-video-preview:-1\" \/>\n<link rel=\"canonical\" href=\"https:\/\/erevanblog.am\/?p=10978\" \/>\n<meta property=\"og:locale\" content=\"en_US\" \/>\n<meta property=\"og:type\" content=\"article\" \/>\n<meta property=\"og:title\" content=\"Zcela v\u00fdjime\u010dn\u00fd p\u00e1r \u2013 bez centimetr\u016f.L\u00e1ska, kter\u00e1 nezn\u00e1 \u017e\u00e1dn\u00e9 m\u00edry: David a Kl\u00e1ra, o kter\u00fdch mluv\u00ed cel\u00e9 \u010cesko \ud83d\udc69\u200d\u2764\ufe0f\u200d\ud83d\udc68\ud83d\udccf -\" \/>\n<meta property=\"og:description\" content=\"Kdy\u017e se objevili na ve\u0159ejnosti poprv\u00e9, lid\u00e9 se ot\u00e1\u010deli.Ne kv\u016fli sl\u00e1v\u011b. Ne kv\u016fli skand\u00e1l\u016fm.Ale proto\u017ee na nich bylo n\u011bco neobvykl\u00e9ho. On m\u011b\u0159\u00ed 142 cm. Ona [...]\" \/>\n<meta property=\"og:url\" content=\"https:\/\/erevanblog.am\/?p=10978\" \/>\n<meta property=\"article:published_time\" content=\"2025-07-22T20:12:58+00:00\" \/>\n<meta property=\"og:image\" content=\"http:\/\/erevanblog.am\/wp-content\/uploads\/2025\/07\/555.png\" \/>\n\t<meta property=\"og:image:width\" content=\"823\" \/>\n\t<meta property=\"og:image:height\" content=\"1024\" \/>\n\t<meta property=\"og:image:type\" content=\"image\/png\" \/>\n<meta name=\"author\" content=\"erevanblog_a\" \/>\n<meta name=\"twitter:card\" content=\"summary_large_image\" \/>\n<meta name=\"twitter:label1\" content=\"Written by\" \/>\n\t<meta name=\"twitter:data1\" content=\"erevanblog_a\" \/>\n\t<meta name=\"twitter:label2\" content=\"Est. reading time\" \/>\n\t<meta name=\"twitter:data2\" content=\"2 minutes\" \/>\n<script type=\"application\/ld+json\" class=\"yoast-schema-graph\">{\"@context\":\"https:\\\/\\\/schema.org\",\"@graph\":[{\"@type\":\"Article\",\"@id\":\"https:\\\/\\\/erevanblog.am\\\/?p=10978#article\",\"isPartOf\":{\"@id\":\"https:\\\/\\\/erevanblog.am\\\/?p=10978\"},\"author\":{\"name\":\"erevanblog_a\",\"@id\":\"https:\\\/\\\/erevanblog.am\\\/#\\\/schema\\\/person\\\/204f10311eb7ddb8914a5ab3e5f03928\"},\"headline\":\"Zcela v\u00fdjime\u010dn\u00fd p\u00e1r \u2013 bez centimetr\u016f.L\u00e1ska, kter\u00e1 nezn\u00e1 \u017e\u00e1dn\u00e9 m\u00edry: David a Kl\u00e1ra, o kter\u00fdch mluv\u00ed cel\u00e9 \u010cesko \ud83d\udc69\u200d\u2764\ufe0f\u200d\ud83d\udc68\ud83d\udccf\",\"datePublished\":\"2025-07-22T20:12:58+00:00\",\"mainEntityOfPage\":{\"@id\":\"https:\\\/\\\/erevanblog.am\\\/?p=10978\"},\"wordCount\":272,\"commentCount\":0,\"image\":{\"@id\":\"https:\\\/\\\/erevanblog.am\\\/?p=10978#primaryimage\"},\"thumbnailUrl\":\"https:\\\/\\\/erevanblog.am\\\/wp-content\\\/uploads\\\/2025\\\/07\\\/555.png\",\"articleSection\":[\"NEWS\"],\"inLanguage\":\"en-US\",\"potentialAction\":[{\"@type\":\"CommentAction\",\"name\":\"Comment\",\"target\":[\"https:\\\/\\\/erevanblog.am\\\/?p=10978#respond\"]}]},{\"@type\":\"WebPage\",\"@id\":\"https:\\\/\\\/erevanblog.am\\\/?p=10978\",\"url\":\"https:\\\/\\\/erevanblog.am\\\/?p=10978\",\"name\":\"Zcela v\u00fdjime\u010dn\u00fd p\u00e1r \u2013 bez centimetr\u016f.L\u00e1ska, kter\u00e1 nezn\u00e1 \u017e\u00e1dn\u00e9 m\u00edry: David a Kl\u00e1ra, o kter\u00fdch mluv\u00ed cel\u00e9 \u010cesko \ud83d\udc69\u200d\u2764\ufe0f\u200d\ud83d\udc68\ud83d\udccf -\",\"isPartOf\":{\"@id\":\"https:\\\/\\\/erevanblog.am\\\/#website\"},\"primaryImageOfPage\":{\"@id\":\"https:\\\/\\\/erevanblog.am\\\/?p=10978#primaryimage\"},\"image\":{\"@id\":\"https:\\\/\\\/erevanblog.am\\\/?p=10978#primaryimage\"},\"thumbnailUrl\":\"https:\\\/\\\/erevanblog.am\\\/wp-content\\\/uploads\\\/2025\\\/07\\\/555.png\",\"datePublished\":\"2025-07-22T20:12:58+00:00\",\"author\":{\"@id\":\"https:\\\/\\\/erevanblog.am\\\/#\\\/schema\\\/person\\\/204f10311eb7ddb8914a5ab3e5f03928\"},\"breadcrumb\":{\"@id\":\"https:\\\/\\\/erevanblog.am\\\/?p=10978#breadcrumb\"},\"inLanguage\":\"en-US\",\"potentialAction\":[{\"@type\":\"ReadAction\",\"target\":[\"https:\\\/\\\/erevanblog.am\\\/?p=10978\"]}]},{\"@type\":\"ImageObject\",\"inLanguage\":\"en-US\",\"@id\":\"https:\\\/\\\/erevanblog.am\\\/?p=10978#primaryimage\",\"url\":\"https:\\\/\\\/erevanblog.am\\\/wp-content\\\/uploads\\\/2025\\\/07\\\/555.png\",\"contentUrl\":\"https:\\\/\\\/erevanblog.am\\\/wp-content\\\/uploads\\\/2025\\\/07\\\/555.png\",\"width\":823,\"height\":1024},{\"@type\":\"BreadcrumbList\",\"@id\":\"https:\\\/\\\/erevanblog.am\\\/?p=10978#breadcrumb\",\"itemListElement\":[{\"@type\":\"ListItem\",\"position\":1,\"name\":\"Home\",\"item\":\"https:\\\/\\\/erevanblog.am\\\/\"},{\"@type\":\"ListItem\",\"position\":2,\"name\":\"Zcela v\u00fdjime\u010dn\u00fd p\u00e1r \u2013 bez centimetr\u016f.L\u00e1ska, kter\u00e1 nezn\u00e1 \u017e\u00e1dn\u00e9 m\u00edry: David a Kl\u00e1ra, o kter\u00fdch mluv\u00ed cel\u00e9 \u010cesko \ud83d\udc69\u200d\u2764\ufe0f\u200d\ud83d\udc68\ud83d\udccf\"}]},{\"@type\":\"WebSite\",\"@id\":\"https:\\\/\\\/erevanblog.am\\\/#website\",\"url\":\"https:\\\/\\\/erevanblog.am\\\/\",\"name\":\"\",\"description\":\"\",\"potentialAction\":[{\"@type\":\"SearchAction\",\"target\":{\"@type\":\"EntryPoint\",\"urlTemplate\":\"https:\\\/\\\/erevanblog.am\\\/?s={search_term_string}\"},\"query-input\":{\"@type\":\"PropertyValueSpecification\",\"valueRequired\":true,\"valueName\":\"search_term_string\"}}],\"inLanguage\":\"en-US\"},{\"@type\":\"Person\",\"@id\":\"https:\\\/\\\/erevanblog.am\\\/#\\\/schema\\\/person\\\/204f10311eb7ddb8914a5ab3e5f03928\",\"name\":\"erevanblog_a\",\"image\":{\"@type\":\"ImageObject\",\"inLanguage\":\"en-US\",\"@id\":\"https:\\\/\\\/secure.gravatar.com\\\/avatar\\\/a24f4ac3a683f3c87303db525abc00db51ea26ccedee11dfaf1cc0f9a481a5d2?s=96&d=mm&r=g\",\"url\":\"https:\\\/\\\/secure.gravatar.com\\\/avatar\\\/a24f4ac3a683f3c87303db525abc00db51ea26ccedee11dfaf1cc0f9a481a5d2?s=96&d=mm&r=g\",\"contentUrl\":\"https:\\\/\\\/secure.gravatar.com\\\/avatar\\\/a24f4ac3a683f3c87303db525abc00db51ea26ccedee11dfaf1cc0f9a481a5d2?s=96&d=mm&r=g\",\"caption\":\"erevanblog_a\"},\"sameAs\":[\"http:\\\/\\\/erevanblog.am\"],\"url\":\"https:\\\/\\\/erevanblog.am\\\/?author=1\"}]}<\/script>\n<!-- \/ Yoast SEO plugin. -->","yoast_head_json":{"title":"Zcela v\u00fdjime\u010dn\u00fd p\u00e1r \u2013 bez centimetr\u016f.L\u00e1ska, kter\u00e1 nezn\u00e1 \u017e\u00e1dn\u00e9 m\u00edry: David a Kl\u00e1ra, o kter\u00fdch mluv\u00ed cel\u00e9 \u010cesko \ud83d\udc69\u200d\u2764\ufe0f\u200d\ud83d\udc68\ud83d\udccf -","robots":{"index":"index","follow":"follow","max-snippet":"max-snippet:-1","max-image-preview":"max-image-preview:large","max-video-preview":"max-video-preview:-1"},"canonical":"https:\/\/erevanblog.am\/?p=10978","og_locale":"en_US","og_type":"article","og_title":"Zcela v\u00fdjime\u010dn\u00fd p\u00e1r \u2013 bez centimetr\u016f.L\u00e1ska, kter\u00e1 nezn\u00e1 \u017e\u00e1dn\u00e9 m\u00edry: David a Kl\u00e1ra, o kter\u00fdch mluv\u00ed cel\u00e9 \u010cesko \ud83d\udc69\u200d\u2764\ufe0f\u200d\ud83d\udc68\ud83d\udccf -","og_description":"Kdy\u017e se objevili na ve\u0159ejnosti poprv\u00e9, lid\u00e9 se ot\u00e1\u010deli.Ne kv\u016fli sl\u00e1v\u011b. Ne kv\u016fli skand\u00e1l\u016fm.Ale proto\u017ee na nich bylo n\u011bco neobvykl\u00e9ho. On m\u011b\u0159\u00ed 142 cm. Ona [...]","og_url":"https:\/\/erevanblog.am\/?p=10978","article_published_time":"2025-07-22T20:12:58+00:00","og_image":[{"width":823,"height":1024,"url":"http:\/\/erevanblog.am\/wp-content\/uploads\/2025\/07\/555.png","type":"image\/png"}],"author":"erevanblog_a","twitter_card":"summary_large_image","twitter_misc":{"Written by":"erevanblog_a","Est. reading time":"2 minutes"},"schema":{"@context":"https:\/\/schema.org","@graph":[{"@type":"Article","@id":"https:\/\/erevanblog.am\/?p=10978#article","isPartOf":{"@id":"https:\/\/erevanblog.am\/?p=10978"},"author":{"name":"erevanblog_a","@id":"https:\/\/erevanblog.am\/#\/schema\/person\/204f10311eb7ddb8914a5ab3e5f03928"},"headline":"Zcela v\u00fdjime\u010dn\u00fd p\u00e1r \u2013 bez centimetr\u016f.L\u00e1ska, kter\u00e1 nezn\u00e1 \u017e\u00e1dn\u00e9 m\u00edry: David a Kl\u00e1ra, o kter\u00fdch mluv\u00ed cel\u00e9 \u010cesko \ud83d\udc69\u200d\u2764\ufe0f\u200d\ud83d\udc68\ud83d\udccf","datePublished":"2025-07-22T20:12:58+00:00","mainEntityOfPage":{"@id":"https:\/\/erevanblog.am\/?p=10978"},"wordCount":272,"commentCount":0,"image":{"@id":"https:\/\/erevanblog.am\/?p=10978#primaryimage"},"thumbnailUrl":"https:\/\/erevanblog.am\/wp-content\/uploads\/2025\/07\/555.png","articleSection":["NEWS"],"inLanguage":"en-US","potentialAction":[{"@type":"CommentAction","name":"Comment","target":["https:\/\/erevanblog.am\/?p=10978#respond"]}]},{"@type":"WebPage","@id":"https:\/\/erevanblog.am\/?p=10978","url":"https:\/\/erevanblog.am\/?p=10978","name":"Zcela v\u00fdjime\u010dn\u00fd p\u00e1r \u2013 bez centimetr\u016f.L\u00e1ska, kter\u00e1 nezn\u00e1 \u017e\u00e1dn\u00e9 m\u00edry: David a Kl\u00e1ra, o kter\u00fdch mluv\u00ed cel\u00e9 \u010cesko \ud83d\udc69\u200d\u2764\ufe0f\u200d\ud83d\udc68\ud83d\udccf -","isPartOf":{"@id":"https:\/\/erevanblog.am\/#website"},"primaryImageOfPage":{"@id":"https:\/\/erevanblog.am\/?p=10978#primaryimage"},"image":{"@id":"https:\/\/erevanblog.am\/?p=10978#primaryimage"},"thumbnailUrl":"https:\/\/erevanblog.am\/wp-content\/uploads\/2025\/07\/555.png","datePublished":"2025-07-22T20:12:58+00:00","author":{"@id":"https:\/\/erevanblog.am\/#\/schema\/person\/204f10311eb7ddb8914a5ab3e5f03928"},"breadcrumb":{"@id":"https:\/\/erevanblog.am\/?p=10978#breadcrumb"},"inLanguage":"en-US","potentialAction":[{"@type":"ReadAction","target":["https:\/\/erevanblog.am\/?p=10978"]}]},{"@type":"ImageObject","inLanguage":"en-US","@id":"https:\/\/erevanblog.am\/?p=10978#primaryimage","url":"https:\/\/erevanblog.am\/wp-content\/uploads\/2025\/07\/555.png","contentUrl":"https:\/\/erevanblog.am\/wp-content\/uploads\/2025\/07\/555.png","width":823,"height":1024},{"@type":"BreadcrumbList","@id":"https:\/\/erevanblog.am\/?p=10978#breadcrumb","itemListElement":[{"@type":"ListItem","position":1,"name":"Home","item":"https:\/\/erevanblog.am\/"},{"@type":"ListItem","position":2,"name":"Zcela v\u00fdjime\u010dn\u00fd p\u00e1r \u2013 bez centimetr\u016f.L\u00e1ska, kter\u00e1 nezn\u00e1 \u017e\u00e1dn\u00e9 m\u00edry: David a Kl\u00e1ra, o kter\u00fdch mluv\u00ed cel\u00e9 \u010cesko \ud83d\udc69\u200d\u2764\ufe0f\u200d\ud83d\udc68\ud83d\udccf"}]},{"@type":"WebSite","@id":"https:\/\/erevanblog.am\/#website","url":"https:\/\/erevanblog.am\/","name":"","description":"","potentialAction":[{"@type":"SearchAction","target":{"@type":"EntryPoint","urlTemplate":"https:\/\/erevanblog.am\/?s={search_term_string}"},"query-input":{"@type":"PropertyValueSpecification","valueRequired":true,"valueName":"search_term_string"}}],"inLanguage":"en-US"},{"@type":"Person","@id":"https:\/\/erevanblog.am\/#\/schema\/person\/204f10311eb7ddb8914a5ab3e5f03928","name":"erevanblog_a","image":{"@type":"ImageObject","inLanguage":"en-US","@id":"https:\/\/secure.gravatar.com\/avatar\/a24f4ac3a683f3c87303db525abc00db51ea26ccedee11dfaf1cc0f9a481a5d2?s=96&d=mm&r=g","url":"https:\/\/secure.gravatar.com\/avatar\/a24f4ac3a683f3c87303db525abc00db51ea26ccedee11dfaf1cc0f9a481a5d2?s=96&d=mm&r=g","contentUrl":"https:\/\/secure.gravatar.com\/avatar\/a24f4ac3a683f3c87303db525abc00db51ea26ccedee11dfaf1cc0f9a481a5d2?s=96&d=mm&r=g","caption":"erevanblog_a"},"sameAs":["http:\/\/erevanblog.am"],"url":"https:\/\/erevanblog.am\/?author=1"}]}},"views":286,"_links":{"self":[{"href":"https:\/\/erevanblog.am\/index.php?rest_route=\/wp\/v2\/posts\/10978","targetHints":{"allow":["GET"]}}],"collection":[{"href":"https:\/\/erevanblog.am\/index.php?rest_route=\/wp\/v2\/posts"}],"about":[{"href":"https:\/\/erevanblog.am\/index.php?rest_route=\/wp\/v2\/types\/post"}],"author":[{"embeddable":true,"href":"https:\/\/erevanblog.am\/index.php?rest_route=\/wp\/v2\/users\/1"}],"replies":[{"embeddable":true,"href":"https:\/\/erevanblog.am\/index.php?rest_route=%2Fwp%2Fv2%2Fcomments&post=10978"}],"version-history":[{"count":1,"href":"https:\/\/erevanblog.am\/index.php?rest_route=\/wp\/v2\/posts\/10978\/revisions"}],"predecessor-version":[{"id":10980,"href":"https:\/\/erevanblog.am\/index.php?rest_route=\/wp\/v2\/posts\/10978\/revisions\/10980"}],"wp:featuredmedia":[{"embeddable":true,"href":"https:\/\/erevanblog.am\/index.php?rest_route=\/wp\/v2\/media\/10979"}],"wp:attachment":[{"href":"https:\/\/erevanblog.am\/index.php?rest_route=%2Fwp%2Fv2%2Fmedia&parent=10978"}],"wp:term":[{"taxonomy":"category","embeddable":true,"href":"https:\/\/erevanblog.am\/index.php?rest_route=%2Fwp%2Fv2%2Fcategories&post=10978"},{"taxonomy":"post_tag","embeddable":true,"href":"https:\/\/erevanblog.am\/index.php?rest_route=%2Fwp%2Fv2%2Ftags&post=10978"}],"curies":[{"name":"wp","href":"https:\/\/api.w.org\/{rel}","templated":true}]}}