{"id":11003,"date":"2025-07-24T15:19:37","date_gmt":"2025-07-24T14:19:37","guid":{"rendered":"https:\/\/erevanblog.am\/?p=11003"},"modified":"2025-07-24T15:19:39","modified_gmt":"2025-07-24T14:19:39","slug":"neumirala-jsem-jen-jsem-cekala-pribeh-ktery-zmenil-atmosferu-pokoje-cislo-7-%f0%9f%95%af%ef%b8%8f%f0%9f%92%94","status":"publish","type":"post","link":"https:\/\/erevanblog.am\/?p=11003","title":{"rendered":"\u201eNeum\u00edrala jsem\u2026 jen jsem \u010dekala\u201c: P\u0159\u00edb\u011bh, kter\u00fd zm\u011bnil atmosf\u00e9ru pokoje \u010d\u00edslo 7 \ud83d\udd6f\ufe0f\ud83d\udc94"},"content":{"rendered":"\n<p>V\u0161ichni si mysleli, \u017ee jej\u00ed \u010das nade\u0161el.<br>Hospicov\u00fd pokoj \u010d\u00edslo 7, skryt\u00fd v zadn\u00ed \u010d\u00e1sti budovy, byl zahalen tichem.<br>P\u0159\u00edstroje vyd\u00e1valy slab\u00e9 zvuky, dech byl sotva znateln\u00fd\u2026<br>Ale ona st\u00e1le \u017eila.<\/p>\n\n\n\n<figure class=\"wp-block-image size-full\"><img loading=\"lazy\" decoding=\"async\" width=\"1024\" height=\"1024\" src=\"https:\/\/erevanblog.am\/wp-content\/uploads\/2025\/07\/777-2.png\" alt=\"\" class=\"wp-image-11004\" srcset=\"https:\/\/erevanblog.am\/wp-content\/uploads\/2025\/07\/777-2.png 1024w, https:\/\/erevanblog.am\/wp-content\/uploads\/2025\/07\/777-2-300x300.png 300w, https:\/\/erevanblog.am\/wp-content\/uploads\/2025\/07\/777-2-150x150.png 150w, https:\/\/erevanblog.am\/wp-content\/uploads\/2025\/07\/777-2-768x768.png 768w\" sizes=\"auto, (max-width: 1024px) 100vw, 1024px\" \/><\/figure>\n\n\n\n<p>Zdravotn\u00ed sestry byly zmaten\u00e9.<br>\u2014 Dr\u017e\u00ed se silou v\u016fle, poznamenala jedna.<br>Druh\u00e1 v\u0161ak c\u00edtila n\u011bco jin\u00e9ho:<br>\u2014 Ne, ona na n\u011bkoho \u010dek\u00e1.<\/p>\n\n\n\n<p>A skute\u010dn\u011b.<br>T\u0159et\u00ed noc, pr\u00e1v\u011b kdy\u017e venku za\u010dal padat prvn\u00ed sn\u00edh, se dve\u0159e ti\u0161e otev\u0159ely.<br>Do m\u00edstnosti vstoupil mu\u017e \u2014 \u0161ed\u00e9 vlasy, o\u010di pln\u00e9 l\u00edtosti a v ruce kniha, kterou kdysi zapomn\u011bl vr\u00e1tit.<\/p>\n\n\n\n<p>Ona otev\u0159ela o\u010di. Poprv\u00e9 za cel\u00fd den.<br>A usm\u00e1la se.<\/p>\n\n\n\n<p>\u201eTe\u010f u\u017e m\u016f\u017eu odej\u00edt,\u201c za\u0161eptala.<br>Pevn\u011b j\u00ed stiskl ruku. Ml\u010del.<\/p>\n\n\n\n<p>Ten ve\u010der nebyl o smrti.<br>Byl o \u010dek\u00e1n\u00ed, o sm\u00ed\u0159en\u00ed\u2026<br>A o klidu, kter\u00fd p\u0159i\u0161el a\u017e ve chv\u00edli rozlou\u010den\u00ed.<\/p>\n","protected":false},"excerpt":{"rendered":"<div class=\"mh-excerpt\"><p>V\u0161ichni si mysleli, \u017ee jej\u00ed \u010das nade\u0161el.Hospicov\u00fd pokoj \u010d\u00edslo 7, skryt\u00fd v zadn\u00ed \u010d\u00e1sti budovy, byl zahalen tichem.P\u0159\u00edstroje vyd\u00e1valy slab\u00e9 zvuky, dech byl sotva znateln\u00fd\u2026Ale <a class=\"mh-excerpt-more\" href=\"https:\/\/erevanblog.am\/?p=11003\" title=\"\u201eNeum\u00edrala jsem\u2026 jen jsem \u010dekala\u201c: P\u0159\u00edb\u011bh, kter\u00fd zm\u011bnil atmosf\u00e9ru pokoje \u010d\u00edslo 7 \ud83d\udd6f\ufe0f\ud83d\udc94\">[&#8230;]<\/a><\/p>\n<\/div>","protected":false},"author":1,"featured_media":11004,"comment_status":"open","ping_status":"open","sticky":false,"template":"","format":"standard","meta":{"footnotes":""},"categories":[1],"tags":[],"class_list":["post-11003","post","type-post","status-publish","format-standard","has-post-thumbnail","hentry","category-uncategorised"],"yoast_head":"<!-- This site is optimized with the Yoast SEO plugin v27.5 - https:\/\/yoast.com\/product\/yoast-seo-wordpress\/ -->\n<title>\u201eNeum\u00edrala jsem\u2026 jen jsem \u010dekala\u201c: P\u0159\u00edb\u011bh, kter\u00fd zm\u011bnil atmosf\u00e9ru pokoje \u010d\u00edslo 7 \ud83d\udd6f\ufe0f\ud83d\udc94 -<\/title>\n<meta name=\"robots\" content=\"index, follow, max-snippet:-1, max-image-preview:large, max-video-preview:-1\" \/>\n<link rel=\"canonical\" href=\"https:\/\/erevanblog.am\/?p=11003\" \/>\n<meta property=\"og:locale\" content=\"en_US\" \/>\n<meta property=\"og:type\" content=\"article\" \/>\n<meta property=\"og:title\" content=\"\u201eNeum\u00edrala jsem\u2026 jen jsem \u010dekala\u201c: P\u0159\u00edb\u011bh, kter\u00fd zm\u011bnil atmosf\u00e9ru pokoje \u010d\u00edslo 7 \ud83d\udd6f\ufe0f\ud83d\udc94 -\" \/>\n<meta property=\"og:description\" content=\"V\u0161ichni si mysleli, \u017ee jej\u00ed \u010das nade\u0161el.Hospicov\u00fd pokoj \u010d\u00edslo 7, skryt\u00fd v zadn\u00ed \u010d\u00e1sti budovy, byl zahalen tichem.P\u0159\u00edstroje vyd\u00e1valy slab\u00e9 zvuky, dech byl sotva znateln\u00fd\u2026Ale [...]\" \/>\n<meta property=\"og:url\" content=\"https:\/\/erevanblog.am\/?p=11003\" \/>\n<meta property=\"article:published_time\" content=\"2025-07-24T14:19:37+00:00\" \/>\n<meta property=\"article:modified_time\" content=\"2025-07-24T14:19:39+00:00\" \/>\n<meta property=\"og:image\" content=\"http:\/\/erevanblog.am\/wp-content\/uploads\/2025\/07\/777-2.png\" \/>\n\t<meta property=\"og:image:width\" content=\"1024\" \/>\n\t<meta property=\"og:image:height\" content=\"1024\" \/>\n\t<meta property=\"og:image:type\" content=\"image\/png\" \/>\n<meta name=\"author\" content=\"erevanblog_a\" \/>\n<meta name=\"twitter:card\" content=\"summary_large_image\" \/>\n<meta name=\"twitter:label1\" content=\"Written by\" \/>\n\t<meta name=\"twitter:data1\" content=\"erevanblog_a\" \/>\n\t<meta name=\"twitter:label2\" content=\"Est. reading time\" \/>\n\t<meta name=\"twitter:data2\" content=\"1 minute\" \/>\n<script type=\"application\/ld+json\" class=\"yoast-schema-graph\">{\"@context\":\"https:\\\/\\\/schema.org\",\"@graph\":[{\"@type\":\"Article\",\"@id\":\"https:\\\/\\\/erevanblog.am\\\/?p=11003#article\",\"isPartOf\":{\"@id\":\"https:\\\/\\\/erevanblog.am\\\/?p=11003\"},\"author\":{\"name\":\"erevanblog_a\",\"@id\":\"https:\\\/\\\/erevanblog.am\\\/#\\\/schema\\\/person\\\/204f10311eb7ddb8914a5ab3e5f03928\"},\"headline\":\"\u201eNeum\u00edrala jsem\u2026 jen jsem \u010dekala\u201c: P\u0159\u00edb\u011bh, kter\u00fd zm\u011bnil atmosf\u00e9ru pokoje \u010d\u00edslo 7 \ud83d\udd6f\ufe0f\ud83d\udc94\",\"datePublished\":\"2025-07-24T14:19:37+00:00\",\"dateModified\":\"2025-07-24T14:19:39+00:00\",\"mainEntityOfPage\":{\"@id\":\"https:\\\/\\\/erevanblog.am\\\/?p=11003\"},\"wordCount\":175,\"commentCount\":0,\"image\":{\"@id\":\"https:\\\/\\\/erevanblog.am\\\/?p=11003#primaryimage\"},\"thumbnailUrl\":\"https:\\\/\\\/erevanblog.am\\\/wp-content\\\/uploads\\\/2025\\\/07\\\/777-2.png\",\"articleSection\":[\"NEWS\"],\"inLanguage\":\"en-US\",\"potentialAction\":[{\"@type\":\"CommentAction\",\"name\":\"Comment\",\"target\":[\"https:\\\/\\\/erevanblog.am\\\/?p=11003#respond\"]}]},{\"@type\":\"WebPage\",\"@id\":\"https:\\\/\\\/erevanblog.am\\\/?p=11003\",\"url\":\"https:\\\/\\\/erevanblog.am\\\/?p=11003\",\"name\":\"\u201eNeum\u00edrala jsem\u2026 jen jsem \u010dekala\u201c: P\u0159\u00edb\u011bh, kter\u00fd zm\u011bnil atmosf\u00e9ru pokoje \u010d\u00edslo 7 \ud83d\udd6f\ufe0f\ud83d\udc94 -\",\"isPartOf\":{\"@id\":\"https:\\\/\\\/erevanblog.am\\\/#website\"},\"primaryImageOfPage\":{\"@id\":\"https:\\\/\\\/erevanblog.am\\\/?p=11003#primaryimage\"},\"image\":{\"@id\":\"https:\\\/\\\/erevanblog.am\\\/?p=11003#primaryimage\"},\"thumbnailUrl\":\"https:\\\/\\\/erevanblog.am\\\/wp-content\\\/uploads\\\/2025\\\/07\\\/777-2.png\",\"datePublished\":\"2025-07-24T14:19:37+00:00\",\"dateModified\":\"2025-07-24T14:19:39+00:00\",\"author\":{\"@id\":\"https:\\\/\\\/erevanblog.am\\\/#\\\/schema\\\/person\\\/204f10311eb7ddb8914a5ab3e5f03928\"},\"breadcrumb\":{\"@id\":\"https:\\\/\\\/erevanblog.am\\\/?p=11003#breadcrumb\"},\"inLanguage\":\"en-US\",\"potentialAction\":[{\"@type\":\"ReadAction\",\"target\":[\"https:\\\/\\\/erevanblog.am\\\/?p=11003\"]}]},{\"@type\":\"ImageObject\",\"inLanguage\":\"en-US\",\"@id\":\"https:\\\/\\\/erevanblog.am\\\/?p=11003#primaryimage\",\"url\":\"https:\\\/\\\/erevanblog.am\\\/wp-content\\\/uploads\\\/2025\\\/07\\\/777-2.png\",\"contentUrl\":\"https:\\\/\\\/erevanblog.am\\\/wp-content\\\/uploads\\\/2025\\\/07\\\/777-2.png\",\"width\":1024,\"height\":1024},{\"@type\":\"BreadcrumbList\",\"@id\":\"https:\\\/\\\/erevanblog.am\\\/?p=11003#breadcrumb\",\"itemListElement\":[{\"@type\":\"ListItem\",\"position\":1,\"name\":\"Home\",\"item\":\"https:\\\/\\\/erevanblog.am\\\/\"},{\"@type\":\"ListItem\",\"position\":2,\"name\":\"\u201eNeum\u00edrala jsem\u2026 jen jsem \u010dekala\u201c: P\u0159\u00edb\u011bh, kter\u00fd zm\u011bnil atmosf\u00e9ru pokoje \u010d\u00edslo 7 \ud83d\udd6f\ufe0f\ud83d\udc94\"}]},{\"@type\":\"WebSite\",\"@id\":\"https:\\\/\\\/erevanblog.am\\\/#website\",\"url\":\"https:\\\/\\\/erevanblog.am\\\/\",\"name\":\"\",\"description\":\"\",\"potentialAction\":[{\"@type\":\"SearchAction\",\"target\":{\"@type\":\"EntryPoint\",\"urlTemplate\":\"https:\\\/\\\/erevanblog.am\\\/?s={search_term_string}\"},\"query-input\":{\"@type\":\"PropertyValueSpecification\",\"valueRequired\":true,\"valueName\":\"search_term_string\"}}],\"inLanguage\":\"en-US\"},{\"@type\":\"Person\",\"@id\":\"https:\\\/\\\/erevanblog.am\\\/#\\\/schema\\\/person\\\/204f10311eb7ddb8914a5ab3e5f03928\",\"name\":\"erevanblog_a\",\"image\":{\"@type\":\"ImageObject\",\"inLanguage\":\"en-US\",\"@id\":\"https:\\\/\\\/secure.gravatar.com\\\/avatar\\\/a24f4ac3a683f3c87303db525abc00db51ea26ccedee11dfaf1cc0f9a481a5d2?s=96&d=mm&r=g\",\"url\":\"https:\\\/\\\/secure.gravatar.com\\\/avatar\\\/a24f4ac3a683f3c87303db525abc00db51ea26ccedee11dfaf1cc0f9a481a5d2?s=96&d=mm&r=g\",\"contentUrl\":\"https:\\\/\\\/secure.gravatar.com\\\/avatar\\\/a24f4ac3a683f3c87303db525abc00db51ea26ccedee11dfaf1cc0f9a481a5d2?s=96&d=mm&r=g\",\"caption\":\"erevanblog_a\"},\"sameAs\":[\"http:\\\/\\\/erevanblog.am\"],\"url\":\"https:\\\/\\\/erevanblog.am\\\/?author=1\"}]}<\/script>\n<!-- \/ Yoast SEO plugin. -->","yoast_head_json":{"title":"\u201eNeum\u00edrala jsem\u2026 jen jsem \u010dekala\u201c: P\u0159\u00edb\u011bh, kter\u00fd zm\u011bnil atmosf\u00e9ru pokoje \u010d\u00edslo 7 \ud83d\udd6f\ufe0f\ud83d\udc94 -","robots":{"index":"index","follow":"follow","max-snippet":"max-snippet:-1","max-image-preview":"max-image-preview:large","max-video-preview":"max-video-preview:-1"},"canonical":"https:\/\/erevanblog.am\/?p=11003","og_locale":"en_US","og_type":"article","og_title":"\u201eNeum\u00edrala jsem\u2026 jen jsem \u010dekala\u201c: P\u0159\u00edb\u011bh, kter\u00fd zm\u011bnil atmosf\u00e9ru pokoje \u010d\u00edslo 7 \ud83d\udd6f\ufe0f\ud83d\udc94 -","og_description":"V\u0161ichni si mysleli, \u017ee jej\u00ed \u010das nade\u0161el.Hospicov\u00fd pokoj \u010d\u00edslo 7, skryt\u00fd v zadn\u00ed \u010d\u00e1sti budovy, byl zahalen tichem.P\u0159\u00edstroje vyd\u00e1valy slab\u00e9 zvuky, dech byl sotva znateln\u00fd\u2026Ale [...]","og_url":"https:\/\/erevanblog.am\/?p=11003","article_published_time":"2025-07-24T14:19:37+00:00","article_modified_time":"2025-07-24T14:19:39+00:00","og_image":[{"width":1024,"height":1024,"url":"http:\/\/erevanblog.am\/wp-content\/uploads\/2025\/07\/777-2.png","type":"image\/png"}],"author":"erevanblog_a","twitter_card":"summary_large_image","twitter_misc":{"Written by":"erevanblog_a","Est. reading time":"1 minute"},"schema":{"@context":"https:\/\/schema.org","@graph":[{"@type":"Article","@id":"https:\/\/erevanblog.am\/?p=11003#article","isPartOf":{"@id":"https:\/\/erevanblog.am\/?p=11003"},"author":{"name":"erevanblog_a","@id":"https:\/\/erevanblog.am\/#\/schema\/person\/204f10311eb7ddb8914a5ab3e5f03928"},"headline":"\u201eNeum\u00edrala jsem\u2026 jen jsem \u010dekala\u201c: P\u0159\u00edb\u011bh, kter\u00fd zm\u011bnil atmosf\u00e9ru pokoje \u010d\u00edslo 7 \ud83d\udd6f\ufe0f\ud83d\udc94","datePublished":"2025-07-24T14:19:37+00:00","dateModified":"2025-07-24T14:19:39+00:00","mainEntityOfPage":{"@id":"https:\/\/erevanblog.am\/?p=11003"},"wordCount":175,"commentCount":0,"image":{"@id":"https:\/\/erevanblog.am\/?p=11003#primaryimage"},"thumbnailUrl":"https:\/\/erevanblog.am\/wp-content\/uploads\/2025\/07\/777-2.png","articleSection":["NEWS"],"inLanguage":"en-US","potentialAction":[{"@type":"CommentAction","name":"Comment","target":["https:\/\/erevanblog.am\/?p=11003#respond"]}]},{"@type":"WebPage","@id":"https:\/\/erevanblog.am\/?p=11003","url":"https:\/\/erevanblog.am\/?p=11003","name":"\u201eNeum\u00edrala jsem\u2026 jen jsem \u010dekala\u201c: P\u0159\u00edb\u011bh, kter\u00fd zm\u011bnil atmosf\u00e9ru pokoje \u010d\u00edslo 7 \ud83d\udd6f\ufe0f\ud83d\udc94 -","isPartOf":{"@id":"https:\/\/erevanblog.am\/#website"},"primaryImageOfPage":{"@id":"https:\/\/erevanblog.am\/?p=11003#primaryimage"},"image":{"@id":"https:\/\/erevanblog.am\/?p=11003#primaryimage"},"thumbnailUrl":"https:\/\/erevanblog.am\/wp-content\/uploads\/2025\/07\/777-2.png","datePublished":"2025-07-24T14:19:37+00:00","dateModified":"2025-07-24T14:19:39+00:00","author":{"@id":"https:\/\/erevanblog.am\/#\/schema\/person\/204f10311eb7ddb8914a5ab3e5f03928"},"breadcrumb":{"@id":"https:\/\/erevanblog.am\/?p=11003#breadcrumb"},"inLanguage":"en-US","potentialAction":[{"@type":"ReadAction","target":["https:\/\/erevanblog.am\/?p=11003"]}]},{"@type":"ImageObject","inLanguage":"en-US","@id":"https:\/\/erevanblog.am\/?p=11003#primaryimage","url":"https:\/\/erevanblog.am\/wp-content\/uploads\/2025\/07\/777-2.png","contentUrl":"https:\/\/erevanblog.am\/wp-content\/uploads\/2025\/07\/777-2.png","width":1024,"height":1024},{"@type":"BreadcrumbList","@id":"https:\/\/erevanblog.am\/?p=11003#breadcrumb","itemListElement":[{"@type":"ListItem","position":1,"name":"Home","item":"https:\/\/erevanblog.am\/"},{"@type":"ListItem","position":2,"name":"\u201eNeum\u00edrala jsem\u2026 jen jsem \u010dekala\u201c: P\u0159\u00edb\u011bh, kter\u00fd zm\u011bnil atmosf\u00e9ru pokoje \u010d\u00edslo 7 \ud83d\udd6f\ufe0f\ud83d\udc94"}]},{"@type":"WebSite","@id":"https:\/\/erevanblog.am\/#website","url":"https:\/\/erevanblog.am\/","name":"","description":"","potentialAction":[{"@type":"SearchAction","target":{"@type":"EntryPoint","urlTemplate":"https:\/\/erevanblog.am\/?s={search_term_string}"},"query-input":{"@type":"PropertyValueSpecification","valueRequired":true,"valueName":"search_term_string"}}],"inLanguage":"en-US"},{"@type":"Person","@id":"https:\/\/erevanblog.am\/#\/schema\/person\/204f10311eb7ddb8914a5ab3e5f03928","name":"erevanblog_a","image":{"@type":"ImageObject","inLanguage":"en-US","@id":"https:\/\/secure.gravatar.com\/avatar\/a24f4ac3a683f3c87303db525abc00db51ea26ccedee11dfaf1cc0f9a481a5d2?s=96&d=mm&r=g","url":"https:\/\/secure.gravatar.com\/avatar\/a24f4ac3a683f3c87303db525abc00db51ea26ccedee11dfaf1cc0f9a481a5d2?s=96&d=mm&r=g","contentUrl":"https:\/\/secure.gravatar.com\/avatar\/a24f4ac3a683f3c87303db525abc00db51ea26ccedee11dfaf1cc0f9a481a5d2?s=96&d=mm&r=g","caption":"erevanblog_a"},"sameAs":["http:\/\/erevanblog.am"],"url":"https:\/\/erevanblog.am\/?author=1"}]}},"views":256,"_links":{"self":[{"href":"https:\/\/erevanblog.am\/index.php?rest_route=\/wp\/v2\/posts\/11003","targetHints":{"allow":["GET"]}}],"collection":[{"href":"https:\/\/erevanblog.am\/index.php?rest_route=\/wp\/v2\/posts"}],"about":[{"href":"https:\/\/erevanblog.am\/index.php?rest_route=\/wp\/v2\/types\/post"}],"author":[{"embeddable":true,"href":"https:\/\/erevanblog.am\/index.php?rest_route=\/wp\/v2\/users\/1"}],"replies":[{"embeddable":true,"href":"https:\/\/erevanblog.am\/index.php?rest_route=%2Fwp%2Fv2%2Fcomments&post=11003"}],"version-history":[{"count":1,"href":"https:\/\/erevanblog.am\/index.php?rest_route=\/wp\/v2\/posts\/11003\/revisions"}],"predecessor-version":[{"id":11005,"href":"https:\/\/erevanblog.am\/index.php?rest_route=\/wp\/v2\/posts\/11003\/revisions\/11005"}],"wp:featuredmedia":[{"embeddable":true,"href":"https:\/\/erevanblog.am\/index.php?rest_route=\/wp\/v2\/media\/11004"}],"wp:attachment":[{"href":"https:\/\/erevanblog.am\/index.php?rest_route=%2Fwp%2Fv2%2Fmedia&parent=11003"}],"wp:term":[{"taxonomy":"category","embeddable":true,"href":"https:\/\/erevanblog.am\/index.php?rest_route=%2Fwp%2Fv2%2Fcategories&post=11003"},{"taxonomy":"post_tag","embeddable":true,"href":"https:\/\/erevanblog.am\/index.php?rest_route=%2Fwp%2Fv2%2Ftags&post=11003"}],"curies":[{"name":"wp","href":"https:\/\/api.w.org\/{rel}","templated":true}]}}