{"id":11012,"date":"2025-07-25T06:35:52","date_gmt":"2025-07-25T05:35:52","guid":{"rendered":"https:\/\/erevanblog.am\/?p=11012"},"modified":"2025-07-25T06:35:53","modified_gmt":"2025-07-25T05:35:53","slug":"vymazala-me-ale-presto-jsem-prisel-co-udelal-otec-na-svatbe-sve-dcery-i-kdyz-mu-zakazali-prijit","status":"publish","type":"post","link":"https:\/\/erevanblog.am\/?p=11012","title":{"rendered":"\u201eVymazala m\u011b, ale p\u0159esto jsem p\u0159i\u0161el\u201c: Co ud\u011blal otec na svatb\u011b sv\u00e9 dcery, i kdy\u017e mu zak\u00e1zali p\u0159ij\u00edt"},"content":{"rendered":"\n<p>\u017dil jsem \u017eivot s d\u016fstojnost\u00ed. Pracoval jsem poctiv\u011b, sna\u017eil se b\u00fdt dobr\u00fdm man\u017eelem, staral se o rodinu a miloval svou dceru cel\u00fdm srdcem. Nic v\u00fdjime\u010dn\u00e9ho \u2013 jen oby\u010dejn\u00fd \u010dlov\u011bk, kter\u00fd d\u011blal to, co pova\u017eoval za spr\u00e1vn\u00e9.<\/p>\n\n\n\n<figure class=\"wp-block-image size-full\"><img loading=\"lazy\" decoding=\"async\" width=\"720\" height=\"1024\" src=\"https:\/\/erevanblog.am\/wp-content\/uploads\/2025\/07\/555.jpeg\" alt=\"\" class=\"wp-image-11013\" srcset=\"https:\/\/erevanblog.am\/wp-content\/uploads\/2025\/07\/555.jpeg 720w, https:\/\/erevanblog.am\/wp-content\/uploads\/2025\/07\/555-211x300.jpeg 211w\" sizes=\"auto, (max-width: 720px) 100vw, 720px\" \/><\/figure>\n\n\n\n<p>Man\u017eelstv\u00ed ale nevydr\u017eelo. Bez dramat, bez h\u00e1dek. Roze\u0161li jsme se klidn\u011b, v dohod\u011b, \u017ee kv\u016fli dce\u0159i z\u016fstaneme v dobr\u00e9m kontaktu.<\/p>\n\n\n\n<p>Jmenuje se So\u0148a. Moje mal\u00e1 princezna.<\/p>\n\n\n\n<p>I po rozvodu jsem byl sou\u010d\u00e1st\u00ed jej\u00edho \u017eivota. Narozeniny, \u0161koln\u00ed vystoupen\u00ed, slavnosti \u2013 v\u017edycky jsem tam byl. Nep\u0159ipom\u00ednal jsem se, nic jsem nevy\u017eadoval. Jen jsem byl p\u0159\u00edtomen. Ti\u0161e, ale stabiln\u011b.<\/p>\n\n\n\n<p>\u010casem se ale So\u0148a za\u010dala vzdalovat. Pomalu. Bez konflikt\u016f. Jen ticho, kter\u00e9 rostlo. M\u00e9n\u011b zpr\u00e1v, m\u00e9n\u011b hovor\u016f. A pak&#8230; nic. M\u011bs\u00edce bez zn\u00e1mky \u017eivota.<\/p>\n\n\n\n<p>\u0158\u00edkal jsem si, \u017ee takov\u00fd je \u017eivot. \u017de vyrostla. Mo\u017en\u00e1 se jednou ozve.<\/p>\n\n\n\n<p>Jednoho dne mi napsala jej\u00ed matka:<br><strong>\u201eSo\u0148a se vd\u00e1v\u00e1.\u201c<\/strong><\/p>\n\n\n\n<p>Srdce se mi sev\u0159elo. Moje hol\u010di\u010dka\u2026 nev\u011bsta. C\u00edtil jsem hrdost. P\u0159edstavoval jsem si, jak ji vedu k olt\u00e1\u0159i, jak j\u00ed \u0161ept\u00e1m slova pln\u00e1 dojet\u00ed. Koupil jsem d\u00e1rek. Na\u0161el jsem star\u00e9 video, kde mi v \u0161esti zp\u00edv\u00e1 p\u00edsni\u010dku. Sestavil jsem z n\u011bj kol\u00e1\u017e se vzpom\u00ednkami. Cht\u011bl jsem j\u00ed uk\u00e1zat: <strong>\u201ePod\u00edvej, co jsme spolu m\u011bli.\u201c<\/strong><\/p>\n\n\n\n<p>T\u00fdden p\u0159ed svatbou mi ale p\u0159i\u0161la zpr\u00e1va.<\/p>\n\n\n\n<p>Bez pozdravu. Bez vysv\u011btlen\u00ed.<br><strong>\u201eNejezdi. Nechci t\u011b vid\u011bt na sv\u00e9 svatb\u011b.\u201c<\/strong><\/p>\n\n\n\n<p>Z\u00edral jsem na displej. \u010cetl zpr\u00e1vu znovu a znovu. Ka\u017ed\u00e9 slovo bodalo.<\/p>\n\n\n\n<p>Sedl jsem si. T\u011b\u017ece jsem d\u00fdchal. Ruce se mi t\u0159\u00e1sly. A pak \u2013 tma.<\/p>\n\n\n\n<p>Probral jsem se v nemocnici. Infarkt. L\u00e9ka\u0159i \u0159\u00edkali, \u017ee jsem m\u011bl \u0161t\u011bst\u00ed, \u017ee jsem v\u010das zavolal pomoc.<\/p>\n\n\n\n<p>Nikdo m\u011b nep\u0159i\u0161el nav\u0161t\u00edvit. Ani dcera. Ani b\u00fdval\u00e1 man\u017eelka. Nikdo.<\/p>\n\n\n\n<p>A pak p\u0159i\u0161el den svatby.<\/p>\n\n\n\n<p>Ud\u011blal jsem rozhodnut\u00ed, kter\u00e9ho nikdy nebudu litovat.<\/p>\n\n\n\n<p>R\u00e1no jsem opustil nemocnici. Obl\u00e9kl si oblek, vzal d\u00e1rek \u2013 USB s videem \u2013 a vyrazil na svatbu. Bez pozv\u00e1nky. Bez svolen\u00ed.<\/p>\n\n\n\n<p>S\u00e1l byl pln\u00fd. Sv\u011btla, kv\u011btiny, slavnostn\u00ed \u0161aty. St\u00e1l jsem u vchodu. Uvid\u011bl jsem ji hned. V b\u00edl\u00fdch \u0161atech. Z\u00e1\u0159ila.<\/p>\n\n\n\n<p>Na\u0161e pohledy se setkaly. Ztuhla. P\u0159i\u0161la ke mn\u011b.<\/p>\n\n\n\n<p>\u2014 \u201eNem\u011bl jsi sem chodit,\u201c \u0159ekla ti\u0161e.<\/p>\n\n\n\n<p>Podal jsem j\u00ed USB.<\/p>\n\n\n\n<p>\u2014 \u201eHned odejdu. Jen t\u011b pros\u00edm \u2013 pod\u00edvej se na tohle video. P\u011bt minut. Nic v\u00edc.\u201c<\/p>\n\n\n\n<p>V\u00e1hala. Jej\u00ed man\u017eel ji chytil za ruku. N\u011bco si \u0159ekli. P\u0159ik\u00fdvla.<\/p>\n\n\n\n<p>Moder\u00e1tor zapojil USB. Na obrazovce za\u010dalo video.<\/p>\n\n\n\n<p>Mal\u00e1 So\u0148a, \u0161est let, zp\u00edv\u00e1: <strong>\u201eTati, jsi m\u016fj hrdina.\u201c<\/strong> To\u010d\u00edm ji ve vzduchu, sm\u011bje se. Obj\u00edm\u00e1me se. V s\u00e1le zavl\u00e1dlo ticho. N\u011bkte\u0159\u00ed host\u00e9 plakali.<\/p>\n\n\n\n<p>A pak jsem se objevil j\u00e1, dne\u0161n\u00ed j\u00e1, na videu:<\/p>\n\n\n\n<p>\u2014 \u201eSo\u0148o, v\u017edycky jsem tu byl. I kdy\u017e jsi p\u0159estala odpov\u00eddat. I kdy\u017e jsi m\u011b necht\u011bla vid\u011bt \u2013 p\u0159esto jsem p\u0159i\u0161el. Proto\u017ee jsem tv\u016fj otec. A otcova l\u00e1ska nepot\u0159ebuje pozv\u00e1n\u00ed.\u201c<\/p>\n\n\n\n<p>Ticho.<\/p>\n\n\n\n<p>Bez dal\u0161\u00edho slova jsem se oto\u010dil a ode\u0161el. Neohl\u00e9dl jsem se.<\/p>\n\n\n\n<p>Druh\u00fd den zazvonil telefon.<\/p>\n\n\n\n<p>Na druh\u00e9m konci zn\u00e1m\u00fd, zlomen\u00fd hlas:<\/p>\n\n\n\n<p>\u2014 <strong>\u201eTati\u2026 promi\u0148.\u201c<\/strong><\/p>\n\n\n\n<p>Dv\u011b slova. To bylo v\u0161e, co jsem pot\u0159eboval.<\/p>\n\n\n\n<p>N\u011bkdy l\u00e1ska ne\u010dek\u00e1 na svolen\u00ed.<br>N\u011bkdy b\u00fdt otcem znamen\u00e1 proj\u00edt tichem i bolest\u00ed.<br>Proto\u017ee skute\u010dn\u00e1 l\u00e1ska\u2026 p\u0159ijde, i kdy\u017e nen\u00ed pozv\u00e1na.<\/p>\n","protected":false},"excerpt":{"rendered":"<div class=\"mh-excerpt\"><p>\u017dil jsem \u017eivot s d\u016fstojnost\u00ed. Pracoval jsem poctiv\u011b, sna\u017eil se b\u00fdt dobr\u00fdm man\u017eelem, staral se o rodinu a miloval svou dceru cel\u00fdm srdcem. Nic v\u00fdjime\u010dn\u00e9ho <a class=\"mh-excerpt-more\" href=\"https:\/\/erevanblog.am\/?p=11012\" title=\"\u201eVymazala m\u011b, ale p\u0159esto jsem p\u0159i\u0161el\u201c: Co ud\u011blal otec na svatb\u011b sv\u00e9 dcery, i kdy\u017e mu zak\u00e1zali p\u0159ij\u00edt\">[&#8230;]<\/a><\/p>\n<\/div>","protected":false},"author":1,"featured_media":11013,"comment_status":"open","ping_status":"open","sticky":false,"template":"","format":"standard","meta":{"footnotes":""},"categories":[1],"tags":[],"class_list":["post-11012","post","type-post","status-publish","format-standard","has-post-thumbnail","hentry","category-uncategorised"],"yoast_head":"<!-- This site is optimized with the Yoast SEO plugin v27.5 - https:\/\/yoast.com\/product\/yoast-seo-wordpress\/ -->\n<title>\u201eVymazala m\u011b, ale p\u0159esto jsem p\u0159i\u0161el\u201c: Co ud\u011blal otec na svatb\u011b sv\u00e9 dcery, i kdy\u017e mu zak\u00e1zali p\u0159ij\u00edt -<\/title>\n<meta name=\"robots\" content=\"index, follow, max-snippet:-1, max-image-preview:large, max-video-preview:-1\" \/>\n<link rel=\"canonical\" href=\"https:\/\/erevanblog.am\/?p=11012\" \/>\n<meta property=\"og:locale\" content=\"en_US\" \/>\n<meta property=\"og:type\" content=\"article\" \/>\n<meta property=\"og:title\" content=\"\u201eVymazala m\u011b, ale p\u0159esto jsem p\u0159i\u0161el\u201c: Co ud\u011blal otec na svatb\u011b sv\u00e9 dcery, i kdy\u017e mu zak\u00e1zali p\u0159ij\u00edt -\" \/>\n<meta property=\"og:description\" content=\"\u017dil jsem \u017eivot s d\u016fstojnost\u00ed. Pracoval jsem poctiv\u011b, sna\u017eil se b\u00fdt dobr\u00fdm man\u017eelem, staral se o rodinu a miloval svou dceru cel\u00fdm srdcem. Nic v\u00fdjime\u010dn\u00e9ho [...]\" \/>\n<meta property=\"og:url\" content=\"https:\/\/erevanblog.am\/?p=11012\" \/>\n<meta property=\"article:published_time\" content=\"2025-07-25T05:35:52+00:00\" \/>\n<meta property=\"article:modified_time\" content=\"2025-07-25T05:35:53+00:00\" \/>\n<meta property=\"og:image\" content=\"http:\/\/erevanblog.am\/wp-content\/uploads\/2025\/07\/555.jpeg\" \/>\n\t<meta property=\"og:image:width\" content=\"720\" \/>\n\t<meta property=\"og:image:height\" content=\"1024\" \/>\n\t<meta property=\"og:image:type\" content=\"image\/jpeg\" \/>\n<meta name=\"author\" content=\"erevanblog_a\" \/>\n<meta name=\"twitter:card\" content=\"summary_large_image\" \/>\n<meta name=\"twitter:label1\" content=\"Written by\" \/>\n\t<meta name=\"twitter:data1\" content=\"erevanblog_a\" \/>\n\t<meta name=\"twitter:label2\" content=\"Est. reading time\" \/>\n\t<meta name=\"twitter:data2\" content=\"3 minutes\" \/>\n<script type=\"application\/ld+json\" class=\"yoast-schema-graph\">{\"@context\":\"https:\\\/\\\/schema.org\",\"@graph\":[{\"@type\":\"Article\",\"@id\":\"https:\\\/\\\/erevanblog.am\\\/?p=11012#article\",\"isPartOf\":{\"@id\":\"https:\\\/\\\/erevanblog.am\\\/?p=11012\"},\"author\":{\"name\":\"erevanblog_a\",\"@id\":\"https:\\\/\\\/erevanblog.am\\\/#\\\/schema\\\/person\\\/204f10311eb7ddb8914a5ab3e5f03928\"},\"headline\":\"\u201eVymazala m\u011b, ale p\u0159esto jsem p\u0159i\u0161el\u201c: Co ud\u011blal otec na svatb\u011b sv\u00e9 dcery, i kdy\u017e mu zak\u00e1zali p\u0159ij\u00edt\",\"datePublished\":\"2025-07-25T05:35:52+00:00\",\"dateModified\":\"2025-07-25T05:35:53+00:00\",\"mainEntityOfPage\":{\"@id\":\"https:\\\/\\\/erevanblog.am\\\/?p=11012\"},\"wordCount\":661,\"commentCount\":0,\"image\":{\"@id\":\"https:\\\/\\\/erevanblog.am\\\/?p=11012#primaryimage\"},\"thumbnailUrl\":\"https:\\\/\\\/erevanblog.am\\\/wp-content\\\/uploads\\\/2025\\\/07\\\/555.jpeg\",\"articleSection\":[\"NEWS\"],\"inLanguage\":\"en-US\",\"potentialAction\":[{\"@type\":\"CommentAction\",\"name\":\"Comment\",\"target\":[\"https:\\\/\\\/erevanblog.am\\\/?p=11012#respond\"]}]},{\"@type\":\"WebPage\",\"@id\":\"https:\\\/\\\/erevanblog.am\\\/?p=11012\",\"url\":\"https:\\\/\\\/erevanblog.am\\\/?p=11012\",\"name\":\"\u201eVymazala m\u011b, ale p\u0159esto jsem p\u0159i\u0161el\u201c: Co ud\u011blal otec na svatb\u011b sv\u00e9 dcery, i kdy\u017e mu zak\u00e1zali p\u0159ij\u00edt -\",\"isPartOf\":{\"@id\":\"https:\\\/\\\/erevanblog.am\\\/#website\"},\"primaryImageOfPage\":{\"@id\":\"https:\\\/\\\/erevanblog.am\\\/?p=11012#primaryimage\"},\"image\":{\"@id\":\"https:\\\/\\\/erevanblog.am\\\/?p=11012#primaryimage\"},\"thumbnailUrl\":\"https:\\\/\\\/erevanblog.am\\\/wp-content\\\/uploads\\\/2025\\\/07\\\/555.jpeg\",\"datePublished\":\"2025-07-25T05:35:52+00:00\",\"dateModified\":\"2025-07-25T05:35:53+00:00\",\"author\":{\"@id\":\"https:\\\/\\\/erevanblog.am\\\/#\\\/schema\\\/person\\\/204f10311eb7ddb8914a5ab3e5f03928\"},\"breadcrumb\":{\"@id\":\"https:\\\/\\\/erevanblog.am\\\/?p=11012#breadcrumb\"},\"inLanguage\":\"en-US\",\"potentialAction\":[{\"@type\":\"ReadAction\",\"target\":[\"https:\\\/\\\/erevanblog.am\\\/?p=11012\"]}]},{\"@type\":\"ImageObject\",\"inLanguage\":\"en-US\",\"@id\":\"https:\\\/\\\/erevanblog.am\\\/?p=11012#primaryimage\",\"url\":\"https:\\\/\\\/erevanblog.am\\\/wp-content\\\/uploads\\\/2025\\\/07\\\/555.jpeg\",\"contentUrl\":\"https:\\\/\\\/erevanblog.am\\\/wp-content\\\/uploads\\\/2025\\\/07\\\/555.jpeg\",\"width\":720,\"height\":1024},{\"@type\":\"BreadcrumbList\",\"@id\":\"https:\\\/\\\/erevanblog.am\\\/?p=11012#breadcrumb\",\"itemListElement\":[{\"@type\":\"ListItem\",\"position\":1,\"name\":\"Home\",\"item\":\"https:\\\/\\\/erevanblog.am\\\/\"},{\"@type\":\"ListItem\",\"position\":2,\"name\":\"\u201eVymazala m\u011b, ale p\u0159esto jsem p\u0159i\u0161el\u201c: Co ud\u011blal otec na svatb\u011b sv\u00e9 dcery, i kdy\u017e mu zak\u00e1zali p\u0159ij\u00edt\"}]},{\"@type\":\"WebSite\",\"@id\":\"https:\\\/\\\/erevanblog.am\\\/#website\",\"url\":\"https:\\\/\\\/erevanblog.am\\\/\",\"name\":\"\",\"description\":\"\",\"potentialAction\":[{\"@type\":\"SearchAction\",\"target\":{\"@type\":\"EntryPoint\",\"urlTemplate\":\"https:\\\/\\\/erevanblog.am\\\/?s={search_term_string}\"},\"query-input\":{\"@type\":\"PropertyValueSpecification\",\"valueRequired\":true,\"valueName\":\"search_term_string\"}}],\"inLanguage\":\"en-US\"},{\"@type\":\"Person\",\"@id\":\"https:\\\/\\\/erevanblog.am\\\/#\\\/schema\\\/person\\\/204f10311eb7ddb8914a5ab3e5f03928\",\"name\":\"erevanblog_a\",\"image\":{\"@type\":\"ImageObject\",\"inLanguage\":\"en-US\",\"@id\":\"https:\\\/\\\/secure.gravatar.com\\\/avatar\\\/a24f4ac3a683f3c87303db525abc00db51ea26ccedee11dfaf1cc0f9a481a5d2?s=96&d=mm&r=g\",\"url\":\"https:\\\/\\\/secure.gravatar.com\\\/avatar\\\/a24f4ac3a683f3c87303db525abc00db51ea26ccedee11dfaf1cc0f9a481a5d2?s=96&d=mm&r=g\",\"contentUrl\":\"https:\\\/\\\/secure.gravatar.com\\\/avatar\\\/a24f4ac3a683f3c87303db525abc00db51ea26ccedee11dfaf1cc0f9a481a5d2?s=96&d=mm&r=g\",\"caption\":\"erevanblog_a\"},\"sameAs\":[\"http:\\\/\\\/erevanblog.am\"],\"url\":\"https:\\\/\\\/erevanblog.am\\\/?author=1\"}]}<\/script>\n<!-- \/ Yoast SEO plugin. -->","yoast_head_json":{"title":"\u201eVymazala m\u011b, ale p\u0159esto jsem p\u0159i\u0161el\u201c: Co ud\u011blal otec na svatb\u011b sv\u00e9 dcery, i kdy\u017e mu zak\u00e1zali p\u0159ij\u00edt -","robots":{"index":"index","follow":"follow","max-snippet":"max-snippet:-1","max-image-preview":"max-image-preview:large","max-video-preview":"max-video-preview:-1"},"canonical":"https:\/\/erevanblog.am\/?p=11012","og_locale":"en_US","og_type":"article","og_title":"\u201eVymazala m\u011b, ale p\u0159esto jsem p\u0159i\u0161el\u201c: Co ud\u011blal otec na svatb\u011b sv\u00e9 dcery, i kdy\u017e mu zak\u00e1zali p\u0159ij\u00edt -","og_description":"\u017dil jsem \u017eivot s d\u016fstojnost\u00ed. Pracoval jsem poctiv\u011b, sna\u017eil se b\u00fdt dobr\u00fdm man\u017eelem, staral se o rodinu a miloval svou dceru cel\u00fdm srdcem. Nic v\u00fdjime\u010dn\u00e9ho [...]","og_url":"https:\/\/erevanblog.am\/?p=11012","article_published_time":"2025-07-25T05:35:52+00:00","article_modified_time":"2025-07-25T05:35:53+00:00","og_image":[{"width":720,"height":1024,"url":"http:\/\/erevanblog.am\/wp-content\/uploads\/2025\/07\/555.jpeg","type":"image\/jpeg"}],"author":"erevanblog_a","twitter_card":"summary_large_image","twitter_misc":{"Written by":"erevanblog_a","Est. reading time":"3 minutes"},"schema":{"@context":"https:\/\/schema.org","@graph":[{"@type":"Article","@id":"https:\/\/erevanblog.am\/?p=11012#article","isPartOf":{"@id":"https:\/\/erevanblog.am\/?p=11012"},"author":{"name":"erevanblog_a","@id":"https:\/\/erevanblog.am\/#\/schema\/person\/204f10311eb7ddb8914a5ab3e5f03928"},"headline":"\u201eVymazala m\u011b, ale p\u0159esto jsem p\u0159i\u0161el\u201c: Co ud\u011blal otec na svatb\u011b sv\u00e9 dcery, i kdy\u017e mu zak\u00e1zali p\u0159ij\u00edt","datePublished":"2025-07-25T05:35:52+00:00","dateModified":"2025-07-25T05:35:53+00:00","mainEntityOfPage":{"@id":"https:\/\/erevanblog.am\/?p=11012"},"wordCount":661,"commentCount":0,"image":{"@id":"https:\/\/erevanblog.am\/?p=11012#primaryimage"},"thumbnailUrl":"https:\/\/erevanblog.am\/wp-content\/uploads\/2025\/07\/555.jpeg","articleSection":["NEWS"],"inLanguage":"en-US","potentialAction":[{"@type":"CommentAction","name":"Comment","target":["https:\/\/erevanblog.am\/?p=11012#respond"]}]},{"@type":"WebPage","@id":"https:\/\/erevanblog.am\/?p=11012","url":"https:\/\/erevanblog.am\/?p=11012","name":"\u201eVymazala m\u011b, ale p\u0159esto jsem p\u0159i\u0161el\u201c: Co ud\u011blal otec na svatb\u011b sv\u00e9 dcery, i kdy\u017e mu zak\u00e1zali p\u0159ij\u00edt -","isPartOf":{"@id":"https:\/\/erevanblog.am\/#website"},"primaryImageOfPage":{"@id":"https:\/\/erevanblog.am\/?p=11012#primaryimage"},"image":{"@id":"https:\/\/erevanblog.am\/?p=11012#primaryimage"},"thumbnailUrl":"https:\/\/erevanblog.am\/wp-content\/uploads\/2025\/07\/555.jpeg","datePublished":"2025-07-25T05:35:52+00:00","dateModified":"2025-07-25T05:35:53+00:00","author":{"@id":"https:\/\/erevanblog.am\/#\/schema\/person\/204f10311eb7ddb8914a5ab3e5f03928"},"breadcrumb":{"@id":"https:\/\/erevanblog.am\/?p=11012#breadcrumb"},"inLanguage":"en-US","potentialAction":[{"@type":"ReadAction","target":["https:\/\/erevanblog.am\/?p=11012"]}]},{"@type":"ImageObject","inLanguage":"en-US","@id":"https:\/\/erevanblog.am\/?p=11012#primaryimage","url":"https:\/\/erevanblog.am\/wp-content\/uploads\/2025\/07\/555.jpeg","contentUrl":"https:\/\/erevanblog.am\/wp-content\/uploads\/2025\/07\/555.jpeg","width":720,"height":1024},{"@type":"BreadcrumbList","@id":"https:\/\/erevanblog.am\/?p=11012#breadcrumb","itemListElement":[{"@type":"ListItem","position":1,"name":"Home","item":"https:\/\/erevanblog.am\/"},{"@type":"ListItem","position":2,"name":"\u201eVymazala m\u011b, ale p\u0159esto jsem p\u0159i\u0161el\u201c: Co ud\u011blal otec na svatb\u011b sv\u00e9 dcery, i kdy\u017e mu zak\u00e1zali p\u0159ij\u00edt"}]},{"@type":"WebSite","@id":"https:\/\/erevanblog.am\/#website","url":"https:\/\/erevanblog.am\/","name":"","description":"","potentialAction":[{"@type":"SearchAction","target":{"@type":"EntryPoint","urlTemplate":"https:\/\/erevanblog.am\/?s={search_term_string}"},"query-input":{"@type":"PropertyValueSpecification","valueRequired":true,"valueName":"search_term_string"}}],"inLanguage":"en-US"},{"@type":"Person","@id":"https:\/\/erevanblog.am\/#\/schema\/person\/204f10311eb7ddb8914a5ab3e5f03928","name":"erevanblog_a","image":{"@type":"ImageObject","inLanguage":"en-US","@id":"https:\/\/secure.gravatar.com\/avatar\/a24f4ac3a683f3c87303db525abc00db51ea26ccedee11dfaf1cc0f9a481a5d2?s=96&d=mm&r=g","url":"https:\/\/secure.gravatar.com\/avatar\/a24f4ac3a683f3c87303db525abc00db51ea26ccedee11dfaf1cc0f9a481a5d2?s=96&d=mm&r=g","contentUrl":"https:\/\/secure.gravatar.com\/avatar\/a24f4ac3a683f3c87303db525abc00db51ea26ccedee11dfaf1cc0f9a481a5d2?s=96&d=mm&r=g","caption":"erevanblog_a"},"sameAs":["http:\/\/erevanblog.am"],"url":"https:\/\/erevanblog.am\/?author=1"}]}},"views":229,"_links":{"self":[{"href":"https:\/\/erevanblog.am\/index.php?rest_route=\/wp\/v2\/posts\/11012","targetHints":{"allow":["GET"]}}],"collection":[{"href":"https:\/\/erevanblog.am\/index.php?rest_route=\/wp\/v2\/posts"}],"about":[{"href":"https:\/\/erevanblog.am\/index.php?rest_route=\/wp\/v2\/types\/post"}],"author":[{"embeddable":true,"href":"https:\/\/erevanblog.am\/index.php?rest_route=\/wp\/v2\/users\/1"}],"replies":[{"embeddable":true,"href":"https:\/\/erevanblog.am\/index.php?rest_route=%2Fwp%2Fv2%2Fcomments&post=11012"}],"version-history":[{"count":1,"href":"https:\/\/erevanblog.am\/index.php?rest_route=\/wp\/v2\/posts\/11012\/revisions"}],"predecessor-version":[{"id":11014,"href":"https:\/\/erevanblog.am\/index.php?rest_route=\/wp\/v2\/posts\/11012\/revisions\/11014"}],"wp:featuredmedia":[{"embeddable":true,"href":"https:\/\/erevanblog.am\/index.php?rest_route=\/wp\/v2\/media\/11013"}],"wp:attachment":[{"href":"https:\/\/erevanblog.am\/index.php?rest_route=%2Fwp%2Fv2%2Fmedia&parent=11012"}],"wp:term":[{"taxonomy":"category","embeddable":true,"href":"https:\/\/erevanblog.am\/index.php?rest_route=%2Fwp%2Fv2%2Fcategories&post=11012"},{"taxonomy":"post_tag","embeddable":true,"href":"https:\/\/erevanblog.am\/index.php?rest_route=%2Fwp%2Fv2%2Ftags&post=11012"}],"curies":[{"name":"wp","href":"https:\/\/api.w.org\/{rel}","templated":true}]}}