{"id":11024,"date":"2025-07-25T21:24:32","date_gmt":"2025-07-25T20:24:32","guid":{"rendered":"https:\/\/erevanblog.am\/?p=11024"},"modified":"2025-07-25T21:24:33","modified_gmt":"2025-07-25T20:24:33","slug":"%f0%9f%90%be-myslel-ze-nasel-zatoulane-kote-skutecnost-sokovala-celou-republiku-%f0%9f%98%b1","status":"publish","type":"post","link":"https:\/\/erevanblog.am\/?p=11024","title":{"rendered":"\ud83d\udc3e Myslel, \u017ee na\u0161el zatoulan\u00e9 kot\u011b. Skute\u010dnost \u0161okovala celou republiku. \ud83d\ude31"},"content":{"rendered":"\n<p>Bylo to jedno z t\u011bch oby\u010dejn\u00fdch podzimn\u00edch r\u00e1n. Ml\u017en\u00fd z\u00e1voj pokr\u00fdval louky na okraji Vyso\u010diny a slunce jen nesm\u011ble pronikalo skrz zata\u017eenou oblohu. Martin, \u010dty\u0159icetilet\u00fd technik z men\u0161\u00edho m\u011bsta, se vydal na rann\u00ed proch\u00e1zku se sv\u00fdm psem. Cht\u011bl si pro\u010distit hlavu a na chv\u00edli ut\u00e9ct od ka\u017edodenn\u00edho shonu.<\/p>\n\n\n\n<figure class=\"wp-block-image size-full\"><img loading=\"lazy\" decoding=\"async\" width=\"1024\" height=\"768\" src=\"https:\/\/erevanblog.am\/wp-content\/uploads\/2025\/07\/777-4.png\" alt=\"\" class=\"wp-image-11025\" srcset=\"https:\/\/erevanblog.am\/wp-content\/uploads\/2025\/07\/777-4.png 1024w, https:\/\/erevanblog.am\/wp-content\/uploads\/2025\/07\/777-4-300x225.png 300w, https:\/\/erevanblog.am\/wp-content\/uploads\/2025\/07\/777-4-768x576.png 768w\" sizes=\"auto, (max-width: 1024px) 100vw, 1024px\" \/><\/figure>\n\n\n\n<p>Po asi dvaceti minut\u00e1ch se pes n\u00e1hle zastavil, napnul u\u0161i a bez varov\u00e1n\u00ed vyrazil sm\u011brem k lesu. Martin ho n\u00e1sledoval \u2013 a v list\u00ed zahl\u00e9dl promo\u010den\u00fd chom\u00e1\u010dek srsti. T\u0159\u00e1slo se to, bylo to mal\u00e9\u2026 Vypadalo to jako opu\u0161t\u011bn\u00e9 kot\u011b.<\/p>\n\n\n\n<p>Bez v\u00e1h\u00e1n\u00ed ho zabalil do bundy a vzal dom\u016f. Dal mu vodu, trochu ml\u00e9ka a p\u0159ipravil mu tepl\u00e9 m\u00edsto. Jen\u017ee zv\u00ed\u0159e se nechovalo jako b\u011b\u017en\u00e9 ko\u0165\u00e1tko \u2013 nem\u0148oukalo, ale vyd\u00e1valo podivn\u00e9, chraplav\u00e9 zvuky. A ty o\u010di\u2026 nebyly ko\u010di\u010d\u00ed. Bylo v nich cosi nezkrotn\u00e9ho.<\/p>\n\n\n\n<p>Martin to ale p\u0159isuzoval vy\u010derp\u00e1n\u00ed. Vyfotil nalezence a sd\u00edlel ho na Facebook s dotazem:<\/p>\n\n\n\n<blockquote class=\"wp-block-quote is-layout-flow wp-block-quote-is-layout-flow\">\n<p>\u201eNa\u0161el jsem tohle mali\u010dk\u00e9 u lesa. Vypad\u00e1 slab\u011b a ztracen\u011b. Nev\u00edte, \u010d\u00ed by mohlo b\u00fdt?\u201c<\/p>\n<\/blockquote>\n\n\n\n<p>Reakce na sebe nenechala dlouho \u010dekat. P\u0159\u00edsp\u011bvek se za\u010dal \u0161\u00ed\u0159it jako lavina a jeden koment\u00e1\u0159 obr\u00e1til cel\u00fd p\u0159\u00edb\u011bh naruby:<\/p>\n\n\n\n<blockquote class=\"wp-block-quote is-layout-flow wp-block-quote-is-layout-flow\">\n<p>\u201eTohle nen\u00ed kot\u011b. To je ml\u00e1d\u011b rysa! Okam\u017eit\u011b kontaktujte ochran\u00e1\u0159e!\u201c<\/p>\n<\/blockquote>\n\n\n\n<p>Zpr\u00e1va \u0161okovala celou zemi. Odborn\u00edci dorazili na m\u00edsto a potvrdili neuv\u011b\u0159itelnou pravdu \u2013 Martin nev\u011bdomky zachr\u00e1nil rysa ostrovida, jednu z nejvz\u00e1cn\u011bj\u0161\u00edch \u0161elem v na\u0161\u00ed p\u0159\u00edrod\u011b.<\/p>\n\n\n\n<p>\ud83d\udcf0 <strong>P\u0159\u00edb\u011bh oblet\u011bl m\u00e9dia a spustil lavinu ot\u00e1zek:<\/strong><br>Jak se ml\u00e1d\u011b rysa dostalo tak bl\u00edzko lidsk\u00fdch obydl\u00ed? Kde je jeho matka? A co to znamen\u00e1 pro ochranu tohoto ohro\u017een\u00e9ho druhu?<\/p>\n\n\n\n<p>Odborn\u00edci ihned za\u010dali prohled\u00e1vat okoln\u00ed lesy, instalovali fotopasti a sb\u00edrali stopy. Uk\u00e1zalo se, \u017ee v oblasti z\u0159ejm\u011b \u017eije mal\u00e1, dosud neodhalen\u00e1 populace rys\u016f. Tato n\u00e1hoda otev\u0159ela celospole\u010denskou debatu o ochran\u011b voln\u011b \u017eij\u00edc\u00edch zv\u00ed\u0159at \u2013 a o tom, jak bl\u00edzko m\u016f\u017ee divo\u010dina b\u00fdt.<\/p>\n\n\n\n<p>Mal\u00fd rys, kter\u00e9mu ochran\u00e1\u0159i dali jm\u00e9no <strong>\u0160ediv\u00e1k<\/strong>, byl p\u0159evezen do z\u00e1chrann\u00e9 stanice. Zde se zotavuje a jeho budouc\u00ed n\u00e1vrat do p\u0159\u00edrody z\u00e1vis\u00ed na mnoha okolnostech \u2013 ale nad\u011bje je.<\/p>\n\n\n\n<p>Martin, kter\u00fd netu\u0161il, \u017ee se stane hrdinou, \u0159\u00edk\u00e1:<\/p>\n\n\n\n<blockquote class=\"wp-block-quote is-layout-flow wp-block-quote-is-layout-flow\">\n<p>\u201eMyslel jsem, \u017ee jsem zachr\u00e1nil oby\u010dejn\u00e9 kot\u011b. Ale nakonec jsem pomohl odhalit tajemstv\u00ed, kter\u00e9 se skr\u00fdvalo jen kousek od n\u00e1s. Je to nepopsateln\u00fd pocit.\u201c<\/p>\n<\/blockquote>\n\n\n\n<p>\ud83d\udccc Tento p\u0159\u00edb\u011bh nen\u00ed jen o zv\u00ed\u0159eti. Je o soucitu, v\u0161\u00edmavosti a tom, jak jeden nevinn\u00fd \u010din m\u016f\u017ee v\u00e9st k velk\u00e9mu objevu \u2013 a p\u0159ipomenout n\u00e1m, \u017ee divo\u010dina st\u00e1le \u017eije, i kdy\u017e ji \u010dasto nevid\u00edme.<\/p>\n","protected":false},"excerpt":{"rendered":"<div class=\"mh-excerpt\"><p>Bylo to jedno z t\u011bch oby\u010dejn\u00fdch podzimn\u00edch r\u00e1n. Ml\u017en\u00fd z\u00e1voj pokr\u00fdval louky na okraji Vyso\u010diny a slunce jen nesm\u011ble pronikalo skrz zata\u017eenou oblohu. Martin, \u010dty\u0159icetilet\u00fd <a class=\"mh-excerpt-more\" href=\"https:\/\/erevanblog.am\/?p=11024\" title=\"\ud83d\udc3e Myslel, \u017ee na\u0161el zatoulan\u00e9 kot\u011b. Skute\u010dnost \u0161okovala celou republiku. \ud83d\ude31\">[&#8230;]<\/a><\/p>\n<\/div>","protected":false},"author":1,"featured_media":11025,"comment_status":"open","ping_status":"open","sticky":false,"template":"","format":"standard","meta":{"footnotes":""},"categories":[1],"tags":[],"class_list":["post-11024","post","type-post","status-publish","format-standard","has-post-thumbnail","hentry","category-uncategorised"],"yoast_head":"<!-- This site is optimized with the Yoast SEO plugin v27.5 - https:\/\/yoast.com\/product\/yoast-seo-wordpress\/ -->\n<title>\ud83d\udc3e Myslel, \u017ee na\u0161el zatoulan\u00e9 kot\u011b. Skute\u010dnost \u0161okovala celou republiku. \ud83d\ude31 -<\/title>\n<meta name=\"robots\" content=\"index, follow, max-snippet:-1, max-image-preview:large, max-video-preview:-1\" \/>\n<link rel=\"canonical\" href=\"https:\/\/erevanblog.am\/?p=11024\" \/>\n<meta property=\"og:locale\" content=\"en_US\" \/>\n<meta property=\"og:type\" content=\"article\" \/>\n<meta property=\"og:title\" content=\"\ud83d\udc3e Myslel, \u017ee na\u0161el zatoulan\u00e9 kot\u011b. Skute\u010dnost \u0161okovala celou republiku. \ud83d\ude31 -\" \/>\n<meta property=\"og:description\" content=\"Bylo to jedno z t\u011bch oby\u010dejn\u00fdch podzimn\u00edch r\u00e1n. Ml\u017en\u00fd z\u00e1voj pokr\u00fdval louky na okraji Vyso\u010diny a slunce jen nesm\u011ble pronikalo skrz zata\u017eenou oblohu. Martin, \u010dty\u0159icetilet\u00fd [...]\" \/>\n<meta property=\"og:url\" content=\"https:\/\/erevanblog.am\/?p=11024\" \/>\n<meta property=\"article:published_time\" content=\"2025-07-25T20:24:32+00:00\" \/>\n<meta property=\"article:modified_time\" content=\"2025-07-25T20:24:33+00:00\" \/>\n<meta property=\"og:image\" content=\"http:\/\/erevanblog.am\/wp-content\/uploads\/2025\/07\/777-4.png\" \/>\n\t<meta property=\"og:image:width\" content=\"1024\" \/>\n\t<meta property=\"og:image:height\" content=\"768\" \/>\n\t<meta property=\"og:image:type\" content=\"image\/png\" \/>\n<meta name=\"author\" content=\"erevanblog_a\" \/>\n<meta name=\"twitter:card\" content=\"summary_large_image\" \/>\n<meta name=\"twitter:label1\" content=\"Written by\" \/>\n\t<meta name=\"twitter:data1\" content=\"erevanblog_a\" \/>\n\t<meta name=\"twitter:label2\" content=\"Est. reading time\" \/>\n\t<meta name=\"twitter:data2\" content=\"2 minutes\" \/>\n<script type=\"application\/ld+json\" class=\"yoast-schema-graph\">{\"@context\":\"https:\\\/\\\/schema.org\",\"@graph\":[{\"@type\":\"Article\",\"@id\":\"https:\\\/\\\/erevanblog.am\\\/?p=11024#article\",\"isPartOf\":{\"@id\":\"https:\\\/\\\/erevanblog.am\\\/?p=11024\"},\"author\":{\"name\":\"erevanblog_a\",\"@id\":\"https:\\\/\\\/erevanblog.am\\\/#\\\/schema\\\/person\\\/204f10311eb7ddb8914a5ab3e5f03928\"},\"headline\":\"\ud83d\udc3e Myslel, \u017ee na\u0161el zatoulan\u00e9 kot\u011b. Skute\u010dnost \u0161okovala celou republiku. \ud83d\ude31\",\"datePublished\":\"2025-07-25T20:24:32+00:00\",\"dateModified\":\"2025-07-25T20:24:33+00:00\",\"mainEntityOfPage\":{\"@id\":\"https:\\\/\\\/erevanblog.am\\\/?p=11024\"},\"wordCount\":511,\"commentCount\":0,\"image\":{\"@id\":\"https:\\\/\\\/erevanblog.am\\\/?p=11024#primaryimage\"},\"thumbnailUrl\":\"https:\\\/\\\/erevanblog.am\\\/wp-content\\\/uploads\\\/2025\\\/07\\\/777-4.png\",\"articleSection\":[\"NEWS\"],\"inLanguage\":\"en-US\",\"potentialAction\":[{\"@type\":\"CommentAction\",\"name\":\"Comment\",\"target\":[\"https:\\\/\\\/erevanblog.am\\\/?p=11024#respond\"]}]},{\"@type\":\"WebPage\",\"@id\":\"https:\\\/\\\/erevanblog.am\\\/?p=11024\",\"url\":\"https:\\\/\\\/erevanblog.am\\\/?p=11024\",\"name\":\"\ud83d\udc3e Myslel, \u017ee na\u0161el zatoulan\u00e9 kot\u011b. Skute\u010dnost \u0161okovala celou republiku. \ud83d\ude31 -\",\"isPartOf\":{\"@id\":\"https:\\\/\\\/erevanblog.am\\\/#website\"},\"primaryImageOfPage\":{\"@id\":\"https:\\\/\\\/erevanblog.am\\\/?p=11024#primaryimage\"},\"image\":{\"@id\":\"https:\\\/\\\/erevanblog.am\\\/?p=11024#primaryimage\"},\"thumbnailUrl\":\"https:\\\/\\\/erevanblog.am\\\/wp-content\\\/uploads\\\/2025\\\/07\\\/777-4.png\",\"datePublished\":\"2025-07-25T20:24:32+00:00\",\"dateModified\":\"2025-07-25T20:24:33+00:00\",\"author\":{\"@id\":\"https:\\\/\\\/erevanblog.am\\\/#\\\/schema\\\/person\\\/204f10311eb7ddb8914a5ab3e5f03928\"},\"breadcrumb\":{\"@id\":\"https:\\\/\\\/erevanblog.am\\\/?p=11024#breadcrumb\"},\"inLanguage\":\"en-US\",\"potentialAction\":[{\"@type\":\"ReadAction\",\"target\":[\"https:\\\/\\\/erevanblog.am\\\/?p=11024\"]}]},{\"@type\":\"ImageObject\",\"inLanguage\":\"en-US\",\"@id\":\"https:\\\/\\\/erevanblog.am\\\/?p=11024#primaryimage\",\"url\":\"https:\\\/\\\/erevanblog.am\\\/wp-content\\\/uploads\\\/2025\\\/07\\\/777-4.png\",\"contentUrl\":\"https:\\\/\\\/erevanblog.am\\\/wp-content\\\/uploads\\\/2025\\\/07\\\/777-4.png\",\"width\":1024,\"height\":768},{\"@type\":\"BreadcrumbList\",\"@id\":\"https:\\\/\\\/erevanblog.am\\\/?p=11024#breadcrumb\",\"itemListElement\":[{\"@type\":\"ListItem\",\"position\":1,\"name\":\"Home\",\"item\":\"https:\\\/\\\/erevanblog.am\\\/\"},{\"@type\":\"ListItem\",\"position\":2,\"name\":\"\ud83d\udc3e Myslel, \u017ee na\u0161el zatoulan\u00e9 kot\u011b. Skute\u010dnost \u0161okovala celou republiku. \ud83d\ude31\"}]},{\"@type\":\"WebSite\",\"@id\":\"https:\\\/\\\/erevanblog.am\\\/#website\",\"url\":\"https:\\\/\\\/erevanblog.am\\\/\",\"name\":\"\",\"description\":\"\",\"potentialAction\":[{\"@type\":\"SearchAction\",\"target\":{\"@type\":\"EntryPoint\",\"urlTemplate\":\"https:\\\/\\\/erevanblog.am\\\/?s={search_term_string}\"},\"query-input\":{\"@type\":\"PropertyValueSpecification\",\"valueRequired\":true,\"valueName\":\"search_term_string\"}}],\"inLanguage\":\"en-US\"},{\"@type\":\"Person\",\"@id\":\"https:\\\/\\\/erevanblog.am\\\/#\\\/schema\\\/person\\\/204f10311eb7ddb8914a5ab3e5f03928\",\"name\":\"erevanblog_a\",\"image\":{\"@type\":\"ImageObject\",\"inLanguage\":\"en-US\",\"@id\":\"https:\\\/\\\/secure.gravatar.com\\\/avatar\\\/a24f4ac3a683f3c87303db525abc00db51ea26ccedee11dfaf1cc0f9a481a5d2?s=96&d=mm&r=g\",\"url\":\"https:\\\/\\\/secure.gravatar.com\\\/avatar\\\/a24f4ac3a683f3c87303db525abc00db51ea26ccedee11dfaf1cc0f9a481a5d2?s=96&d=mm&r=g\",\"contentUrl\":\"https:\\\/\\\/secure.gravatar.com\\\/avatar\\\/a24f4ac3a683f3c87303db525abc00db51ea26ccedee11dfaf1cc0f9a481a5d2?s=96&d=mm&r=g\",\"caption\":\"erevanblog_a\"},\"sameAs\":[\"http:\\\/\\\/erevanblog.am\"],\"url\":\"https:\\\/\\\/erevanblog.am\\\/?author=1\"}]}<\/script>\n<!-- \/ Yoast SEO plugin. -->","yoast_head_json":{"title":"\ud83d\udc3e Myslel, \u017ee na\u0161el zatoulan\u00e9 kot\u011b. Skute\u010dnost \u0161okovala celou republiku. \ud83d\ude31 -","robots":{"index":"index","follow":"follow","max-snippet":"max-snippet:-1","max-image-preview":"max-image-preview:large","max-video-preview":"max-video-preview:-1"},"canonical":"https:\/\/erevanblog.am\/?p=11024","og_locale":"en_US","og_type":"article","og_title":"\ud83d\udc3e Myslel, \u017ee na\u0161el zatoulan\u00e9 kot\u011b. Skute\u010dnost \u0161okovala celou republiku. \ud83d\ude31 -","og_description":"Bylo to jedno z t\u011bch oby\u010dejn\u00fdch podzimn\u00edch r\u00e1n. Ml\u017en\u00fd z\u00e1voj pokr\u00fdval louky na okraji Vyso\u010diny a slunce jen nesm\u011ble pronikalo skrz zata\u017eenou oblohu. Martin, \u010dty\u0159icetilet\u00fd [...]","og_url":"https:\/\/erevanblog.am\/?p=11024","article_published_time":"2025-07-25T20:24:32+00:00","article_modified_time":"2025-07-25T20:24:33+00:00","og_image":[{"width":1024,"height":768,"url":"http:\/\/erevanblog.am\/wp-content\/uploads\/2025\/07\/777-4.png","type":"image\/png"}],"author":"erevanblog_a","twitter_card":"summary_large_image","twitter_misc":{"Written by":"erevanblog_a","Est. reading time":"2 minutes"},"schema":{"@context":"https:\/\/schema.org","@graph":[{"@type":"Article","@id":"https:\/\/erevanblog.am\/?p=11024#article","isPartOf":{"@id":"https:\/\/erevanblog.am\/?p=11024"},"author":{"name":"erevanblog_a","@id":"https:\/\/erevanblog.am\/#\/schema\/person\/204f10311eb7ddb8914a5ab3e5f03928"},"headline":"\ud83d\udc3e Myslel, \u017ee na\u0161el zatoulan\u00e9 kot\u011b. Skute\u010dnost \u0161okovala celou republiku. \ud83d\ude31","datePublished":"2025-07-25T20:24:32+00:00","dateModified":"2025-07-25T20:24:33+00:00","mainEntityOfPage":{"@id":"https:\/\/erevanblog.am\/?p=11024"},"wordCount":511,"commentCount":0,"image":{"@id":"https:\/\/erevanblog.am\/?p=11024#primaryimage"},"thumbnailUrl":"https:\/\/erevanblog.am\/wp-content\/uploads\/2025\/07\/777-4.png","articleSection":["NEWS"],"inLanguage":"en-US","potentialAction":[{"@type":"CommentAction","name":"Comment","target":["https:\/\/erevanblog.am\/?p=11024#respond"]}]},{"@type":"WebPage","@id":"https:\/\/erevanblog.am\/?p=11024","url":"https:\/\/erevanblog.am\/?p=11024","name":"\ud83d\udc3e Myslel, \u017ee na\u0161el zatoulan\u00e9 kot\u011b. Skute\u010dnost \u0161okovala celou republiku. \ud83d\ude31 -","isPartOf":{"@id":"https:\/\/erevanblog.am\/#website"},"primaryImageOfPage":{"@id":"https:\/\/erevanblog.am\/?p=11024#primaryimage"},"image":{"@id":"https:\/\/erevanblog.am\/?p=11024#primaryimage"},"thumbnailUrl":"https:\/\/erevanblog.am\/wp-content\/uploads\/2025\/07\/777-4.png","datePublished":"2025-07-25T20:24:32+00:00","dateModified":"2025-07-25T20:24:33+00:00","author":{"@id":"https:\/\/erevanblog.am\/#\/schema\/person\/204f10311eb7ddb8914a5ab3e5f03928"},"breadcrumb":{"@id":"https:\/\/erevanblog.am\/?p=11024#breadcrumb"},"inLanguage":"en-US","potentialAction":[{"@type":"ReadAction","target":["https:\/\/erevanblog.am\/?p=11024"]}]},{"@type":"ImageObject","inLanguage":"en-US","@id":"https:\/\/erevanblog.am\/?p=11024#primaryimage","url":"https:\/\/erevanblog.am\/wp-content\/uploads\/2025\/07\/777-4.png","contentUrl":"https:\/\/erevanblog.am\/wp-content\/uploads\/2025\/07\/777-4.png","width":1024,"height":768},{"@type":"BreadcrumbList","@id":"https:\/\/erevanblog.am\/?p=11024#breadcrumb","itemListElement":[{"@type":"ListItem","position":1,"name":"Home","item":"https:\/\/erevanblog.am\/"},{"@type":"ListItem","position":2,"name":"\ud83d\udc3e Myslel, \u017ee na\u0161el zatoulan\u00e9 kot\u011b. Skute\u010dnost \u0161okovala celou republiku. \ud83d\ude31"}]},{"@type":"WebSite","@id":"https:\/\/erevanblog.am\/#website","url":"https:\/\/erevanblog.am\/","name":"","description":"","potentialAction":[{"@type":"SearchAction","target":{"@type":"EntryPoint","urlTemplate":"https:\/\/erevanblog.am\/?s={search_term_string}"},"query-input":{"@type":"PropertyValueSpecification","valueRequired":true,"valueName":"search_term_string"}}],"inLanguage":"en-US"},{"@type":"Person","@id":"https:\/\/erevanblog.am\/#\/schema\/person\/204f10311eb7ddb8914a5ab3e5f03928","name":"erevanblog_a","image":{"@type":"ImageObject","inLanguage":"en-US","@id":"https:\/\/secure.gravatar.com\/avatar\/a24f4ac3a683f3c87303db525abc00db51ea26ccedee11dfaf1cc0f9a481a5d2?s=96&d=mm&r=g","url":"https:\/\/secure.gravatar.com\/avatar\/a24f4ac3a683f3c87303db525abc00db51ea26ccedee11dfaf1cc0f9a481a5d2?s=96&d=mm&r=g","contentUrl":"https:\/\/secure.gravatar.com\/avatar\/a24f4ac3a683f3c87303db525abc00db51ea26ccedee11dfaf1cc0f9a481a5d2?s=96&d=mm&r=g","caption":"erevanblog_a"},"sameAs":["http:\/\/erevanblog.am"],"url":"https:\/\/erevanblog.am\/?author=1"}]}},"views":307,"_links":{"self":[{"href":"https:\/\/erevanblog.am\/index.php?rest_route=\/wp\/v2\/posts\/11024","targetHints":{"allow":["GET"]}}],"collection":[{"href":"https:\/\/erevanblog.am\/index.php?rest_route=\/wp\/v2\/posts"}],"about":[{"href":"https:\/\/erevanblog.am\/index.php?rest_route=\/wp\/v2\/types\/post"}],"author":[{"embeddable":true,"href":"https:\/\/erevanblog.am\/index.php?rest_route=\/wp\/v2\/users\/1"}],"replies":[{"embeddable":true,"href":"https:\/\/erevanblog.am\/index.php?rest_route=%2Fwp%2Fv2%2Fcomments&post=11024"}],"version-history":[{"count":1,"href":"https:\/\/erevanblog.am\/index.php?rest_route=\/wp\/v2\/posts\/11024\/revisions"}],"predecessor-version":[{"id":11026,"href":"https:\/\/erevanblog.am\/index.php?rest_route=\/wp\/v2\/posts\/11024\/revisions\/11026"}],"wp:featuredmedia":[{"embeddable":true,"href":"https:\/\/erevanblog.am\/index.php?rest_route=\/wp\/v2\/media\/11025"}],"wp:attachment":[{"href":"https:\/\/erevanblog.am\/index.php?rest_route=%2Fwp%2Fv2%2Fmedia&parent=11024"}],"wp:term":[{"taxonomy":"category","embeddable":true,"href":"https:\/\/erevanblog.am\/index.php?rest_route=%2Fwp%2Fv2%2Fcategories&post=11024"},{"taxonomy":"post_tag","embeddable":true,"href":"https:\/\/erevanblog.am\/index.php?rest_route=%2Fwp%2Fv2%2Ftags&post=11024"}],"curies":[{"name":"wp","href":"https:\/\/api.w.org\/{rel}","templated":true}]}}