{"id":11030,"date":"2025-07-26T09:09:59","date_gmt":"2025-07-26T08:09:59","guid":{"rendered":"https:\/\/erevanblog.am\/?p=11030"},"modified":"2025-07-26T09:10:00","modified_gmt":"2025-07-26T08:10:00","slug":"zahada-stare-konske-farmy-co-se-tehdy-stalo-otraslo-celou-vesnici","status":"publish","type":"post","link":"https:\/\/erevanblog.am\/?p=11030","title":{"rendered":"Z\u00e1hada star\u00e9 ko\u0148sk\u00e9 farmy: Co se tehdy stalo, ot\u0159\u00e1slo celou vesnic\u00ed"},"content":{"rendered":"\n<p>Na \u00fabo\u010d\u00ed kopce za vesnic\u00ed stoj\u00ed farma, na kterou si dnes vzpomene jen m\u00e1lokdo. D\u0159\u00edve se j\u00ed \u0159\u00edkalo \u201eStar\u00e1 ko\u0148sk\u00e1\u201c.<br>Dnes je zarostl\u00e1, tich\u00e1 a zapomenut\u00e1.<br>V\u00edtr si hraje s panty pr\u00e1zdn\u00fdch dve\u0159\u00ed st\u00e1j\u00ed, ploty sk\u0159\u00edpou jako d\u00e1vn\u00e9 vzpom\u00ednky, kter\u00e9 nem\u011bly nikdy vyj\u00edt na povrch.<\/p>\n\n\n\n<figure class=\"wp-block-image size-full\"><img loading=\"lazy\" decoding=\"async\" width=\"1024\" height=\"1024\" src=\"https:\/\/erevanblog.am\/wp-content\/uploads\/2025\/07\/000-5.png\" alt=\"\" class=\"wp-image-11031\" srcset=\"https:\/\/erevanblog.am\/wp-content\/uploads\/2025\/07\/000-5.png 1024w, https:\/\/erevanblog.am\/wp-content\/uploads\/2025\/07\/000-5-300x300.png 300w, https:\/\/erevanblog.am\/wp-content\/uploads\/2025\/07\/000-5-150x150.png 150w, https:\/\/erevanblog.am\/wp-content\/uploads\/2025\/07\/000-5-768x768.png 768w\" sizes=\"auto, (max-width: 1024px) 100vw, 1024px\" \/><\/figure>\n\n\n\n<p>Ale p\u0159ed dv\u011bma desetilet\u00edmi vypadalo v\u0161echno jinak.<\/p>\n\n\n\n<p>Farma pat\u0159ila rodin\u011b Petrov\u00fdch, zn\u00e1m\u00e9 v \u0161irok\u00e9m okol\u00ed nejen pro u\u0161lechtil\u00e9 kon\u011b, ale i pro laskavost a p\u00e9\u010di, kterou zv\u00ed\u0159at\u016fm v\u011bnovali.<br>Ka\u017ed\u00e9 l\u00e9to tu b\u00fdvaly d\u011btsk\u00e9 t\u00e1bory.<br>Ka\u017ed\u00fd v\u00edkend se sem sj\u00ed\u017ed\u011bli jezdci z cel\u00e9ho regionu.<br>M\u00edsto \u017eilo \u2013 bylo jako vyst\u0159i\u017een\u00e9 z poh\u00e1dky.<\/p>\n\n\n\n<p>A\u017e do chv\u00edle, kdy se v\u0161echno zlomilo.<\/p>\n\n\n\n<p>Jednoho r\u00e1na bylo v\u0161echno jinak.<br>Br\u00e1na zav\u0159en\u00e1.<br>Kon\u011b pry\u010d.<br>Rodina beze stopy zmizela.<br>Farma z\u016fstala osi\u0159el\u00e1 \u2013 jako by ji opustili v panice, uprost\u0159ed d\u011bn\u00ed.<\/p>\n\n\n\n<p>Vesni\u010dan\u00e9 si \u0161eptali.<br>Jedni hovo\u0159ili o nehod\u011b, jin\u00ed o n\u011b\u010dem mnohem temn\u011bj\u0161\u00edm \u2013 o \u0161\u00edlenstv\u00ed, zrad\u011b\u2026 a smrti.<\/p>\n\n\n\n<p>Pak p\u0159i\u0161lo ticho.<\/p>\n\n\n\n<p>Lid\u00e9 se m\u00edstu za\u010dali vyh\u00fdbat. D\u011bti o farm\u011b p\u0159estaly mluvit.<br>Roky plynuly, a budovy zarostly jako jizvy v krajin\u011b.<\/p>\n\n\n\n<p>A\u017e jednoho pochmurn\u00e9ho listopadov\u00e9ho dne&#8230;<\/p>\n\n\n\n<p>Parta student\u016f z bl\u00edzk\u00e9ho m\u011bsta p\u0159ijela nat\u00e1\u010det dokument o zapomenut\u00fdch m\u00edstech \u010ceska.<br>Petrovicova farma byla na seznamu.<\/p>\n\n\n\n<p>O\u010dek\u00e1vali jen n\u011bkolik z\u00e1b\u011br\u016f a trochu adrenalinu.<\/p>\n\n\n\n<p>To, co ale na\u0161li, bylo n\u011bco zcela jin\u00e9ho.<\/p>\n\n\n\n<p>Star\u00e1 st\u00e1j byla pootev\u0159en\u00e1.<br>Uvnit\u0159 panovalo naprost\u00e9 ticho, ru\u0161en\u00e9 jen kapkami de\u0161t\u011b.<br>A pak ho spat\u0159ili.<\/p>\n\n\n\n<p>K\u016f\u0148.<\/p>\n\n\n\n<p>Tmav\u00fd, s b\u00edlou hv\u011bzdou na \u010dele.<br>Klidn\u00fd, jako by sem st\u00e1le pat\u0159il.<br>A\u010dkoli zde nebylo j\u00eddlo, voda, ani stopy po p\u00e9\u010di, vypadal zdrav\u011b. A d\u00edval se na n\u011b. P\u0159\u00edmo.<br>Jeho pohled byl\u2026 neoby\u010dejn\u00fd. Nepat\u0159il do tohoto sv\u011bta.<\/p>\n\n\n\n<p>Kdy\u017e se jeden z nich p\u0159ibl\u00ed\u017eil, usly\u0161eli \u0161epot.<br>Nebyl v prostoru. Nebyl v u\u0161\u00edch.<br>Byl uvnit\u0159. V nich samotn\u00fdch.<\/p>\n\n\n\n<p>A pak se z podlahy hlavn\u00ed budovy ozvalo klep\u00e1n\u00ed.<\/p>\n\n\n\n<p>Sestoupili dol\u016f a na\u0161li star\u00fd, rozmo\u010den\u00fd den\u00edk. Pat\u0159il jednomu z bratr\u016f Petrov\u00fdch.<br>V jeho str\u00e1nk\u00e1ch byl zachycen p\u00e1d farmy.<\/p>\n\n\n\n<p>Zvl\u00e1\u0161tn\u00ed chov\u00e1n\u00ed kon\u00ed.<br>Sny, kter\u00e9 se m\u011bnily v no\u010dn\u00ed m\u016fry.<br>Hlasy vych\u00e1zej\u00edc\u00ed ze studny.<br>A zm\u00ednka o \u201e\u010dern\u00e9m h\u0159ebci, kter\u00fd se nikdy nenarodil \u2013 ale kter\u00fd si vyb\u00edr\u00e1 du\u0161e\u201c.<\/p>\n\n\n\n<p>Od t\u00e9 doby se n\u011bco zm\u011bnilo.<\/p>\n\n\n\n<p>Jeden ze student\u016f m\u00e1 probl\u00e9my se sp\u00e1nkem.<br>Druh\u00fd zmizel z internetu.<br>T\u0159et\u00ed o tom odm\u00edt\u00e1 mluvit.<\/p>\n\n\n\n<p>Ale vesni\u010dan\u00e9 op\u011bt za\u010dali \u0161eptat.<\/p>\n\n\n\n<p>V noci pr\u00fd v\u00eddaj\u00ed kon\u011b b\u011b\u017e\u00edc\u00ed poli. Bez jezdce. Bez st\u00ednu.<\/p>\n\n\n\n<p>A n\u011bkdo tvrd\u00ed, \u017ee z opu\u0161t\u011bn\u00e9 farmy ob\u010das z\u00e1\u0159\u00ed sv\u011btlo.<br>P\u0159esto\u017ee tam u\u017e d\u00e1vno nikdo nem\u00e1 b\u00fdt.<\/p>\n","protected":false},"excerpt":{"rendered":"<div class=\"mh-excerpt\"><p>Na \u00fabo\u010d\u00ed kopce za vesnic\u00ed stoj\u00ed farma, na kterou si dnes vzpomene jen m\u00e1lokdo. D\u0159\u00edve se j\u00ed \u0159\u00edkalo \u201eStar\u00e1 ko\u0148sk\u00e1\u201c.Dnes je zarostl\u00e1, tich\u00e1 a zapomenut\u00e1.V\u00edtr <a class=\"mh-excerpt-more\" href=\"https:\/\/erevanblog.am\/?p=11030\" title=\"Z\u00e1hada star\u00e9 ko\u0148sk\u00e9 farmy: Co se tehdy stalo, ot\u0159\u00e1slo celou vesnic\u00ed\">[&#8230;]<\/a><\/p>\n<\/div>","protected":false},"author":1,"featured_media":11031,"comment_status":"open","ping_status":"open","sticky":false,"template":"","format":"standard","meta":{"footnotes":""},"categories":[1],"tags":[],"class_list":["post-11030","post","type-post","status-publish","format-standard","has-post-thumbnail","hentry","category-uncategorised"],"yoast_head":"<!-- This site is optimized with the Yoast SEO plugin v27.5 - https:\/\/yoast.com\/product\/yoast-seo-wordpress\/ -->\n<title>Z\u00e1hada star\u00e9 ko\u0148sk\u00e9 farmy: Co se tehdy stalo, ot\u0159\u00e1slo celou vesnic\u00ed -<\/title>\n<meta name=\"robots\" content=\"index, follow, max-snippet:-1, max-image-preview:large, max-video-preview:-1\" \/>\n<link rel=\"canonical\" href=\"https:\/\/erevanblog.am\/?p=11030\" \/>\n<meta property=\"og:locale\" content=\"en_US\" \/>\n<meta property=\"og:type\" content=\"article\" \/>\n<meta property=\"og:title\" content=\"Z\u00e1hada star\u00e9 ko\u0148sk\u00e9 farmy: Co se tehdy stalo, ot\u0159\u00e1slo celou vesnic\u00ed -\" \/>\n<meta property=\"og:description\" content=\"Na \u00fabo\u010d\u00ed kopce za vesnic\u00ed stoj\u00ed farma, na kterou si dnes vzpomene jen m\u00e1lokdo. D\u0159\u00edve se j\u00ed \u0159\u00edkalo \u201eStar\u00e1 ko\u0148sk\u00e1\u201c.Dnes je zarostl\u00e1, tich\u00e1 a zapomenut\u00e1.V\u00edtr [...]\" \/>\n<meta property=\"og:url\" content=\"https:\/\/erevanblog.am\/?p=11030\" \/>\n<meta property=\"article:published_time\" content=\"2025-07-26T08:09:59+00:00\" \/>\n<meta property=\"article:modified_time\" content=\"2025-07-26T08:10:00+00:00\" \/>\n<meta property=\"og:image\" content=\"http:\/\/erevanblog.am\/wp-content\/uploads\/2025\/07\/000-5.png\" \/>\n\t<meta property=\"og:image:width\" content=\"1024\" \/>\n\t<meta property=\"og:image:height\" content=\"1024\" \/>\n\t<meta property=\"og:image:type\" content=\"image\/png\" \/>\n<meta name=\"author\" content=\"erevanblog_a\" \/>\n<meta name=\"twitter:card\" content=\"summary_large_image\" \/>\n<meta name=\"twitter:label1\" content=\"Written by\" \/>\n\t<meta name=\"twitter:data1\" content=\"erevanblog_a\" \/>\n\t<meta name=\"twitter:label2\" content=\"Est. reading time\" \/>\n\t<meta name=\"twitter:data2\" content=\"3 minutes\" \/>\n<script type=\"application\/ld+json\" class=\"yoast-schema-graph\">{\"@context\":\"https:\\\/\\\/schema.org\",\"@graph\":[{\"@type\":\"Article\",\"@id\":\"https:\\\/\\\/erevanblog.am\\\/?p=11030#article\",\"isPartOf\":{\"@id\":\"https:\\\/\\\/erevanblog.am\\\/?p=11030\"},\"author\":{\"name\":\"erevanblog_a\",\"@id\":\"https:\\\/\\\/erevanblog.am\\\/#\\\/schema\\\/person\\\/204f10311eb7ddb8914a5ab3e5f03928\"},\"headline\":\"Z\u00e1hada star\u00e9 ko\u0148sk\u00e9 farmy: Co se tehdy stalo, ot\u0159\u00e1slo celou vesnic\u00ed\",\"datePublished\":\"2025-07-26T08:09:59+00:00\",\"dateModified\":\"2025-07-26T08:10:00+00:00\",\"mainEntityOfPage\":{\"@id\":\"https:\\\/\\\/erevanblog.am\\\/?p=11030\"},\"wordCount\":542,\"commentCount\":0,\"image\":{\"@id\":\"https:\\\/\\\/erevanblog.am\\\/?p=11030#primaryimage\"},\"thumbnailUrl\":\"https:\\\/\\\/erevanblog.am\\\/wp-content\\\/uploads\\\/2025\\\/07\\\/000-5.png\",\"articleSection\":[\"NEWS\"],\"inLanguage\":\"en-US\",\"potentialAction\":[{\"@type\":\"CommentAction\",\"name\":\"Comment\",\"target\":[\"https:\\\/\\\/erevanblog.am\\\/?p=11030#respond\"]}]},{\"@type\":\"WebPage\",\"@id\":\"https:\\\/\\\/erevanblog.am\\\/?p=11030\",\"url\":\"https:\\\/\\\/erevanblog.am\\\/?p=11030\",\"name\":\"Z\u00e1hada star\u00e9 ko\u0148sk\u00e9 farmy: Co se tehdy stalo, ot\u0159\u00e1slo celou vesnic\u00ed -\",\"isPartOf\":{\"@id\":\"https:\\\/\\\/erevanblog.am\\\/#website\"},\"primaryImageOfPage\":{\"@id\":\"https:\\\/\\\/erevanblog.am\\\/?p=11030#primaryimage\"},\"image\":{\"@id\":\"https:\\\/\\\/erevanblog.am\\\/?p=11030#primaryimage\"},\"thumbnailUrl\":\"https:\\\/\\\/erevanblog.am\\\/wp-content\\\/uploads\\\/2025\\\/07\\\/000-5.png\",\"datePublished\":\"2025-07-26T08:09:59+00:00\",\"dateModified\":\"2025-07-26T08:10:00+00:00\",\"author\":{\"@id\":\"https:\\\/\\\/erevanblog.am\\\/#\\\/schema\\\/person\\\/204f10311eb7ddb8914a5ab3e5f03928\"},\"breadcrumb\":{\"@id\":\"https:\\\/\\\/erevanblog.am\\\/?p=11030#breadcrumb\"},\"inLanguage\":\"en-US\",\"potentialAction\":[{\"@type\":\"ReadAction\",\"target\":[\"https:\\\/\\\/erevanblog.am\\\/?p=11030\"]}]},{\"@type\":\"ImageObject\",\"inLanguage\":\"en-US\",\"@id\":\"https:\\\/\\\/erevanblog.am\\\/?p=11030#primaryimage\",\"url\":\"https:\\\/\\\/erevanblog.am\\\/wp-content\\\/uploads\\\/2025\\\/07\\\/000-5.png\",\"contentUrl\":\"https:\\\/\\\/erevanblog.am\\\/wp-content\\\/uploads\\\/2025\\\/07\\\/000-5.png\",\"width\":1024,\"height\":1024},{\"@type\":\"BreadcrumbList\",\"@id\":\"https:\\\/\\\/erevanblog.am\\\/?p=11030#breadcrumb\",\"itemListElement\":[{\"@type\":\"ListItem\",\"position\":1,\"name\":\"Home\",\"item\":\"https:\\\/\\\/erevanblog.am\\\/\"},{\"@type\":\"ListItem\",\"position\":2,\"name\":\"Z\u00e1hada star\u00e9 ko\u0148sk\u00e9 farmy: Co se tehdy stalo, ot\u0159\u00e1slo celou vesnic\u00ed\"}]},{\"@type\":\"WebSite\",\"@id\":\"https:\\\/\\\/erevanblog.am\\\/#website\",\"url\":\"https:\\\/\\\/erevanblog.am\\\/\",\"name\":\"\",\"description\":\"\",\"potentialAction\":[{\"@type\":\"SearchAction\",\"target\":{\"@type\":\"EntryPoint\",\"urlTemplate\":\"https:\\\/\\\/erevanblog.am\\\/?s={search_term_string}\"},\"query-input\":{\"@type\":\"PropertyValueSpecification\",\"valueRequired\":true,\"valueName\":\"search_term_string\"}}],\"inLanguage\":\"en-US\"},{\"@type\":\"Person\",\"@id\":\"https:\\\/\\\/erevanblog.am\\\/#\\\/schema\\\/person\\\/204f10311eb7ddb8914a5ab3e5f03928\",\"name\":\"erevanblog_a\",\"image\":{\"@type\":\"ImageObject\",\"inLanguage\":\"en-US\",\"@id\":\"https:\\\/\\\/secure.gravatar.com\\\/avatar\\\/a24f4ac3a683f3c87303db525abc00db51ea26ccedee11dfaf1cc0f9a481a5d2?s=96&d=mm&r=g\",\"url\":\"https:\\\/\\\/secure.gravatar.com\\\/avatar\\\/a24f4ac3a683f3c87303db525abc00db51ea26ccedee11dfaf1cc0f9a481a5d2?s=96&d=mm&r=g\",\"contentUrl\":\"https:\\\/\\\/secure.gravatar.com\\\/avatar\\\/a24f4ac3a683f3c87303db525abc00db51ea26ccedee11dfaf1cc0f9a481a5d2?s=96&d=mm&r=g\",\"caption\":\"erevanblog_a\"},\"sameAs\":[\"http:\\\/\\\/erevanblog.am\"],\"url\":\"https:\\\/\\\/erevanblog.am\\\/?author=1\"}]}<\/script>\n<!-- \/ Yoast SEO plugin. -->","yoast_head_json":{"title":"Z\u00e1hada star\u00e9 ko\u0148sk\u00e9 farmy: Co se tehdy stalo, ot\u0159\u00e1slo celou vesnic\u00ed -","robots":{"index":"index","follow":"follow","max-snippet":"max-snippet:-1","max-image-preview":"max-image-preview:large","max-video-preview":"max-video-preview:-1"},"canonical":"https:\/\/erevanblog.am\/?p=11030","og_locale":"en_US","og_type":"article","og_title":"Z\u00e1hada star\u00e9 ko\u0148sk\u00e9 farmy: Co se tehdy stalo, ot\u0159\u00e1slo celou vesnic\u00ed -","og_description":"Na \u00fabo\u010d\u00ed kopce za vesnic\u00ed stoj\u00ed farma, na kterou si dnes vzpomene jen m\u00e1lokdo. D\u0159\u00edve se j\u00ed \u0159\u00edkalo \u201eStar\u00e1 ko\u0148sk\u00e1\u201c.Dnes je zarostl\u00e1, tich\u00e1 a zapomenut\u00e1.V\u00edtr [...]","og_url":"https:\/\/erevanblog.am\/?p=11030","article_published_time":"2025-07-26T08:09:59+00:00","article_modified_time":"2025-07-26T08:10:00+00:00","og_image":[{"width":1024,"height":1024,"url":"http:\/\/erevanblog.am\/wp-content\/uploads\/2025\/07\/000-5.png","type":"image\/png"}],"author":"erevanblog_a","twitter_card":"summary_large_image","twitter_misc":{"Written by":"erevanblog_a","Est. reading time":"3 minutes"},"schema":{"@context":"https:\/\/schema.org","@graph":[{"@type":"Article","@id":"https:\/\/erevanblog.am\/?p=11030#article","isPartOf":{"@id":"https:\/\/erevanblog.am\/?p=11030"},"author":{"name":"erevanblog_a","@id":"https:\/\/erevanblog.am\/#\/schema\/person\/204f10311eb7ddb8914a5ab3e5f03928"},"headline":"Z\u00e1hada star\u00e9 ko\u0148sk\u00e9 farmy: Co se tehdy stalo, ot\u0159\u00e1slo celou vesnic\u00ed","datePublished":"2025-07-26T08:09:59+00:00","dateModified":"2025-07-26T08:10:00+00:00","mainEntityOfPage":{"@id":"https:\/\/erevanblog.am\/?p=11030"},"wordCount":542,"commentCount":0,"image":{"@id":"https:\/\/erevanblog.am\/?p=11030#primaryimage"},"thumbnailUrl":"https:\/\/erevanblog.am\/wp-content\/uploads\/2025\/07\/000-5.png","articleSection":["NEWS"],"inLanguage":"en-US","potentialAction":[{"@type":"CommentAction","name":"Comment","target":["https:\/\/erevanblog.am\/?p=11030#respond"]}]},{"@type":"WebPage","@id":"https:\/\/erevanblog.am\/?p=11030","url":"https:\/\/erevanblog.am\/?p=11030","name":"Z\u00e1hada star\u00e9 ko\u0148sk\u00e9 farmy: Co se tehdy stalo, ot\u0159\u00e1slo celou vesnic\u00ed -","isPartOf":{"@id":"https:\/\/erevanblog.am\/#website"},"primaryImageOfPage":{"@id":"https:\/\/erevanblog.am\/?p=11030#primaryimage"},"image":{"@id":"https:\/\/erevanblog.am\/?p=11030#primaryimage"},"thumbnailUrl":"https:\/\/erevanblog.am\/wp-content\/uploads\/2025\/07\/000-5.png","datePublished":"2025-07-26T08:09:59+00:00","dateModified":"2025-07-26T08:10:00+00:00","author":{"@id":"https:\/\/erevanblog.am\/#\/schema\/person\/204f10311eb7ddb8914a5ab3e5f03928"},"breadcrumb":{"@id":"https:\/\/erevanblog.am\/?p=11030#breadcrumb"},"inLanguage":"en-US","potentialAction":[{"@type":"ReadAction","target":["https:\/\/erevanblog.am\/?p=11030"]}]},{"@type":"ImageObject","inLanguage":"en-US","@id":"https:\/\/erevanblog.am\/?p=11030#primaryimage","url":"https:\/\/erevanblog.am\/wp-content\/uploads\/2025\/07\/000-5.png","contentUrl":"https:\/\/erevanblog.am\/wp-content\/uploads\/2025\/07\/000-5.png","width":1024,"height":1024},{"@type":"BreadcrumbList","@id":"https:\/\/erevanblog.am\/?p=11030#breadcrumb","itemListElement":[{"@type":"ListItem","position":1,"name":"Home","item":"https:\/\/erevanblog.am\/"},{"@type":"ListItem","position":2,"name":"Z\u00e1hada star\u00e9 ko\u0148sk\u00e9 farmy: Co se tehdy stalo, ot\u0159\u00e1slo celou vesnic\u00ed"}]},{"@type":"WebSite","@id":"https:\/\/erevanblog.am\/#website","url":"https:\/\/erevanblog.am\/","name":"","description":"","potentialAction":[{"@type":"SearchAction","target":{"@type":"EntryPoint","urlTemplate":"https:\/\/erevanblog.am\/?s={search_term_string}"},"query-input":{"@type":"PropertyValueSpecification","valueRequired":true,"valueName":"search_term_string"}}],"inLanguage":"en-US"},{"@type":"Person","@id":"https:\/\/erevanblog.am\/#\/schema\/person\/204f10311eb7ddb8914a5ab3e5f03928","name":"erevanblog_a","image":{"@type":"ImageObject","inLanguage":"en-US","@id":"https:\/\/secure.gravatar.com\/avatar\/a24f4ac3a683f3c87303db525abc00db51ea26ccedee11dfaf1cc0f9a481a5d2?s=96&d=mm&r=g","url":"https:\/\/secure.gravatar.com\/avatar\/a24f4ac3a683f3c87303db525abc00db51ea26ccedee11dfaf1cc0f9a481a5d2?s=96&d=mm&r=g","contentUrl":"https:\/\/secure.gravatar.com\/avatar\/a24f4ac3a683f3c87303db525abc00db51ea26ccedee11dfaf1cc0f9a481a5d2?s=96&d=mm&r=g","caption":"erevanblog_a"},"sameAs":["http:\/\/erevanblog.am"],"url":"https:\/\/erevanblog.am\/?author=1"}]}},"views":330,"_links":{"self":[{"href":"https:\/\/erevanblog.am\/index.php?rest_route=\/wp\/v2\/posts\/11030","targetHints":{"allow":["GET"]}}],"collection":[{"href":"https:\/\/erevanblog.am\/index.php?rest_route=\/wp\/v2\/posts"}],"about":[{"href":"https:\/\/erevanblog.am\/index.php?rest_route=\/wp\/v2\/types\/post"}],"author":[{"embeddable":true,"href":"https:\/\/erevanblog.am\/index.php?rest_route=\/wp\/v2\/users\/1"}],"replies":[{"embeddable":true,"href":"https:\/\/erevanblog.am\/index.php?rest_route=%2Fwp%2Fv2%2Fcomments&post=11030"}],"version-history":[{"count":1,"href":"https:\/\/erevanblog.am\/index.php?rest_route=\/wp\/v2\/posts\/11030\/revisions"}],"predecessor-version":[{"id":11032,"href":"https:\/\/erevanblog.am\/index.php?rest_route=\/wp\/v2\/posts\/11030\/revisions\/11032"}],"wp:featuredmedia":[{"embeddable":true,"href":"https:\/\/erevanblog.am\/index.php?rest_route=\/wp\/v2\/media\/11031"}],"wp:attachment":[{"href":"https:\/\/erevanblog.am\/index.php?rest_route=%2Fwp%2Fv2%2Fmedia&parent=11030"}],"wp:term":[{"taxonomy":"category","embeddable":true,"href":"https:\/\/erevanblog.am\/index.php?rest_route=%2Fwp%2Fv2%2Fcategories&post=11030"},{"taxonomy":"post_tag","embeddable":true,"href":"https:\/\/erevanblog.am\/index.php?rest_route=%2Fwp%2Fv2%2Ftags&post=11030"}],"curies":[{"name":"wp","href":"https:\/\/api.w.org\/{rel}","templated":true}]}}