{"id":11036,"date":"2025-07-26T15:42:10","date_gmt":"2025-07-26T14:42:10","guid":{"rendered":"https:\/\/erevanblog.am\/?p=11036"},"modified":"2025-07-26T15:42:11","modified_gmt":"2025-07-26T14:42:11","slug":"nejenze-vstala-vzala-si-zpet-svuj-zivot-to-co-se-stalo-na-svatbe-nechalo-vsechny-beze-slov","status":"publish","type":"post","link":"https:\/\/erevanblog.am\/?p=11036","title":{"rendered":"\u201eNejen\u017ee vstala \u2013 vzala si zp\u011bt sv\u016fj \u017eivot. To, co se stalo na svatb\u011b, nechalo v\u0161echny beze slov.\u201c"},"content":{"rendered":"\n<p>Byl to oby\u010dejn\u00fd \u010dervencov\u00fd ve\u010der. Vzduch von\u011bl po m\u00e1t\u011b, obloha se pomalu zbarvovala do oran\u017eov\u00fdch a \u010derven\u00fdch odst\u00edn\u016f. V jedn\u00e9 mal\u00e9 venkovsk\u00e9 restauraci pobl\u00ed\u017e Kyjeva se stalo n\u011bco, co \u017e\u00e1dn\u00fd z p\u0159\u00edtomn\u00fdch nikdy nezapomene. N\u011bkte\u0159\u00ed to pozd\u011bji nazvali z\u00e1zrakem.<\/p>\n\n\n\n<figure class=\"wp-block-image size-full\"><img loading=\"lazy\" decoding=\"async\" width=\"802\" height=\"834\" src=\"https:\/\/erevanblog.am\/wp-content\/uploads\/2025\/07\/555-1.jpeg\" alt=\"\" class=\"wp-image-11037\" srcset=\"https:\/\/erevanblog.am\/wp-content\/uploads\/2025\/07\/555-1.jpeg 802w, https:\/\/erevanblog.am\/wp-content\/uploads\/2025\/07\/555-1-288x300.jpeg 288w, https:\/\/erevanblog.am\/wp-content\/uploads\/2025\/07\/555-1-768x799.jpeg 768w\" sizes=\"auto, (max-width: 802px) 100vw, 802px\" \/><\/figure>\n\n\n\n<p>Ale ti, kte\u0159\u00ed tam byli, \u0159eknou:<br><strong>\u201eTo nebyl z\u00e1zrak. To byla v\u016fle. To byla l\u00e1ska.\u201c<\/strong><\/p>\n\n\n\n<p>Nic nenasv\u011bd\u010dovalo senzaci. Svatba m\u011bla b\u00fdt tich\u00e1, v\u0159el\u00e1, up\u0159\u00edmn\u00e1.<br>\u017denich \u2013 Andrij, b\u00fdval\u00fd vojensk\u00fd l\u00e9ka\u0159, zvykl\u00fd na bolest a krize.<br>Nev\u011bsta \u2013 Olena, um\u011blkyn\u011b, mal\u00ed\u0159ka, kter\u00e1 barvami mluvila siln\u011bji ne\u017e slovy.<\/p>\n\n\n\n<p>Ale p\u0159ed \u0161esti m\u011bs\u00edci m\u011bla d\u011bsivou autonehodu.<br>Diagn\u00f3za: \u00fapln\u00e9 ochrnut\u00ed doln\u00edch kon\u010detin. Progn\u00f3za \u2013 nejist\u00e1.<br>L\u00e9ka\u0159i byli opatrn\u00ed. P\u0159\u00edbuzn\u00ed \u2013 zlomen\u00ed, ale doufali v z\u00e1zrak.<\/p>\n\n\n\n<p>Jen\u017ee bylo tu n\u011bco, co nikdo nev\u011bd\u011bl:<br>Olena u\u017e se rozhodla.<\/p>\n\n\n\n<p>Od prvn\u00edho dne rehabilitace, zat\u00edmco ji bolest dusila, \u0161eptala:<br><strong>\u201eVstanu. Kdy\u017e ne pro sebe, tak pro n\u011bj.\u201c<\/strong><\/p>\n\n\n\n<p>Andrij ji neopustil.<br>M\u00edsto l\u00edb\u00e1nek \u2013 hodiny fyzioterapie.<br>M\u00edsto slavnostn\u00edch recepc\u00ed \u2013 \u010dten\u00ed knih u jej\u00ed nemocni\u010dn\u00ed postele, mas\u00e1\u017ee necitliv\u00fdch nohou.<\/p>\n\n\n\n<p>A kdy\u017e p\u0159i\u0161el den svatby, host\u00e9 se shrom\u00e1\u017edili, \u00fasm\u011bvy byly tich\u00e9, vzduch von\u011bl l\u00e9tem \u2013 stalo se n\u011bco, co nikdo ne\u010dekal.<\/p>\n\n\n\n<p>Moder\u00e1tor ozn\u00e1mil prvn\u00ed man\u017eelsk\u00fd tanec.<br>Andrij st\u00e1l uprost\u0159ed s\u00e1lu.<br>Za\u010dala hr\u00e1t tich\u00e1, n\u011b\u017en\u00e1 hudba.<br>Olena st\u00e1le sed\u011bla na invalidn\u00edm voz\u00edku.<br>V\u0161ichni si mysleli \u2013 zvedne ji do n\u00e1ru\u010de. Nebo ji jen pol\u00edb\u00ed.<\/p>\n\n\n\n<p>Ale m\u00edsto toho\u2026<\/p>\n\n\n\n<p><strong>Se postavila.<\/strong><\/p>\n\n\n\n<p>Nebyl to ladn\u00fd pohyb. Byl to boj. Se sv\u00fdm t\u011blem. Se strachem. S minulost\u00ed.<br>Olena se postavila na nohy, kter\u00e9 se j\u00ed podlamovaly. Ud\u011blala krok. Pak dal\u0161\u00ed. A je\u0161t\u011b jeden.<\/p>\n\n\n\n<p>Ticho.<br>Skleni\u010dka spadla.<br>N\u011bkdo ztuhl.<br>Jin\u00fd u\u017e plakal s dlan\u00ed na \u00fastech.<\/p>\n\n\n\n<p><strong>A ona \u0161la.<\/strong><br>Bez rytmu. Bez jistoty. Ale s odhodl\u00e1n\u00edm.<br>\u0160la k n\u011bmu.<\/p>\n\n\n\n<p>A do\u0161la.<\/p>\n\n\n\n<p>Andrij, se slzami v o\u010d\u00edch, vzal jej\u00ed ruce.<br>Bez slov. Bez gest. Jen ti dva, stoj\u00edc\u00ed. Na\u017eivu.<\/p>\n\n\n\n<p>Pozd\u011bji ji novin\u00e1\u0159i \u017e\u00e1dali o rozhovor.<br>P\u0159\u00e1tel\u00e9 ji prosili, aby ten okam\u017eik zopakovala.<br>Ale ona jen \u0159ekla:<br><strong>\u201eTohle nebylo p\u0159edstaven\u00ed. To je m\u016fj \u017eivot. A j\u00e1 u\u017e nebudu jen sed\u011bt a \u010dekat.\u201c<\/strong><\/p>\n\n\n\n<p>Uteklo jen p\u00e1r dn\u00ed.<br>Video po\u0159\u00edzen\u00e9 jedn\u00edm z host\u016f na mobilu se objevilo na internetu. Miliony ho zhl\u00e9dly.<br>Ale to nen\u00ed to nejd\u016fle\u017eit\u011bj\u0161\u00ed.<\/p>\n\n\n\n<p>Nejd\u016fle\u017eit\u011bj\u0161\u00ed je: <strong>Olena te\u010f chod\u00ed.<\/strong><br>Pomalu. S bolest\u00ed. Ale kr\u00e1\u010d\u00ed.<\/p>\n\n\n\n<p>Ka\u017ed\u00fd jej\u00ed krok je pol\u00ed\u010dek strachu.<br>L\u00e9ka\u0159i tomu nemohou uv\u011b\u0159it.<br>Ale ti, kdo ji znaj\u00ed, nejsou p\u0159ekvapeni.<\/p>\n\n\n\n<p>Proto\u017ee kdy\u017e je l\u00e1ska siln\u011bj\u0161\u00ed ne\u017e diagn\u00f3za \u2013<br>Z\u00e1zraky nejsou vz\u00e1cn\u00e9. Jsou nevyhnuteln\u00e9.<\/p>\n\n\n\n<p>A host\u00e9 z toho dne st\u00e1le \u0161eptem \u0159\u00edkaj\u00ed:<\/p>\n\n\n\n<p><strong>\u201eTo nebyla jen \u017eena, kter\u00e1 vstala z voz\u00edku.<br>To byla du\u0161e, kter\u00e1 odm\u00edtla se vzd\u00e1t.\u201c<\/strong><\/p>\n","protected":false},"excerpt":{"rendered":"<div class=\"mh-excerpt\"><p>Byl to oby\u010dejn\u00fd \u010dervencov\u00fd ve\u010der. Vzduch von\u011bl po m\u00e1t\u011b, obloha se pomalu zbarvovala do oran\u017eov\u00fdch a \u010derven\u00fdch odst\u00edn\u016f. V jedn\u00e9 mal\u00e9 venkovsk\u00e9 restauraci pobl\u00ed\u017e Kyjeva <a class=\"mh-excerpt-more\" href=\"https:\/\/erevanblog.am\/?p=11036\" title=\"\u201eNejen\u017ee vstala \u2013 vzala si zp\u011bt sv\u016fj \u017eivot. To, co se stalo na svatb\u011b, nechalo v\u0161echny beze slov.\u201c\">[&#8230;]<\/a><\/p>\n<\/div>","protected":false},"author":1,"featured_media":11037,"comment_status":"open","ping_status":"open","sticky":false,"template":"","format":"standard","meta":{"footnotes":""},"categories":[1],"tags":[],"class_list":["post-11036","post","type-post","status-publish","format-standard","has-post-thumbnail","hentry","category-uncategorised"],"yoast_head":"<!-- This site is optimized with the Yoast SEO plugin v27.5 - https:\/\/yoast.com\/product\/yoast-seo-wordpress\/ -->\n<title>\u201eNejen\u017ee vstala \u2013 vzala si zp\u011bt sv\u016fj \u017eivot. To, co se stalo na svatb\u011b, nechalo v\u0161echny beze slov.\u201c -<\/title>\n<meta name=\"robots\" content=\"index, follow, max-snippet:-1, max-image-preview:large, max-video-preview:-1\" \/>\n<link rel=\"canonical\" href=\"https:\/\/erevanblog.am\/?p=11036\" \/>\n<meta property=\"og:locale\" content=\"en_US\" \/>\n<meta property=\"og:type\" content=\"article\" \/>\n<meta property=\"og:title\" content=\"\u201eNejen\u017ee vstala \u2013 vzala si zp\u011bt sv\u016fj \u017eivot. To, co se stalo na svatb\u011b, nechalo v\u0161echny beze slov.\u201c -\" \/>\n<meta property=\"og:description\" content=\"Byl to oby\u010dejn\u00fd \u010dervencov\u00fd ve\u010der. Vzduch von\u011bl po m\u00e1t\u011b, obloha se pomalu zbarvovala do oran\u017eov\u00fdch a \u010derven\u00fdch odst\u00edn\u016f. V jedn\u00e9 mal\u00e9 venkovsk\u00e9 restauraci pobl\u00ed\u017e Kyjeva [...]\" \/>\n<meta property=\"og:url\" content=\"https:\/\/erevanblog.am\/?p=11036\" \/>\n<meta property=\"article:published_time\" content=\"2025-07-26T14:42:10+00:00\" \/>\n<meta property=\"article:modified_time\" content=\"2025-07-26T14:42:11+00:00\" \/>\n<meta property=\"og:image\" content=\"http:\/\/erevanblog.am\/wp-content\/uploads\/2025\/07\/555-1.jpeg\" \/>\n\t<meta property=\"og:image:width\" content=\"802\" \/>\n\t<meta property=\"og:image:height\" content=\"834\" \/>\n\t<meta property=\"og:image:type\" content=\"image\/jpeg\" \/>\n<meta name=\"author\" content=\"erevanblog_a\" \/>\n<meta name=\"twitter:card\" content=\"summary_large_image\" \/>\n<meta name=\"twitter:label1\" content=\"Written by\" \/>\n\t<meta name=\"twitter:data1\" content=\"erevanblog_a\" \/>\n\t<meta name=\"twitter:label2\" content=\"Est. reading time\" \/>\n\t<meta name=\"twitter:data2\" content=\"3 minutes\" \/>\n<script type=\"application\/ld+json\" class=\"yoast-schema-graph\">{\"@context\":\"https:\\\/\\\/schema.org\",\"@graph\":[{\"@type\":\"Article\",\"@id\":\"https:\\\/\\\/erevanblog.am\\\/?p=11036#article\",\"isPartOf\":{\"@id\":\"https:\\\/\\\/erevanblog.am\\\/?p=11036\"},\"author\":{\"name\":\"erevanblog_a\",\"@id\":\"https:\\\/\\\/erevanblog.am\\\/#\\\/schema\\\/person\\\/204f10311eb7ddb8914a5ab3e5f03928\"},\"headline\":\"\u201eNejen\u017ee vstala \u2013 vzala si zp\u011bt sv\u016fj \u017eivot. To, co se stalo na svatb\u011b, nechalo v\u0161echny beze slov.\u201c\",\"datePublished\":\"2025-07-26T14:42:10+00:00\",\"dateModified\":\"2025-07-26T14:42:11+00:00\",\"mainEntityOfPage\":{\"@id\":\"https:\\\/\\\/erevanblog.am\\\/?p=11036\"},\"wordCount\":551,\"commentCount\":0,\"image\":{\"@id\":\"https:\\\/\\\/erevanblog.am\\\/?p=11036#primaryimage\"},\"thumbnailUrl\":\"https:\\\/\\\/erevanblog.am\\\/wp-content\\\/uploads\\\/2025\\\/07\\\/555-1.jpeg\",\"articleSection\":[\"NEWS\"],\"inLanguage\":\"en-US\",\"potentialAction\":[{\"@type\":\"CommentAction\",\"name\":\"Comment\",\"target\":[\"https:\\\/\\\/erevanblog.am\\\/?p=11036#respond\"]}]},{\"@type\":\"WebPage\",\"@id\":\"https:\\\/\\\/erevanblog.am\\\/?p=11036\",\"url\":\"https:\\\/\\\/erevanblog.am\\\/?p=11036\",\"name\":\"\u201eNejen\u017ee vstala \u2013 vzala si zp\u011bt sv\u016fj \u017eivot. To, co se stalo na svatb\u011b, nechalo v\u0161echny beze slov.\u201c -\",\"isPartOf\":{\"@id\":\"https:\\\/\\\/erevanblog.am\\\/#website\"},\"primaryImageOfPage\":{\"@id\":\"https:\\\/\\\/erevanblog.am\\\/?p=11036#primaryimage\"},\"image\":{\"@id\":\"https:\\\/\\\/erevanblog.am\\\/?p=11036#primaryimage\"},\"thumbnailUrl\":\"https:\\\/\\\/erevanblog.am\\\/wp-content\\\/uploads\\\/2025\\\/07\\\/555-1.jpeg\",\"datePublished\":\"2025-07-26T14:42:10+00:00\",\"dateModified\":\"2025-07-26T14:42:11+00:00\",\"author\":{\"@id\":\"https:\\\/\\\/erevanblog.am\\\/#\\\/schema\\\/person\\\/204f10311eb7ddb8914a5ab3e5f03928\"},\"breadcrumb\":{\"@id\":\"https:\\\/\\\/erevanblog.am\\\/?p=11036#breadcrumb\"},\"inLanguage\":\"en-US\",\"potentialAction\":[{\"@type\":\"ReadAction\",\"target\":[\"https:\\\/\\\/erevanblog.am\\\/?p=11036\"]}]},{\"@type\":\"ImageObject\",\"inLanguage\":\"en-US\",\"@id\":\"https:\\\/\\\/erevanblog.am\\\/?p=11036#primaryimage\",\"url\":\"https:\\\/\\\/erevanblog.am\\\/wp-content\\\/uploads\\\/2025\\\/07\\\/555-1.jpeg\",\"contentUrl\":\"https:\\\/\\\/erevanblog.am\\\/wp-content\\\/uploads\\\/2025\\\/07\\\/555-1.jpeg\",\"width\":802,\"height\":834},{\"@type\":\"BreadcrumbList\",\"@id\":\"https:\\\/\\\/erevanblog.am\\\/?p=11036#breadcrumb\",\"itemListElement\":[{\"@type\":\"ListItem\",\"position\":1,\"name\":\"Home\",\"item\":\"https:\\\/\\\/erevanblog.am\\\/\"},{\"@type\":\"ListItem\",\"position\":2,\"name\":\"\u201eNejen\u017ee vstala \u2013 vzala si zp\u011bt sv\u016fj \u017eivot. To, co se stalo na svatb\u011b, nechalo v\u0161echny beze slov.\u201c\"}]},{\"@type\":\"WebSite\",\"@id\":\"https:\\\/\\\/erevanblog.am\\\/#website\",\"url\":\"https:\\\/\\\/erevanblog.am\\\/\",\"name\":\"\",\"description\":\"\",\"potentialAction\":[{\"@type\":\"SearchAction\",\"target\":{\"@type\":\"EntryPoint\",\"urlTemplate\":\"https:\\\/\\\/erevanblog.am\\\/?s={search_term_string}\"},\"query-input\":{\"@type\":\"PropertyValueSpecification\",\"valueRequired\":true,\"valueName\":\"search_term_string\"}}],\"inLanguage\":\"en-US\"},{\"@type\":\"Person\",\"@id\":\"https:\\\/\\\/erevanblog.am\\\/#\\\/schema\\\/person\\\/204f10311eb7ddb8914a5ab3e5f03928\",\"name\":\"erevanblog_a\",\"image\":{\"@type\":\"ImageObject\",\"inLanguage\":\"en-US\",\"@id\":\"https:\\\/\\\/secure.gravatar.com\\\/avatar\\\/a24f4ac3a683f3c87303db525abc00db51ea26ccedee11dfaf1cc0f9a481a5d2?s=96&d=mm&r=g\",\"url\":\"https:\\\/\\\/secure.gravatar.com\\\/avatar\\\/a24f4ac3a683f3c87303db525abc00db51ea26ccedee11dfaf1cc0f9a481a5d2?s=96&d=mm&r=g\",\"contentUrl\":\"https:\\\/\\\/secure.gravatar.com\\\/avatar\\\/a24f4ac3a683f3c87303db525abc00db51ea26ccedee11dfaf1cc0f9a481a5d2?s=96&d=mm&r=g\",\"caption\":\"erevanblog_a\"},\"sameAs\":[\"http:\\\/\\\/erevanblog.am\"],\"url\":\"https:\\\/\\\/erevanblog.am\\\/?author=1\"}]}<\/script>\n<!-- \/ Yoast SEO plugin. -->","yoast_head_json":{"title":"\u201eNejen\u017ee vstala \u2013 vzala si zp\u011bt sv\u016fj \u017eivot. To, co se stalo na svatb\u011b, nechalo v\u0161echny beze slov.\u201c -","robots":{"index":"index","follow":"follow","max-snippet":"max-snippet:-1","max-image-preview":"max-image-preview:large","max-video-preview":"max-video-preview:-1"},"canonical":"https:\/\/erevanblog.am\/?p=11036","og_locale":"en_US","og_type":"article","og_title":"\u201eNejen\u017ee vstala \u2013 vzala si zp\u011bt sv\u016fj \u017eivot. To, co se stalo na svatb\u011b, nechalo v\u0161echny beze slov.\u201c -","og_description":"Byl to oby\u010dejn\u00fd \u010dervencov\u00fd ve\u010der. Vzduch von\u011bl po m\u00e1t\u011b, obloha se pomalu zbarvovala do oran\u017eov\u00fdch a \u010derven\u00fdch odst\u00edn\u016f. V jedn\u00e9 mal\u00e9 venkovsk\u00e9 restauraci pobl\u00ed\u017e Kyjeva [...]","og_url":"https:\/\/erevanblog.am\/?p=11036","article_published_time":"2025-07-26T14:42:10+00:00","article_modified_time":"2025-07-26T14:42:11+00:00","og_image":[{"width":802,"height":834,"url":"http:\/\/erevanblog.am\/wp-content\/uploads\/2025\/07\/555-1.jpeg","type":"image\/jpeg"}],"author":"erevanblog_a","twitter_card":"summary_large_image","twitter_misc":{"Written by":"erevanblog_a","Est. reading time":"3 minutes"},"schema":{"@context":"https:\/\/schema.org","@graph":[{"@type":"Article","@id":"https:\/\/erevanblog.am\/?p=11036#article","isPartOf":{"@id":"https:\/\/erevanblog.am\/?p=11036"},"author":{"name":"erevanblog_a","@id":"https:\/\/erevanblog.am\/#\/schema\/person\/204f10311eb7ddb8914a5ab3e5f03928"},"headline":"\u201eNejen\u017ee vstala \u2013 vzala si zp\u011bt sv\u016fj \u017eivot. To, co se stalo na svatb\u011b, nechalo v\u0161echny beze slov.\u201c","datePublished":"2025-07-26T14:42:10+00:00","dateModified":"2025-07-26T14:42:11+00:00","mainEntityOfPage":{"@id":"https:\/\/erevanblog.am\/?p=11036"},"wordCount":551,"commentCount":0,"image":{"@id":"https:\/\/erevanblog.am\/?p=11036#primaryimage"},"thumbnailUrl":"https:\/\/erevanblog.am\/wp-content\/uploads\/2025\/07\/555-1.jpeg","articleSection":["NEWS"],"inLanguage":"en-US","potentialAction":[{"@type":"CommentAction","name":"Comment","target":["https:\/\/erevanblog.am\/?p=11036#respond"]}]},{"@type":"WebPage","@id":"https:\/\/erevanblog.am\/?p=11036","url":"https:\/\/erevanblog.am\/?p=11036","name":"\u201eNejen\u017ee vstala \u2013 vzala si zp\u011bt sv\u016fj \u017eivot. To, co se stalo na svatb\u011b, nechalo v\u0161echny beze slov.\u201c -","isPartOf":{"@id":"https:\/\/erevanblog.am\/#website"},"primaryImageOfPage":{"@id":"https:\/\/erevanblog.am\/?p=11036#primaryimage"},"image":{"@id":"https:\/\/erevanblog.am\/?p=11036#primaryimage"},"thumbnailUrl":"https:\/\/erevanblog.am\/wp-content\/uploads\/2025\/07\/555-1.jpeg","datePublished":"2025-07-26T14:42:10+00:00","dateModified":"2025-07-26T14:42:11+00:00","author":{"@id":"https:\/\/erevanblog.am\/#\/schema\/person\/204f10311eb7ddb8914a5ab3e5f03928"},"breadcrumb":{"@id":"https:\/\/erevanblog.am\/?p=11036#breadcrumb"},"inLanguage":"en-US","potentialAction":[{"@type":"ReadAction","target":["https:\/\/erevanblog.am\/?p=11036"]}]},{"@type":"ImageObject","inLanguage":"en-US","@id":"https:\/\/erevanblog.am\/?p=11036#primaryimage","url":"https:\/\/erevanblog.am\/wp-content\/uploads\/2025\/07\/555-1.jpeg","contentUrl":"https:\/\/erevanblog.am\/wp-content\/uploads\/2025\/07\/555-1.jpeg","width":802,"height":834},{"@type":"BreadcrumbList","@id":"https:\/\/erevanblog.am\/?p=11036#breadcrumb","itemListElement":[{"@type":"ListItem","position":1,"name":"Home","item":"https:\/\/erevanblog.am\/"},{"@type":"ListItem","position":2,"name":"\u201eNejen\u017ee vstala \u2013 vzala si zp\u011bt sv\u016fj \u017eivot. To, co se stalo na svatb\u011b, nechalo v\u0161echny beze slov.\u201c"}]},{"@type":"WebSite","@id":"https:\/\/erevanblog.am\/#website","url":"https:\/\/erevanblog.am\/","name":"","description":"","potentialAction":[{"@type":"SearchAction","target":{"@type":"EntryPoint","urlTemplate":"https:\/\/erevanblog.am\/?s={search_term_string}"},"query-input":{"@type":"PropertyValueSpecification","valueRequired":true,"valueName":"search_term_string"}}],"inLanguage":"en-US"},{"@type":"Person","@id":"https:\/\/erevanblog.am\/#\/schema\/person\/204f10311eb7ddb8914a5ab3e5f03928","name":"erevanblog_a","image":{"@type":"ImageObject","inLanguage":"en-US","@id":"https:\/\/secure.gravatar.com\/avatar\/a24f4ac3a683f3c87303db525abc00db51ea26ccedee11dfaf1cc0f9a481a5d2?s=96&d=mm&r=g","url":"https:\/\/secure.gravatar.com\/avatar\/a24f4ac3a683f3c87303db525abc00db51ea26ccedee11dfaf1cc0f9a481a5d2?s=96&d=mm&r=g","contentUrl":"https:\/\/secure.gravatar.com\/avatar\/a24f4ac3a683f3c87303db525abc00db51ea26ccedee11dfaf1cc0f9a481a5d2?s=96&d=mm&r=g","caption":"erevanblog_a"},"sameAs":["http:\/\/erevanblog.am"],"url":"https:\/\/erevanblog.am\/?author=1"}]}},"views":303,"_links":{"self":[{"href":"https:\/\/erevanblog.am\/index.php?rest_route=\/wp\/v2\/posts\/11036","targetHints":{"allow":["GET"]}}],"collection":[{"href":"https:\/\/erevanblog.am\/index.php?rest_route=\/wp\/v2\/posts"}],"about":[{"href":"https:\/\/erevanblog.am\/index.php?rest_route=\/wp\/v2\/types\/post"}],"author":[{"embeddable":true,"href":"https:\/\/erevanblog.am\/index.php?rest_route=\/wp\/v2\/users\/1"}],"replies":[{"embeddable":true,"href":"https:\/\/erevanblog.am\/index.php?rest_route=%2Fwp%2Fv2%2Fcomments&post=11036"}],"version-history":[{"count":1,"href":"https:\/\/erevanblog.am\/index.php?rest_route=\/wp\/v2\/posts\/11036\/revisions"}],"predecessor-version":[{"id":11038,"href":"https:\/\/erevanblog.am\/index.php?rest_route=\/wp\/v2\/posts\/11036\/revisions\/11038"}],"wp:featuredmedia":[{"embeddable":true,"href":"https:\/\/erevanblog.am\/index.php?rest_route=\/wp\/v2\/media\/11037"}],"wp:attachment":[{"href":"https:\/\/erevanblog.am\/index.php?rest_route=%2Fwp%2Fv2%2Fmedia&parent=11036"}],"wp:term":[{"taxonomy":"category","embeddable":true,"href":"https:\/\/erevanblog.am\/index.php?rest_route=%2Fwp%2Fv2%2Fcategories&post=11036"},{"taxonomy":"post_tag","embeddable":true,"href":"https:\/\/erevanblog.am\/index.php?rest_route=%2Fwp%2Fv2%2Ftags&post=11036"}],"curies":[{"name":"wp","href":"https:\/\/api.w.org\/{rel}","templated":true}]}}