{"id":11042,"date":"2025-07-26T21:21:59","date_gmt":"2025-07-26T20:21:59","guid":{"rendered":"https:\/\/erevanblog.am\/?p=11042"},"modified":"2025-07-26T21:22:01","modified_gmt":"2025-07-26T20:22:01","slug":"vedel-neco-co-nikdo-jiny-nevedel-policejni-pes-zautocil-na-generala-behem-ceremonialu-duvod-sokoval-cely-sbor","status":"publish","type":"post","link":"https:\/\/erevanblog.am\/?p=11042","title":{"rendered":"\u201eV\u011bd\u011bl n\u011bco, co nikdo jin\u00fd nev\u011bd\u011bl\u201c: Policejn\u00ed pes za\u00fato\u010dil na gener\u00e1la b\u011bhem ceremoni\u00e1lu \u2013 D\u016fvod \u0161okoval cel\u00fd sbor"},"content":{"rendered":"\n<p>Zd\u00e1lo se, \u017ee to bude den pln\u00fd \u00facty a uzn\u00e1n\u00ed. Ser\u017eant Alex, policista s v\u00edce ne\u017e 15 lety slu\u017eby, m\u011bl obdr\u017eet medaili za state\u010dnost. Mu\u017e, kter\u00fd byl v\u00e1\u017en\u011b zran\u011bn p\u0159i nebezpe\u010dn\u00e9 operaci a od t\u00e9 doby je na invalidn\u00edm voz\u00edku. I p\u0159es v\u0161echno, co pro\u017eil, kr\u00e1\u010del hrd\u011b ve sv\u00e9 uniform\u011b.<\/p>\n\n\n\n<figure class=\"wp-block-image size-full\"><img loading=\"lazy\" decoding=\"async\" width=\"710\" height=\"1024\" src=\"https:\/\/erevanblog.am\/wp-content\/uploads\/2025\/07\/777-1.jpeg\" alt=\"\" class=\"wp-image-11043\" srcset=\"https:\/\/erevanblog.am\/wp-content\/uploads\/2025\/07\/777-1.jpeg 710w, https:\/\/erevanblog.am\/wp-content\/uploads\/2025\/07\/777-1-208x300.jpeg 208w\" sizes=\"auto, (max-width: 710px) 100vw, 710px\" \/><\/figure>\n\n\n\n<p>Po jeho boku st\u00e1l v\u011brn\u00fd partner \u2013 slu\u017eebn\u00ed pes Bars. Pes, kter\u00fd ho doprov\u00e1zel na ka\u017ed\u00e9 akci: zat\u00fdk\u00e1n\u00ed, honi\u010dky, no\u010dn\u00ed z\u00e1sahy. Ale to, co n\u00e1sledovalo, nikdo ne\u010dekal.<\/p>\n\n\n\n<h3 class=\"wp-block-heading\">P\u0159\u00edb\u011bh o loajalit\u011b a odvaze<\/h3>\n\n\n\n<p>Ser\u017eant Alex byl zn\u00e1m\u00fd jako neohro\u017een\u00fd policista, kter\u00fd \u0161el v\u017edy prvn\u00ed do nebezpe\u010d\u00ed. S n\u00edm byl Bars \u2013 speci\u00e1ln\u011b vycvi\u010den\u00fd slu\u017eebn\u00ed pes, kter\u00fd dok\u00e1zal vyc\u00edtit nebezpe\u010d\u00ed a okam\u017eit\u011b reagovat.<\/p>\n\n\n\n<p>Byli nerozlu\u010dn\u00e1 dvojice.<\/p>\n\n\n\n<p>Jednoho dne dostali hl\u00e1\u0161en\u00ed o podez\u0159el\u00e9m pohybu ve star\u00e9m skladu na okraji m\u011bsta. Alex a Bars byli prvn\u00ed na m\u00edst\u011b. Ale \u010dekala na n\u011b l\u00e9\u010dka.<\/p>\n\n\n\n<p>Ozbrojen\u00ed zlo\u010dinci za\u010dali st\u0159\u00edlet. Bars sko\u010dil vp\u0159ed, aby upoutal pozornost, a Alex tak mohl st\u00e1hnout sv\u00e9 kolegy. Bars byl v\u0161ak v\u00e1\u017en\u011b zran\u011bn do zad.<\/p>\n\n\n\n<h3 class=\"wp-block-heading\">Ceremoni\u00e1l a ne\u010dekan\u00fd zvrat<\/h3>\n\n\n\n<p>Po m\u011bs\u00edc\u00edch rehabilitace byl Alex pozv\u00e1n na slavnostn\u00ed ceremoni\u00e1l, aby p\u0159evzal medaili. Poprv\u00e9 od zran\u011bn\u00ed se objevil ve sv\u00e9 uniform\u011b na voz\u00edku. V\u0161ichni ho zdravili s \u00factou, Bars byl vedle n\u011bj \u2013 bd\u011bl\u00fd a v\u011brn\u00fd.<\/p>\n\n\n\n<p>Pak vstoupil gener\u00e1l Viktor \u2013 mu\u017e, kter\u00fd vydal sporn\u00fd rozkaz vedouc\u00ed k trag\u00e9dii. Atmosf\u00e9ra zhoustla.<\/p>\n\n\n\n<p>Jakmile Bars uvid\u011bl gener\u00e1la, n\u011bco se v n\u011bm zm\u011bnilo. Najednou vysko\u010dil, za\u010dal hlasit\u011b \u0161t\u011bkat a postavil se mezi Alexe a gener\u00e1la jako \u017eiv\u00fd \u0161t\u00edt. Pak agresivn\u011b za\u00fato\u010dil.<\/p>\n\n\n\n<h3 class=\"wp-block-heading\">P\u0159\u00edtomn\u00ed byli v \u0161oku<\/h3>\n\n\n\n<p>N\u011bkte\u0159\u00ed se sna\u017eili psa zastavit, jin\u00ed ustoupili. Gener\u00e1l k\u0159i\u010del:<br>\u201eOdstra\u0148te toho psa! Za\u00fato\u010dil na vy\u0161\u0161\u00edho d\u016fstojn\u00edka!\u201c<\/p>\n\n\n\n<p>Ale Bars neustupoval. Jeho chov\u00e1n\u00ed bylo jasn\u00fdm poselstv\u00edm.<\/p>\n\n\n\n<h3 class=\"wp-block-heading\">Pes, kter\u00fd \u0159\u00edk\u00e1 to, co lid\u00e9 necht\u011bj\u00ed sly\u0161et<\/h3>\n\n\n\n<p>Vy\u0161et\u0159ov\u00e1n\u00ed odhalilo z\u00e1znam z r\u00e1diov\u00e9ho p\u0159enosu v den operace. Gener\u00e1l p\u0159ik\u00e1zal zas\u00e1hnout, p\u0159esto\u017ee m\u00edsto nebylo zaji\u0161t\u011bn\u00e9.<\/p>\n\n\n\n<p>Bars si pamatoval ten hlas i situaci. Psi dok\u00e1\u017e\u00ed spojit hlasy s traumatick\u00fdmi ud\u00e1lostmi. Br\u00e1nil sv\u00e9ho v\u016fdce \u2013 nejen instinktem, ale i smyslem pro spravedlnost.<\/p>\n\n\n\n<h3 class=\"wp-block-heading\">D\u016fsledky a nevysloven\u00e1 pravda<\/h3>\n\n\n\n<p>Gener\u00e1l Viktor rezignoval, ale d\u016fvody nebyly ofici\u00e1ln\u011b ozn\u00e1meny. Bars nebyl potrest\u00e1n, naopak \u2013 byl ocen\u011bn a ode\u0161el do \u010destn\u00e9ho d\u016fchodu.<\/p>\n\n\n\n<p>Tento p\u0159\u00edb\u011bh p\u0159ipom\u00edn\u00e1, \u017ee pravda n\u011bkdy vyjde najevo ne\u010dekan\u00fdm zp\u016fsobem. Loajalita a spravedlnost maj\u00ed n\u011bkdy \u010dty\u0159i tlapy a velk\u00e9 srdce.<\/p>\n\n\n\n<p>Proto\u017ee n\u011bkdy pravda \u0161t\u011bk\u00e1 hlasit\u011bji ne\u017e slova.<\/p>\n","protected":false},"excerpt":{"rendered":"<div class=\"mh-excerpt\"><p>Zd\u00e1lo se, \u017ee to bude den pln\u00fd \u00facty a uzn\u00e1n\u00ed. Ser\u017eant Alex, policista s v\u00edce ne\u017e 15 lety slu\u017eby, m\u011bl obdr\u017eet medaili za state\u010dnost. Mu\u017e, <a class=\"mh-excerpt-more\" href=\"https:\/\/erevanblog.am\/?p=11042\" title=\"\u201eV\u011bd\u011bl n\u011bco, co nikdo jin\u00fd nev\u011bd\u011bl\u201c: Policejn\u00ed pes za\u00fato\u010dil na gener\u00e1la b\u011bhem ceremoni\u00e1lu \u2013 D\u016fvod \u0161okoval cel\u00fd sbor\">[&#8230;]<\/a><\/p>\n<\/div>","protected":false},"author":1,"featured_media":11043,"comment_status":"open","ping_status":"open","sticky":false,"template":"","format":"standard","meta":{"footnotes":""},"categories":[1],"tags":[],"class_list":["post-11042","post","type-post","status-publish","format-standard","has-post-thumbnail","hentry","category-uncategorised"],"yoast_head":"<!-- This site is optimized with the Yoast SEO plugin v27.5 - https:\/\/yoast.com\/product\/yoast-seo-wordpress\/ -->\n<title>\u201eV\u011bd\u011bl n\u011bco, co nikdo jin\u00fd nev\u011bd\u011bl\u201c: Policejn\u00ed pes za\u00fato\u010dil na gener\u00e1la b\u011bhem ceremoni\u00e1lu \u2013 D\u016fvod \u0161okoval cel\u00fd sbor -<\/title>\n<meta name=\"robots\" content=\"index, follow, max-snippet:-1, max-image-preview:large, max-video-preview:-1\" \/>\n<link rel=\"canonical\" href=\"https:\/\/erevanblog.am\/?p=11042\" \/>\n<meta property=\"og:locale\" content=\"en_US\" \/>\n<meta property=\"og:type\" content=\"article\" \/>\n<meta property=\"og:title\" content=\"\u201eV\u011bd\u011bl n\u011bco, co nikdo jin\u00fd nev\u011bd\u011bl\u201c: Policejn\u00ed pes za\u00fato\u010dil na gener\u00e1la b\u011bhem ceremoni\u00e1lu \u2013 D\u016fvod \u0161okoval cel\u00fd sbor -\" \/>\n<meta property=\"og:description\" content=\"Zd\u00e1lo se, \u017ee to bude den pln\u00fd \u00facty a uzn\u00e1n\u00ed. Ser\u017eant Alex, policista s v\u00edce ne\u017e 15 lety slu\u017eby, m\u011bl obdr\u017eet medaili za state\u010dnost. Mu\u017e, [...]\" \/>\n<meta property=\"og:url\" content=\"https:\/\/erevanblog.am\/?p=11042\" \/>\n<meta property=\"article:published_time\" content=\"2025-07-26T20:21:59+00:00\" \/>\n<meta property=\"article:modified_time\" content=\"2025-07-26T20:22:01+00:00\" \/>\n<meta property=\"og:image\" content=\"http:\/\/erevanblog.am\/wp-content\/uploads\/2025\/07\/777-1.jpeg\" \/>\n\t<meta property=\"og:image:width\" content=\"710\" \/>\n\t<meta property=\"og:image:height\" content=\"1024\" \/>\n\t<meta property=\"og:image:type\" content=\"image\/jpeg\" \/>\n<meta name=\"author\" content=\"erevanblog_a\" \/>\n<meta name=\"twitter:card\" content=\"summary_large_image\" \/>\n<meta name=\"twitter:label1\" content=\"Written by\" \/>\n\t<meta name=\"twitter:data1\" content=\"erevanblog_a\" \/>\n\t<meta name=\"twitter:label2\" content=\"Est. reading time\" \/>\n\t<meta name=\"twitter:data2\" content=\"3 minutes\" \/>\n<script type=\"application\/ld+json\" class=\"yoast-schema-graph\">{\"@context\":\"https:\\\/\\\/schema.org\",\"@graph\":[{\"@type\":\"Article\",\"@id\":\"https:\\\/\\\/erevanblog.am\\\/?p=11042#article\",\"isPartOf\":{\"@id\":\"https:\\\/\\\/erevanblog.am\\\/?p=11042\"},\"author\":{\"name\":\"erevanblog_a\",\"@id\":\"https:\\\/\\\/erevanblog.am\\\/#\\\/schema\\\/person\\\/204f10311eb7ddb8914a5ab3e5f03928\"},\"headline\":\"\u201eV\u011bd\u011bl n\u011bco, co nikdo jin\u00fd nev\u011bd\u011bl\u201c: Policejn\u00ed pes za\u00fato\u010dil na gener\u00e1la b\u011bhem ceremoni\u00e1lu \u2013 D\u016fvod \u0161okoval cel\u00fd sbor\",\"datePublished\":\"2025-07-26T20:21:59+00:00\",\"dateModified\":\"2025-07-26T20:22:01+00:00\",\"mainEntityOfPage\":{\"@id\":\"https:\\\/\\\/erevanblog.am\\\/?p=11042\"},\"wordCount\":544,\"commentCount\":0,\"image\":{\"@id\":\"https:\\\/\\\/erevanblog.am\\\/?p=11042#primaryimage\"},\"thumbnailUrl\":\"https:\\\/\\\/erevanblog.am\\\/wp-content\\\/uploads\\\/2025\\\/07\\\/777-1.jpeg\",\"articleSection\":[\"NEWS\"],\"inLanguage\":\"en-US\",\"potentialAction\":[{\"@type\":\"CommentAction\",\"name\":\"Comment\",\"target\":[\"https:\\\/\\\/erevanblog.am\\\/?p=11042#respond\"]}]},{\"@type\":\"WebPage\",\"@id\":\"https:\\\/\\\/erevanblog.am\\\/?p=11042\",\"url\":\"https:\\\/\\\/erevanblog.am\\\/?p=11042\",\"name\":\"\u201eV\u011bd\u011bl n\u011bco, co nikdo jin\u00fd nev\u011bd\u011bl\u201c: Policejn\u00ed pes za\u00fato\u010dil na gener\u00e1la b\u011bhem ceremoni\u00e1lu \u2013 D\u016fvod \u0161okoval cel\u00fd sbor -\",\"isPartOf\":{\"@id\":\"https:\\\/\\\/erevanblog.am\\\/#website\"},\"primaryImageOfPage\":{\"@id\":\"https:\\\/\\\/erevanblog.am\\\/?p=11042#primaryimage\"},\"image\":{\"@id\":\"https:\\\/\\\/erevanblog.am\\\/?p=11042#primaryimage\"},\"thumbnailUrl\":\"https:\\\/\\\/erevanblog.am\\\/wp-content\\\/uploads\\\/2025\\\/07\\\/777-1.jpeg\",\"datePublished\":\"2025-07-26T20:21:59+00:00\",\"dateModified\":\"2025-07-26T20:22:01+00:00\",\"author\":{\"@id\":\"https:\\\/\\\/erevanblog.am\\\/#\\\/schema\\\/person\\\/204f10311eb7ddb8914a5ab3e5f03928\"},\"breadcrumb\":{\"@id\":\"https:\\\/\\\/erevanblog.am\\\/?p=11042#breadcrumb\"},\"inLanguage\":\"en-US\",\"potentialAction\":[{\"@type\":\"ReadAction\",\"target\":[\"https:\\\/\\\/erevanblog.am\\\/?p=11042\"]}]},{\"@type\":\"ImageObject\",\"inLanguage\":\"en-US\",\"@id\":\"https:\\\/\\\/erevanblog.am\\\/?p=11042#primaryimage\",\"url\":\"https:\\\/\\\/erevanblog.am\\\/wp-content\\\/uploads\\\/2025\\\/07\\\/777-1.jpeg\",\"contentUrl\":\"https:\\\/\\\/erevanblog.am\\\/wp-content\\\/uploads\\\/2025\\\/07\\\/777-1.jpeg\",\"width\":710,\"height\":1024},{\"@type\":\"BreadcrumbList\",\"@id\":\"https:\\\/\\\/erevanblog.am\\\/?p=11042#breadcrumb\",\"itemListElement\":[{\"@type\":\"ListItem\",\"position\":1,\"name\":\"Home\",\"item\":\"https:\\\/\\\/erevanblog.am\\\/\"},{\"@type\":\"ListItem\",\"position\":2,\"name\":\"\u201eV\u011bd\u011bl n\u011bco, co nikdo jin\u00fd nev\u011bd\u011bl\u201c: Policejn\u00ed pes za\u00fato\u010dil na gener\u00e1la b\u011bhem ceremoni\u00e1lu \u2013 D\u016fvod \u0161okoval cel\u00fd sbor\"}]},{\"@type\":\"WebSite\",\"@id\":\"https:\\\/\\\/erevanblog.am\\\/#website\",\"url\":\"https:\\\/\\\/erevanblog.am\\\/\",\"name\":\"\",\"description\":\"\",\"potentialAction\":[{\"@type\":\"SearchAction\",\"target\":{\"@type\":\"EntryPoint\",\"urlTemplate\":\"https:\\\/\\\/erevanblog.am\\\/?s={search_term_string}\"},\"query-input\":{\"@type\":\"PropertyValueSpecification\",\"valueRequired\":true,\"valueName\":\"search_term_string\"}}],\"inLanguage\":\"en-US\"},{\"@type\":\"Person\",\"@id\":\"https:\\\/\\\/erevanblog.am\\\/#\\\/schema\\\/person\\\/204f10311eb7ddb8914a5ab3e5f03928\",\"name\":\"erevanblog_a\",\"image\":{\"@type\":\"ImageObject\",\"inLanguage\":\"en-US\",\"@id\":\"https:\\\/\\\/secure.gravatar.com\\\/avatar\\\/a24f4ac3a683f3c87303db525abc00db51ea26ccedee11dfaf1cc0f9a481a5d2?s=96&d=mm&r=g\",\"url\":\"https:\\\/\\\/secure.gravatar.com\\\/avatar\\\/a24f4ac3a683f3c87303db525abc00db51ea26ccedee11dfaf1cc0f9a481a5d2?s=96&d=mm&r=g\",\"contentUrl\":\"https:\\\/\\\/secure.gravatar.com\\\/avatar\\\/a24f4ac3a683f3c87303db525abc00db51ea26ccedee11dfaf1cc0f9a481a5d2?s=96&d=mm&r=g\",\"caption\":\"erevanblog_a\"},\"sameAs\":[\"http:\\\/\\\/erevanblog.am\"],\"url\":\"https:\\\/\\\/erevanblog.am\\\/?author=1\"}]}<\/script>\n<!-- \/ Yoast SEO plugin. -->","yoast_head_json":{"title":"\u201eV\u011bd\u011bl n\u011bco, co nikdo jin\u00fd nev\u011bd\u011bl\u201c: Policejn\u00ed pes za\u00fato\u010dil na gener\u00e1la b\u011bhem ceremoni\u00e1lu \u2013 D\u016fvod \u0161okoval cel\u00fd sbor -","robots":{"index":"index","follow":"follow","max-snippet":"max-snippet:-1","max-image-preview":"max-image-preview:large","max-video-preview":"max-video-preview:-1"},"canonical":"https:\/\/erevanblog.am\/?p=11042","og_locale":"en_US","og_type":"article","og_title":"\u201eV\u011bd\u011bl n\u011bco, co nikdo jin\u00fd nev\u011bd\u011bl\u201c: Policejn\u00ed pes za\u00fato\u010dil na gener\u00e1la b\u011bhem ceremoni\u00e1lu \u2013 D\u016fvod \u0161okoval cel\u00fd sbor -","og_description":"Zd\u00e1lo se, \u017ee to bude den pln\u00fd \u00facty a uzn\u00e1n\u00ed. Ser\u017eant Alex, policista s v\u00edce ne\u017e 15 lety slu\u017eby, m\u011bl obdr\u017eet medaili za state\u010dnost. Mu\u017e, [...]","og_url":"https:\/\/erevanblog.am\/?p=11042","article_published_time":"2025-07-26T20:21:59+00:00","article_modified_time":"2025-07-26T20:22:01+00:00","og_image":[{"width":710,"height":1024,"url":"http:\/\/erevanblog.am\/wp-content\/uploads\/2025\/07\/777-1.jpeg","type":"image\/jpeg"}],"author":"erevanblog_a","twitter_card":"summary_large_image","twitter_misc":{"Written by":"erevanblog_a","Est. reading time":"3 minutes"},"schema":{"@context":"https:\/\/schema.org","@graph":[{"@type":"Article","@id":"https:\/\/erevanblog.am\/?p=11042#article","isPartOf":{"@id":"https:\/\/erevanblog.am\/?p=11042"},"author":{"name":"erevanblog_a","@id":"https:\/\/erevanblog.am\/#\/schema\/person\/204f10311eb7ddb8914a5ab3e5f03928"},"headline":"\u201eV\u011bd\u011bl n\u011bco, co nikdo jin\u00fd nev\u011bd\u011bl\u201c: Policejn\u00ed pes za\u00fato\u010dil na gener\u00e1la b\u011bhem ceremoni\u00e1lu \u2013 D\u016fvod \u0161okoval cel\u00fd sbor","datePublished":"2025-07-26T20:21:59+00:00","dateModified":"2025-07-26T20:22:01+00:00","mainEntityOfPage":{"@id":"https:\/\/erevanblog.am\/?p=11042"},"wordCount":544,"commentCount":0,"image":{"@id":"https:\/\/erevanblog.am\/?p=11042#primaryimage"},"thumbnailUrl":"https:\/\/erevanblog.am\/wp-content\/uploads\/2025\/07\/777-1.jpeg","articleSection":["NEWS"],"inLanguage":"en-US","potentialAction":[{"@type":"CommentAction","name":"Comment","target":["https:\/\/erevanblog.am\/?p=11042#respond"]}]},{"@type":"WebPage","@id":"https:\/\/erevanblog.am\/?p=11042","url":"https:\/\/erevanblog.am\/?p=11042","name":"\u201eV\u011bd\u011bl n\u011bco, co nikdo jin\u00fd nev\u011bd\u011bl\u201c: Policejn\u00ed pes za\u00fato\u010dil na gener\u00e1la b\u011bhem ceremoni\u00e1lu \u2013 D\u016fvod \u0161okoval cel\u00fd sbor -","isPartOf":{"@id":"https:\/\/erevanblog.am\/#website"},"primaryImageOfPage":{"@id":"https:\/\/erevanblog.am\/?p=11042#primaryimage"},"image":{"@id":"https:\/\/erevanblog.am\/?p=11042#primaryimage"},"thumbnailUrl":"https:\/\/erevanblog.am\/wp-content\/uploads\/2025\/07\/777-1.jpeg","datePublished":"2025-07-26T20:21:59+00:00","dateModified":"2025-07-26T20:22:01+00:00","author":{"@id":"https:\/\/erevanblog.am\/#\/schema\/person\/204f10311eb7ddb8914a5ab3e5f03928"},"breadcrumb":{"@id":"https:\/\/erevanblog.am\/?p=11042#breadcrumb"},"inLanguage":"en-US","potentialAction":[{"@type":"ReadAction","target":["https:\/\/erevanblog.am\/?p=11042"]}]},{"@type":"ImageObject","inLanguage":"en-US","@id":"https:\/\/erevanblog.am\/?p=11042#primaryimage","url":"https:\/\/erevanblog.am\/wp-content\/uploads\/2025\/07\/777-1.jpeg","contentUrl":"https:\/\/erevanblog.am\/wp-content\/uploads\/2025\/07\/777-1.jpeg","width":710,"height":1024},{"@type":"BreadcrumbList","@id":"https:\/\/erevanblog.am\/?p=11042#breadcrumb","itemListElement":[{"@type":"ListItem","position":1,"name":"Home","item":"https:\/\/erevanblog.am\/"},{"@type":"ListItem","position":2,"name":"\u201eV\u011bd\u011bl n\u011bco, co nikdo jin\u00fd nev\u011bd\u011bl\u201c: Policejn\u00ed pes za\u00fato\u010dil na gener\u00e1la b\u011bhem ceremoni\u00e1lu \u2013 D\u016fvod \u0161okoval cel\u00fd sbor"}]},{"@type":"WebSite","@id":"https:\/\/erevanblog.am\/#website","url":"https:\/\/erevanblog.am\/","name":"","description":"","potentialAction":[{"@type":"SearchAction","target":{"@type":"EntryPoint","urlTemplate":"https:\/\/erevanblog.am\/?s={search_term_string}"},"query-input":{"@type":"PropertyValueSpecification","valueRequired":true,"valueName":"search_term_string"}}],"inLanguage":"en-US"},{"@type":"Person","@id":"https:\/\/erevanblog.am\/#\/schema\/person\/204f10311eb7ddb8914a5ab3e5f03928","name":"erevanblog_a","image":{"@type":"ImageObject","inLanguage":"en-US","@id":"https:\/\/secure.gravatar.com\/avatar\/a24f4ac3a683f3c87303db525abc00db51ea26ccedee11dfaf1cc0f9a481a5d2?s=96&d=mm&r=g","url":"https:\/\/secure.gravatar.com\/avatar\/a24f4ac3a683f3c87303db525abc00db51ea26ccedee11dfaf1cc0f9a481a5d2?s=96&d=mm&r=g","contentUrl":"https:\/\/secure.gravatar.com\/avatar\/a24f4ac3a683f3c87303db525abc00db51ea26ccedee11dfaf1cc0f9a481a5d2?s=96&d=mm&r=g","caption":"erevanblog_a"},"sameAs":["http:\/\/erevanblog.am"],"url":"https:\/\/erevanblog.am\/?author=1"}]}},"views":308,"_links":{"self":[{"href":"https:\/\/erevanblog.am\/index.php?rest_route=\/wp\/v2\/posts\/11042","targetHints":{"allow":["GET"]}}],"collection":[{"href":"https:\/\/erevanblog.am\/index.php?rest_route=\/wp\/v2\/posts"}],"about":[{"href":"https:\/\/erevanblog.am\/index.php?rest_route=\/wp\/v2\/types\/post"}],"author":[{"embeddable":true,"href":"https:\/\/erevanblog.am\/index.php?rest_route=\/wp\/v2\/users\/1"}],"replies":[{"embeddable":true,"href":"https:\/\/erevanblog.am\/index.php?rest_route=%2Fwp%2Fv2%2Fcomments&post=11042"}],"version-history":[{"count":1,"href":"https:\/\/erevanblog.am\/index.php?rest_route=\/wp\/v2\/posts\/11042\/revisions"}],"predecessor-version":[{"id":11044,"href":"https:\/\/erevanblog.am\/index.php?rest_route=\/wp\/v2\/posts\/11042\/revisions\/11044"}],"wp:featuredmedia":[{"embeddable":true,"href":"https:\/\/erevanblog.am\/index.php?rest_route=\/wp\/v2\/media\/11043"}],"wp:attachment":[{"href":"https:\/\/erevanblog.am\/index.php?rest_route=%2Fwp%2Fv2%2Fmedia&parent=11042"}],"wp:term":[{"taxonomy":"category","embeddable":true,"href":"https:\/\/erevanblog.am\/index.php?rest_route=%2Fwp%2Fv2%2Fcategories&post=11042"},{"taxonomy":"post_tag","embeddable":true,"href":"https:\/\/erevanblog.am\/index.php?rest_route=%2Fwp%2Fv2%2Ftags&post=11042"}],"curies":[{"name":"wp","href":"https:\/\/api.w.org\/{rel}","templated":true}]}}