{"id":11054,"date":"2025-07-27T15:20:08","date_gmt":"2025-07-27T14:20:08","guid":{"rendered":"https:\/\/erevanblog.am\/?p=11054"},"modified":"2025-07-27T15:20:09","modified_gmt":"2025-07-27T14:20:09","slug":"pribeh-ktery-zacina-padem-a-konci-nadeji","status":"publish","type":"post","link":"https:\/\/erevanblog.am\/?p=11054","title":{"rendered":"P\u0159\u00edb\u011bh, kter\u00fd za\u010d\u00edn\u00e1 p\u00e1dem \u2013 a kon\u010d\u00ed nad\u011bj\u00ed"},"content":{"rendered":"\n<p>Ond\u0159ej Mal\u00fd. B\u011b\u017en\u00fd mu\u017e s b\u011b\u017en\u00fdm \u017eivotem. M\u011bl rodinu, pr\u00e1ci, a byt na kraji Brna. Necht\u011bl v\u00edc ne\u017e klid, l\u00e1sku a jistotu pro sv\u00e9 bl\u00edzk\u00e9.<\/p>\n\n\n\n<p>Ale osud se rozhodl v\u0161echno zm\u011bnit.<\/p>\n\n\n\n<figure class=\"wp-block-image size-full\"><img loading=\"lazy\" decoding=\"async\" width=\"1024\" height=\"1024\" src=\"https:\/\/erevanblog.am\/wp-content\/uploads\/2025\/07\/333.png\" alt=\"\" class=\"wp-image-11055\" srcset=\"https:\/\/erevanblog.am\/wp-content\/uploads\/2025\/07\/333.png 1024w, https:\/\/erevanblog.am\/wp-content\/uploads\/2025\/07\/333-300x300.png 300w, https:\/\/erevanblog.am\/wp-content\/uploads\/2025\/07\/333-150x150.png 150w, https:\/\/erevanblog.am\/wp-content\/uploads\/2025\/07\/333-768x768.png 768w\" sizes=\"auto, (max-width: 1024px) 100vw, 1024px\" \/><\/figure>\n\n\n\n<h4 class=\"wp-block-heading\">\ud83d\udcc9 Kdy\u017e se v\u0161echno zhrout\u00ed<\/h4>\n\n\n\n<p>B\u011bhem jedin\u00e9ho roku p\u0159i\u0161el Ond\u0159ej o v\u0161echno.<br>Nejprve o pr\u00e1ci \u2013 firma pro\u0161la zm\u011bnami a on z\u016fstal bez m\u00edsta. Pot\u00e9 p\u0159i\u0161la diagn\u00f3za: t\u011b\u017ek\u00e1 deprese. Dlouho ji odm\u00edtal p\u0159iznat. Man\u017eelstv\u00ed se hroutilo. A nakonec ode\u0161la i jeho \u017eena. I se synem.<\/p>\n\n\n\n<p>Z\u016fstal \u00fapln\u011b s\u00e1m. Bez domova, bez rodiny, bez c\u00edle.<br>\u017dil na ulici, v zim\u011b hledal j\u00eddlo v odpadc\u00edch, p\u0159esp\u00e1val na lavi\u010dk\u00e1ch. Sv\u011bt kolem n\u011bj \u0161el d\u00e1l \u2013 jako by pro n\u011bj p\u0159estal existovat.<\/p>\n\n\n\n<h4 class=\"wp-block-heading\">\ud83c\udf27\ufe0f A pak p\u0159i\u0161el jeden ve\u010der<\/h4>\n\n\n\n<p>Chladn\u00fd \u00fanor. N\u00e1dra\u017e\u00ed v Brn\u011b. Ond\u0159ej sed\u011bl promo\u010den\u00fd, hladov\u00fd a zlomen\u00fd. V my\u0161lenk\u00e1ch byl na konci.<\/p>\n\n\n\n<p>V tu chv\u00edli si k n\u011bmu p\u0159isedla star\u0161\u00ed pan\u00ed.<br>Podala mu kel\u00edmek s tepl\u00fdm \u010dajem.<br>\u201eJsem Anna,\u201c \u0159ekla. \u201eA v\u00edm, jak\u00e9 to je myslet si, \u017ee u\u017e nic nem\u00e1 cenu.\u201c<\/p>\n\n\n\n<p>Ond\u0159ej na ni chv\u00edli hled\u011bl. A pak pronesl jedin\u00e9 slovo, kter\u00e9 m\u011bs\u00edce ne\u0159ekl: \u201eD\u011bkuju.\u201c<\/p>\n\n\n\n<p>Ten moment n\u011bco zm\u011bnil.<br>Nebyla to velk\u00e1 gesta. Jen \u010daj. Laskavost. A lidsk\u00fd pohled.<\/p>\n\n\n\n<h4 class=\"wp-block-heading\">\ud83d\udd04 Nov\u00e1 kapitola<\/h4>\n\n\n\n<p>D\u00edky pan\u00ed Ann\u011b se dostal do kontaktu s organizac\u00ed, kter\u00e1 mu nab\u00eddla pomoc.<br>Z\u00edskal p\u0159\u00edst\u0159e\u0161\u00ed, za\u010dal chodit na terapii. Pomalu znovu nach\u00e1zel sebe.<\/p>\n\n\n\n<p>Na\u0161el si pr\u00e1ci jako no\u010dn\u00ed hl\u00edda\u010d. Pozd\u011bji se rozhodl studovat soci\u00e1ln\u00ed pr\u00e1ci.<\/p>\n\n\n\n<p>A dnes? Pom\u00e1h\u00e1 ostatn\u00edm bez domova naj\u00edt cestu zp\u011bt.<br>Tak jako ji kdysi na\u0161el on.<\/p>\n\n\n\n<p>\u201eJeden kel\u00edmek \u010daje a p\u00e1r slov. To zm\u011bnilo cel\u00fd m\u016fj \u017eivot,\u201c \u0159\u00edk\u00e1 Ond\u0159ej. \u201eNikdy nev\u00edte, jak moc m\u016f\u017ee va\u0161e slova nebo \u010din ovlivnit n\u011bkoho jin\u00e9ho.\u201c<\/p>\n\n\n\n<h4 class=\"wp-block-heading\">\ud83d\udd6f\ufe0f I mal\u00e1 chv\u00edle m\u016f\u017ee zm\u011bnit v\u0161echno<\/h4>\n\n\n\n<p>Ond\u0159ej\u016fv p\u0159\u00edb\u011bh nen\u00ed o v\u00fdjime\u010dnosti utrpen\u00ed. Je o s\u00edle zvednout se z nejhlub\u0161\u00edho dna. A o tom, \u017ee n\u011bkdy sta\u010d\u00ed jedin\u00fd \u010dlov\u011bk, aby n\u00e1m uk\u00e1zal cestu zp\u011bt.<\/p>\n\n\n\n<p>Mo\u017en\u00e1 pr\u00e1v\u011b te\u010f n\u011bkdo ve va\u0161em okol\u00ed bojuje. Mo\u017en\u00e1 jste to vy.<br>Nezapome\u0148te \u2013 n\u011bkdy sta\u010d\u00ed jen jeden okam\u017eik, a v\u0161echno se m\u016f\u017ee zm\u011bnit.<\/p>\n","protected":false},"excerpt":{"rendered":"<div class=\"mh-excerpt\"><p>Ond\u0159ej Mal\u00fd. B\u011b\u017en\u00fd mu\u017e s b\u011b\u017en\u00fdm \u017eivotem. M\u011bl rodinu, pr\u00e1ci, a byt na kraji Brna. Necht\u011bl v\u00edc ne\u017e klid, l\u00e1sku a jistotu pro sv\u00e9 bl\u00edzk\u00e9. <a class=\"mh-excerpt-more\" href=\"https:\/\/erevanblog.am\/?p=11054\" title=\"P\u0159\u00edb\u011bh, kter\u00fd za\u010d\u00edn\u00e1 p\u00e1dem \u2013 a kon\u010d\u00ed nad\u011bj\u00ed\">[&#8230;]<\/a><\/p>\n<\/div>","protected":false},"author":1,"featured_media":11055,"comment_status":"open","ping_status":"open","sticky":false,"template":"","format":"standard","meta":{"footnotes":""},"categories":[1],"tags":[],"class_list":["post-11054","post","type-post","status-publish","format-standard","has-post-thumbnail","hentry","category-uncategorised"],"yoast_head":"<!-- This site is optimized with the Yoast SEO plugin v27.5 - https:\/\/yoast.com\/product\/yoast-seo-wordpress\/ -->\n<title>P\u0159\u00edb\u011bh, kter\u00fd za\u010d\u00edn\u00e1 p\u00e1dem \u2013 a kon\u010d\u00ed nad\u011bj\u00ed -<\/title>\n<meta name=\"robots\" content=\"index, follow, max-snippet:-1, max-image-preview:large, max-video-preview:-1\" \/>\n<link rel=\"canonical\" href=\"https:\/\/erevanblog.am\/?p=11054\" \/>\n<meta property=\"og:locale\" content=\"en_US\" \/>\n<meta property=\"og:type\" content=\"article\" \/>\n<meta property=\"og:title\" content=\"P\u0159\u00edb\u011bh, kter\u00fd za\u010d\u00edn\u00e1 p\u00e1dem \u2013 a kon\u010d\u00ed nad\u011bj\u00ed -\" \/>\n<meta property=\"og:description\" content=\"Ond\u0159ej Mal\u00fd. B\u011b\u017en\u00fd mu\u017e s b\u011b\u017en\u00fdm \u017eivotem. M\u011bl rodinu, pr\u00e1ci, a byt na kraji Brna. Necht\u011bl v\u00edc ne\u017e klid, l\u00e1sku a jistotu pro sv\u00e9 bl\u00edzk\u00e9. [...]\" \/>\n<meta property=\"og:url\" content=\"https:\/\/erevanblog.am\/?p=11054\" \/>\n<meta property=\"article:published_time\" content=\"2025-07-27T14:20:08+00:00\" \/>\n<meta property=\"article:modified_time\" content=\"2025-07-27T14:20:09+00:00\" \/>\n<meta property=\"og:image\" content=\"http:\/\/erevanblog.am\/wp-content\/uploads\/2025\/07\/333.png\" \/>\n\t<meta property=\"og:image:width\" content=\"1024\" \/>\n\t<meta property=\"og:image:height\" content=\"1024\" \/>\n\t<meta property=\"og:image:type\" content=\"image\/png\" \/>\n<meta name=\"author\" content=\"erevanblog_a\" \/>\n<meta name=\"twitter:card\" content=\"summary_large_image\" \/>\n<meta name=\"twitter:label1\" content=\"Written by\" \/>\n\t<meta name=\"twitter:data1\" content=\"erevanblog_a\" \/>\n\t<meta name=\"twitter:label2\" content=\"Est. reading time\" \/>\n\t<meta name=\"twitter:data2\" content=\"2 minutes\" \/>\n<script type=\"application\/ld+json\" class=\"yoast-schema-graph\">{\"@context\":\"https:\\\/\\\/schema.org\",\"@graph\":[{\"@type\":\"Article\",\"@id\":\"https:\\\/\\\/erevanblog.am\\\/?p=11054#article\",\"isPartOf\":{\"@id\":\"https:\\\/\\\/erevanblog.am\\\/?p=11054\"},\"author\":{\"name\":\"erevanblog_a\",\"@id\":\"https:\\\/\\\/erevanblog.am\\\/#\\\/schema\\\/person\\\/204f10311eb7ddb8914a5ab3e5f03928\"},\"headline\":\"P\u0159\u00edb\u011bh, kter\u00fd za\u010d\u00edn\u00e1 p\u00e1dem \u2013 a kon\u010d\u00ed nad\u011bj\u00ed\",\"datePublished\":\"2025-07-27T14:20:08+00:00\",\"dateModified\":\"2025-07-27T14:20:09+00:00\",\"mainEntityOfPage\":{\"@id\":\"https:\\\/\\\/erevanblog.am\\\/?p=11054\"},\"wordCount\":457,\"commentCount\":0,\"image\":{\"@id\":\"https:\\\/\\\/erevanblog.am\\\/?p=11054#primaryimage\"},\"thumbnailUrl\":\"https:\\\/\\\/erevanblog.am\\\/wp-content\\\/uploads\\\/2025\\\/07\\\/333.png\",\"articleSection\":[\"NEWS\"],\"inLanguage\":\"en-US\",\"potentialAction\":[{\"@type\":\"CommentAction\",\"name\":\"Comment\",\"target\":[\"https:\\\/\\\/erevanblog.am\\\/?p=11054#respond\"]}]},{\"@type\":\"WebPage\",\"@id\":\"https:\\\/\\\/erevanblog.am\\\/?p=11054\",\"url\":\"https:\\\/\\\/erevanblog.am\\\/?p=11054\",\"name\":\"P\u0159\u00edb\u011bh, kter\u00fd za\u010d\u00edn\u00e1 p\u00e1dem \u2013 a kon\u010d\u00ed nad\u011bj\u00ed -\",\"isPartOf\":{\"@id\":\"https:\\\/\\\/erevanblog.am\\\/#website\"},\"primaryImageOfPage\":{\"@id\":\"https:\\\/\\\/erevanblog.am\\\/?p=11054#primaryimage\"},\"image\":{\"@id\":\"https:\\\/\\\/erevanblog.am\\\/?p=11054#primaryimage\"},\"thumbnailUrl\":\"https:\\\/\\\/erevanblog.am\\\/wp-content\\\/uploads\\\/2025\\\/07\\\/333.png\",\"datePublished\":\"2025-07-27T14:20:08+00:00\",\"dateModified\":\"2025-07-27T14:20:09+00:00\",\"author\":{\"@id\":\"https:\\\/\\\/erevanblog.am\\\/#\\\/schema\\\/person\\\/204f10311eb7ddb8914a5ab3e5f03928\"},\"breadcrumb\":{\"@id\":\"https:\\\/\\\/erevanblog.am\\\/?p=11054#breadcrumb\"},\"inLanguage\":\"en-US\",\"potentialAction\":[{\"@type\":\"ReadAction\",\"target\":[\"https:\\\/\\\/erevanblog.am\\\/?p=11054\"]}]},{\"@type\":\"ImageObject\",\"inLanguage\":\"en-US\",\"@id\":\"https:\\\/\\\/erevanblog.am\\\/?p=11054#primaryimage\",\"url\":\"https:\\\/\\\/erevanblog.am\\\/wp-content\\\/uploads\\\/2025\\\/07\\\/333.png\",\"contentUrl\":\"https:\\\/\\\/erevanblog.am\\\/wp-content\\\/uploads\\\/2025\\\/07\\\/333.png\",\"width\":1024,\"height\":1024},{\"@type\":\"BreadcrumbList\",\"@id\":\"https:\\\/\\\/erevanblog.am\\\/?p=11054#breadcrumb\",\"itemListElement\":[{\"@type\":\"ListItem\",\"position\":1,\"name\":\"Home\",\"item\":\"https:\\\/\\\/erevanblog.am\\\/\"},{\"@type\":\"ListItem\",\"position\":2,\"name\":\"P\u0159\u00edb\u011bh, kter\u00fd za\u010d\u00edn\u00e1 p\u00e1dem \u2013 a kon\u010d\u00ed nad\u011bj\u00ed\"}]},{\"@type\":\"WebSite\",\"@id\":\"https:\\\/\\\/erevanblog.am\\\/#website\",\"url\":\"https:\\\/\\\/erevanblog.am\\\/\",\"name\":\"\",\"description\":\"\",\"potentialAction\":[{\"@type\":\"SearchAction\",\"target\":{\"@type\":\"EntryPoint\",\"urlTemplate\":\"https:\\\/\\\/erevanblog.am\\\/?s={search_term_string}\"},\"query-input\":{\"@type\":\"PropertyValueSpecification\",\"valueRequired\":true,\"valueName\":\"search_term_string\"}}],\"inLanguage\":\"en-US\"},{\"@type\":\"Person\",\"@id\":\"https:\\\/\\\/erevanblog.am\\\/#\\\/schema\\\/person\\\/204f10311eb7ddb8914a5ab3e5f03928\",\"name\":\"erevanblog_a\",\"image\":{\"@type\":\"ImageObject\",\"inLanguage\":\"en-US\",\"@id\":\"https:\\\/\\\/secure.gravatar.com\\\/avatar\\\/a24f4ac3a683f3c87303db525abc00db51ea26ccedee11dfaf1cc0f9a481a5d2?s=96&d=mm&r=g\",\"url\":\"https:\\\/\\\/secure.gravatar.com\\\/avatar\\\/a24f4ac3a683f3c87303db525abc00db51ea26ccedee11dfaf1cc0f9a481a5d2?s=96&d=mm&r=g\",\"contentUrl\":\"https:\\\/\\\/secure.gravatar.com\\\/avatar\\\/a24f4ac3a683f3c87303db525abc00db51ea26ccedee11dfaf1cc0f9a481a5d2?s=96&d=mm&r=g\",\"caption\":\"erevanblog_a\"},\"sameAs\":[\"http:\\\/\\\/erevanblog.am\"],\"url\":\"https:\\\/\\\/erevanblog.am\\\/?author=1\"}]}<\/script>\n<!-- \/ Yoast SEO plugin. -->","yoast_head_json":{"title":"P\u0159\u00edb\u011bh, kter\u00fd za\u010d\u00edn\u00e1 p\u00e1dem \u2013 a kon\u010d\u00ed nad\u011bj\u00ed -","robots":{"index":"index","follow":"follow","max-snippet":"max-snippet:-1","max-image-preview":"max-image-preview:large","max-video-preview":"max-video-preview:-1"},"canonical":"https:\/\/erevanblog.am\/?p=11054","og_locale":"en_US","og_type":"article","og_title":"P\u0159\u00edb\u011bh, kter\u00fd za\u010d\u00edn\u00e1 p\u00e1dem \u2013 a kon\u010d\u00ed nad\u011bj\u00ed -","og_description":"Ond\u0159ej Mal\u00fd. B\u011b\u017en\u00fd mu\u017e s b\u011b\u017en\u00fdm \u017eivotem. M\u011bl rodinu, pr\u00e1ci, a byt na kraji Brna. Necht\u011bl v\u00edc ne\u017e klid, l\u00e1sku a jistotu pro sv\u00e9 bl\u00edzk\u00e9. [...]","og_url":"https:\/\/erevanblog.am\/?p=11054","article_published_time":"2025-07-27T14:20:08+00:00","article_modified_time":"2025-07-27T14:20:09+00:00","og_image":[{"width":1024,"height":1024,"url":"http:\/\/erevanblog.am\/wp-content\/uploads\/2025\/07\/333.png","type":"image\/png"}],"author":"erevanblog_a","twitter_card":"summary_large_image","twitter_misc":{"Written by":"erevanblog_a","Est. reading time":"2 minutes"},"schema":{"@context":"https:\/\/schema.org","@graph":[{"@type":"Article","@id":"https:\/\/erevanblog.am\/?p=11054#article","isPartOf":{"@id":"https:\/\/erevanblog.am\/?p=11054"},"author":{"name":"erevanblog_a","@id":"https:\/\/erevanblog.am\/#\/schema\/person\/204f10311eb7ddb8914a5ab3e5f03928"},"headline":"P\u0159\u00edb\u011bh, kter\u00fd za\u010d\u00edn\u00e1 p\u00e1dem \u2013 a kon\u010d\u00ed nad\u011bj\u00ed","datePublished":"2025-07-27T14:20:08+00:00","dateModified":"2025-07-27T14:20:09+00:00","mainEntityOfPage":{"@id":"https:\/\/erevanblog.am\/?p=11054"},"wordCount":457,"commentCount":0,"image":{"@id":"https:\/\/erevanblog.am\/?p=11054#primaryimage"},"thumbnailUrl":"https:\/\/erevanblog.am\/wp-content\/uploads\/2025\/07\/333.png","articleSection":["NEWS"],"inLanguage":"en-US","potentialAction":[{"@type":"CommentAction","name":"Comment","target":["https:\/\/erevanblog.am\/?p=11054#respond"]}]},{"@type":"WebPage","@id":"https:\/\/erevanblog.am\/?p=11054","url":"https:\/\/erevanblog.am\/?p=11054","name":"P\u0159\u00edb\u011bh, kter\u00fd za\u010d\u00edn\u00e1 p\u00e1dem \u2013 a kon\u010d\u00ed nad\u011bj\u00ed -","isPartOf":{"@id":"https:\/\/erevanblog.am\/#website"},"primaryImageOfPage":{"@id":"https:\/\/erevanblog.am\/?p=11054#primaryimage"},"image":{"@id":"https:\/\/erevanblog.am\/?p=11054#primaryimage"},"thumbnailUrl":"https:\/\/erevanblog.am\/wp-content\/uploads\/2025\/07\/333.png","datePublished":"2025-07-27T14:20:08+00:00","dateModified":"2025-07-27T14:20:09+00:00","author":{"@id":"https:\/\/erevanblog.am\/#\/schema\/person\/204f10311eb7ddb8914a5ab3e5f03928"},"breadcrumb":{"@id":"https:\/\/erevanblog.am\/?p=11054#breadcrumb"},"inLanguage":"en-US","potentialAction":[{"@type":"ReadAction","target":["https:\/\/erevanblog.am\/?p=11054"]}]},{"@type":"ImageObject","inLanguage":"en-US","@id":"https:\/\/erevanblog.am\/?p=11054#primaryimage","url":"https:\/\/erevanblog.am\/wp-content\/uploads\/2025\/07\/333.png","contentUrl":"https:\/\/erevanblog.am\/wp-content\/uploads\/2025\/07\/333.png","width":1024,"height":1024},{"@type":"BreadcrumbList","@id":"https:\/\/erevanblog.am\/?p=11054#breadcrumb","itemListElement":[{"@type":"ListItem","position":1,"name":"Home","item":"https:\/\/erevanblog.am\/"},{"@type":"ListItem","position":2,"name":"P\u0159\u00edb\u011bh, kter\u00fd za\u010d\u00edn\u00e1 p\u00e1dem \u2013 a kon\u010d\u00ed nad\u011bj\u00ed"}]},{"@type":"WebSite","@id":"https:\/\/erevanblog.am\/#website","url":"https:\/\/erevanblog.am\/","name":"","description":"","potentialAction":[{"@type":"SearchAction","target":{"@type":"EntryPoint","urlTemplate":"https:\/\/erevanblog.am\/?s={search_term_string}"},"query-input":{"@type":"PropertyValueSpecification","valueRequired":true,"valueName":"search_term_string"}}],"inLanguage":"en-US"},{"@type":"Person","@id":"https:\/\/erevanblog.am\/#\/schema\/person\/204f10311eb7ddb8914a5ab3e5f03928","name":"erevanblog_a","image":{"@type":"ImageObject","inLanguage":"en-US","@id":"https:\/\/secure.gravatar.com\/avatar\/a24f4ac3a683f3c87303db525abc00db51ea26ccedee11dfaf1cc0f9a481a5d2?s=96&d=mm&r=g","url":"https:\/\/secure.gravatar.com\/avatar\/a24f4ac3a683f3c87303db525abc00db51ea26ccedee11dfaf1cc0f9a481a5d2?s=96&d=mm&r=g","contentUrl":"https:\/\/secure.gravatar.com\/avatar\/a24f4ac3a683f3c87303db525abc00db51ea26ccedee11dfaf1cc0f9a481a5d2?s=96&d=mm&r=g","caption":"erevanblog_a"},"sameAs":["http:\/\/erevanblog.am"],"url":"https:\/\/erevanblog.am\/?author=1"}]}},"views":352,"_links":{"self":[{"href":"https:\/\/erevanblog.am\/index.php?rest_route=\/wp\/v2\/posts\/11054","targetHints":{"allow":["GET"]}}],"collection":[{"href":"https:\/\/erevanblog.am\/index.php?rest_route=\/wp\/v2\/posts"}],"about":[{"href":"https:\/\/erevanblog.am\/index.php?rest_route=\/wp\/v2\/types\/post"}],"author":[{"embeddable":true,"href":"https:\/\/erevanblog.am\/index.php?rest_route=\/wp\/v2\/users\/1"}],"replies":[{"embeddable":true,"href":"https:\/\/erevanblog.am\/index.php?rest_route=%2Fwp%2Fv2%2Fcomments&post=11054"}],"version-history":[{"count":1,"href":"https:\/\/erevanblog.am\/index.php?rest_route=\/wp\/v2\/posts\/11054\/revisions"}],"predecessor-version":[{"id":11056,"href":"https:\/\/erevanblog.am\/index.php?rest_route=\/wp\/v2\/posts\/11054\/revisions\/11056"}],"wp:featuredmedia":[{"embeddable":true,"href":"https:\/\/erevanblog.am\/index.php?rest_route=\/wp\/v2\/media\/11055"}],"wp:attachment":[{"href":"https:\/\/erevanblog.am\/index.php?rest_route=%2Fwp%2Fv2%2Fmedia&parent=11054"}],"wp:term":[{"taxonomy":"category","embeddable":true,"href":"https:\/\/erevanblog.am\/index.php?rest_route=%2Fwp%2Fv2%2Fcategories&post=11054"},{"taxonomy":"post_tag","embeddable":true,"href":"https:\/\/erevanblog.am\/index.php?rest_route=%2Fwp%2Fv2%2Ftags&post=11054"}],"curies":[{"name":"wp","href":"https:\/\/api.w.org\/{rel}","templated":true}]}}