{"id":11063,"date":"2025-07-28T06:30:24","date_gmt":"2025-07-28T05:30:24","guid":{"rendered":"https:\/\/erevanblog.am\/?p=11063"},"modified":"2025-07-28T06:30:25","modified_gmt":"2025-07-28T05:30:25","slug":"fotografie-ktera-dojala-svet-tichy-pribeh-ktery-promluvil-k-milionum","status":"publish","type":"post","link":"https:\/\/erevanblog.am\/?p=11063","title":{"rendered":"FOTOGRAFIE, KTER\u00c1 DOJALA SV\u011aT: TICH\u00dd P\u0158\u00cdB\u011aH, KTER\u00dd PROMLUVIL K MILION\u016eM"},"content":{"rendered":"\n<p>Na prvn\u00ed pohled to p\u016fsobilo zcela oby\u010dejn\u011b.<br>Star\u00fd mu\u017e sed\u011bl na lavi\u010dce v parku. Hlava sklon\u011bn\u00e1, ruce klidn\u011b slo\u017een\u00e9. U nohou igelitka. V n\u00e1ru\u010d\u00ed \u2013 sp\u00edc\u00ed ko\u010dka.<\/p>\n\n\n\n<figure class=\"wp-block-image size-full\"><img loading=\"lazy\" decoding=\"async\" width=\"640\" height=\"528\" src=\"https:\/\/erevanblog.am\/wp-content\/uploads\/2025\/07\/888.jpg\" alt=\"\" class=\"wp-image-11064\" srcset=\"https:\/\/erevanblog.am\/wp-content\/uploads\/2025\/07\/888.jpg 640w, https:\/\/erevanblog.am\/wp-content\/uploads\/2025\/07\/888-300x248.jpg 300w\" sizes=\"auto, (max-width: 640px) 100vw, 640px\" \/><\/figure>\n\n\n\n<p>Sn\u00edmek vznikl n\u00e1hodou. Po\u0159\u00eddila ho mlad\u00e1 fotografka Kl\u00e1ra p\u0159i cest\u011b z pr\u00e1ce. Ve\u010der jej nahr\u00e1la na soci\u00e1ln\u00ed s\u00edt\u011b s jednoduch\u00fdm koment\u00e1\u0159em:<\/p>\n\n\n\n<blockquote class=\"wp-block-quote is-layout-flow wp-block-quote-is-layout-flow\">\n<p>\u201eKa\u017ed\u00fd den tu je. A ka\u017ed\u00fd den s n\u00edm sp\u00ed ta ko\u010dka. Nemluv\u00ed spolu \u2013 ale rozum\u011bj\u00ed si v\u00edc ne\u017e mnoz\u00ed lid\u00e9.\u201c<\/p>\n<\/blockquote>\n\n\n\n<p>Fotografie se p\u0159es noc stala vir\u00e1ln\u00ed. B\u011bhem n\u011bkolika hodin m\u011bla p\u0159es 120 000 sd\u00edlen\u00ed. A t\u00edm to teprve za\u010dalo.<\/p>\n\n\n\n<hr class=\"wp-block-separator has-alpha-channel-opacity\"\/>\n\n\n\n<p><strong>\ud83d\udcf8 OBRAZ, KTER\u00dd M\u011aL S\u00cdLU<\/strong><\/p>\n\n\n\n<p>Na sn\u00edmku nebylo nic um\u011bl\u00e9ho. \u017d\u00e1dn\u00e9 filtry. \u017d\u00e1dn\u00e1 inscenace. Jen pravdiv\u00fd okam\u017eik.<br>Byla v n\u011bm melancholie i m\u00edr. Samota i pouto. Takov\u00e9, kter\u00e9 vznik\u00e1 mezi bytostmi, je\u017e se navz\u00e1jem pot\u0159ebuj\u00ed \u2013 i kdy\u017e jsou z jin\u00e9ho druhu.<\/p>\n\n\n\n<p>Lid\u00e9 z r\u016fzn\u00fdch kout\u016f sv\u011bta za\u010dali p\u0159id\u00e1vat sv\u00e9 p\u0159\u00edb\u011bhy.<br>Jedna \u017eena psala o kocourovi, kter\u00fd j\u00ed pomohl p\u0159ekonat smrt man\u017eela.<br>Jin\u00fd mu\u017e p\u0159iznal, \u017ee mu pes zachr\u00e1nil \u017eivot, kdy\u017e u\u017e cht\u011bl skon\u010dit.<br>A mnoho dal\u0161\u00edch si vzpomn\u011blo na sv\u00e9 rodi\u010de \u010di prarodi\u010de, s nimi\u017e ztratili kontakt.<\/p>\n\n\n\n<hr class=\"wp-block-separator has-alpha-channel-opacity\"\/>\n\n\n\n<p><strong>\ud83e\uddd3 KDO BYL TEN MU\u017d?<\/strong><\/p>\n\n\n\n<p>Brzy se zjistilo, \u017ee se jedn\u00e1 o pana Josefa Barto\u0161e, 83 let.<br>B\u00fdval\u00fd st\u0159edo\u0161kolsk\u00fd u\u010ditel \u010de\u0161tiny a literatury. P\u0159ed lety ovdov\u011bl. Od t\u00e9 doby, jak \u0159\u00edkal, \u201eu\u017e nebylo moc s k\u00fdm mluvit\u201c.<\/p>\n\n\n\n<p>Ko\u010dku, kter\u00e9 \u0159\u00edkal M\u00e1linka, na\u0161el v zim\u011b \u2013 promrzlou, opu\u0161t\u011bnou. Od t\u00e9 doby byli nerozlu\u010dn\u00ed.<br>Ka\u017ed\u00fd den, stejn\u00fd \u010das, stejn\u00e1 lavi\u010dka. Bez slov, ale s hlubok\u00fdm porozum\u011bn\u00edm.<\/p>\n\n\n\n<hr class=\"wp-block-separator has-alpha-channel-opacity\"\/>\n\n\n\n<p><strong>\ud83c\udf0d VLNA, KTEROU NIKDO NE\u010cEKAL<\/strong><\/p>\n\n\n\n<p>Sn\u00edmek se roz\u0161\u00ed\u0159il i do m\u00e9di\u00ed, dostal se za hranice. P\u0159elo\u017een do v\u00edce ne\u017e 20 jazyk\u016f.<br>Z\u00edskal pozornost odborn\u00edk\u016f i politik\u016f.<\/p>\n\n\n\n<p>Vznikly iniciativy na pomoc osam\u011bl\u00fdm senior\u016fm.<br>Obce za\u010daly podporovat projekty jako \u201eAdoptuj si seniora\u201c.<br>A fotografie se stala symbolem lidskosti v ka\u017edodennosti.<\/p>\n\n\n\n<hr class=\"wp-block-separator has-alpha-channel-opacity\"\/>\n\n\n\n<p><strong>\ud83d\udd6f\ufe0f TICH\u00c9 P\u0158\u00c1TELSTV\u00cd, KTER\u00c9 PROM\u011aNILO SV\u011aT<\/strong><\/p>\n\n\n\n<p>Z oby\u010dejn\u00e9 chv\u00edle se zrodil mimo\u0159\u00e1dn\u00fd p\u0159\u00edb\u011bh.<br>Ne\u0161lo o to, co bylo na fotce vid\u011bt. Ale o to, co v n\u00e1s probudila.<br>Touhu po bl\u00edzkosti. Po pochopen\u00ed. Po soucitu.<\/p>\n\n\n\n<p>A mo\u017en\u00e1 i odvahu d\u00edvat se kolem sebe s otev\u0159en\u00fdm srdcem.<\/p>\n","protected":false},"excerpt":{"rendered":"<div class=\"mh-excerpt\"><p>Na prvn\u00ed pohled to p\u016fsobilo zcela oby\u010dejn\u011b.Star\u00fd mu\u017e sed\u011bl na lavi\u010dce v parku. Hlava sklon\u011bn\u00e1, ruce klidn\u011b slo\u017een\u00e9. U nohou igelitka. V n\u00e1ru\u010d\u00ed \u2013 sp\u00edc\u00ed <a class=\"mh-excerpt-more\" href=\"https:\/\/erevanblog.am\/?p=11063\" title=\"FOTOGRAFIE, KTER\u00c1 DOJALA SV\u011aT: TICH\u00dd P\u0158\u00cdB\u011aH, KTER\u00dd PROMLUVIL K MILION\u016eM\">[&#8230;]<\/a><\/p>\n<\/div>","protected":false},"author":1,"featured_media":11064,"comment_status":"open","ping_status":"open","sticky":false,"template":"","format":"standard","meta":{"footnotes":""},"categories":[1],"tags":[],"class_list":["post-11063","post","type-post","status-publish","format-standard","has-post-thumbnail","hentry","category-uncategorised"],"yoast_head":"<!-- This site is optimized with the Yoast SEO plugin v27.5 - https:\/\/yoast.com\/product\/yoast-seo-wordpress\/ -->\n<title>FOTOGRAFIE, KTER\u00c1 DOJALA SV\u011aT: TICH\u00dd P\u0158\u00cdB\u011aH, KTER\u00dd PROMLUVIL K MILION\u016eM -<\/title>\n<meta name=\"robots\" content=\"index, follow, max-snippet:-1, max-image-preview:large, max-video-preview:-1\" \/>\n<link rel=\"canonical\" href=\"https:\/\/erevanblog.am\/?p=11063\" \/>\n<meta property=\"og:locale\" content=\"en_US\" \/>\n<meta property=\"og:type\" content=\"article\" \/>\n<meta property=\"og:title\" content=\"FOTOGRAFIE, KTER\u00c1 DOJALA SV\u011aT: TICH\u00dd P\u0158\u00cdB\u011aH, KTER\u00dd PROMLUVIL K MILION\u016eM -\" \/>\n<meta property=\"og:description\" content=\"Na prvn\u00ed pohled to p\u016fsobilo zcela oby\u010dejn\u011b.Star\u00fd mu\u017e sed\u011bl na lavi\u010dce v parku. Hlava sklon\u011bn\u00e1, ruce klidn\u011b slo\u017een\u00e9. U nohou igelitka. V n\u00e1ru\u010d\u00ed \u2013 sp\u00edc\u00ed [...]\" \/>\n<meta property=\"og:url\" content=\"https:\/\/erevanblog.am\/?p=11063\" \/>\n<meta property=\"article:published_time\" content=\"2025-07-28T05:30:24+00:00\" \/>\n<meta property=\"article:modified_time\" content=\"2025-07-28T05:30:25+00:00\" \/>\n<meta property=\"og:image\" content=\"http:\/\/erevanblog.am\/wp-content\/uploads\/2025\/07\/888.jpg\" \/>\n\t<meta property=\"og:image:width\" content=\"640\" \/>\n\t<meta property=\"og:image:height\" content=\"528\" \/>\n\t<meta property=\"og:image:type\" content=\"image\/jpeg\" \/>\n<meta name=\"author\" content=\"erevanblog_a\" \/>\n<meta name=\"twitter:card\" content=\"summary_large_image\" \/>\n<meta name=\"twitter:label1\" content=\"Written by\" \/>\n\t<meta name=\"twitter:data1\" content=\"erevanblog_a\" \/>\n\t<meta name=\"twitter:label2\" content=\"Est. reading time\" \/>\n\t<meta name=\"twitter:data2\" content=\"2 minutes\" \/>\n<script type=\"application\/ld+json\" class=\"yoast-schema-graph\">{\"@context\":\"https:\\\/\\\/schema.org\",\"@graph\":[{\"@type\":\"Article\",\"@id\":\"https:\\\/\\\/erevanblog.am\\\/?p=11063#article\",\"isPartOf\":{\"@id\":\"https:\\\/\\\/erevanblog.am\\\/?p=11063\"},\"author\":{\"name\":\"erevanblog_a\",\"@id\":\"https:\\\/\\\/erevanblog.am\\\/#\\\/schema\\\/person\\\/204f10311eb7ddb8914a5ab3e5f03928\"},\"headline\":\"FOTOGRAFIE, KTER\u00c1 DOJALA SV\u011aT: TICH\u00dd P\u0158\u00cdB\u011aH, KTER\u00dd PROMLUVIL K MILION\u016eM\",\"datePublished\":\"2025-07-28T05:30:24+00:00\",\"dateModified\":\"2025-07-28T05:30:25+00:00\",\"mainEntityOfPage\":{\"@id\":\"https:\\\/\\\/erevanblog.am\\\/?p=11063\"},\"wordCount\":452,\"commentCount\":0,\"image\":{\"@id\":\"https:\\\/\\\/erevanblog.am\\\/?p=11063#primaryimage\"},\"thumbnailUrl\":\"https:\\\/\\\/erevanblog.am\\\/wp-content\\\/uploads\\\/2025\\\/07\\\/888.jpg\",\"articleSection\":[\"NEWS\"],\"inLanguage\":\"en-US\",\"potentialAction\":[{\"@type\":\"CommentAction\",\"name\":\"Comment\",\"target\":[\"https:\\\/\\\/erevanblog.am\\\/?p=11063#respond\"]}]},{\"@type\":\"WebPage\",\"@id\":\"https:\\\/\\\/erevanblog.am\\\/?p=11063\",\"url\":\"https:\\\/\\\/erevanblog.am\\\/?p=11063\",\"name\":\"FOTOGRAFIE, KTER\u00c1 DOJALA SV\u011aT: TICH\u00dd P\u0158\u00cdB\u011aH, KTER\u00dd PROMLUVIL K MILION\u016eM -\",\"isPartOf\":{\"@id\":\"https:\\\/\\\/erevanblog.am\\\/#website\"},\"primaryImageOfPage\":{\"@id\":\"https:\\\/\\\/erevanblog.am\\\/?p=11063#primaryimage\"},\"image\":{\"@id\":\"https:\\\/\\\/erevanblog.am\\\/?p=11063#primaryimage\"},\"thumbnailUrl\":\"https:\\\/\\\/erevanblog.am\\\/wp-content\\\/uploads\\\/2025\\\/07\\\/888.jpg\",\"datePublished\":\"2025-07-28T05:30:24+00:00\",\"dateModified\":\"2025-07-28T05:30:25+00:00\",\"author\":{\"@id\":\"https:\\\/\\\/erevanblog.am\\\/#\\\/schema\\\/person\\\/204f10311eb7ddb8914a5ab3e5f03928\"},\"breadcrumb\":{\"@id\":\"https:\\\/\\\/erevanblog.am\\\/?p=11063#breadcrumb\"},\"inLanguage\":\"en-US\",\"potentialAction\":[{\"@type\":\"ReadAction\",\"target\":[\"https:\\\/\\\/erevanblog.am\\\/?p=11063\"]}]},{\"@type\":\"ImageObject\",\"inLanguage\":\"en-US\",\"@id\":\"https:\\\/\\\/erevanblog.am\\\/?p=11063#primaryimage\",\"url\":\"https:\\\/\\\/erevanblog.am\\\/wp-content\\\/uploads\\\/2025\\\/07\\\/888.jpg\",\"contentUrl\":\"https:\\\/\\\/erevanblog.am\\\/wp-content\\\/uploads\\\/2025\\\/07\\\/888.jpg\",\"width\":640,\"height\":528},{\"@type\":\"BreadcrumbList\",\"@id\":\"https:\\\/\\\/erevanblog.am\\\/?p=11063#breadcrumb\",\"itemListElement\":[{\"@type\":\"ListItem\",\"position\":1,\"name\":\"Home\",\"item\":\"https:\\\/\\\/erevanblog.am\\\/\"},{\"@type\":\"ListItem\",\"position\":2,\"name\":\"FOTOGRAFIE, KTER\u00c1 DOJALA SV\u011aT: TICH\u00dd P\u0158\u00cdB\u011aH, KTER\u00dd PROMLUVIL K MILION\u016eM\"}]},{\"@type\":\"WebSite\",\"@id\":\"https:\\\/\\\/erevanblog.am\\\/#website\",\"url\":\"https:\\\/\\\/erevanblog.am\\\/\",\"name\":\"\",\"description\":\"\",\"potentialAction\":[{\"@type\":\"SearchAction\",\"target\":{\"@type\":\"EntryPoint\",\"urlTemplate\":\"https:\\\/\\\/erevanblog.am\\\/?s={search_term_string}\"},\"query-input\":{\"@type\":\"PropertyValueSpecification\",\"valueRequired\":true,\"valueName\":\"search_term_string\"}}],\"inLanguage\":\"en-US\"},{\"@type\":\"Person\",\"@id\":\"https:\\\/\\\/erevanblog.am\\\/#\\\/schema\\\/person\\\/204f10311eb7ddb8914a5ab3e5f03928\",\"name\":\"erevanblog_a\",\"image\":{\"@type\":\"ImageObject\",\"inLanguage\":\"en-US\",\"@id\":\"https:\\\/\\\/secure.gravatar.com\\\/avatar\\\/a24f4ac3a683f3c87303db525abc00db51ea26ccedee11dfaf1cc0f9a481a5d2?s=96&d=mm&r=g\",\"url\":\"https:\\\/\\\/secure.gravatar.com\\\/avatar\\\/a24f4ac3a683f3c87303db525abc00db51ea26ccedee11dfaf1cc0f9a481a5d2?s=96&d=mm&r=g\",\"contentUrl\":\"https:\\\/\\\/secure.gravatar.com\\\/avatar\\\/a24f4ac3a683f3c87303db525abc00db51ea26ccedee11dfaf1cc0f9a481a5d2?s=96&d=mm&r=g\",\"caption\":\"erevanblog_a\"},\"sameAs\":[\"http:\\\/\\\/erevanblog.am\"],\"url\":\"https:\\\/\\\/erevanblog.am\\\/?author=1\"}]}<\/script>\n<!-- \/ Yoast SEO plugin. -->","yoast_head_json":{"title":"FOTOGRAFIE, KTER\u00c1 DOJALA SV\u011aT: TICH\u00dd P\u0158\u00cdB\u011aH, KTER\u00dd PROMLUVIL K MILION\u016eM -","robots":{"index":"index","follow":"follow","max-snippet":"max-snippet:-1","max-image-preview":"max-image-preview:large","max-video-preview":"max-video-preview:-1"},"canonical":"https:\/\/erevanblog.am\/?p=11063","og_locale":"en_US","og_type":"article","og_title":"FOTOGRAFIE, KTER\u00c1 DOJALA SV\u011aT: TICH\u00dd P\u0158\u00cdB\u011aH, KTER\u00dd PROMLUVIL K MILION\u016eM -","og_description":"Na prvn\u00ed pohled to p\u016fsobilo zcela oby\u010dejn\u011b.Star\u00fd mu\u017e sed\u011bl na lavi\u010dce v parku. Hlava sklon\u011bn\u00e1, ruce klidn\u011b slo\u017een\u00e9. U nohou igelitka. V n\u00e1ru\u010d\u00ed \u2013 sp\u00edc\u00ed [...]","og_url":"https:\/\/erevanblog.am\/?p=11063","article_published_time":"2025-07-28T05:30:24+00:00","article_modified_time":"2025-07-28T05:30:25+00:00","og_image":[{"width":640,"height":528,"url":"http:\/\/erevanblog.am\/wp-content\/uploads\/2025\/07\/888.jpg","type":"image\/jpeg"}],"author":"erevanblog_a","twitter_card":"summary_large_image","twitter_misc":{"Written by":"erevanblog_a","Est. reading time":"2 minutes"},"schema":{"@context":"https:\/\/schema.org","@graph":[{"@type":"Article","@id":"https:\/\/erevanblog.am\/?p=11063#article","isPartOf":{"@id":"https:\/\/erevanblog.am\/?p=11063"},"author":{"name":"erevanblog_a","@id":"https:\/\/erevanblog.am\/#\/schema\/person\/204f10311eb7ddb8914a5ab3e5f03928"},"headline":"FOTOGRAFIE, KTER\u00c1 DOJALA SV\u011aT: TICH\u00dd P\u0158\u00cdB\u011aH, KTER\u00dd PROMLUVIL K MILION\u016eM","datePublished":"2025-07-28T05:30:24+00:00","dateModified":"2025-07-28T05:30:25+00:00","mainEntityOfPage":{"@id":"https:\/\/erevanblog.am\/?p=11063"},"wordCount":452,"commentCount":0,"image":{"@id":"https:\/\/erevanblog.am\/?p=11063#primaryimage"},"thumbnailUrl":"https:\/\/erevanblog.am\/wp-content\/uploads\/2025\/07\/888.jpg","articleSection":["NEWS"],"inLanguage":"en-US","potentialAction":[{"@type":"CommentAction","name":"Comment","target":["https:\/\/erevanblog.am\/?p=11063#respond"]}]},{"@type":"WebPage","@id":"https:\/\/erevanblog.am\/?p=11063","url":"https:\/\/erevanblog.am\/?p=11063","name":"FOTOGRAFIE, KTER\u00c1 DOJALA SV\u011aT: TICH\u00dd P\u0158\u00cdB\u011aH, KTER\u00dd PROMLUVIL K MILION\u016eM -","isPartOf":{"@id":"https:\/\/erevanblog.am\/#website"},"primaryImageOfPage":{"@id":"https:\/\/erevanblog.am\/?p=11063#primaryimage"},"image":{"@id":"https:\/\/erevanblog.am\/?p=11063#primaryimage"},"thumbnailUrl":"https:\/\/erevanblog.am\/wp-content\/uploads\/2025\/07\/888.jpg","datePublished":"2025-07-28T05:30:24+00:00","dateModified":"2025-07-28T05:30:25+00:00","author":{"@id":"https:\/\/erevanblog.am\/#\/schema\/person\/204f10311eb7ddb8914a5ab3e5f03928"},"breadcrumb":{"@id":"https:\/\/erevanblog.am\/?p=11063#breadcrumb"},"inLanguage":"en-US","potentialAction":[{"@type":"ReadAction","target":["https:\/\/erevanblog.am\/?p=11063"]}]},{"@type":"ImageObject","inLanguage":"en-US","@id":"https:\/\/erevanblog.am\/?p=11063#primaryimage","url":"https:\/\/erevanblog.am\/wp-content\/uploads\/2025\/07\/888.jpg","contentUrl":"https:\/\/erevanblog.am\/wp-content\/uploads\/2025\/07\/888.jpg","width":640,"height":528},{"@type":"BreadcrumbList","@id":"https:\/\/erevanblog.am\/?p=11063#breadcrumb","itemListElement":[{"@type":"ListItem","position":1,"name":"Home","item":"https:\/\/erevanblog.am\/"},{"@type":"ListItem","position":2,"name":"FOTOGRAFIE, KTER\u00c1 DOJALA SV\u011aT: TICH\u00dd P\u0158\u00cdB\u011aH, KTER\u00dd PROMLUVIL K MILION\u016eM"}]},{"@type":"WebSite","@id":"https:\/\/erevanblog.am\/#website","url":"https:\/\/erevanblog.am\/","name":"","description":"","potentialAction":[{"@type":"SearchAction","target":{"@type":"EntryPoint","urlTemplate":"https:\/\/erevanblog.am\/?s={search_term_string}"},"query-input":{"@type":"PropertyValueSpecification","valueRequired":true,"valueName":"search_term_string"}}],"inLanguage":"en-US"},{"@type":"Person","@id":"https:\/\/erevanblog.am\/#\/schema\/person\/204f10311eb7ddb8914a5ab3e5f03928","name":"erevanblog_a","image":{"@type":"ImageObject","inLanguage":"en-US","@id":"https:\/\/secure.gravatar.com\/avatar\/a24f4ac3a683f3c87303db525abc00db51ea26ccedee11dfaf1cc0f9a481a5d2?s=96&d=mm&r=g","url":"https:\/\/secure.gravatar.com\/avatar\/a24f4ac3a683f3c87303db525abc00db51ea26ccedee11dfaf1cc0f9a481a5d2?s=96&d=mm&r=g","contentUrl":"https:\/\/secure.gravatar.com\/avatar\/a24f4ac3a683f3c87303db525abc00db51ea26ccedee11dfaf1cc0f9a481a5d2?s=96&d=mm&r=g","caption":"erevanblog_a"},"sameAs":["http:\/\/erevanblog.am"],"url":"https:\/\/erevanblog.am\/?author=1"}]}},"views":430,"_links":{"self":[{"href":"https:\/\/erevanblog.am\/index.php?rest_route=\/wp\/v2\/posts\/11063","targetHints":{"allow":["GET"]}}],"collection":[{"href":"https:\/\/erevanblog.am\/index.php?rest_route=\/wp\/v2\/posts"}],"about":[{"href":"https:\/\/erevanblog.am\/index.php?rest_route=\/wp\/v2\/types\/post"}],"author":[{"embeddable":true,"href":"https:\/\/erevanblog.am\/index.php?rest_route=\/wp\/v2\/users\/1"}],"replies":[{"embeddable":true,"href":"https:\/\/erevanblog.am\/index.php?rest_route=%2Fwp%2Fv2%2Fcomments&post=11063"}],"version-history":[{"count":1,"href":"https:\/\/erevanblog.am\/index.php?rest_route=\/wp\/v2\/posts\/11063\/revisions"}],"predecessor-version":[{"id":11065,"href":"https:\/\/erevanblog.am\/index.php?rest_route=\/wp\/v2\/posts\/11063\/revisions\/11065"}],"wp:featuredmedia":[{"embeddable":true,"href":"https:\/\/erevanblog.am\/index.php?rest_route=\/wp\/v2\/media\/11064"}],"wp:attachment":[{"href":"https:\/\/erevanblog.am\/index.php?rest_route=%2Fwp%2Fv2%2Fmedia&parent=11063"}],"wp:term":[{"taxonomy":"category","embeddable":true,"href":"https:\/\/erevanblog.am\/index.php?rest_route=%2Fwp%2Fv2%2Fcategories&post=11063"},{"taxonomy":"post_tag","embeddable":true,"href":"https:\/\/erevanblog.am\/index.php?rest_route=%2Fwp%2Fv2%2Ftags&post=11063"}],"curies":[{"name":"wp","href":"https:\/\/api.w.org\/{rel}","templated":true}]}}