{"id":11103,"date":"2025-07-30T17:42:44","date_gmt":"2025-07-30T16:42:44","guid":{"rendered":"https:\/\/erevanblog.am\/?p=11103"},"modified":"2025-07-30T17:42:45","modified_gmt":"2025-07-30T16:42:45","slug":"objevili-jsme-zahadny-artefakt-stary-vice-nez-stoleti-a-to-co-jsme-nasli-nam-doslova-vyrazilo-dech","status":"publish","type":"post","link":"https:\/\/erevanblog.am\/?p=11103","title":{"rendered":"Objevili jsme z\u00e1hadn\u00fd artefakt star\u00fd v\u00edce ne\u017e stolet\u00ed \u2013 a to, co jsme na\u0161li, n\u00e1m doslova vyrazilo dech."},"content":{"rendered":"\n<p>P\u016fvodn\u011b to m\u011bl b\u00fdt oby\u010dejn\u00fd v\u00edkendov\u00fd projekt \u2013 rekonstrukce star\u00e9 rodinn\u00e9 chalupy v poklidn\u00e9 vesnici nedaleko T\u00e1bora. D\u016fm postavili na\u0161i prarodi\u010de kr\u00e1tce po skon\u010den\u00ed prvn\u00ed sv\u011btov\u00e9 v\u00e1lky, tak\u017ee jsme \u010dekali hlavn\u011b prach, pl\u00edsn\u011b a zapomenut\u00e9 n\u00e1\u0159ad\u00ed.<\/p>\n\n\n\n<figure class=\"wp-block-image size-large\"><img loading=\"lazy\" decoding=\"async\" width=\"768\" height=\"1024\" src=\"https:\/\/erevanblog.am\/wp-content\/uploads\/2025\/07\/66666-768x1024.jpg\" alt=\"\" class=\"wp-image-11104\" srcset=\"https:\/\/erevanblog.am\/wp-content\/uploads\/2025\/07\/66666-768x1024.jpg 768w, https:\/\/erevanblog.am\/wp-content\/uploads\/2025\/07\/66666-225x300.jpg 225w, https:\/\/erevanblog.am\/wp-content\/uploads\/2025\/07\/66666-1152x1536.jpg 1152w, https:\/\/erevanblog.am\/wp-content\/uploads\/2025\/07\/66666.jpg 1536w\" sizes=\"auto, (max-width: 768px) 100vw, 768px\" \/><\/figure>\n\n\n\n<p>M\u00edsto toho jsme objevili n\u011bco, co ot\u0159\u00e1slo nejen na\u0161\u00edm vn\u00edm\u00e1n\u00edm historie, ale i samotn\u00e9 reality.<\/p>\n\n\n\n<p>P\u0159i rozeb\u00edr\u00e1n\u00ed podlahy ve star\u00e9 sp\u00ed\u017ei jsme narazili na dutinu. V n\u00ed le\u017eela t\u011b\u017ek\u00e1 kovov\u00e1 schr\u00e1nka, pokryt\u00e1 silnou vrstvou prachu a zataven\u00e1 jak\u00fdmsi voskem. Na povrchu byly vyryt\u00e9 podivn\u00e9 znaky, nezn\u00e1m\u00e9, ale p\u016fsobiv\u00e9. Ne\u0161lo o b\u011b\u017en\u00fd z\u00e1mek \u2013 truhli\u010dka se otev\u0159ela snadno, jako by \u010dekala.<\/p>\n\n\n\n<p>Uvnit\u0159 n\u00e1s p\u0159ekvapil svazek pe\u010dliv\u011b slo\u017een\u00fdch dopis\u016f, zabalen\u00fdch do ln\u011bn\u00e9ho had\u0159\u00edku a zape\u010det\u011bn\u00fdch \u010derven\u00fdm voskem. Text byl psan\u00fd rukou, \u010desky, ale s podivn\u011b archaick\u00fdmi v\u00fdrazy \u2013 t\u00e9m\u011b\u0159 jako \u0161ifra.<\/p>\n\n\n\n<p>Vedle nich jsme na\u0161li zvl\u00e1\u0161tn\u00ed kovov\u00fd p\u0159\u00edstroj. Vypadal jako kompas, ale jeho jehla se nehnula. Neukazovala \u017e\u00e1dn\u00fd sm\u011br, jen ti\u0161e vibrovala, kdy\u017e jsme ho vzali do ruky.<\/p>\n\n\n\n<p>V jednom z dopis\u016f st\u00e1lo:<br><strong>\u201eTento \u010das v\u00e1m nen\u00e1le\u017e\u00ed. Otev\u0159en\u00edm jste p\u0159ekro\u010dili hranici.\u201c<\/strong><\/p>\n\n\n\n<p>Zprvu jsme se sm\u00e1li \u2013 p\u016fsobilo to jako poveden\u00fd vt\u00edpek nebo relikt po n\u011bjak\u00e9m zapomenut\u00e9m str\u00fdci s bujnou fantazi\u00ed. Ale pak p\u0159i\u0161ly zvl\u00e1\u0161tnosti. Hodiny v dom\u011b se za\u010daly zpo\u017e\u010fovat, zrcadla ml\u017eila, i kdy\u017e nebyla p\u00e1ra. A onen podivn\u00fd p\u0159\u00edstroj&#8230; jako by reagoval na p\u0159\u00edtomnost.<\/p>\n\n\n\n<p>Nakonec jsme se obr\u00e1tili na historika a znalce okultn\u00edch symbol\u016f z Karlovy univerzity. Kdy\u017e artefakt spat\u0159il, zbledl. Tvrdil, \u017ee jde o p\u0159edm\u011bt z tzv. <strong>\u201eZrcadlov\u00e9ho obdob\u00ed\u201c<\/strong> \u2013 hypotetick\u00e9 \u00e9ry, o n\u00ed\u017e se dochovaly pouze n\u00e1znaky v tajn\u00fdch z\u00e1pisc\u00edch ze 17. stolet\u00ed. Pr\u00fd tehdy v srdci Evropy existovaly dv\u011b paraleln\u00ed \u010dasov\u00e9 linie \u2013 a n\u011bkter\u00e9 p\u0159edm\u011bty mohly slou\u017eit jako kotvy mezi nimi.<\/p>\n\n\n\n<p>Co p\u0159esn\u011b to znamen\u00e1, zat\u00edm nikdo nedok\u00e1\u017ee vysv\u011btlit. Ale jedno je jist\u00e9: n\u00e1\u0161 d\u016fm u\u017e nen\u00ed jen poz\u016fstatkem minulosti.<\/p>\n\n\n\n<p>Je to pr\u016fchod. A n\u011bkdo ho p\u0159ed sto lety pe\u010dliv\u011b zav\u0159el. Netu\u0161il ale, \u017ee my ho znovu otev\u0159eme.<\/p>\n","protected":false},"excerpt":{"rendered":"<div class=\"mh-excerpt\"><p>P\u016fvodn\u011b to m\u011bl b\u00fdt oby\u010dejn\u00fd v\u00edkendov\u00fd projekt \u2013 rekonstrukce star\u00e9 rodinn\u00e9 chalupy v poklidn\u00e9 vesnici nedaleko T\u00e1bora. D\u016fm postavili na\u0161i prarodi\u010de kr\u00e1tce po skon\u010den\u00ed prvn\u00ed <a class=\"mh-excerpt-more\" href=\"https:\/\/erevanblog.am\/?p=11103\" title=\"Objevili jsme z\u00e1hadn\u00fd artefakt star\u00fd v\u00edce ne\u017e stolet\u00ed \u2013 a to, co jsme na\u0161li, n\u00e1m doslova vyrazilo dech.\">[&#8230;]<\/a><\/p>\n<\/div>","protected":false},"author":1,"featured_media":11104,"comment_status":"open","ping_status":"open","sticky":false,"template":"","format":"standard","meta":{"footnotes":""},"categories":[1],"tags":[],"class_list":["post-11103","post","type-post","status-publish","format-standard","has-post-thumbnail","hentry","category-uncategorised"],"yoast_head":"<!-- This site is optimized with the Yoast SEO plugin v27.5 - https:\/\/yoast.com\/product\/yoast-seo-wordpress\/ -->\n<title>Objevili jsme z\u00e1hadn\u00fd artefakt star\u00fd v\u00edce ne\u017e stolet\u00ed \u2013 a to, co jsme na\u0161li, n\u00e1m doslova vyrazilo dech. -<\/title>\n<meta name=\"robots\" content=\"index, follow, max-snippet:-1, max-image-preview:large, max-video-preview:-1\" \/>\n<link rel=\"canonical\" href=\"https:\/\/erevanblog.am\/?p=11103\" \/>\n<meta property=\"og:locale\" content=\"en_US\" \/>\n<meta property=\"og:type\" content=\"article\" \/>\n<meta property=\"og:title\" content=\"Objevili jsme z\u00e1hadn\u00fd artefakt star\u00fd v\u00edce ne\u017e stolet\u00ed \u2013 a to, co jsme na\u0161li, n\u00e1m doslova vyrazilo dech. -\" \/>\n<meta property=\"og:description\" content=\"P\u016fvodn\u011b to m\u011bl b\u00fdt oby\u010dejn\u00fd v\u00edkendov\u00fd projekt \u2013 rekonstrukce star\u00e9 rodinn\u00e9 chalupy v poklidn\u00e9 vesnici nedaleko T\u00e1bora. D\u016fm postavili na\u0161i prarodi\u010de kr\u00e1tce po skon\u010den\u00ed prvn\u00ed [...]\" \/>\n<meta property=\"og:url\" content=\"https:\/\/erevanblog.am\/?p=11103\" \/>\n<meta property=\"article:published_time\" content=\"2025-07-30T16:42:44+00:00\" \/>\n<meta property=\"article:modified_time\" content=\"2025-07-30T16:42:45+00:00\" \/>\n<meta property=\"og:image\" content=\"http:\/\/erevanblog.am\/wp-content\/uploads\/2025\/07\/66666.jpg\" \/>\n\t<meta property=\"og:image:width\" content=\"1536\" \/>\n\t<meta property=\"og:image:height\" content=\"2048\" \/>\n\t<meta property=\"og:image:type\" content=\"image\/jpeg\" \/>\n<meta name=\"author\" content=\"erevanblog_a\" \/>\n<meta name=\"twitter:card\" content=\"summary_large_image\" \/>\n<meta name=\"twitter:label1\" content=\"Written by\" \/>\n\t<meta name=\"twitter:data1\" content=\"erevanblog_a\" \/>\n\t<meta name=\"twitter:label2\" content=\"Est. reading time\" \/>\n\t<meta name=\"twitter:data2\" content=\"2 minutes\" \/>\n<script type=\"application\/ld+json\" class=\"yoast-schema-graph\">{\"@context\":\"https:\\\/\\\/schema.org\",\"@graph\":[{\"@type\":\"Article\",\"@id\":\"https:\\\/\\\/erevanblog.am\\\/?p=11103#article\",\"isPartOf\":{\"@id\":\"https:\\\/\\\/erevanblog.am\\\/?p=11103\"},\"author\":{\"name\":\"erevanblog_a\",\"@id\":\"https:\\\/\\\/erevanblog.am\\\/#\\\/schema\\\/person\\\/204f10311eb7ddb8914a5ab3e5f03928\"},\"headline\":\"Objevili jsme z\u00e1hadn\u00fd artefakt star\u00fd v\u00edce ne\u017e stolet\u00ed \u2013 a to, co jsme na\u0161li, n\u00e1m doslova vyrazilo dech.\",\"datePublished\":\"2025-07-30T16:42:44+00:00\",\"dateModified\":\"2025-07-30T16:42:45+00:00\",\"mainEntityOfPage\":{\"@id\":\"https:\\\/\\\/erevanblog.am\\\/?p=11103\"},\"wordCount\":430,\"commentCount\":0,\"image\":{\"@id\":\"https:\\\/\\\/erevanblog.am\\\/?p=11103#primaryimage\"},\"thumbnailUrl\":\"https:\\\/\\\/erevanblog.am\\\/wp-content\\\/uploads\\\/2025\\\/07\\\/66666.jpg\",\"articleSection\":[\"NEWS\"],\"inLanguage\":\"en-US\",\"potentialAction\":[{\"@type\":\"CommentAction\",\"name\":\"Comment\",\"target\":[\"https:\\\/\\\/erevanblog.am\\\/?p=11103#respond\"]}]},{\"@type\":\"WebPage\",\"@id\":\"https:\\\/\\\/erevanblog.am\\\/?p=11103\",\"url\":\"https:\\\/\\\/erevanblog.am\\\/?p=11103\",\"name\":\"Objevili jsme z\u00e1hadn\u00fd artefakt star\u00fd v\u00edce ne\u017e stolet\u00ed \u2013 a to, co jsme na\u0161li, n\u00e1m doslova vyrazilo dech. -\",\"isPartOf\":{\"@id\":\"https:\\\/\\\/erevanblog.am\\\/#website\"},\"primaryImageOfPage\":{\"@id\":\"https:\\\/\\\/erevanblog.am\\\/?p=11103#primaryimage\"},\"image\":{\"@id\":\"https:\\\/\\\/erevanblog.am\\\/?p=11103#primaryimage\"},\"thumbnailUrl\":\"https:\\\/\\\/erevanblog.am\\\/wp-content\\\/uploads\\\/2025\\\/07\\\/66666.jpg\",\"datePublished\":\"2025-07-30T16:42:44+00:00\",\"dateModified\":\"2025-07-30T16:42:45+00:00\",\"author\":{\"@id\":\"https:\\\/\\\/erevanblog.am\\\/#\\\/schema\\\/person\\\/204f10311eb7ddb8914a5ab3e5f03928\"},\"breadcrumb\":{\"@id\":\"https:\\\/\\\/erevanblog.am\\\/?p=11103#breadcrumb\"},\"inLanguage\":\"en-US\",\"potentialAction\":[{\"@type\":\"ReadAction\",\"target\":[\"https:\\\/\\\/erevanblog.am\\\/?p=11103\"]}]},{\"@type\":\"ImageObject\",\"inLanguage\":\"en-US\",\"@id\":\"https:\\\/\\\/erevanblog.am\\\/?p=11103#primaryimage\",\"url\":\"https:\\\/\\\/erevanblog.am\\\/wp-content\\\/uploads\\\/2025\\\/07\\\/66666.jpg\",\"contentUrl\":\"https:\\\/\\\/erevanblog.am\\\/wp-content\\\/uploads\\\/2025\\\/07\\\/66666.jpg\",\"width\":1536,\"height\":2048},{\"@type\":\"BreadcrumbList\",\"@id\":\"https:\\\/\\\/erevanblog.am\\\/?p=11103#breadcrumb\",\"itemListElement\":[{\"@type\":\"ListItem\",\"position\":1,\"name\":\"Home\",\"item\":\"https:\\\/\\\/erevanblog.am\\\/\"},{\"@type\":\"ListItem\",\"position\":2,\"name\":\"Objevili jsme z\u00e1hadn\u00fd artefakt star\u00fd v\u00edce ne\u017e stolet\u00ed \u2013 a to, co jsme na\u0161li, n\u00e1m doslova vyrazilo dech.\"}]},{\"@type\":\"WebSite\",\"@id\":\"https:\\\/\\\/erevanblog.am\\\/#website\",\"url\":\"https:\\\/\\\/erevanblog.am\\\/\",\"name\":\"\",\"description\":\"\",\"potentialAction\":[{\"@type\":\"SearchAction\",\"target\":{\"@type\":\"EntryPoint\",\"urlTemplate\":\"https:\\\/\\\/erevanblog.am\\\/?s={search_term_string}\"},\"query-input\":{\"@type\":\"PropertyValueSpecification\",\"valueRequired\":true,\"valueName\":\"search_term_string\"}}],\"inLanguage\":\"en-US\"},{\"@type\":\"Person\",\"@id\":\"https:\\\/\\\/erevanblog.am\\\/#\\\/schema\\\/person\\\/204f10311eb7ddb8914a5ab3e5f03928\",\"name\":\"erevanblog_a\",\"image\":{\"@type\":\"ImageObject\",\"inLanguage\":\"en-US\",\"@id\":\"https:\\\/\\\/secure.gravatar.com\\\/avatar\\\/a24f4ac3a683f3c87303db525abc00db51ea26ccedee11dfaf1cc0f9a481a5d2?s=96&d=mm&r=g\",\"url\":\"https:\\\/\\\/secure.gravatar.com\\\/avatar\\\/a24f4ac3a683f3c87303db525abc00db51ea26ccedee11dfaf1cc0f9a481a5d2?s=96&d=mm&r=g\",\"contentUrl\":\"https:\\\/\\\/secure.gravatar.com\\\/avatar\\\/a24f4ac3a683f3c87303db525abc00db51ea26ccedee11dfaf1cc0f9a481a5d2?s=96&d=mm&r=g\",\"caption\":\"erevanblog_a\"},\"sameAs\":[\"http:\\\/\\\/erevanblog.am\"],\"url\":\"https:\\\/\\\/erevanblog.am\\\/?author=1\"}]}<\/script>\n<!-- \/ Yoast SEO plugin. -->","yoast_head_json":{"title":"Objevili jsme z\u00e1hadn\u00fd artefakt star\u00fd v\u00edce ne\u017e stolet\u00ed \u2013 a to, co jsme na\u0161li, n\u00e1m doslova vyrazilo dech. -","robots":{"index":"index","follow":"follow","max-snippet":"max-snippet:-1","max-image-preview":"max-image-preview:large","max-video-preview":"max-video-preview:-1"},"canonical":"https:\/\/erevanblog.am\/?p=11103","og_locale":"en_US","og_type":"article","og_title":"Objevili jsme z\u00e1hadn\u00fd artefakt star\u00fd v\u00edce ne\u017e stolet\u00ed \u2013 a to, co jsme na\u0161li, n\u00e1m doslova vyrazilo dech. -","og_description":"P\u016fvodn\u011b to m\u011bl b\u00fdt oby\u010dejn\u00fd v\u00edkendov\u00fd projekt \u2013 rekonstrukce star\u00e9 rodinn\u00e9 chalupy v poklidn\u00e9 vesnici nedaleko T\u00e1bora. D\u016fm postavili na\u0161i prarodi\u010de kr\u00e1tce po skon\u010den\u00ed prvn\u00ed [...]","og_url":"https:\/\/erevanblog.am\/?p=11103","article_published_time":"2025-07-30T16:42:44+00:00","article_modified_time":"2025-07-30T16:42:45+00:00","og_image":[{"width":1536,"height":2048,"url":"http:\/\/erevanblog.am\/wp-content\/uploads\/2025\/07\/66666.jpg","type":"image\/jpeg"}],"author":"erevanblog_a","twitter_card":"summary_large_image","twitter_misc":{"Written by":"erevanblog_a","Est. reading time":"2 minutes"},"schema":{"@context":"https:\/\/schema.org","@graph":[{"@type":"Article","@id":"https:\/\/erevanblog.am\/?p=11103#article","isPartOf":{"@id":"https:\/\/erevanblog.am\/?p=11103"},"author":{"name":"erevanblog_a","@id":"https:\/\/erevanblog.am\/#\/schema\/person\/204f10311eb7ddb8914a5ab3e5f03928"},"headline":"Objevili jsme z\u00e1hadn\u00fd artefakt star\u00fd v\u00edce ne\u017e stolet\u00ed \u2013 a to, co jsme na\u0161li, n\u00e1m doslova vyrazilo dech.","datePublished":"2025-07-30T16:42:44+00:00","dateModified":"2025-07-30T16:42:45+00:00","mainEntityOfPage":{"@id":"https:\/\/erevanblog.am\/?p=11103"},"wordCount":430,"commentCount":0,"image":{"@id":"https:\/\/erevanblog.am\/?p=11103#primaryimage"},"thumbnailUrl":"https:\/\/erevanblog.am\/wp-content\/uploads\/2025\/07\/66666.jpg","articleSection":["NEWS"],"inLanguage":"en-US","potentialAction":[{"@type":"CommentAction","name":"Comment","target":["https:\/\/erevanblog.am\/?p=11103#respond"]}]},{"@type":"WebPage","@id":"https:\/\/erevanblog.am\/?p=11103","url":"https:\/\/erevanblog.am\/?p=11103","name":"Objevili jsme z\u00e1hadn\u00fd artefakt star\u00fd v\u00edce ne\u017e stolet\u00ed \u2013 a to, co jsme na\u0161li, n\u00e1m doslova vyrazilo dech. -","isPartOf":{"@id":"https:\/\/erevanblog.am\/#website"},"primaryImageOfPage":{"@id":"https:\/\/erevanblog.am\/?p=11103#primaryimage"},"image":{"@id":"https:\/\/erevanblog.am\/?p=11103#primaryimage"},"thumbnailUrl":"https:\/\/erevanblog.am\/wp-content\/uploads\/2025\/07\/66666.jpg","datePublished":"2025-07-30T16:42:44+00:00","dateModified":"2025-07-30T16:42:45+00:00","author":{"@id":"https:\/\/erevanblog.am\/#\/schema\/person\/204f10311eb7ddb8914a5ab3e5f03928"},"breadcrumb":{"@id":"https:\/\/erevanblog.am\/?p=11103#breadcrumb"},"inLanguage":"en-US","potentialAction":[{"@type":"ReadAction","target":["https:\/\/erevanblog.am\/?p=11103"]}]},{"@type":"ImageObject","inLanguage":"en-US","@id":"https:\/\/erevanblog.am\/?p=11103#primaryimage","url":"https:\/\/erevanblog.am\/wp-content\/uploads\/2025\/07\/66666.jpg","contentUrl":"https:\/\/erevanblog.am\/wp-content\/uploads\/2025\/07\/66666.jpg","width":1536,"height":2048},{"@type":"BreadcrumbList","@id":"https:\/\/erevanblog.am\/?p=11103#breadcrumb","itemListElement":[{"@type":"ListItem","position":1,"name":"Home","item":"https:\/\/erevanblog.am\/"},{"@type":"ListItem","position":2,"name":"Objevili jsme z\u00e1hadn\u00fd artefakt star\u00fd v\u00edce ne\u017e stolet\u00ed \u2013 a to, co jsme na\u0161li, n\u00e1m doslova vyrazilo dech."}]},{"@type":"WebSite","@id":"https:\/\/erevanblog.am\/#website","url":"https:\/\/erevanblog.am\/","name":"","description":"","potentialAction":[{"@type":"SearchAction","target":{"@type":"EntryPoint","urlTemplate":"https:\/\/erevanblog.am\/?s={search_term_string}"},"query-input":{"@type":"PropertyValueSpecification","valueRequired":true,"valueName":"search_term_string"}}],"inLanguage":"en-US"},{"@type":"Person","@id":"https:\/\/erevanblog.am\/#\/schema\/person\/204f10311eb7ddb8914a5ab3e5f03928","name":"erevanblog_a","image":{"@type":"ImageObject","inLanguage":"en-US","@id":"https:\/\/secure.gravatar.com\/avatar\/a24f4ac3a683f3c87303db525abc00db51ea26ccedee11dfaf1cc0f9a481a5d2?s=96&d=mm&r=g","url":"https:\/\/secure.gravatar.com\/avatar\/a24f4ac3a683f3c87303db525abc00db51ea26ccedee11dfaf1cc0f9a481a5d2?s=96&d=mm&r=g","contentUrl":"https:\/\/secure.gravatar.com\/avatar\/a24f4ac3a683f3c87303db525abc00db51ea26ccedee11dfaf1cc0f9a481a5d2?s=96&d=mm&r=g","caption":"erevanblog_a"},"sameAs":["http:\/\/erevanblog.am"],"url":"https:\/\/erevanblog.am\/?author=1"}]}},"views":353,"_links":{"self":[{"href":"https:\/\/erevanblog.am\/index.php?rest_route=\/wp\/v2\/posts\/11103","targetHints":{"allow":["GET"]}}],"collection":[{"href":"https:\/\/erevanblog.am\/index.php?rest_route=\/wp\/v2\/posts"}],"about":[{"href":"https:\/\/erevanblog.am\/index.php?rest_route=\/wp\/v2\/types\/post"}],"author":[{"embeddable":true,"href":"https:\/\/erevanblog.am\/index.php?rest_route=\/wp\/v2\/users\/1"}],"replies":[{"embeddable":true,"href":"https:\/\/erevanblog.am\/index.php?rest_route=%2Fwp%2Fv2%2Fcomments&post=11103"}],"version-history":[{"count":1,"href":"https:\/\/erevanblog.am\/index.php?rest_route=\/wp\/v2\/posts\/11103\/revisions"}],"predecessor-version":[{"id":11105,"href":"https:\/\/erevanblog.am\/index.php?rest_route=\/wp\/v2\/posts\/11103\/revisions\/11105"}],"wp:featuredmedia":[{"embeddable":true,"href":"https:\/\/erevanblog.am\/index.php?rest_route=\/wp\/v2\/media\/11104"}],"wp:attachment":[{"href":"https:\/\/erevanblog.am\/index.php?rest_route=%2Fwp%2Fv2%2Fmedia&parent=11103"}],"wp:term":[{"taxonomy":"category","embeddable":true,"href":"https:\/\/erevanblog.am\/index.php?rest_route=%2Fwp%2Fv2%2Fcategories&post=11103"},{"taxonomy":"post_tag","embeddable":true,"href":"https:\/\/erevanblog.am\/index.php?rest_route=%2Fwp%2Fv2%2Ftags&post=11103"}],"curies":[{"name":"wp","href":"https:\/\/api.w.org\/{rel}","templated":true}]}}