{"id":12627,"date":"2026-04-27T22:06:22","date_gmt":"2026-04-27T21:06:22","guid":{"rendered":"https:\/\/erevanblog.am\/?p=12627"},"modified":"2026-04-27T22:06:22","modified_gmt":"2026-04-27T21:06:22","slug":"vankilan-vaarallisin-ryostaja-haastoi-uuden-vartijan-mutta-minuutin-kuluttua-koko-vankila-vaikeni","status":"publish","type":"post","link":"https:\/\/erevanblog.am\/?p=12627","title":{"rendered":"Vankilan vaarallisin ry\u00f6st\u00e4j\u00e4 haastoi uuden vartijan\u2026 mutta minuutin kuluttua koko vankila vaikeni"},"content":{"rendered":"\n<p>Harmaa aamu vankilan pihalla alkoi kuten monet muutkin. Kylm\u00e4 tuuli kulki betoniseinien v\u00e4list\u00e4, raskaat portit kolisivat ja ilmassa leijui jatkuva j\u00e4nnitys. T\u00e4ss\u00e4 paikassa jokainen p\u00e4iv\u00e4 oli taistelua ilman aseita. Yksi virhe saattoi maksaa kaiken.<\/p>\n\n\n\n<p>Vangit oli jo tuotu ulos ulkoilupihalle. Osa harjoitteli, osa kuiskaili kesken\u00e4\u00e4n ja osa tarkkaili vartijoita kuin peto saalistaan. T\u00e4n\u00e4\u00e4n kaikki odottivat yht\u00e4 asiaa \u2013 uutta ty\u00f6ntekij\u00e4\u00e4.<\/p>\n\n\n\n<p>\u2013 Kuulin, ett\u00e4 h\u00e4n on aivan kokematon, yksi vangeista virnisti.<br>\u2013 Ei kest\u00e4 iltaan asti, toinen vastasi.<br>\u2013 Tai pyyt\u00e4\u00e4 itse siirtoa pois.<\/p>\n\n\n\n<p>Nauru levisi pihan poikki.<\/p>\n\n\n\n<p>Raskas portti avautui hitaasti. Kaikki katseet k\u00e4\u00e4ntyiv\u00e4t samaan suuntaan.<\/p>\n\n\n\n<p>Pihaan astui uusi vartija.<\/p>\n\n\n\n<p>H\u00e4n n\u00e4ytti liian nuorelta t\u00e4h\u00e4n paikkaan. Siisti univormu, rauhallinen askel ja suora katse. Ei hermostuneisuutta, ei turhaa kovistelua. H\u00e4n k\u00e4veli sis\u00e4\u00e4n kuin olisi tuntenut paikan jo vuosia.<\/p>\n\n\n\n<p>Se \u00e4rsytti monia heti.<\/p>\n\n\n\n<p>\u2013 Katsokaa h\u00e4nt\u00e4\u2026 ei edes pelk\u00e4\u00e4, joku kuiskasi.<br>\u2013 Kohta oppii miss\u00e4 on.<\/p>\n\n\n\n<p>Uusi vartija pys\u00e4htyi keskelle pihaa. H\u00e4n katseli ymp\u00e4rilleen sanomatta sanaakaan.<\/p>\n\n\n\n<p>Juuri se hiljaisuus tuntui provokaatiolta.<\/p>\n\n\n\n<p>Pihan takaosasta nousi mies, jota jopa vaarallisimmat vangit karttoivat. H\u00e4nt\u00e4 kutsuttiin nimell\u00e4 Grom. Entinen pankkiry\u00f6st\u00e4j\u00e4, v\u00e4kivaltainen ja arvaamaton mies, jonka nimi sai monet vaikenemaan. Jopa vartijat pysytteliv\u00e4t poissa h\u00e4nen tielt\u00e4\u00e4n.<\/p>\n\n\n\n<p>Kun Grom nousi seisomaan, puheensorina loppui.<\/p>\n\n\n\n<p>H\u00e4n k\u00e4veli painonnostopenkin luo, nosti raskaan tangon ja paiskasi sen maahan valtavalla voimalla. \u00c4\u00e4ni kaikui koko pihalla.<\/p>\n\n\n\n<p>Sitten h\u00e4n l\u00e4hti kohti uutta vartijaa.<\/p>\n\n\n\n<p>\u2013 Astuit v\u00e4\u00e4r\u00e4st\u00e4 ovesta sis\u00e4\u00e4n, poika, h\u00e4n sihisi pys\u00e4htyen aivan t\u00e4m\u00e4n eteen. \u2013 T\u00e4\u00e4ll\u00e4 kaltaisesi murretaan nopeasti.<\/p>\n\n\n\n<p>Uusi vartija katsoi h\u00e4nt\u00e4 tyynesti.<\/p>\n\n\n\n<p>\u2013 Mene takaisin paikallesi.<\/p>\n\n\n\n<figure class=\"wp-block-image size-full\"><img loading=\"lazy\" decoding=\"async\" width=\"542\" height=\"462\" src=\"https:\/\/erevanblog.am\/wp-content\/uploads\/2026\/04\/14.jpg\" alt=\"\" class=\"wp-image-12628\" srcset=\"https:\/\/erevanblog.am\/wp-content\/uploads\/2026\/04\/14.jpg 542w, https:\/\/erevanblog.am\/wp-content\/uploads\/2026\/04\/14-300x256.jpg 300w\" sizes=\"auto, (max-width: 542px) 100vw, 542px\" \/><\/figure>\n\n\n\n<p>Hetken ajan vallitsi t\u00e4ydellinen hiljaisuus\u2026 sitten piha r\u00e4j\u00e4hti nauruun.<\/p>\n\n\n\n<p>\u2013 H\u00e4n k\u00e4skee Gromia!<br>\u2013 T\u00e4m\u00e4 tulee loppumaan huonosti!<br>\u2013 H\u00e4n on hullu!<\/p>\n\n\n\n<p>Grom astui viel\u00e4 l\u00e4hemm\u00e4s.<\/p>\n\n\n\n<p>\u2013 Sano uudelleen, jos uskallat.<\/p>\n\n\n\n<p>\u2013 Viimeinen varoitus, vartija vastasi hiljaa.<\/p>\n\n\n\n<p>Sanat lausuttiin rauhallisesti, mutta niiss\u00e4 oli jotain, mik\u00e4 sai useamman vangin tuntemaan kylm\u00e4n v\u00e4reen.<\/p>\n\n\n\n<p>Grom ty\u00f6nsi h\u00e4nt\u00e4 rajusti olkap\u00e4\u00e4st\u00e4.<\/p>\n\n\n\n<p>Muut vartijat sy\u00f6ksyiv\u00e4t eteenp\u00e4in, mutta uusi tulokas nosti k\u00e4tens\u00e4 ja pys\u00e4ytti heid\u00e4t.<\/p>\n\n\n\n<p>Piha hiljeni t\u00e4ysin.<\/p>\n\n\n\n<p>Grom nosti nyrkkins\u00e4.<\/p>\n\n\n\n<p>H\u00e4n ei ehtinyt ly\u00f6d\u00e4.<\/p>\n\n\n\n<p>Kaikki tapahtui sekunnissa.<\/p>\n\n\n\n<p>Vartija v\u00e4isti sivuun, tarttui k\u00e4teen, horjutti tasapainon ja paiskasi valtavan miehen maahan. Hetke\u00e4 my\u00f6hemmin Grom makasi kasvot betonia vasten eik\u00e4 pystynyt liikkumaan.<\/p>\n\n\n\n<p>Kukaan ei ymm\u00e4rt\u00e4nyt mit\u00e4 tapahtui.<\/p>\n\n\n\n<p>\u2013 Mit\u00e4 ihmett\u00e4\u2026<br>\u2013 N\u00e4ittek\u00f6 tuon?<br>\u2013 Ei voi olla totta\u2026<\/p>\n\n\n\n<p>Grom yritti nousta, mutta vartija piti h\u00e4net hallinnassa ja sanoi rauhallisesti:<\/p>\n\n\n\n<p>\u2013 Min\u00e4 varoitin.<\/p>\n\n\n\n<p>Vankilan pel\u00e4tyimm\u00e4n miehen k\u00e4det t\u00e4risiv\u00e4t.<\/p>\n\n\n\n<p>Mutta todellinen yll\u00e4tys oli vasta tulossa.<\/p>\n\n\n\n<p>Vuoronjohtaja juoksi pihalle, n\u00e4ki tilanteen ja pys\u00e4htyi heti. H\u00e4n suoristi asentonsa ja sanoi kunnioittavasti:<\/p>\n\n\n\n<p>\u2013 Herra majuri\u2026 keskushallinnon tarkastaja on saapunut?<\/p>\n\n\n\n<p>Pihan yli kulki j\u00e4rkytyksen aalto.<\/p>\n\n\n\n<p>Uusi vartija ei ollutkaan tavallinen vartija.<\/p>\n\n\n\n<p>H\u00e4n oli erikoistarkastaja, kuuluisa upseeri, joka l\u00e4hetettiin vain pahimpiin laitoksiin palauttamaan j\u00e4rjestys. Mies, josta liikkui tarinoita kaikkialla.<\/p>\n\n\n\n<p>H\u00e4n oli tullut ilman arvomerkkej\u00e4 n\u00e4hd\u00e4kseen kaiken omin silmin.<\/p>\n\n\n\n<p>Ja h\u00e4n oli n\u00e4hnyt tarpeeksi.<\/p>\n\n\n\n<p>H\u00e4n p\u00e4\u00e4sti Gromin irti, nousi seisomaan ja katsoi kaikkia ymp\u00e4rill\u00e4\u00e4n.<\/p>\n\n\n\n<p>\u2013 T\u00e4st\u00e4 p\u00e4iv\u00e4st\u00e4 alkaen s\u00e4\u00e4nn\u00f6t muuttuvat, h\u00e4n sanoi rauhallisesti. \u2013 Kukaan ei en\u00e4\u00e4 hallitse t\u00e4t\u00e4 paikkaa pelolla.<\/p>\n\n\n\n<p>Kukaan ei nauranut.<\/p>\n\n\n\n<p>Kukaan ei liikkunut.<\/p>\n\n\n\n<p>Jopa tuuli tuntui pys\u00e4htyneen.<\/p>\n\n\n\n<p>Grom istui polvillaan p\u00e4\u00e4 painuksissa. Mies, jota kaikki pelk\u00e4siv\u00e4t, n\u00e4ytti ensimm\u00e4ist\u00e4 kertaa murtuneelta.<\/p>\n\n\n\n<p>Ja muut ymm\u00e4rsiv\u00e4t yhden asian:<\/p>\n\n\n\n<p>Vankilaan oli saapunut mies, jota kukaan ei voinut pelottaa.<\/p>\n","protected":false},"excerpt":{"rendered":"<div class=\"mh-excerpt\"><p>Harmaa aamu vankilan pihalla alkoi kuten monet muutkin. Kylm\u00e4 tuuli kulki betoniseinien v\u00e4list\u00e4, raskaat portit kolisivat ja ilmassa leijui jatkuva j\u00e4nnitys. T\u00e4ss\u00e4 paikassa jokainen p\u00e4iv\u00e4 <a class=\"mh-excerpt-more\" href=\"https:\/\/erevanblog.am\/?p=12627\" title=\"Vankilan vaarallisin ry\u00f6st\u00e4j\u00e4 haastoi uuden vartijan\u2026 mutta minuutin kuluttua koko vankila vaikeni\">[&#8230;]<\/a><\/p>\n<\/div>","protected":false},"author":1,"featured_media":12628,"comment_status":"closed","ping_status":"","sticky":false,"template":"","format":"standard","meta":{"footnotes":""},"categories":[1],"tags":[],"class_list":["post-12627","post","type-post","status-publish","format-standard","has-post-thumbnail","hentry","category-uncategorised"],"yoast_head":"<!-- This site is optimized with the Yoast SEO plugin v27.4 - https:\/\/yoast.com\/product\/yoast-seo-wordpress\/ -->\n<title>Vankilan vaarallisin ry\u00f6st\u00e4j\u00e4 haastoi uuden vartijan\u2026 mutta minuutin kuluttua koko vankila vaikeni -<\/title>\n<meta name=\"robots\" content=\"index, follow, max-snippet:-1, max-image-preview:large, max-video-preview:-1\" \/>\n<link rel=\"canonical\" href=\"http:\/\/erevanblog.am\/?p=12627\" \/>\n<meta property=\"og:locale\" content=\"en_US\" \/>\n<meta property=\"og:type\" content=\"article\" \/>\n<meta property=\"og:title\" content=\"Vankilan vaarallisin ry\u00f6st\u00e4j\u00e4 haastoi uuden vartijan\u2026 mutta minuutin kuluttua koko vankila vaikeni -\" \/>\n<meta property=\"og:description\" content=\"Harmaa aamu vankilan pihalla alkoi kuten monet muutkin. Kylm\u00e4 tuuli kulki betoniseinien v\u00e4list\u00e4, raskaat portit kolisivat ja ilmassa leijui jatkuva j\u00e4nnitys. T\u00e4ss\u00e4 paikassa jokainen p\u00e4iv\u00e4 [...]\" \/>\n<meta property=\"og:url\" content=\"http:\/\/erevanblog.am\/?p=12627\" \/>\n<meta property=\"article:published_time\" content=\"2026-04-27T21:06:22+00:00\" \/>\n<meta property=\"og:image\" content=\"http:\/\/erevanblog.am\/wp-content\/uploads\/2026\/04\/14.jpg\" \/>\n\t<meta property=\"og:image:width\" content=\"542\" \/>\n\t<meta property=\"og:image:height\" content=\"462\" \/>\n\t<meta property=\"og:image:type\" content=\"image\/jpeg\" \/>\n<meta name=\"author\" content=\"erevanblog_a\" \/>\n<meta name=\"twitter:card\" content=\"summary_large_image\" \/>\n<meta name=\"twitter:label1\" content=\"Written by\" \/>\n\t<meta name=\"twitter:data1\" content=\"erevanblog_a\" \/>\n\t<meta name=\"twitter:label2\" content=\"Est. reading time\" \/>\n\t<meta name=\"twitter:data2\" content=\"3 minutes\" \/>\n<script type=\"application\/ld+json\" class=\"yoast-schema-graph\">{\"@context\":\"https:\\\/\\\/schema.org\",\"@graph\":[{\"@type\":\"Article\",\"@id\":\"http:\\\/\\\/erevanblog.am\\\/?p=12627#article\",\"isPartOf\":{\"@id\":\"http:\\\/\\\/erevanblog.am\\\/?p=12627\"},\"author\":{\"name\":\"erevanblog_a\",\"@id\":\"https:\\\/\\\/erevanblog.am\\\/#\\\/schema\\\/person\\\/204f10311eb7ddb8914a5ab3e5f03928\"},\"headline\":\"Vankilan vaarallisin ry\u00f6st\u00e4j\u00e4 haastoi uuden vartijan\u2026 mutta minuutin kuluttua koko vankila vaikeni\",\"datePublished\":\"2026-04-27T21:06:22+00:00\",\"mainEntityOfPage\":{\"@id\":\"http:\\\/\\\/erevanblog.am\\\/?p=12627\"},\"wordCount\":616,\"image\":{\"@id\":\"http:\\\/\\\/erevanblog.am\\\/?p=12627#primaryimage\"},\"thumbnailUrl\":\"https:\\\/\\\/erevanblog.am\\\/wp-content\\\/uploads\\\/2026\\\/04\\\/14.jpg\",\"articleSection\":[\"NEWS\"],\"inLanguage\":\"en-US\"},{\"@type\":\"WebPage\",\"@id\":\"http:\\\/\\\/erevanblog.am\\\/?p=12627\",\"url\":\"http:\\\/\\\/erevanblog.am\\\/?p=12627\",\"name\":\"Vankilan vaarallisin ry\u00f6st\u00e4j\u00e4 haastoi uuden vartijan\u2026 mutta minuutin kuluttua koko vankila vaikeni -\",\"isPartOf\":{\"@id\":\"https:\\\/\\\/erevanblog.am\\\/#website\"},\"primaryImageOfPage\":{\"@id\":\"http:\\\/\\\/erevanblog.am\\\/?p=12627#primaryimage\"},\"image\":{\"@id\":\"http:\\\/\\\/erevanblog.am\\\/?p=12627#primaryimage\"},\"thumbnailUrl\":\"https:\\\/\\\/erevanblog.am\\\/wp-content\\\/uploads\\\/2026\\\/04\\\/14.jpg\",\"datePublished\":\"2026-04-27T21:06:22+00:00\",\"author\":{\"@id\":\"https:\\\/\\\/erevanblog.am\\\/#\\\/schema\\\/person\\\/204f10311eb7ddb8914a5ab3e5f03928\"},\"breadcrumb\":{\"@id\":\"http:\\\/\\\/erevanblog.am\\\/?p=12627#breadcrumb\"},\"inLanguage\":\"en-US\",\"potentialAction\":[{\"@type\":\"ReadAction\",\"target\":[\"http:\\\/\\\/erevanblog.am\\\/?p=12627\"]}]},{\"@type\":\"ImageObject\",\"inLanguage\":\"en-US\",\"@id\":\"http:\\\/\\\/erevanblog.am\\\/?p=12627#primaryimage\",\"url\":\"https:\\\/\\\/erevanblog.am\\\/wp-content\\\/uploads\\\/2026\\\/04\\\/14.jpg\",\"contentUrl\":\"https:\\\/\\\/erevanblog.am\\\/wp-content\\\/uploads\\\/2026\\\/04\\\/14.jpg\",\"width\":542,\"height\":462},{\"@type\":\"BreadcrumbList\",\"@id\":\"http:\\\/\\\/erevanblog.am\\\/?p=12627#breadcrumb\",\"itemListElement\":[{\"@type\":\"ListItem\",\"position\":1,\"name\":\"Home\",\"item\":\"https:\\\/\\\/erevanblog.am\\\/\"},{\"@type\":\"ListItem\",\"position\":2,\"name\":\"Vankilan vaarallisin ry\u00f6st\u00e4j\u00e4 haastoi uuden vartijan\u2026 mutta minuutin kuluttua koko vankila vaikeni\"}]},{\"@type\":\"WebSite\",\"@id\":\"https:\\\/\\\/erevanblog.am\\\/#website\",\"url\":\"https:\\\/\\\/erevanblog.am\\\/\",\"name\":\"\",\"description\":\"\",\"potentialAction\":[{\"@type\":\"SearchAction\",\"target\":{\"@type\":\"EntryPoint\",\"urlTemplate\":\"https:\\\/\\\/erevanblog.am\\\/?s={search_term_string}\"},\"query-input\":{\"@type\":\"PropertyValueSpecification\",\"valueRequired\":true,\"valueName\":\"search_term_string\"}}],\"inLanguage\":\"en-US\"},{\"@type\":\"Person\",\"@id\":\"https:\\\/\\\/erevanblog.am\\\/#\\\/schema\\\/person\\\/204f10311eb7ddb8914a5ab3e5f03928\",\"name\":\"erevanblog_a\",\"image\":{\"@type\":\"ImageObject\",\"inLanguage\":\"en-US\",\"@id\":\"https:\\\/\\\/secure.gravatar.com\\\/avatar\\\/a24f4ac3a683f3c87303db525abc00db51ea26ccedee11dfaf1cc0f9a481a5d2?s=96&d=mm&r=g\",\"url\":\"https:\\\/\\\/secure.gravatar.com\\\/avatar\\\/a24f4ac3a683f3c87303db525abc00db51ea26ccedee11dfaf1cc0f9a481a5d2?s=96&d=mm&r=g\",\"contentUrl\":\"https:\\\/\\\/secure.gravatar.com\\\/avatar\\\/a24f4ac3a683f3c87303db525abc00db51ea26ccedee11dfaf1cc0f9a481a5d2?s=96&d=mm&r=g\",\"caption\":\"erevanblog_a\"},\"sameAs\":[\"http:\\\/\\\/erevanblog.am\"],\"url\":\"https:\\\/\\\/erevanblog.am\\\/?author=1\"}]}<\/script>\n<!-- \/ Yoast SEO plugin. -->","yoast_head_json":{"title":"Vankilan vaarallisin ry\u00f6st\u00e4j\u00e4 haastoi uuden vartijan\u2026 mutta minuutin kuluttua koko vankila vaikeni -","robots":{"index":"index","follow":"follow","max-snippet":"max-snippet:-1","max-image-preview":"max-image-preview:large","max-video-preview":"max-video-preview:-1"},"canonical":"http:\/\/erevanblog.am\/?p=12627","og_locale":"en_US","og_type":"article","og_title":"Vankilan vaarallisin ry\u00f6st\u00e4j\u00e4 haastoi uuden vartijan\u2026 mutta minuutin kuluttua koko vankila vaikeni -","og_description":"Harmaa aamu vankilan pihalla alkoi kuten monet muutkin. Kylm\u00e4 tuuli kulki betoniseinien v\u00e4list\u00e4, raskaat portit kolisivat ja ilmassa leijui jatkuva j\u00e4nnitys. T\u00e4ss\u00e4 paikassa jokainen p\u00e4iv\u00e4 [...]","og_url":"http:\/\/erevanblog.am\/?p=12627","article_published_time":"2026-04-27T21:06:22+00:00","og_image":[{"width":542,"height":462,"url":"http:\/\/erevanblog.am\/wp-content\/uploads\/2026\/04\/14.jpg","type":"image\/jpeg"}],"author":"erevanblog_a","twitter_card":"summary_large_image","twitter_misc":{"Written by":"erevanblog_a","Est. reading time":"3 minutes"},"schema":{"@context":"https:\/\/schema.org","@graph":[{"@type":"Article","@id":"http:\/\/erevanblog.am\/?p=12627#article","isPartOf":{"@id":"http:\/\/erevanblog.am\/?p=12627"},"author":{"name":"erevanblog_a","@id":"https:\/\/erevanblog.am\/#\/schema\/person\/204f10311eb7ddb8914a5ab3e5f03928"},"headline":"Vankilan vaarallisin ry\u00f6st\u00e4j\u00e4 haastoi uuden vartijan\u2026 mutta minuutin kuluttua koko vankila vaikeni","datePublished":"2026-04-27T21:06:22+00:00","mainEntityOfPage":{"@id":"http:\/\/erevanblog.am\/?p=12627"},"wordCount":616,"image":{"@id":"http:\/\/erevanblog.am\/?p=12627#primaryimage"},"thumbnailUrl":"https:\/\/erevanblog.am\/wp-content\/uploads\/2026\/04\/14.jpg","articleSection":["NEWS"],"inLanguage":"en-US"},{"@type":"WebPage","@id":"http:\/\/erevanblog.am\/?p=12627","url":"http:\/\/erevanblog.am\/?p=12627","name":"Vankilan vaarallisin ry\u00f6st\u00e4j\u00e4 haastoi uuden vartijan\u2026 mutta minuutin kuluttua koko vankila vaikeni -","isPartOf":{"@id":"https:\/\/erevanblog.am\/#website"},"primaryImageOfPage":{"@id":"http:\/\/erevanblog.am\/?p=12627#primaryimage"},"image":{"@id":"http:\/\/erevanblog.am\/?p=12627#primaryimage"},"thumbnailUrl":"https:\/\/erevanblog.am\/wp-content\/uploads\/2026\/04\/14.jpg","datePublished":"2026-04-27T21:06:22+00:00","author":{"@id":"https:\/\/erevanblog.am\/#\/schema\/person\/204f10311eb7ddb8914a5ab3e5f03928"},"breadcrumb":{"@id":"http:\/\/erevanblog.am\/?p=12627#breadcrumb"},"inLanguage":"en-US","potentialAction":[{"@type":"ReadAction","target":["http:\/\/erevanblog.am\/?p=12627"]}]},{"@type":"ImageObject","inLanguage":"en-US","@id":"http:\/\/erevanblog.am\/?p=12627#primaryimage","url":"https:\/\/erevanblog.am\/wp-content\/uploads\/2026\/04\/14.jpg","contentUrl":"https:\/\/erevanblog.am\/wp-content\/uploads\/2026\/04\/14.jpg","width":542,"height":462},{"@type":"BreadcrumbList","@id":"http:\/\/erevanblog.am\/?p=12627#breadcrumb","itemListElement":[{"@type":"ListItem","position":1,"name":"Home","item":"https:\/\/erevanblog.am\/"},{"@type":"ListItem","position":2,"name":"Vankilan vaarallisin ry\u00f6st\u00e4j\u00e4 haastoi uuden vartijan\u2026 mutta minuutin kuluttua koko vankila vaikeni"}]},{"@type":"WebSite","@id":"https:\/\/erevanblog.am\/#website","url":"https:\/\/erevanblog.am\/","name":"","description":"","potentialAction":[{"@type":"SearchAction","target":{"@type":"EntryPoint","urlTemplate":"https:\/\/erevanblog.am\/?s={search_term_string}"},"query-input":{"@type":"PropertyValueSpecification","valueRequired":true,"valueName":"search_term_string"}}],"inLanguage":"en-US"},{"@type":"Person","@id":"https:\/\/erevanblog.am\/#\/schema\/person\/204f10311eb7ddb8914a5ab3e5f03928","name":"erevanblog_a","image":{"@type":"ImageObject","inLanguage":"en-US","@id":"https:\/\/secure.gravatar.com\/avatar\/a24f4ac3a683f3c87303db525abc00db51ea26ccedee11dfaf1cc0f9a481a5d2?s=96&d=mm&r=g","url":"https:\/\/secure.gravatar.com\/avatar\/a24f4ac3a683f3c87303db525abc00db51ea26ccedee11dfaf1cc0f9a481a5d2?s=96&d=mm&r=g","contentUrl":"https:\/\/secure.gravatar.com\/avatar\/a24f4ac3a683f3c87303db525abc00db51ea26ccedee11dfaf1cc0f9a481a5d2?s=96&d=mm&r=g","caption":"erevanblog_a"},"sameAs":["http:\/\/erevanblog.am"],"url":"https:\/\/erevanblog.am\/?author=1"}]}},"views":17,"_links":{"self":[{"href":"https:\/\/erevanblog.am\/index.php?rest_route=\/wp\/v2\/posts\/12627","targetHints":{"allow":["GET"]}}],"collection":[{"href":"https:\/\/erevanblog.am\/index.php?rest_route=\/wp\/v2\/posts"}],"about":[{"href":"https:\/\/erevanblog.am\/index.php?rest_route=\/wp\/v2\/types\/post"}],"author":[{"embeddable":true,"href":"https:\/\/erevanblog.am\/index.php?rest_route=\/wp\/v2\/users\/1"}],"replies":[{"embeddable":true,"href":"https:\/\/erevanblog.am\/index.php?rest_route=%2Fwp%2Fv2%2Fcomments&post=12627"}],"version-history":[{"count":1,"href":"https:\/\/erevanblog.am\/index.php?rest_route=\/wp\/v2\/posts\/12627\/revisions"}],"predecessor-version":[{"id":12629,"href":"https:\/\/erevanblog.am\/index.php?rest_route=\/wp\/v2\/posts\/12627\/revisions\/12629"}],"wp:featuredmedia":[{"embeddable":true,"href":"https:\/\/erevanblog.am\/index.php?rest_route=\/wp\/v2\/media\/12628"}],"wp:attachment":[{"href":"https:\/\/erevanblog.am\/index.php?rest_route=%2Fwp%2Fv2%2Fmedia&parent=12627"}],"wp:term":[{"taxonomy":"category","embeddable":true,"href":"https:\/\/erevanblog.am\/index.php?rest_route=%2Fwp%2Fv2%2Fcategories&post=12627"},{"taxonomy":"post_tag","embeddable":true,"href":"https:\/\/erevanblog.am\/index.php?rest_route=%2Fwp%2Fv2%2Ftags&post=12627"}],"curies":[{"name":"wp","href":"https:\/\/api.w.org\/{rel}","templated":true}]}}