{"id":12653,"date":"2026-04-28T17:09:35","date_gmt":"2026-04-28T16:09:35","guid":{"rendered":"https:\/\/erevanblog.am\/?p=12653"},"modified":"2026-04-28T17:09:36","modified_gmt":"2026-04-28T16:09:36","slug":"han-vietti-elamansa-ensimmaiset-kuukaudet-hiljaisuudessa-jota-on-vaikea-selittaa","status":"publish","type":"post","link":"https:\/\/erevanblog.am\/?p=12653","title":{"rendered":"H\u00e4n vietti el\u00e4m\u00e4ns\u00e4 ensimm\u00e4iset kuukaudet hiljaisuudessa, jota on vaikea selitt\u00e4\u00e4."},"content":{"rendered":"\n<p>Ei siksi, etteik\u00f6 h\u00e4nen ymp\u00e4rill\u00e4\u00e4n olisi ollut ihmisi\u00e4 \u2014 p\u00e4invastoin, he tulivat, katsoivat, esittiv\u00e4t kysymyksi\u00e4\u2026 ja l\u00e4htiv\u00e4t pois. Yksi toisensa j\u00e4lkeen. Kaksikymment\u00e4 kertaa. Kaksikymment\u00e4 perhett\u00e4, joista olisi voinut tulla h\u00e4nen kotinsa, mutta jotka p\u00e4\u00e4ttiv\u00e4t k\u00e4\u00e4nty\u00e4 pois.  Papereissa luki: Downin oireyhtym\u00e4.<br>Muiden silmiss\u00e4: \u201dvaikea\u201d, \u201dliikaa vastuuta\u201d, \u201derityistapaus\u201d.<br>Mutta h\u00e4nen katseessaan oli jotakin muuta \u2014 hiljainen toivo, jonka harva huomasi.<\/p>\n\n\n\n<p>Joka kerta kaikki alkoi samalla tavalla. Ovi avautui. Hoitaja hymyili lempe\u00e4sti:<br>\u2014 \u00abH\u00e4n on hyvin rauhallinen tytt\u00f6\u2026 h\u00e4n pit\u00e4\u00e4 siit\u00e4, ett\u00e4 h\u00e4nelle puhutaan.\u00bb<\/p>\n\n\n\n<p>Perheet tulivat l\u00e4hemm\u00e4s. Aluksi varovasti, joskus jopa hymyillen. Sitten melkein aina joku sanoi hiljaa:<br>\u2014 \u00abMe mietimme asiaa\u2026\u00bb<\/p>\n\n\n\n<p>Ja muutaman p\u00e4iv\u00e4n kuluttua tuli vastaus: ei.<\/p>\n\n\n\n<p>Hoitohenkil\u00f6kunta ei en\u00e4\u00e4 yll\u00e4ttynyt. He olivat n\u00e4hneet t\u00e4m\u00e4n liian monta kertaa. Mutta joka kerta, kun he laskivat h\u00e4net takaisin s\u00e4nkyyns\u00e4, joku kuiskasi:<br>\u2014 \u00abSin\u00e4 ansaitset enemm\u00e4n\u2026\u00bb<\/p>\n\n\n\n<p>Kuukaudet kuluivat. Toivo muuttui yh\u00e4 hauraammaksi. Kunnes er\u00e4\u00e4n\u00e4 p\u00e4iv\u00e4n\u00e4 h\u00e4n saapui.<\/p>\n\n\n\n<p>Tavallinen mies. Ilman suuria sanoja, ilman sankarin roolia. Yksin. Ilman puolisoa. Ilman varmuutta. Vain ihminen, joka oli p\u00e4\u00e4tt\u00e4nyt astua sis\u00e4\u00e4n t\u00e4h\u00e4n paikkaan.<\/p>\n\n\n\n<p>\u2014 \u00abHaluan tavata h\u00e4net\u00bb, h\u00e4n sanoi rauhallisesti.<\/p>\n\n\n\n<p>Hoitaja ep\u00e4r\u00f6i. H\u00e4n tiesi jo, miten n\u00e4m\u00e4 tarinat yleens\u00e4 p\u00e4\u00e4ttyiv\u00e4t. Silti h\u00e4n vei miehen lapsen luo.<\/p>\n\n\n\n<p>Mies ei esitt\u00e4nyt tavallisia kysymyksi\u00e4. Ei puhunut vaikeuksista eik\u00e4 tulevaisuudesta. H\u00e4n vain istui h\u00e4nen viereens\u00e4.<\/p>\n\n\n\n<p>Tytt\u00f6 katsoi h\u00e4nt\u00e4 pitk\u00e4\u00e4n. Kuin yritt\u00e4en ymm\u00e4rt\u00e4\u00e4, l\u00e4htisik\u00f6 h\u00e4nkin pois.<\/p>\n\n\n\n<p>\u2014 \u00abHei\u2026\u00bb, mies sanoi hiljaa.<\/p>\n\n\n\n<p>Ja sill\u00e4 hetkell\u00e4 tapahtui jotain, mit\u00e4 on vaikea selitt\u00e4\u00e4. Tytt\u00f6 hymyili.<\/p>\n\n\n\n<p>Ei leve\u00e4sti. Hieman ep\u00e4varmasti. Mutta aidosti.<\/p>\n\n\n\n<p>Mies j\u00e4i paikalleen, sitten kysyi:<br>\u2014 \u00abMiksi h\u00e4n on yh\u00e4 t\u00e4\u00e4ll\u00e4?\u00bb<\/p>\n\n\n\n<p>Hoitaja huokaisi:<br>\u2014 \u00abH\u00e4net on valittu\u2026 ja sitten hyl\u00e4tty. Pelko on liian suuri\u2026\u00bb<\/p>\n\n\n\n<p>Mies ny\u00f6kk\u00e4si. Hiljaisuus kesti hetken. Sitten h\u00e4n sanoi:<br>\u2014 \u00abMin\u00e4 en l\u00e4hde.\u00bb<\/p>\n\n\n\n<p>Sanat olivat yksinkertaiset, mutta painavat.<\/p>\n\n\n\n<p>\u2014 \u00abOletteko varma?\u00bb<br>\u2014 \u00abEn\u00bb, h\u00e4n vastasi rehellisesti. \u00abMutta tied\u00e4n, ettei h\u00e4nen pit\u00e4isi odottaa en\u00e4\u00e4.\u00bb<\/p>\n\n\n\n<figure class=\"wp-block-image size-full\"><img loading=\"lazy\" decoding=\"async\" width=\"542\" height=\"460\" src=\"https:\/\/erevanblog.am\/wp-content\/uploads\/2026\/04\/8856.jpg\" alt=\"\" class=\"wp-image-12654\" srcset=\"https:\/\/erevanblog.am\/wp-content\/uploads\/2026\/04\/8856.jpg 542w, https:\/\/erevanblog.am\/wp-content\/uploads\/2026\/04\/8856-300x255.jpg 300w\" sizes=\"auto, (max-width: 542px) 100vw, 542px\" \/><\/figure>\n\n\n\n<p>Prosessi oli pitk\u00e4. H\u00e4nt\u00e4 varoitettiin. H\u00e4nt\u00e4 yritettiin saada muuttamaan mielens\u00e4. H\u00e4nelle kerrottiin vaikeuksista ja vastuusta.<\/p>\n\n\n\n<p>Yst\u00e4v\u00e4t kysyiv\u00e4t:<br>\u2014 \u00abOletko varma, ett\u00e4 p\u00e4rj\u00e4\u00e4t yksin?\u00bb<\/p>\n\n\n\n<p>H\u00e4n vastasi:<br>\u2014 \u00abEn ole varma mist\u00e4\u00e4n. Mutta olen varma p\u00e4\u00e4t\u00f6ksest\u00e4ni.\u00bb<\/p>\n\n\n\n<p>Sitten tuli p\u00e4iv\u00e4, jolloin h\u00e4n palasi. Mutta ei en\u00e4\u00e4 vierailijana.<\/p>\n\n\n\n<p>H\u00e4n astui s\u00e4ngyn luo, nosti tyt\u00f6n syliins\u00e4. Tytt\u00f6 ei itkenyt. Ei pel\u00e4nnyt. H\u00e4n vain painautui miest\u00e4 vasten, kuin olisi tiennyt, ett\u00e4 kaikki oli muuttunut.<\/p>\n\n\n\n<p>\u2014 \u00abMenn\u00e4\u00e4n kotiin\u00bb, mies sanoi.<\/p>\n\n\n\n<p>Hoitaja k\u00e4\u00e4nsi katseensa pois peitt\u00e4\u00e4kseen kyyneleens\u00e4.<\/p>\n\n\n\n<p>Siit\u00e4 hetkest\u00e4 alkoi uusi el\u00e4m\u00e4.<\/p>\n\n\n\n<p>Se ei ollut helppoa. Oli unettomia \u00f6it\u00e4, ep\u00e4ilyksi\u00e4 ja pelkoja. Mutta joka kerta, kun mies horjui, tytt\u00f6 katsoi h\u00e4nt\u00e4 \u2014 ja hymyili.<\/p>\n\n\n\n<p>Ja siin\u00e4 hymyss\u00e4 oli enemm\u00e4n voimaa kuin kaikissa peloissa yhteens\u00e4.<\/p>\n\n\n\n<p>Vuodet kuluivat.<\/p>\n\n\n\n<p>Er\u00e4\u00e4n\u00e4 p\u00e4iv\u00e4n\u00e4 leikkipuistossa joku kysyi:<br>\u2014 \u00abOnko h\u00e4n teid\u00e4n tytt\u00e4renne?\u00bb<\/p>\n\n\n\n<p>Mies hymyili:<br>\u2014 \u00abOn.\u00bb<\/p>\n\n\n\n<p>\u2014 \u00abH\u00e4n on erityinen, eik\u00f6 ole?\u00bb<\/p>\n\n\n\n<p>Mies katsoi, kuinka tytt\u00f6 nauroi ja juoksi pallon per\u00e4ss\u00e4, ja vastasi:<br>\u2014 \u00abOn. Mutta ei sill\u00e4 tavalla kuin luulette.\u00bb<\/p>\n\n\n\n<p>T\u00e4m\u00e4 ei ole tarina diagnoosista.<br>Eik\u00e4 vaikeuksista.<\/p>\n\n\n\n<p>T\u00e4m\u00e4 on tarina valinnasta.<\/p>\n\n\n\n<p>Miehest\u00e4, joka ei etsinyt t\u00e4ydellist\u00e4 lasta,<br>vaan n\u00e4ki lapsen, joka tarvitsi jonkun \u2014 ja p\u00e4\u00e4tti j\u00e4\u00e4d\u00e4.<\/p>\n\n\n\n<p>Joskus kohtalo ei tee \u00e4\u00e4nt\u00e4.<br>Se antaa vain mahdollisuuden\u2026 ja odottaa, kuka uskaltaa tarttua siihen.<\/p>\n","protected":false},"excerpt":{"rendered":"<div class=\"mh-excerpt\"><p>Ei siksi, etteik\u00f6 h\u00e4nen ymp\u00e4rill\u00e4\u00e4n olisi ollut ihmisi\u00e4 \u2014 p\u00e4invastoin, he tulivat, katsoivat, esittiv\u00e4t kysymyksi\u00e4\u2026 ja l\u00e4htiv\u00e4t pois. Yksi toisensa j\u00e4lkeen. Kaksikymment\u00e4 kertaa. Kaksikymment\u00e4 perhett\u00e4, <a class=\"mh-excerpt-more\" href=\"https:\/\/erevanblog.am\/?p=12653\" title=\"H\u00e4n vietti el\u00e4m\u00e4ns\u00e4 ensimm\u00e4iset kuukaudet hiljaisuudessa, jota on vaikea selitt\u00e4\u00e4.\">[&#8230;]<\/a><\/p>\n<\/div>","protected":false},"author":1,"featured_media":12654,"comment_status":"closed","ping_status":"closed","sticky":false,"template":"","format":"standard","meta":{"footnotes":""},"categories":[1],"tags":[],"class_list":["post-12653","post","type-post","status-publish","format-standard","has-post-thumbnail","hentry","category-uncategorised"],"yoast_head":"<!-- This site is optimized with the Yoast SEO plugin v27.5 - https:\/\/yoast.com\/product\/yoast-seo-wordpress\/ -->\n<title>H\u00e4n vietti el\u00e4m\u00e4ns\u00e4 ensimm\u00e4iset kuukaudet hiljaisuudessa, jota on vaikea selitt\u00e4\u00e4. -<\/title>\n<meta name=\"robots\" content=\"index, follow, max-snippet:-1, max-image-preview:large, max-video-preview:-1\" \/>\n<link rel=\"canonical\" href=\"https:\/\/erevanblog.am\/?p=12653\" \/>\n<meta property=\"og:locale\" content=\"en_US\" \/>\n<meta property=\"og:type\" content=\"article\" \/>\n<meta property=\"og:title\" content=\"H\u00e4n vietti el\u00e4m\u00e4ns\u00e4 ensimm\u00e4iset kuukaudet hiljaisuudessa, jota on vaikea selitt\u00e4\u00e4. -\" \/>\n<meta property=\"og:description\" content=\"Ei siksi, etteik\u00f6 h\u00e4nen ymp\u00e4rill\u00e4\u00e4n olisi ollut ihmisi\u00e4 \u2014 p\u00e4invastoin, he tulivat, katsoivat, esittiv\u00e4t kysymyksi\u00e4\u2026 ja l\u00e4htiv\u00e4t pois. Yksi toisensa j\u00e4lkeen. Kaksikymment\u00e4 kertaa. Kaksikymment\u00e4 perhett\u00e4, [...]\" \/>\n<meta property=\"og:url\" content=\"https:\/\/erevanblog.am\/?p=12653\" \/>\n<meta property=\"article:published_time\" content=\"2026-04-28T16:09:35+00:00\" \/>\n<meta property=\"article:modified_time\" content=\"2026-04-28T16:09:36+00:00\" \/>\n<meta property=\"og:image\" content=\"http:\/\/erevanblog.am\/wp-content\/uploads\/2026\/04\/8856.jpg\" \/>\n\t<meta property=\"og:image:width\" content=\"542\" \/>\n\t<meta property=\"og:image:height\" content=\"460\" \/>\n\t<meta property=\"og:image:type\" content=\"image\/jpeg\" \/>\n<meta name=\"author\" content=\"erevanblog_a\" \/>\n<meta name=\"twitter:card\" content=\"summary_large_image\" \/>\n<meta name=\"twitter:label1\" content=\"Written by\" \/>\n\t<meta name=\"twitter:data1\" content=\"erevanblog_a\" \/>\n\t<meta name=\"twitter:label2\" content=\"Est. reading time\" \/>\n\t<meta name=\"twitter:data2\" content=\"3 minutes\" \/>\n<script type=\"application\/ld+json\" class=\"yoast-schema-graph\">{\"@context\":\"https:\\\/\\\/schema.org\",\"@graph\":[{\"@type\":\"Article\",\"@id\":\"https:\\\/\\\/erevanblog.am\\\/?p=12653#article\",\"isPartOf\":{\"@id\":\"https:\\\/\\\/erevanblog.am\\\/?p=12653\"},\"author\":{\"name\":\"erevanblog_a\",\"@id\":\"https:\\\/\\\/erevanblog.am\\\/#\\\/schema\\\/person\\\/204f10311eb7ddb8914a5ab3e5f03928\"},\"headline\":\"H\u00e4n vietti el\u00e4m\u00e4ns\u00e4 ensimm\u00e4iset kuukaudet hiljaisuudessa, jota on vaikea selitt\u00e4\u00e4.\",\"datePublished\":\"2026-04-28T16:09:35+00:00\",\"dateModified\":\"2026-04-28T16:09:36+00:00\",\"mainEntityOfPage\":{\"@id\":\"https:\\\/\\\/erevanblog.am\\\/?p=12653\"},\"wordCount\":595,\"image\":{\"@id\":\"https:\\\/\\\/erevanblog.am\\\/?p=12653#primaryimage\"},\"thumbnailUrl\":\"https:\\\/\\\/erevanblog.am\\\/wp-content\\\/uploads\\\/2026\\\/04\\\/8856.jpg\",\"articleSection\":[\"NEWS\"],\"inLanguage\":\"en-US\"},{\"@type\":\"WebPage\",\"@id\":\"https:\\\/\\\/erevanblog.am\\\/?p=12653\",\"url\":\"https:\\\/\\\/erevanblog.am\\\/?p=12653\",\"name\":\"H\u00e4n vietti el\u00e4m\u00e4ns\u00e4 ensimm\u00e4iset kuukaudet hiljaisuudessa, jota on vaikea selitt\u00e4\u00e4. -\",\"isPartOf\":{\"@id\":\"https:\\\/\\\/erevanblog.am\\\/#website\"},\"primaryImageOfPage\":{\"@id\":\"https:\\\/\\\/erevanblog.am\\\/?p=12653#primaryimage\"},\"image\":{\"@id\":\"https:\\\/\\\/erevanblog.am\\\/?p=12653#primaryimage\"},\"thumbnailUrl\":\"https:\\\/\\\/erevanblog.am\\\/wp-content\\\/uploads\\\/2026\\\/04\\\/8856.jpg\",\"datePublished\":\"2026-04-28T16:09:35+00:00\",\"dateModified\":\"2026-04-28T16:09:36+00:00\",\"author\":{\"@id\":\"https:\\\/\\\/erevanblog.am\\\/#\\\/schema\\\/person\\\/204f10311eb7ddb8914a5ab3e5f03928\"},\"breadcrumb\":{\"@id\":\"https:\\\/\\\/erevanblog.am\\\/?p=12653#breadcrumb\"},\"inLanguage\":\"en-US\",\"potentialAction\":[{\"@type\":\"ReadAction\",\"target\":[\"https:\\\/\\\/erevanblog.am\\\/?p=12653\"]}]},{\"@type\":\"ImageObject\",\"inLanguage\":\"en-US\",\"@id\":\"https:\\\/\\\/erevanblog.am\\\/?p=12653#primaryimage\",\"url\":\"https:\\\/\\\/erevanblog.am\\\/wp-content\\\/uploads\\\/2026\\\/04\\\/8856.jpg\",\"contentUrl\":\"https:\\\/\\\/erevanblog.am\\\/wp-content\\\/uploads\\\/2026\\\/04\\\/8856.jpg\",\"width\":542,\"height\":460},{\"@type\":\"BreadcrumbList\",\"@id\":\"https:\\\/\\\/erevanblog.am\\\/?p=12653#breadcrumb\",\"itemListElement\":[{\"@type\":\"ListItem\",\"position\":1,\"name\":\"Home\",\"item\":\"https:\\\/\\\/erevanblog.am\\\/\"},{\"@type\":\"ListItem\",\"position\":2,\"name\":\"H\u00e4n vietti el\u00e4m\u00e4ns\u00e4 ensimm\u00e4iset kuukaudet hiljaisuudessa, jota on vaikea selitt\u00e4\u00e4.\"}]},{\"@type\":\"WebSite\",\"@id\":\"https:\\\/\\\/erevanblog.am\\\/#website\",\"url\":\"https:\\\/\\\/erevanblog.am\\\/\",\"name\":\"\",\"description\":\"\",\"potentialAction\":[{\"@type\":\"SearchAction\",\"target\":{\"@type\":\"EntryPoint\",\"urlTemplate\":\"https:\\\/\\\/erevanblog.am\\\/?s={search_term_string}\"},\"query-input\":{\"@type\":\"PropertyValueSpecification\",\"valueRequired\":true,\"valueName\":\"search_term_string\"}}],\"inLanguage\":\"en-US\"},{\"@type\":\"Person\",\"@id\":\"https:\\\/\\\/erevanblog.am\\\/#\\\/schema\\\/person\\\/204f10311eb7ddb8914a5ab3e5f03928\",\"name\":\"erevanblog_a\",\"image\":{\"@type\":\"ImageObject\",\"inLanguage\":\"en-US\",\"@id\":\"https:\\\/\\\/secure.gravatar.com\\\/avatar\\\/a24f4ac3a683f3c87303db525abc00db51ea26ccedee11dfaf1cc0f9a481a5d2?s=96&d=mm&r=g\",\"url\":\"https:\\\/\\\/secure.gravatar.com\\\/avatar\\\/a24f4ac3a683f3c87303db525abc00db51ea26ccedee11dfaf1cc0f9a481a5d2?s=96&d=mm&r=g\",\"contentUrl\":\"https:\\\/\\\/secure.gravatar.com\\\/avatar\\\/a24f4ac3a683f3c87303db525abc00db51ea26ccedee11dfaf1cc0f9a481a5d2?s=96&d=mm&r=g\",\"caption\":\"erevanblog_a\"},\"sameAs\":[\"http:\\\/\\\/erevanblog.am\"],\"url\":\"https:\\\/\\\/erevanblog.am\\\/?author=1\"}]}<\/script>\n<!-- \/ Yoast SEO plugin. -->","yoast_head_json":{"title":"H\u00e4n vietti el\u00e4m\u00e4ns\u00e4 ensimm\u00e4iset kuukaudet hiljaisuudessa, jota on vaikea selitt\u00e4\u00e4. -","robots":{"index":"index","follow":"follow","max-snippet":"max-snippet:-1","max-image-preview":"max-image-preview:large","max-video-preview":"max-video-preview:-1"},"canonical":"https:\/\/erevanblog.am\/?p=12653","og_locale":"en_US","og_type":"article","og_title":"H\u00e4n vietti el\u00e4m\u00e4ns\u00e4 ensimm\u00e4iset kuukaudet hiljaisuudessa, jota on vaikea selitt\u00e4\u00e4. -","og_description":"Ei siksi, etteik\u00f6 h\u00e4nen ymp\u00e4rill\u00e4\u00e4n olisi ollut ihmisi\u00e4 \u2014 p\u00e4invastoin, he tulivat, katsoivat, esittiv\u00e4t kysymyksi\u00e4\u2026 ja l\u00e4htiv\u00e4t pois. Yksi toisensa j\u00e4lkeen. Kaksikymment\u00e4 kertaa. Kaksikymment\u00e4 perhett\u00e4, [...]","og_url":"https:\/\/erevanblog.am\/?p=12653","article_published_time":"2026-04-28T16:09:35+00:00","article_modified_time":"2026-04-28T16:09:36+00:00","og_image":[{"width":542,"height":460,"url":"http:\/\/erevanblog.am\/wp-content\/uploads\/2026\/04\/8856.jpg","type":"image\/jpeg"}],"author":"erevanblog_a","twitter_card":"summary_large_image","twitter_misc":{"Written by":"erevanblog_a","Est. reading time":"3 minutes"},"schema":{"@context":"https:\/\/schema.org","@graph":[{"@type":"Article","@id":"https:\/\/erevanblog.am\/?p=12653#article","isPartOf":{"@id":"https:\/\/erevanblog.am\/?p=12653"},"author":{"name":"erevanblog_a","@id":"https:\/\/erevanblog.am\/#\/schema\/person\/204f10311eb7ddb8914a5ab3e5f03928"},"headline":"H\u00e4n vietti el\u00e4m\u00e4ns\u00e4 ensimm\u00e4iset kuukaudet hiljaisuudessa, jota on vaikea selitt\u00e4\u00e4.","datePublished":"2026-04-28T16:09:35+00:00","dateModified":"2026-04-28T16:09:36+00:00","mainEntityOfPage":{"@id":"https:\/\/erevanblog.am\/?p=12653"},"wordCount":595,"image":{"@id":"https:\/\/erevanblog.am\/?p=12653#primaryimage"},"thumbnailUrl":"https:\/\/erevanblog.am\/wp-content\/uploads\/2026\/04\/8856.jpg","articleSection":["NEWS"],"inLanguage":"en-US"},{"@type":"WebPage","@id":"https:\/\/erevanblog.am\/?p=12653","url":"https:\/\/erevanblog.am\/?p=12653","name":"H\u00e4n vietti el\u00e4m\u00e4ns\u00e4 ensimm\u00e4iset kuukaudet hiljaisuudessa, jota on vaikea selitt\u00e4\u00e4. -","isPartOf":{"@id":"https:\/\/erevanblog.am\/#website"},"primaryImageOfPage":{"@id":"https:\/\/erevanblog.am\/?p=12653#primaryimage"},"image":{"@id":"https:\/\/erevanblog.am\/?p=12653#primaryimage"},"thumbnailUrl":"https:\/\/erevanblog.am\/wp-content\/uploads\/2026\/04\/8856.jpg","datePublished":"2026-04-28T16:09:35+00:00","dateModified":"2026-04-28T16:09:36+00:00","author":{"@id":"https:\/\/erevanblog.am\/#\/schema\/person\/204f10311eb7ddb8914a5ab3e5f03928"},"breadcrumb":{"@id":"https:\/\/erevanblog.am\/?p=12653#breadcrumb"},"inLanguage":"en-US","potentialAction":[{"@type":"ReadAction","target":["https:\/\/erevanblog.am\/?p=12653"]}]},{"@type":"ImageObject","inLanguage":"en-US","@id":"https:\/\/erevanblog.am\/?p=12653#primaryimage","url":"https:\/\/erevanblog.am\/wp-content\/uploads\/2026\/04\/8856.jpg","contentUrl":"https:\/\/erevanblog.am\/wp-content\/uploads\/2026\/04\/8856.jpg","width":542,"height":460},{"@type":"BreadcrumbList","@id":"https:\/\/erevanblog.am\/?p=12653#breadcrumb","itemListElement":[{"@type":"ListItem","position":1,"name":"Home","item":"https:\/\/erevanblog.am\/"},{"@type":"ListItem","position":2,"name":"H\u00e4n vietti el\u00e4m\u00e4ns\u00e4 ensimm\u00e4iset kuukaudet hiljaisuudessa, jota on vaikea selitt\u00e4\u00e4."}]},{"@type":"WebSite","@id":"https:\/\/erevanblog.am\/#website","url":"https:\/\/erevanblog.am\/","name":"","description":"","potentialAction":[{"@type":"SearchAction","target":{"@type":"EntryPoint","urlTemplate":"https:\/\/erevanblog.am\/?s={search_term_string}"},"query-input":{"@type":"PropertyValueSpecification","valueRequired":true,"valueName":"search_term_string"}}],"inLanguage":"en-US"},{"@type":"Person","@id":"https:\/\/erevanblog.am\/#\/schema\/person\/204f10311eb7ddb8914a5ab3e5f03928","name":"erevanblog_a","image":{"@type":"ImageObject","inLanguage":"en-US","@id":"https:\/\/secure.gravatar.com\/avatar\/a24f4ac3a683f3c87303db525abc00db51ea26ccedee11dfaf1cc0f9a481a5d2?s=96&d=mm&r=g","url":"https:\/\/secure.gravatar.com\/avatar\/a24f4ac3a683f3c87303db525abc00db51ea26ccedee11dfaf1cc0f9a481a5d2?s=96&d=mm&r=g","contentUrl":"https:\/\/secure.gravatar.com\/avatar\/a24f4ac3a683f3c87303db525abc00db51ea26ccedee11dfaf1cc0f9a481a5d2?s=96&d=mm&r=g","caption":"erevanblog_a"},"sameAs":["http:\/\/erevanblog.am"],"url":"https:\/\/erevanblog.am\/?author=1"}]}},"views":10,"_links":{"self":[{"href":"https:\/\/erevanblog.am\/index.php?rest_route=\/wp\/v2\/posts\/12653","targetHints":{"allow":["GET"]}}],"collection":[{"href":"https:\/\/erevanblog.am\/index.php?rest_route=\/wp\/v2\/posts"}],"about":[{"href":"https:\/\/erevanblog.am\/index.php?rest_route=\/wp\/v2\/types\/post"}],"author":[{"embeddable":true,"href":"https:\/\/erevanblog.am\/index.php?rest_route=\/wp\/v2\/users\/1"}],"replies":[{"embeddable":true,"href":"https:\/\/erevanblog.am\/index.php?rest_route=%2Fwp%2Fv2%2Fcomments&post=12653"}],"version-history":[{"count":1,"href":"https:\/\/erevanblog.am\/index.php?rest_route=\/wp\/v2\/posts\/12653\/revisions"}],"predecessor-version":[{"id":12655,"href":"https:\/\/erevanblog.am\/index.php?rest_route=\/wp\/v2\/posts\/12653\/revisions\/12655"}],"wp:featuredmedia":[{"embeddable":true,"href":"https:\/\/erevanblog.am\/index.php?rest_route=\/wp\/v2\/media\/12654"}],"wp:attachment":[{"href":"https:\/\/erevanblog.am\/index.php?rest_route=%2Fwp%2Fv2%2Fmedia&parent=12653"}],"wp:term":[{"taxonomy":"category","embeddable":true,"href":"https:\/\/erevanblog.am\/index.php?rest_route=%2Fwp%2Fv2%2Fcategories&post=12653"},{"taxonomy":"post_tag","embeddable":true,"href":"https:\/\/erevanblog.am\/index.php?rest_route=%2Fwp%2Fv2%2Ftags&post=12653"}],"curies":[{"name":"wp","href":"https:\/\/api.w.org\/{rel}","templated":true}]}}