{"id":12666,"date":"2026-04-30T06:53:02","date_gmt":"2026-04-30T05:53:02","guid":{"rendered":"https:\/\/erevanblog.am\/?p=12666"},"modified":"2026-04-30T06:53:03","modified_gmt":"2026-04-30T05:53:03","slug":"puristin-mikrofonia-niin-kovaa-etta-sormeni-vaalenivat-sydan-hakkasi-kurkussa-hengitys-katkesi-mutta-ensimmaista-kertaa-vuosiin-en-halunnut-enaa-vaieta","status":"publish","type":"post","link":"https:\/\/erevanblog.am\/?p=12666","title":{"rendered":"Puristin mikrofonia niin kovaa, ett\u00e4 sormeni vaalenivat. Syd\u00e4n hakkasi kurkussa, hengitys katkesi, mutta ensimm\u00e4ist\u00e4 kertaa vuosiin en halunnut en\u00e4\u00e4 vaieta."},"content":{"rendered":"\n<p>\u2014 Nyt riitt\u00e4\u00e4, sanoin. \u00c4\u00e4neni kantoi yll\u00e4tt\u00e4v\u00e4n voimakkaasti.<\/p>\n\n\n\n<p>Ensin \u2014 hiljaisuus. Raskas, painava hiljaisuus. Ne, jotka hetki sitten nauroivat, v\u00e4lttiv\u00e4t nyt katsettani. Joku suoristi hermostuneesti pukuaan, toinen tuijotti puhelintaan kuin mit\u00e4\u00e4n ei olisi tapahtunut.<\/p>\n\n\n\n<p>Astuin askeleen eteenp\u00e4in.<\/p>\n\n\n\n<p>\u2014 Te nauratte\u2026 \u2014 sanoin hitaasti ja katsoin salia. \u2014 Mutta kenelle te nauratte? Naiselle, joka on pessyt t\u00e4m\u00e4n koulun lattiat, jotta min\u00e4 voisin istua luokassa teid\u00e4n vieress\u00e4nne?<\/p>\n\n\n\n<p>Kukaan ei vastannut.<\/p>\n\n\n\n<p>\u2014 Nauratteko siksi, ettei minulla ole tytt\u00f6yst\u00e4v\u00e4\u00e4? Vai siksi, ett\u00e4 minulla on joku paljon t\u00e4rke\u00e4mpi?<\/p>\n\n\n\n<p>Jossain ysk\u00e4istiin hiljaa. Muusikot lavalla seisoivat liikkumatta.<\/p>\n\n\n\n<p>\u2014 Tied\u00e4ttek\u00f6\u2026 \u2014 jatkoin, \u00e4\u00e4ni vahvistui, \u2014 kun olin viisivuotias, minulla ei ollut hienoja vaatteita eik\u00e4 leluja. Mutta minulla oli h\u00e4n. Kun olin kymmenen ja kuulin teid\u00e4n kuiskauksenne selk\u00e4ni takana \u2014 h\u00e4n oli vierell\u00e4ni. Kun palasin kotiin murtuneena, n\u00f6yryytettyn\u00e4, vihaisena \u2014 h\u00e4n istui viereeni, silitti hiuksiani ja sanoi: \u201cSin\u00e4 olet vahva. Sin\u00e4 selvi\u00e4t.\u201d<\/p>\n\n\n\n<p>Pys\u00e4hdyin hetkeksi.<\/p>\n\n\n\n<figure class=\"wp-block-image size-full\"><img loading=\"lazy\" decoding=\"async\" width=\"542\" height=\"456\" src=\"https:\/\/erevanblog.am\/wp-content\/uploads\/2026\/04\/9856.jpg\" alt=\"\" class=\"wp-image-12667\" srcset=\"https:\/\/erevanblog.am\/wp-content\/uploads\/2026\/04\/9856.jpg 542w, https:\/\/erevanblog.am\/wp-content\/uploads\/2026\/04\/9856-300x252.jpg 300w\" sizes=\"auto, (max-width: 542px) 100vw, 542px\" \/><\/figure>\n\n\n\n<p>\u2014 H\u00e4n ei koskaan itkenyt edess\u00e4ni. Vaikka se oli vaikeaa. Vaikka sattui. H\u00e4n ei koskaan antanut minun tuntea itse\u00e4ni muita huonommaksi.<\/p>\n\n\n\n<p>K\u00e4\u00e4nnyin h\u00e4neen p\u00e4in. H\u00e4n seisoi salin reunalla, kuin haluaisi kadota. H\u00e4n puristi laukkuaan tiukasti.<\/p>\n\n\n\n<p>\u2014 Te n\u00e4ette siivoojan, \u2014 sanoin hiljaa. \u2014 Min\u00e4 n\u00e4en ihmisen, joka luopui omasta el\u00e4m\u00e4st\u00e4\u00e4n, jotta minulla olisi omani.<\/p>\n\n\n\n<p>Hiljaisuus syveni.<\/p>\n\n\n\n<p>\u2014 Nauratteko h\u00e4nen mekostaan? \u2014 hymyilin katkerasti. \u2014 H\u00e4n osti sen vuosia sitten\u2026 eik\u00e4 koskaan k\u00e4ytt\u00e4nyt sit\u00e4. Tied\u00e4ttek\u00f6 miksi? Koska aina oli t\u00e4rke\u00e4mpi\u00e4 menoja. Koska ensin \u2014 olin min\u00e4. Aina min\u00e4.<\/p>\n\n\n\n<p>Joku laski katseensa.<\/p>\n\n\n\n<p>\u2014 Ja t\u00e4n\u00e4\u00e4n\u2026 \u2014 \u00e4\u00e4neni v\u00e4r\u00e4hti, mutta jatkoin, \u2014 t\u00e4n\u00e4\u00e4n voin vihdoin tehd\u00e4 jotain h\u00e4nen puolestaan. Pienen teon, jotta h\u00e4n ei olisi n\u00e4kym\u00e4t\u00f6n, ei varjo\u2026 vaan t\u00e4rkein ihminen el\u00e4m\u00e4ss\u00e4ni.<\/p>\n\n\n\n<p>Vedinh\u00e4n syv\u00e4\u00e4n henke\u00e4.<\/p>\n\n\n\n<p>\u2014 Niin, tulin h\u00e4nen kanssaan. Ja olen siit\u00e4 ylpe\u00e4.<\/p>\n\n\n\n<p>Hiljaisuus.<\/p>\n\n\n\n<p>Todellinen hiljaisuus.<\/p>\n\n\n\n<p>Laskin mikrofonin.<\/p>\n\n\n\n<p>Ja sitten\u2026 joku alkoi taputtaa.<\/p>\n\n\n\n<p>Ensin yksi. Sitten toinen. Sitten yh\u00e4 useampi.<\/p>\n\n\n\n<p>Taputukset kasvoivat kuin aalto ja t\u00e4yttiv\u00e4t koko salin. Ne, jotka nauroivat, seisoivat nyt. Joillakin oli kyyneleet silmiss\u00e4.<\/p>\n\n\n\n<p>Menin h\u00e4nen luokseen.<\/p>\n\n\n\n<p>H\u00e4n katsoi minua ep\u00e4uskoisena. H\u00e4nen silm\u00e4ns\u00e4 kiilsiv\u00e4t \u2014 mutta ne eiv\u00e4t olleet en\u00e4\u00e4 samanlaiset kyyneleet.<\/p>\n\n\n\n<p>\u2014 Tanssitaanko? kysyin hiljaa.<\/p>\n\n\n\n<p>T\u00e4ll\u00e4 kertaa h\u00e4n ei ep\u00e4r\u00f6inyt.<\/p>\n\n\n\n<p>Tartuin h\u00e4nen k\u00e4teens\u00e4. Siihen samaan k\u00e4teen, joka oli pit\u00e4nyt minusta kiinni vaikeimpina hetkin\u00e4. Siihen k\u00e4teen, joka oli tehnyt t\u00f6it\u00e4 uupumukseen asti, jotta minulla olisi tulevaisuus.<\/p>\n\n\n\n<p>Musiikki alkoi uudelleen.<\/p>\n\n\n\n<p>Hitaasti. Pehme\u00e4sti. Kunnioittavasti.<\/p>\n\n\n\n<p>Astuimme salin keskelle.<\/p>\n\n\n\n<p>Eik\u00e4 kukaan en\u00e4\u00e4 nauranut.<\/p>\n\n\n\n<p>Kukaan ei kuiskannut.<\/p>\n\n\n\n<p>Kaikki vain katsoivat.<\/p>\n\n\n\n<p>Tunsin, ettei h\u00e4nen k\u00e4tens\u00e4 en\u00e4\u00e4 vapissut. Ett\u00e4 h\u00e4nen selk\u00e4ns\u00e4 suoristui. Ett\u00e4 h\u00e4nen liikkeisiins\u00e4 ilmestyi uusi varmuus.<\/p>\n\n\n\n<p>Ja silloin ymm\u00e4rsin jotain.<\/p>\n\n\n\n<p>Joskus riitt\u00e4\u00e4 yksi teko. Yksi sana. Yksi hetki, jolloin lakkaa pelk\u00e4\u00e4m\u00e4st\u00e4 \u2014 ja kaikki muuttuu.<\/p>\n\n\n\n<p>Mutta totuus oli viel\u00e4 syvempi.<\/p>\n\n\n\n<p>Maailma ei muuttunut.<\/p>\n\n\n\n<p>He vain n\u00e4kiv\u00e4t viimein sen, mik\u00e4 oli ollut heid\u00e4n edess\u00e4\u00e4n koko ajan.<\/p>\n\n\n\n<p>Ei siivoojaa.<\/p>\n\n\n\n<p>Ei vanhaa naista kuluneessa mekossa.<\/p>\n\n\n\n<p>Vaan ihmisen, joka oli el\u00e4nyt el\u00e4m\u00e4n, joka ansaitsee kunnioitusta.<\/p>\n\n\n\n<p>Ja ehk\u00e4 ensimm\u00e4ist\u00e4 kertaa \u2014 h\u00e4n itsekin tunsi sen.<\/p>\n\n\n\n<p>Kun tanssi p\u00e4\u00e4ttyi, sali r\u00e4j\u00e4hti aplodeihin.<\/p>\n\n\n\n<p>Mutta min\u00e4 en en\u00e4\u00e4 kuullut niit\u00e4.<\/p>\n\n\n\n<p>Koska t\u00e4rkein ei ollut siell\u00e4.<\/p>\n\n\n\n<p>Se oli meid\u00e4n v\u00e4lill\u00e4mme.<\/p>\n\n\n\n<p>H\u00e4n katsoi minua ja kuiskasi:<\/p>\n\n\n\n<p>\u2014 Kiitos\u2026 poikani.<\/p>\n\n\n\n<p>Ja sill\u00e4 hetkell\u00e4 ymm\u00e4rsin: t\u00e4m\u00e4 ei ollut vain p\u00e4\u00e4tt\u00e4j\u00e4isilta.<\/p>\n\n\n\n<p>Se oli hetki, jolloin kaikki viimein loksahti paikoilleen.<\/p>\n","protected":false},"excerpt":{"rendered":"<div class=\"mh-excerpt\"><p>\u2014 Nyt riitt\u00e4\u00e4, sanoin. \u00c4\u00e4neni kantoi yll\u00e4tt\u00e4v\u00e4n voimakkaasti. Ensin \u2014 hiljaisuus. Raskas, painava hiljaisuus. Ne, jotka hetki sitten nauroivat, v\u00e4lttiv\u00e4t nyt katsettani. Joku suoristi hermostuneesti <a class=\"mh-excerpt-more\" href=\"https:\/\/erevanblog.am\/?p=12666\" title=\"Puristin mikrofonia niin kovaa, ett\u00e4 sormeni vaalenivat. Syd\u00e4n hakkasi kurkussa, hengitys katkesi, mutta ensimm\u00e4ist\u00e4 kertaa vuosiin en halunnut en\u00e4\u00e4 vaieta.\">[&#8230;]<\/a><\/p>\n<\/div>","protected":false},"author":1,"featured_media":12667,"comment_status":"closed","ping_status":"closed","sticky":false,"template":"","format":"standard","meta":{"footnotes":""},"categories":[1],"tags":[],"class_list":["post-12666","post","type-post","status-publish","format-standard","has-post-thumbnail","hentry","category-uncategorised"],"yoast_head":"<!-- This site is optimized with the Yoast SEO plugin v27.5 - https:\/\/yoast.com\/product\/yoast-seo-wordpress\/ -->\n<title>Puristin mikrofonia niin kovaa, ett\u00e4 sormeni vaalenivat. Syd\u00e4n hakkasi kurkussa, hengitys katkesi, mutta ensimm\u00e4ist\u00e4 kertaa vuosiin en halunnut en\u00e4\u00e4 vaieta. -<\/title>\n<meta name=\"robots\" content=\"index, follow, max-snippet:-1, max-image-preview:large, max-video-preview:-1\" \/>\n<link rel=\"canonical\" href=\"https:\/\/erevanblog.am\/?p=12666\" \/>\n<meta property=\"og:locale\" content=\"en_US\" \/>\n<meta property=\"og:type\" content=\"article\" \/>\n<meta property=\"og:title\" content=\"Puristin mikrofonia niin kovaa, ett\u00e4 sormeni vaalenivat. Syd\u00e4n hakkasi kurkussa, hengitys katkesi, mutta ensimm\u00e4ist\u00e4 kertaa vuosiin en halunnut en\u00e4\u00e4 vaieta. -\" \/>\n<meta property=\"og:description\" content=\"\u2014 Nyt riitt\u00e4\u00e4, sanoin. \u00c4\u00e4neni kantoi yll\u00e4tt\u00e4v\u00e4n voimakkaasti. Ensin \u2014 hiljaisuus. Raskas, painava hiljaisuus. Ne, jotka hetki sitten nauroivat, v\u00e4lttiv\u00e4t nyt katsettani. Joku suoristi hermostuneesti [...]\" \/>\n<meta property=\"og:url\" content=\"https:\/\/erevanblog.am\/?p=12666\" \/>\n<meta property=\"article:published_time\" content=\"2026-04-30T05:53:02+00:00\" \/>\n<meta property=\"article:modified_time\" content=\"2026-04-30T05:53:03+00:00\" \/>\n<meta property=\"og:image\" content=\"http:\/\/erevanblog.am\/wp-content\/uploads\/2026\/04\/9856.jpg\" \/>\n\t<meta property=\"og:image:width\" content=\"542\" \/>\n\t<meta property=\"og:image:height\" content=\"456\" \/>\n\t<meta property=\"og:image:type\" content=\"image\/jpeg\" \/>\n<meta name=\"author\" content=\"erevanblog_a\" \/>\n<meta name=\"twitter:card\" content=\"summary_large_image\" \/>\n<meta name=\"twitter:label1\" content=\"Written by\" \/>\n\t<meta name=\"twitter:data1\" content=\"erevanblog_a\" \/>\n\t<meta name=\"twitter:label2\" content=\"Est. reading time\" \/>\n\t<meta name=\"twitter:data2\" content=\"3 minutes\" \/>\n<script type=\"application\/ld+json\" class=\"yoast-schema-graph\">{\"@context\":\"https:\\\/\\\/schema.org\",\"@graph\":[{\"@type\":\"Article\",\"@id\":\"https:\\\/\\\/erevanblog.am\\\/?p=12666#article\",\"isPartOf\":{\"@id\":\"https:\\\/\\\/erevanblog.am\\\/?p=12666\"},\"author\":{\"name\":\"erevanblog_a\",\"@id\":\"https:\\\/\\\/erevanblog.am\\\/#\\\/schema\\\/person\\\/204f10311eb7ddb8914a5ab3e5f03928\"},\"headline\":\"Puristin mikrofonia niin kovaa, ett\u00e4 sormeni vaalenivat. Syd\u00e4n hakkasi kurkussa, hengitys katkesi, mutta ensimm\u00e4ist\u00e4 kertaa vuosiin en halunnut en\u00e4\u00e4 vaieta.\",\"datePublished\":\"2026-04-30T05:53:02+00:00\",\"dateModified\":\"2026-04-30T05:53:03+00:00\",\"mainEntityOfPage\":{\"@id\":\"https:\\\/\\\/erevanblog.am\\\/?p=12666\"},\"wordCount\":616,\"image\":{\"@id\":\"https:\\\/\\\/erevanblog.am\\\/?p=12666#primaryimage\"},\"thumbnailUrl\":\"https:\\\/\\\/erevanblog.am\\\/wp-content\\\/uploads\\\/2026\\\/04\\\/9856.jpg\",\"articleSection\":[\"NEWS\"],\"inLanguage\":\"en-US\"},{\"@type\":\"WebPage\",\"@id\":\"https:\\\/\\\/erevanblog.am\\\/?p=12666\",\"url\":\"https:\\\/\\\/erevanblog.am\\\/?p=12666\",\"name\":\"Puristin mikrofonia niin kovaa, ett\u00e4 sormeni vaalenivat. Syd\u00e4n hakkasi kurkussa, hengitys katkesi, mutta ensimm\u00e4ist\u00e4 kertaa vuosiin en halunnut en\u00e4\u00e4 vaieta. -\",\"isPartOf\":{\"@id\":\"https:\\\/\\\/erevanblog.am\\\/#website\"},\"primaryImageOfPage\":{\"@id\":\"https:\\\/\\\/erevanblog.am\\\/?p=12666#primaryimage\"},\"image\":{\"@id\":\"https:\\\/\\\/erevanblog.am\\\/?p=12666#primaryimage\"},\"thumbnailUrl\":\"https:\\\/\\\/erevanblog.am\\\/wp-content\\\/uploads\\\/2026\\\/04\\\/9856.jpg\",\"datePublished\":\"2026-04-30T05:53:02+00:00\",\"dateModified\":\"2026-04-30T05:53:03+00:00\",\"author\":{\"@id\":\"https:\\\/\\\/erevanblog.am\\\/#\\\/schema\\\/person\\\/204f10311eb7ddb8914a5ab3e5f03928\"},\"breadcrumb\":{\"@id\":\"https:\\\/\\\/erevanblog.am\\\/?p=12666#breadcrumb\"},\"inLanguage\":\"en-US\",\"potentialAction\":[{\"@type\":\"ReadAction\",\"target\":[\"https:\\\/\\\/erevanblog.am\\\/?p=12666\"]}]},{\"@type\":\"ImageObject\",\"inLanguage\":\"en-US\",\"@id\":\"https:\\\/\\\/erevanblog.am\\\/?p=12666#primaryimage\",\"url\":\"https:\\\/\\\/erevanblog.am\\\/wp-content\\\/uploads\\\/2026\\\/04\\\/9856.jpg\",\"contentUrl\":\"https:\\\/\\\/erevanblog.am\\\/wp-content\\\/uploads\\\/2026\\\/04\\\/9856.jpg\",\"width\":542,\"height\":456},{\"@type\":\"BreadcrumbList\",\"@id\":\"https:\\\/\\\/erevanblog.am\\\/?p=12666#breadcrumb\",\"itemListElement\":[{\"@type\":\"ListItem\",\"position\":1,\"name\":\"Home\",\"item\":\"https:\\\/\\\/erevanblog.am\\\/\"},{\"@type\":\"ListItem\",\"position\":2,\"name\":\"Puristin mikrofonia niin kovaa, ett\u00e4 sormeni vaalenivat. Syd\u00e4n hakkasi kurkussa, hengitys katkesi, mutta ensimm\u00e4ist\u00e4 kertaa vuosiin en halunnut en\u00e4\u00e4 vaieta.\"}]},{\"@type\":\"WebSite\",\"@id\":\"https:\\\/\\\/erevanblog.am\\\/#website\",\"url\":\"https:\\\/\\\/erevanblog.am\\\/\",\"name\":\"\",\"description\":\"\",\"potentialAction\":[{\"@type\":\"SearchAction\",\"target\":{\"@type\":\"EntryPoint\",\"urlTemplate\":\"https:\\\/\\\/erevanblog.am\\\/?s={search_term_string}\"},\"query-input\":{\"@type\":\"PropertyValueSpecification\",\"valueRequired\":true,\"valueName\":\"search_term_string\"}}],\"inLanguage\":\"en-US\"},{\"@type\":\"Person\",\"@id\":\"https:\\\/\\\/erevanblog.am\\\/#\\\/schema\\\/person\\\/204f10311eb7ddb8914a5ab3e5f03928\",\"name\":\"erevanblog_a\",\"image\":{\"@type\":\"ImageObject\",\"inLanguage\":\"en-US\",\"@id\":\"https:\\\/\\\/secure.gravatar.com\\\/avatar\\\/a24f4ac3a683f3c87303db525abc00db51ea26ccedee11dfaf1cc0f9a481a5d2?s=96&d=mm&r=g\",\"url\":\"https:\\\/\\\/secure.gravatar.com\\\/avatar\\\/a24f4ac3a683f3c87303db525abc00db51ea26ccedee11dfaf1cc0f9a481a5d2?s=96&d=mm&r=g\",\"contentUrl\":\"https:\\\/\\\/secure.gravatar.com\\\/avatar\\\/a24f4ac3a683f3c87303db525abc00db51ea26ccedee11dfaf1cc0f9a481a5d2?s=96&d=mm&r=g\",\"caption\":\"erevanblog_a\"},\"sameAs\":[\"http:\\\/\\\/erevanblog.am\"],\"url\":\"https:\\\/\\\/erevanblog.am\\\/?author=1\"}]}<\/script>\n<!-- \/ Yoast SEO plugin. -->","yoast_head_json":{"title":"Puristin mikrofonia niin kovaa, ett\u00e4 sormeni vaalenivat. Syd\u00e4n hakkasi kurkussa, hengitys katkesi, mutta ensimm\u00e4ist\u00e4 kertaa vuosiin en halunnut en\u00e4\u00e4 vaieta. -","robots":{"index":"index","follow":"follow","max-snippet":"max-snippet:-1","max-image-preview":"max-image-preview:large","max-video-preview":"max-video-preview:-1"},"canonical":"https:\/\/erevanblog.am\/?p=12666","og_locale":"en_US","og_type":"article","og_title":"Puristin mikrofonia niin kovaa, ett\u00e4 sormeni vaalenivat. Syd\u00e4n hakkasi kurkussa, hengitys katkesi, mutta ensimm\u00e4ist\u00e4 kertaa vuosiin en halunnut en\u00e4\u00e4 vaieta. -","og_description":"\u2014 Nyt riitt\u00e4\u00e4, sanoin. \u00c4\u00e4neni kantoi yll\u00e4tt\u00e4v\u00e4n voimakkaasti. Ensin \u2014 hiljaisuus. Raskas, painava hiljaisuus. Ne, jotka hetki sitten nauroivat, v\u00e4lttiv\u00e4t nyt katsettani. Joku suoristi hermostuneesti [...]","og_url":"https:\/\/erevanblog.am\/?p=12666","article_published_time":"2026-04-30T05:53:02+00:00","article_modified_time":"2026-04-30T05:53:03+00:00","og_image":[{"width":542,"height":456,"url":"http:\/\/erevanblog.am\/wp-content\/uploads\/2026\/04\/9856.jpg","type":"image\/jpeg"}],"author":"erevanblog_a","twitter_card":"summary_large_image","twitter_misc":{"Written by":"erevanblog_a","Est. reading time":"3 minutes"},"schema":{"@context":"https:\/\/schema.org","@graph":[{"@type":"Article","@id":"https:\/\/erevanblog.am\/?p=12666#article","isPartOf":{"@id":"https:\/\/erevanblog.am\/?p=12666"},"author":{"name":"erevanblog_a","@id":"https:\/\/erevanblog.am\/#\/schema\/person\/204f10311eb7ddb8914a5ab3e5f03928"},"headline":"Puristin mikrofonia niin kovaa, ett\u00e4 sormeni vaalenivat. Syd\u00e4n hakkasi kurkussa, hengitys katkesi, mutta ensimm\u00e4ist\u00e4 kertaa vuosiin en halunnut en\u00e4\u00e4 vaieta.","datePublished":"2026-04-30T05:53:02+00:00","dateModified":"2026-04-30T05:53:03+00:00","mainEntityOfPage":{"@id":"https:\/\/erevanblog.am\/?p=12666"},"wordCount":616,"image":{"@id":"https:\/\/erevanblog.am\/?p=12666#primaryimage"},"thumbnailUrl":"https:\/\/erevanblog.am\/wp-content\/uploads\/2026\/04\/9856.jpg","articleSection":["NEWS"],"inLanguage":"en-US"},{"@type":"WebPage","@id":"https:\/\/erevanblog.am\/?p=12666","url":"https:\/\/erevanblog.am\/?p=12666","name":"Puristin mikrofonia niin kovaa, ett\u00e4 sormeni vaalenivat. Syd\u00e4n hakkasi kurkussa, hengitys katkesi, mutta ensimm\u00e4ist\u00e4 kertaa vuosiin en halunnut en\u00e4\u00e4 vaieta. -","isPartOf":{"@id":"https:\/\/erevanblog.am\/#website"},"primaryImageOfPage":{"@id":"https:\/\/erevanblog.am\/?p=12666#primaryimage"},"image":{"@id":"https:\/\/erevanblog.am\/?p=12666#primaryimage"},"thumbnailUrl":"https:\/\/erevanblog.am\/wp-content\/uploads\/2026\/04\/9856.jpg","datePublished":"2026-04-30T05:53:02+00:00","dateModified":"2026-04-30T05:53:03+00:00","author":{"@id":"https:\/\/erevanblog.am\/#\/schema\/person\/204f10311eb7ddb8914a5ab3e5f03928"},"breadcrumb":{"@id":"https:\/\/erevanblog.am\/?p=12666#breadcrumb"},"inLanguage":"en-US","potentialAction":[{"@type":"ReadAction","target":["https:\/\/erevanblog.am\/?p=12666"]}]},{"@type":"ImageObject","inLanguage":"en-US","@id":"https:\/\/erevanblog.am\/?p=12666#primaryimage","url":"https:\/\/erevanblog.am\/wp-content\/uploads\/2026\/04\/9856.jpg","contentUrl":"https:\/\/erevanblog.am\/wp-content\/uploads\/2026\/04\/9856.jpg","width":542,"height":456},{"@type":"BreadcrumbList","@id":"https:\/\/erevanblog.am\/?p=12666#breadcrumb","itemListElement":[{"@type":"ListItem","position":1,"name":"Home","item":"https:\/\/erevanblog.am\/"},{"@type":"ListItem","position":2,"name":"Puristin mikrofonia niin kovaa, ett\u00e4 sormeni vaalenivat. Syd\u00e4n hakkasi kurkussa, hengitys katkesi, mutta ensimm\u00e4ist\u00e4 kertaa vuosiin en halunnut en\u00e4\u00e4 vaieta."}]},{"@type":"WebSite","@id":"https:\/\/erevanblog.am\/#website","url":"https:\/\/erevanblog.am\/","name":"","description":"","potentialAction":[{"@type":"SearchAction","target":{"@type":"EntryPoint","urlTemplate":"https:\/\/erevanblog.am\/?s={search_term_string}"},"query-input":{"@type":"PropertyValueSpecification","valueRequired":true,"valueName":"search_term_string"}}],"inLanguage":"en-US"},{"@type":"Person","@id":"https:\/\/erevanblog.am\/#\/schema\/person\/204f10311eb7ddb8914a5ab3e5f03928","name":"erevanblog_a","image":{"@type":"ImageObject","inLanguage":"en-US","@id":"https:\/\/secure.gravatar.com\/avatar\/a24f4ac3a683f3c87303db525abc00db51ea26ccedee11dfaf1cc0f9a481a5d2?s=96&d=mm&r=g","url":"https:\/\/secure.gravatar.com\/avatar\/a24f4ac3a683f3c87303db525abc00db51ea26ccedee11dfaf1cc0f9a481a5d2?s=96&d=mm&r=g","contentUrl":"https:\/\/secure.gravatar.com\/avatar\/a24f4ac3a683f3c87303db525abc00db51ea26ccedee11dfaf1cc0f9a481a5d2?s=96&d=mm&r=g","caption":"erevanblog_a"},"sameAs":["http:\/\/erevanblog.am"],"url":"https:\/\/erevanblog.am\/?author=1"}]}},"views":15,"_links":{"self":[{"href":"https:\/\/erevanblog.am\/index.php?rest_route=\/wp\/v2\/posts\/12666","targetHints":{"allow":["GET"]}}],"collection":[{"href":"https:\/\/erevanblog.am\/index.php?rest_route=\/wp\/v2\/posts"}],"about":[{"href":"https:\/\/erevanblog.am\/index.php?rest_route=\/wp\/v2\/types\/post"}],"author":[{"embeddable":true,"href":"https:\/\/erevanblog.am\/index.php?rest_route=\/wp\/v2\/users\/1"}],"replies":[{"embeddable":true,"href":"https:\/\/erevanblog.am\/index.php?rest_route=%2Fwp%2Fv2%2Fcomments&post=12666"}],"version-history":[{"count":1,"href":"https:\/\/erevanblog.am\/index.php?rest_route=\/wp\/v2\/posts\/12666\/revisions"}],"predecessor-version":[{"id":12668,"href":"https:\/\/erevanblog.am\/index.php?rest_route=\/wp\/v2\/posts\/12666\/revisions\/12668"}],"wp:featuredmedia":[{"embeddable":true,"href":"https:\/\/erevanblog.am\/index.php?rest_route=\/wp\/v2\/media\/12667"}],"wp:attachment":[{"href":"https:\/\/erevanblog.am\/index.php?rest_route=%2Fwp%2Fv2%2Fmedia&parent=12666"}],"wp:term":[{"taxonomy":"category","embeddable":true,"href":"https:\/\/erevanblog.am\/index.php?rest_route=%2Fwp%2Fv2%2Fcategories&post=12666"},{"taxonomy":"post_tag","embeddable":true,"href":"https:\/\/erevanblog.am\/index.php?rest_route=%2Fwp%2Fv2%2Ftags&post=12666"}],"curies":[{"name":"wp","href":"https:\/\/api.w.org\/{rel}","templated":true}]}}