{"id":12675,"date":"2026-04-30T22:45:40","date_gmt":"2026-04-30T21:45:40","guid":{"rendered":"https:\/\/erevanblog.am\/?p=12675"},"modified":"2026-04-30T22:45:42","modified_gmt":"2026-04-30T21:45:42","slug":"he-elivat-yhdessa-lahes-kokonaisen-aikakauden-eivat-vain-vuosia-vaan-87-vuoden-mittaisen-elaman","status":"publish","type":"post","link":"https:\/\/erevanblog.am\/?p=12675","title":{"rendered":"He eliv\u00e4t yhdess\u00e4 l\u00e4hes kokonaisen aikakauden \u2014 eiv\u00e4t vain vuosia, vaan 87 vuoden mittaisen el\u00e4m\u00e4n."},"content":{"rendered":"\n<p>T\u00e4m\u00e4 ei ole kaunis satu kirjasta eik\u00e4 elokuvaa varten keksitty tarina, vaan todellisuus, joka h\u00e4mm\u00e4stytt\u00e4\u00e4 jopa kaikkein skeptisimpi\u00e4. Heid\u00e4n liitostaan tuli maailmanenn\u00e4tys, mutta t\u00e4m\u00e4n luvun taakse k\u00e4tkeytyy jotain paljon syvemp\u00e4\u00e4 kuin pelkk\u00e4 \u201cpitk\u00e4 avioliitto\u201d.<\/p>\n\n\n\n<p>Kun he tapasivat ensimm\u00e4isen kerran, he olivat hieman yli kaksikymppisi\u00e4. Maailma heid\u00e4n ymp\u00e4rill\u00e4\u00e4n oli t\u00e4ysin erilainen \u2014 ei interneti\u00e4, ei \u00e4lypuhelimia, ei nykyist\u00e4 el\u00e4m\u00e4n vauhtia. H\u00e4n n\u00e4ki h\u00e4net sattumalta kadulla, ihmisten keskell\u00e4. Ja kuten h\u00e4n my\u00f6hemmin my\u00f6nsi, sill\u00e4 hetkell\u00e4 kaikki tuntui pys\u00e4htyv\u00e4n.<\/p>\n\n\n\n<p>\u2014 \u201cEn edes tiennyt nime\u00e4si\u2026 mutta jo silloin tiesin, ett\u00e4 sinusta tulee vaimoni\u201d, h\u00e4n sanoi er\u00e4\u00e4n\u00e4 p\u00e4iv\u00e4n\u00e4 muistellessaan.<\/p>\n\n\n\n<p>H\u00e4n vain hymyili. Koska h\u00e4nkin muisti. H\u00e4n muisti, kuinka miehen katse tuntui oudon tutulta, kuin he olisivat tavanneet jo aiemmin jossain toisessa el\u00e4m\u00e4ss\u00e4.<\/p>\n\n\n\n<p>Heid\u00e4n h\u00e4\u00e4t olivat vaatimattomat. Ei ylellisyytt\u00e4, ei suuria lupauksia. Vain kaksi ihmist\u00e4, jotka p\u00e4\u00e4ttiv\u00e4t kulkea yhdess\u00e4 \u2014 tapahtui mit\u00e4 tahansa.<\/p>\n\n\n\n<p>Mutta kumpikaan ei olisi voinut kuvitella, ett\u00e4 t\u00e4m\u00e4 \u201cyhdess\u00e4\u201d kest\u00e4isi 87 vuotta.<\/p>\n\n\n\n<p>He k\u00e4viv\u00e4t l\u00e4pi sotia, kriisej\u00e4, menetyksi\u00e4 ja iloja. Maailma romahti ja rakentui uudelleen, sukupolvet vaihtuivat, teknologia muutti todellisuutta \u2014 mutta he pysyiv\u00e4t rinnakkain. Ei siksi, ett\u00e4 se olisi aina ollut helppoa. Vaan siksi, ett\u00e4 he olivat tehneet valinnan: olla l\u00e4htem\u00e4tt\u00e4.<\/p>\n\n\n\n<p>\u2014 \u201cLuuletko, ettemme koskaan riidelleet?\u201d h\u00e4n sanoi kevyesti hymyillen harvinaisessa haastattelussa.<br>\u2014 \u201cRiitelimme kyll\u00e4. Mutta emme koskaan menneet nukkumaan vihollisina.\u201d<\/p>\n\n\n\n<p>Ja n\u00e4iss\u00e4 sanoissa piilee todellisen rakkauden ydin.<\/p>\n\n\n\n<p>Ulkopuolelta heid\u00e4n el\u00e4m\u00e4ns\u00e4 saattoi n\u00e4ytt\u00e4\u00e4 t\u00e4ydelliselt\u00e4. Mutta suljettujen ovien takana oli kyyneleit\u00e4, vaikeita keskusteluja, hetki\u00e4 jolloin kaikki tuntui hajoavan. Oli p\u00e4ivi\u00e4, jolloin vallitsi hiljaisuus. Oli \u00f6it\u00e4, jolloin kumpikin k\u00e4\u00e4ntyi poisp\u00e4in ja mietti: \u201cMit\u00e4 seuraavaksi?\u201d<\/p>\n\n\n\n<figure class=\"wp-block-image size-full\"><img loading=\"lazy\" decoding=\"async\" width=\"535\" height=\"456\" src=\"https:\/\/erevanblog.am\/wp-content\/uploads\/2026\/04\/985669.jpg\" alt=\"\" class=\"wp-image-12676\" srcset=\"https:\/\/erevanblog.am\/wp-content\/uploads\/2026\/04\/985669.jpg 535w, https:\/\/erevanblog.am\/wp-content\/uploads\/2026\/04\/985669-300x256.jpg 300w\" sizes=\"auto, (max-width: 535px) 100vw, 535px\" \/><\/figure>\n\n\n\n<p>Mutta aamulla jompikumpi teki aina ensimm\u00e4isen liikkeen.<\/p>\n\n\n\n<p>\u2014 \u201cAnteeksi\u2026\u201d<br>\u2014 \u201cAnna sin\u00e4kin anteeksi\u2026\u201d<\/p>\n\n\n\n<p>Ja kaikki alkoi uudelleen.<\/p>\n\n\n\n<p>He eiv\u00e4t etsineet t\u00e4ydellisyytt\u00e4. He oppivat hyv\u00e4ksym\u00e4\u00e4n toisensa \u2014 heikkouksineen, pelkoineen, tapoineen. H\u00e4n sieti naisen itsep\u00e4isyytt\u00e4. Nainen miehen hiljaisuutta. H\u00e4n unohti p\u00e4iv\u00e4m\u00e4\u00e4ri\u00e4. Nainen muistutti. Nainen huolehti kaikesta. Mies rauhoitti.<\/p>\n\n\n\n<p>Ja n\u00e4in \u2014 p\u00e4iv\u00e4 p\u00e4iv\u00e4lt\u00e4. Vuosi vuodelta.<\/p>\n\n\n\n<p>Kun he juhlivat 50 vuotta yhdess\u00e4, lapset j\u00e4rjestiv\u00e4t juhlan. 60 vuoden kohdalla mukana olivat jo lapsenlapset. Ja 70 vuoden j\u00e4lkeen heid\u00e4n tarinansa alkoi kiinnostaa my\u00f6s perheen ulkopuolella.<\/p>\n\n\n\n<p>Mutta todellinen huomio tuli my\u00f6hemmin.<\/p>\n\n\n\n<p>87 vuotta yhdess\u00e4 \u2014 luku, joka tuntuu l\u00e4hes ep\u00e4todelliselta. Ihmiset ymp\u00e4ri maailmaa esittiv\u00e4t saman kysymyksen:<\/p>\n\n\n\n<p>\u201cMik\u00e4 on teid\u00e4n salaisuutenne?\u201d<\/p>\n\n\n\n<p>Heid\u00e4n vastauksensa oli yll\u00e4tt\u00e4v\u00e4n yksinkertainen.<\/p>\n\n\n\n<p>\u2014 \u201cEmme koskaan etsineet mit\u00e4\u00e4n salaisuutta. Emme vain koskaan luovuttaneet.\u201d<\/p>\n\n\n\n<p>H\u00e4n sanoi sen rauhallisesti, ilman korostusta. Nainen ny\u00f6kk\u00e4si, pit\u00e4en h\u00e4nt\u00e4 k\u00e4dest\u00e4.<\/p>\n\n\n\n<p>Siihen menness\u00e4 heid\u00e4n k\u00e4tens\u00e4 kertoivat jo ajan kulusta. Iho ei ollut en\u00e4\u00e4 sile\u00e4, mutta kosketus oli yh\u00e4 sama \u2014 l\u00e4mmin, varma, tuttu.<\/p>\n\n\n\n<p>He katsoivat toisiaan yh\u00e4 kuin nuoret ensikohtaamisessa.<\/p>\n\n\n\n<p>Ja ehk\u00e4 juuri se oli todellinen ihme.<\/p>\n\n\n\n<p>Er\u00e4\u00e4n\u00e4 p\u00e4iv\u00e4n\u00e4 toimittaja kysyi heilt\u00e4:<\/p>\n\n\n\n<p>\u2014 \u201cJos voisitte aloittaa kaiken alusta \u2014 valitsisitteko toisenne uudelleen?\u201d<\/p>\n\n\n\n<p>H\u00e4n ei edes antanut naiselle aikaa vastata.<\/p>\n\n\n\n<p>\u2014 \u201cEtsisin h\u00e4nt\u00e4 pidemp\u00e4\u00e4n, jos olisi pakko. Mutta l\u00f6yt\u00e4isin h\u00e4net silti.\u201d<\/p>\n\n\n\n<p>Nainen nauroi hiljaa ja lis\u00e4si:<\/p>\n\n\n\n<p>\u2014 \u201cJa min\u00e4 teeskentelisin taas, etten heti suostu.\u201d<\/p>\n\n\n\n<p>Tuo nauru\u2026 sis\u00e4lsi kokonaisen el\u00e4m\u00e4n.<\/p>\n\n\n\n<p>Heid\u00e4n rakkaustarinansa ei ole satu. Se on valinta. Se on k\u00e4rsiv\u00e4llisyytt\u00e4. Se on j\u00e4\u00e4mist\u00e4 silloin, kun l\u00e4hteminen olisi helpompaa. Se on puhumista silloin, kun haluaisi vaieta. Se on k\u00e4dest\u00e4 kiinni pit\u00e4mist\u00e4, vaikka sanoja ei en\u00e4\u00e4 tarvittaisi.<\/p>\n\n\n\n<p>Kun he lopulta poistuivat t\u00e4st\u00e4 maailmasta, l\u00e4hes samaan aikaan, heid\u00e4n kotinsa j\u00e4i ennalleen \u2014 valokuvat seinill\u00e4, kupit keitti\u00f6ss\u00e4, muistot, joita ei voi pyyhki\u00e4 pois.<\/p>\n\n\n\n<p>Mutta ennen kaikkea \u2014 heid\u00e4n tarinansa j\u00e4i.<\/p>\n\n\n\n<p>Tarina, joka muuttaa tapaa, jolla n\u00e4emme rakkauden. Koska todellinen rakkaus ei ole kipin\u00e4. Se on tuli, jota t\u00e4ytyy yll\u00e4pit\u00e4\u00e4 joka p\u00e4iv\u00e4.<\/p>\n\n\n\n<p>87 vuotta \u2014 ei ole vain enn\u00e4tys.<\/p>\n\n\n\n<p>Se on todiste siit\u00e4, ett\u00e4 aito l\u00e4heisyys on olemassa.<\/p>\n\n\n\n<p>Ja ett\u00e4 joskus, miljoonien ihmisten joukosta, voi l\u00f6yt\u00e4\u00e4 sen oikean\u2026 eik\u00e4 koskaan p\u00e4\u00e4st\u00e4\u00e4 irti.<\/p>\n","protected":false},"excerpt":{"rendered":"<div class=\"mh-excerpt\"><p>T\u00e4m\u00e4 ei ole kaunis satu kirjasta eik\u00e4 elokuvaa varten keksitty tarina, vaan todellisuus, joka h\u00e4mm\u00e4stytt\u00e4\u00e4 jopa kaikkein skeptisimpi\u00e4. Heid\u00e4n liitostaan tuli maailmanenn\u00e4tys, mutta t\u00e4m\u00e4n luvun <a class=\"mh-excerpt-more\" href=\"https:\/\/erevanblog.am\/?p=12675\" title=\"He eliv\u00e4t yhdess\u00e4 l\u00e4hes kokonaisen aikakauden \u2014 eiv\u00e4t vain vuosia, vaan 87 vuoden mittaisen el\u00e4m\u00e4n.\">[&#8230;]<\/a><\/p>\n<\/div>","protected":false},"author":1,"featured_media":12676,"comment_status":"closed","ping_status":"closed","sticky":false,"template":"","format":"standard","meta":{"footnotes":""},"categories":[1],"tags":[],"class_list":["post-12675","post","type-post","status-publish","format-standard","has-post-thumbnail","hentry","category-uncategorised"],"yoast_head":"<!-- This site is optimized with the Yoast SEO plugin v27.5 - https:\/\/yoast.com\/product\/yoast-seo-wordpress\/ -->\n<title>He eliv\u00e4t yhdess\u00e4 l\u00e4hes kokonaisen aikakauden \u2014 eiv\u00e4t vain vuosia, vaan 87 vuoden mittaisen el\u00e4m\u00e4n. -<\/title>\n<meta name=\"robots\" content=\"index, follow, max-snippet:-1, max-image-preview:large, max-video-preview:-1\" \/>\n<link rel=\"canonical\" href=\"https:\/\/erevanblog.am\/?p=12675\" \/>\n<meta property=\"og:locale\" content=\"en_US\" \/>\n<meta property=\"og:type\" content=\"article\" \/>\n<meta property=\"og:title\" content=\"He eliv\u00e4t yhdess\u00e4 l\u00e4hes kokonaisen aikakauden \u2014 eiv\u00e4t vain vuosia, vaan 87 vuoden mittaisen el\u00e4m\u00e4n. -\" \/>\n<meta property=\"og:description\" content=\"T\u00e4m\u00e4 ei ole kaunis satu kirjasta eik\u00e4 elokuvaa varten keksitty tarina, vaan todellisuus, joka h\u00e4mm\u00e4stytt\u00e4\u00e4 jopa kaikkein skeptisimpi\u00e4. Heid\u00e4n liitostaan tuli maailmanenn\u00e4tys, mutta t\u00e4m\u00e4n luvun [...]\" \/>\n<meta property=\"og:url\" content=\"https:\/\/erevanblog.am\/?p=12675\" \/>\n<meta property=\"article:published_time\" content=\"2026-04-30T21:45:40+00:00\" \/>\n<meta property=\"article:modified_time\" content=\"2026-04-30T21:45:42+00:00\" \/>\n<meta property=\"og:image\" content=\"http:\/\/erevanblog.am\/wp-content\/uploads\/2026\/04\/985669.jpg\" \/>\n\t<meta property=\"og:image:width\" content=\"535\" \/>\n\t<meta property=\"og:image:height\" content=\"456\" \/>\n\t<meta property=\"og:image:type\" content=\"image\/jpeg\" \/>\n<meta name=\"author\" content=\"erevanblog_a\" \/>\n<meta name=\"twitter:card\" content=\"summary_large_image\" \/>\n<meta name=\"twitter:label1\" content=\"Written by\" \/>\n\t<meta name=\"twitter:data1\" content=\"erevanblog_a\" \/>\n\t<meta name=\"twitter:label2\" content=\"Est. reading time\" \/>\n\t<meta name=\"twitter:data2\" content=\"3 minutes\" \/>\n<script type=\"application\/ld+json\" class=\"yoast-schema-graph\">{\"@context\":\"https:\\\/\\\/schema.org\",\"@graph\":[{\"@type\":\"Article\",\"@id\":\"https:\\\/\\\/erevanblog.am\\\/?p=12675#article\",\"isPartOf\":{\"@id\":\"https:\\\/\\\/erevanblog.am\\\/?p=12675\"},\"author\":{\"name\":\"erevanblog_a\",\"@id\":\"https:\\\/\\\/erevanblog.am\\\/#\\\/schema\\\/person\\\/204f10311eb7ddb8914a5ab3e5f03928\"},\"headline\":\"He eliv\u00e4t yhdess\u00e4 l\u00e4hes kokonaisen aikakauden \u2014 eiv\u00e4t vain vuosia, vaan 87 vuoden mittaisen el\u00e4m\u00e4n.\",\"datePublished\":\"2026-04-30T21:45:40+00:00\",\"dateModified\":\"2026-04-30T21:45:42+00:00\",\"mainEntityOfPage\":{\"@id\":\"https:\\\/\\\/erevanblog.am\\\/?p=12675\"},\"wordCount\":708,\"image\":{\"@id\":\"https:\\\/\\\/erevanblog.am\\\/?p=12675#primaryimage\"},\"thumbnailUrl\":\"https:\\\/\\\/erevanblog.am\\\/wp-content\\\/uploads\\\/2026\\\/04\\\/985669.jpg\",\"articleSection\":[\"NEWS\"],\"inLanguage\":\"en-US\"},{\"@type\":\"WebPage\",\"@id\":\"https:\\\/\\\/erevanblog.am\\\/?p=12675\",\"url\":\"https:\\\/\\\/erevanblog.am\\\/?p=12675\",\"name\":\"He eliv\u00e4t yhdess\u00e4 l\u00e4hes kokonaisen aikakauden \u2014 eiv\u00e4t vain vuosia, vaan 87 vuoden mittaisen el\u00e4m\u00e4n. -\",\"isPartOf\":{\"@id\":\"https:\\\/\\\/erevanblog.am\\\/#website\"},\"primaryImageOfPage\":{\"@id\":\"https:\\\/\\\/erevanblog.am\\\/?p=12675#primaryimage\"},\"image\":{\"@id\":\"https:\\\/\\\/erevanblog.am\\\/?p=12675#primaryimage\"},\"thumbnailUrl\":\"https:\\\/\\\/erevanblog.am\\\/wp-content\\\/uploads\\\/2026\\\/04\\\/985669.jpg\",\"datePublished\":\"2026-04-30T21:45:40+00:00\",\"dateModified\":\"2026-04-30T21:45:42+00:00\",\"author\":{\"@id\":\"https:\\\/\\\/erevanblog.am\\\/#\\\/schema\\\/person\\\/204f10311eb7ddb8914a5ab3e5f03928\"},\"breadcrumb\":{\"@id\":\"https:\\\/\\\/erevanblog.am\\\/?p=12675#breadcrumb\"},\"inLanguage\":\"en-US\",\"potentialAction\":[{\"@type\":\"ReadAction\",\"target\":[\"https:\\\/\\\/erevanblog.am\\\/?p=12675\"]}]},{\"@type\":\"ImageObject\",\"inLanguage\":\"en-US\",\"@id\":\"https:\\\/\\\/erevanblog.am\\\/?p=12675#primaryimage\",\"url\":\"https:\\\/\\\/erevanblog.am\\\/wp-content\\\/uploads\\\/2026\\\/04\\\/985669.jpg\",\"contentUrl\":\"https:\\\/\\\/erevanblog.am\\\/wp-content\\\/uploads\\\/2026\\\/04\\\/985669.jpg\",\"width\":535,\"height\":456},{\"@type\":\"BreadcrumbList\",\"@id\":\"https:\\\/\\\/erevanblog.am\\\/?p=12675#breadcrumb\",\"itemListElement\":[{\"@type\":\"ListItem\",\"position\":1,\"name\":\"Home\",\"item\":\"https:\\\/\\\/erevanblog.am\\\/\"},{\"@type\":\"ListItem\",\"position\":2,\"name\":\"He eliv\u00e4t yhdess\u00e4 l\u00e4hes kokonaisen aikakauden \u2014 eiv\u00e4t vain vuosia, vaan 87 vuoden mittaisen el\u00e4m\u00e4n.\"}]},{\"@type\":\"WebSite\",\"@id\":\"https:\\\/\\\/erevanblog.am\\\/#website\",\"url\":\"https:\\\/\\\/erevanblog.am\\\/\",\"name\":\"\",\"description\":\"\",\"potentialAction\":[{\"@type\":\"SearchAction\",\"target\":{\"@type\":\"EntryPoint\",\"urlTemplate\":\"https:\\\/\\\/erevanblog.am\\\/?s={search_term_string}\"},\"query-input\":{\"@type\":\"PropertyValueSpecification\",\"valueRequired\":true,\"valueName\":\"search_term_string\"}}],\"inLanguage\":\"en-US\"},{\"@type\":\"Person\",\"@id\":\"https:\\\/\\\/erevanblog.am\\\/#\\\/schema\\\/person\\\/204f10311eb7ddb8914a5ab3e5f03928\",\"name\":\"erevanblog_a\",\"image\":{\"@type\":\"ImageObject\",\"inLanguage\":\"en-US\",\"@id\":\"https:\\\/\\\/secure.gravatar.com\\\/avatar\\\/a24f4ac3a683f3c87303db525abc00db51ea26ccedee11dfaf1cc0f9a481a5d2?s=96&d=mm&r=g\",\"url\":\"https:\\\/\\\/secure.gravatar.com\\\/avatar\\\/a24f4ac3a683f3c87303db525abc00db51ea26ccedee11dfaf1cc0f9a481a5d2?s=96&d=mm&r=g\",\"contentUrl\":\"https:\\\/\\\/secure.gravatar.com\\\/avatar\\\/a24f4ac3a683f3c87303db525abc00db51ea26ccedee11dfaf1cc0f9a481a5d2?s=96&d=mm&r=g\",\"caption\":\"erevanblog_a\"},\"sameAs\":[\"http:\\\/\\\/erevanblog.am\"],\"url\":\"https:\\\/\\\/erevanblog.am\\\/?author=1\"}]}<\/script>\n<!-- \/ Yoast SEO plugin. -->","yoast_head_json":{"title":"He eliv\u00e4t yhdess\u00e4 l\u00e4hes kokonaisen aikakauden \u2014 eiv\u00e4t vain vuosia, vaan 87 vuoden mittaisen el\u00e4m\u00e4n. -","robots":{"index":"index","follow":"follow","max-snippet":"max-snippet:-1","max-image-preview":"max-image-preview:large","max-video-preview":"max-video-preview:-1"},"canonical":"https:\/\/erevanblog.am\/?p=12675","og_locale":"en_US","og_type":"article","og_title":"He eliv\u00e4t yhdess\u00e4 l\u00e4hes kokonaisen aikakauden \u2014 eiv\u00e4t vain vuosia, vaan 87 vuoden mittaisen el\u00e4m\u00e4n. -","og_description":"T\u00e4m\u00e4 ei ole kaunis satu kirjasta eik\u00e4 elokuvaa varten keksitty tarina, vaan todellisuus, joka h\u00e4mm\u00e4stytt\u00e4\u00e4 jopa kaikkein skeptisimpi\u00e4. Heid\u00e4n liitostaan tuli maailmanenn\u00e4tys, mutta t\u00e4m\u00e4n luvun [...]","og_url":"https:\/\/erevanblog.am\/?p=12675","article_published_time":"2026-04-30T21:45:40+00:00","article_modified_time":"2026-04-30T21:45:42+00:00","og_image":[{"width":535,"height":456,"url":"http:\/\/erevanblog.am\/wp-content\/uploads\/2026\/04\/985669.jpg","type":"image\/jpeg"}],"author":"erevanblog_a","twitter_card":"summary_large_image","twitter_misc":{"Written by":"erevanblog_a","Est. reading time":"3 minutes"},"schema":{"@context":"https:\/\/schema.org","@graph":[{"@type":"Article","@id":"https:\/\/erevanblog.am\/?p=12675#article","isPartOf":{"@id":"https:\/\/erevanblog.am\/?p=12675"},"author":{"name":"erevanblog_a","@id":"https:\/\/erevanblog.am\/#\/schema\/person\/204f10311eb7ddb8914a5ab3e5f03928"},"headline":"He eliv\u00e4t yhdess\u00e4 l\u00e4hes kokonaisen aikakauden \u2014 eiv\u00e4t vain vuosia, vaan 87 vuoden mittaisen el\u00e4m\u00e4n.","datePublished":"2026-04-30T21:45:40+00:00","dateModified":"2026-04-30T21:45:42+00:00","mainEntityOfPage":{"@id":"https:\/\/erevanblog.am\/?p=12675"},"wordCount":708,"image":{"@id":"https:\/\/erevanblog.am\/?p=12675#primaryimage"},"thumbnailUrl":"https:\/\/erevanblog.am\/wp-content\/uploads\/2026\/04\/985669.jpg","articleSection":["NEWS"],"inLanguage":"en-US"},{"@type":"WebPage","@id":"https:\/\/erevanblog.am\/?p=12675","url":"https:\/\/erevanblog.am\/?p=12675","name":"He eliv\u00e4t yhdess\u00e4 l\u00e4hes kokonaisen aikakauden \u2014 eiv\u00e4t vain vuosia, vaan 87 vuoden mittaisen el\u00e4m\u00e4n. -","isPartOf":{"@id":"https:\/\/erevanblog.am\/#website"},"primaryImageOfPage":{"@id":"https:\/\/erevanblog.am\/?p=12675#primaryimage"},"image":{"@id":"https:\/\/erevanblog.am\/?p=12675#primaryimage"},"thumbnailUrl":"https:\/\/erevanblog.am\/wp-content\/uploads\/2026\/04\/985669.jpg","datePublished":"2026-04-30T21:45:40+00:00","dateModified":"2026-04-30T21:45:42+00:00","author":{"@id":"https:\/\/erevanblog.am\/#\/schema\/person\/204f10311eb7ddb8914a5ab3e5f03928"},"breadcrumb":{"@id":"https:\/\/erevanblog.am\/?p=12675#breadcrumb"},"inLanguage":"en-US","potentialAction":[{"@type":"ReadAction","target":["https:\/\/erevanblog.am\/?p=12675"]}]},{"@type":"ImageObject","inLanguage":"en-US","@id":"https:\/\/erevanblog.am\/?p=12675#primaryimage","url":"https:\/\/erevanblog.am\/wp-content\/uploads\/2026\/04\/985669.jpg","contentUrl":"https:\/\/erevanblog.am\/wp-content\/uploads\/2026\/04\/985669.jpg","width":535,"height":456},{"@type":"BreadcrumbList","@id":"https:\/\/erevanblog.am\/?p=12675#breadcrumb","itemListElement":[{"@type":"ListItem","position":1,"name":"Home","item":"https:\/\/erevanblog.am\/"},{"@type":"ListItem","position":2,"name":"He eliv\u00e4t yhdess\u00e4 l\u00e4hes kokonaisen aikakauden \u2014 eiv\u00e4t vain vuosia, vaan 87 vuoden mittaisen el\u00e4m\u00e4n."}]},{"@type":"WebSite","@id":"https:\/\/erevanblog.am\/#website","url":"https:\/\/erevanblog.am\/","name":"","description":"","potentialAction":[{"@type":"SearchAction","target":{"@type":"EntryPoint","urlTemplate":"https:\/\/erevanblog.am\/?s={search_term_string}"},"query-input":{"@type":"PropertyValueSpecification","valueRequired":true,"valueName":"search_term_string"}}],"inLanguage":"en-US"},{"@type":"Person","@id":"https:\/\/erevanblog.am\/#\/schema\/person\/204f10311eb7ddb8914a5ab3e5f03928","name":"erevanblog_a","image":{"@type":"ImageObject","inLanguage":"en-US","@id":"https:\/\/secure.gravatar.com\/avatar\/a24f4ac3a683f3c87303db525abc00db51ea26ccedee11dfaf1cc0f9a481a5d2?s=96&d=mm&r=g","url":"https:\/\/secure.gravatar.com\/avatar\/a24f4ac3a683f3c87303db525abc00db51ea26ccedee11dfaf1cc0f9a481a5d2?s=96&d=mm&r=g","contentUrl":"https:\/\/secure.gravatar.com\/avatar\/a24f4ac3a683f3c87303db525abc00db51ea26ccedee11dfaf1cc0f9a481a5d2?s=96&d=mm&r=g","caption":"erevanblog_a"},"sameAs":["http:\/\/erevanblog.am"],"url":"https:\/\/erevanblog.am\/?author=1"}]}},"views":5,"_links":{"self":[{"href":"https:\/\/erevanblog.am\/index.php?rest_route=\/wp\/v2\/posts\/12675","targetHints":{"allow":["GET"]}}],"collection":[{"href":"https:\/\/erevanblog.am\/index.php?rest_route=\/wp\/v2\/posts"}],"about":[{"href":"https:\/\/erevanblog.am\/index.php?rest_route=\/wp\/v2\/types\/post"}],"author":[{"embeddable":true,"href":"https:\/\/erevanblog.am\/index.php?rest_route=\/wp\/v2\/users\/1"}],"replies":[{"embeddable":true,"href":"https:\/\/erevanblog.am\/index.php?rest_route=%2Fwp%2Fv2%2Fcomments&post=12675"}],"version-history":[{"count":1,"href":"https:\/\/erevanblog.am\/index.php?rest_route=\/wp\/v2\/posts\/12675\/revisions"}],"predecessor-version":[{"id":12677,"href":"https:\/\/erevanblog.am\/index.php?rest_route=\/wp\/v2\/posts\/12675\/revisions\/12677"}],"wp:featuredmedia":[{"embeddable":true,"href":"https:\/\/erevanblog.am\/index.php?rest_route=\/wp\/v2\/media\/12676"}],"wp:attachment":[{"href":"https:\/\/erevanblog.am\/index.php?rest_route=%2Fwp%2Fv2%2Fmedia&parent=12675"}],"wp:term":[{"taxonomy":"category","embeddable":true,"href":"https:\/\/erevanblog.am\/index.php?rest_route=%2Fwp%2Fv2%2Fcategories&post=12675"},{"taxonomy":"post_tag","embeddable":true,"href":"https:\/\/erevanblog.am\/index.php?rest_route=%2Fwp%2Fv2%2Ftags&post=12675"}],"curies":[{"name":"wp","href":"https:\/\/api.w.org\/{rel}","templated":true}]}}